{"id":1764,"date":"2021-04-30T08:41:37","date_gmt":"2021-04-30T06:41:37","guid":{"rendered":"http:\/\/vlchost.com\/2021\/04\/30\/santiago-calatrava-valls\/"},"modified":"2022-07-21T17:01:07","modified_gmt":"2022-07-21T15:01:07","slug":"santiago-calatrava-artista-valenciano","status":"publish","type":"post","link":"https:\/\/vlchost.com\/en\/noticias\/santiago-calatrava-artista-valenciano\/","title":{"rendered":"Santiago Calatrava: artista valenciano por excelencia"},"content":{"rendered":"<p>Santiago Calatrava, en valencia, es sin duda uno de los artistas m\u00e1s reconocidos. Desde finales del siglo XX se destaca la obra de este Valenciano que, adem\u00e1s de arquitecto, es tambi\u00e9n ingeniero y escultor. Profesiones que se hacen presentes en toda su obra. La audacia formal de sus edificaciones se alimenta del manejo igualmente audaz de los materiales, en especial el hormig\u00f3n y el acero, que le permiten convertir un puente en una espectacular escultura, un edificio en una alegor\u00eda a la naturaleza semejando aves, tortugas, dinosaurios.<\/p>\n<h2>La pol\u00e9mica en torno al artista<\/h2>\n<p>La obra de Santiago Calatrava nunca ha estado ajena a la pol\u00e9mica. No solo entre los arquitectos sino tambi\u00e9n entre los propios usuarios. Las dimensiones \u00e9picas que confiere a cada proyecto, las vertiginosas estructuras que los soportan, las formas para algunos caprichosas, van de la mano de los problemas presupuestarios, siempre se quedan cortos sus estimados. Adem\u00e1s de las dificultades constructivas que requieren siempre de mano de obra m\u00e1s que especializada y los problemas posteriores en cuanto a mantenimiento y errores constructivos, filtraciones y un largo etc\u00e9tera. Sin embargo no han podido opacar la grandiosidad de su obra, presente en casi todas las grandes ciudades de Europa y Am\u00e9rica.<\/p>\n<p>Algunos ejemplos de los muchos proyectos realizados por Calatrava, a riesgo de dejar por fuera otros igualmente importantes ser\u00edan:<\/p>\n<h3>Un paseo por la historia art\u00edstica de Santiago Calatrava<\/h3>\n<p>Estaci\u00f3n de Ferrocarril de Stadelhofen (1983), su primera obra de cierta importancia, ubicada en el centro de Z\u00farich donde tambi\u00e9n hab\u00eda establecido su despacho. Al a\u00f1o siguiente, el uente Bac de Roda en Barcelona que empez\u00f3 a darle reconocimiento internacional. Luego el puente Lusitania de M\u00e9rida (1991), del Alamillo de Sevilla (1992) y el puente de 9 de octubre en Valencia (1995).<\/p>\n<p>En el 92, Calatrava dise\u00f1a la torre de comunicaciones de Montjuic (Barcelona) y uno de los puentes de la Exposici\u00f3n Universal de Sevilla, el Puente del Alamillo. En el a\u00f1o 2003 concluy\u00f3 el edificio del Auditorio de Tenerife en la ciudad de Santa Cruz de Tenerife, tambi\u00e9n una de sus obras m\u00e1s reconocidas por su belleza y audacia.<\/p>\n<p>Posteriormene, en 2009\u00a0se inaugura el\u00a0 puente Samuel Beckett\u00a0de\u00a0Dubl\u00edn\u00a0(Irlanda).<\/p>\n<p><img fetchpriority=\"high\" decoding=\"async\" class=\"aligncenter wp-image-6215 size-full\" src=\"http:\/\/vlchost.com\/wp-content\/uploads\/imagenes_blog_vlflats_calatrava.png\" alt=\"Santiago Calatrava\" width=\"599\" height=\"401\" \/><\/p>\n<h3>Otras obras por el mundo<\/h3>\n<p>El edificio Roundhouse, en la localidad de Suhr, cant\u00f3n de Aargau (Suiza) fue construido en 2010.<\/p>\n<p>En \u00a02014, fue seleccionado para realizar el proyecto de reconstrucci\u00f3n de la Iglesia Ortodoxa Griega destruida en los atentados del 11 de septiembre de 2001 en Nueva York.<\/p>\n<p>A\u00f1os despu\u00e9s, en 2016 se inaugura en Nueva York el Oculus, obra que le hab\u00eda sido adjudicada en 2003, Infraestructura intermodal del 1 World Trade Center, en la denominada Zona Cero generada tras los atentados del 11 de septiembre de 2001. El intercambiador combina los transportes de tres medios diferentes: los trenes de cercan\u00edas de la Autoridad Portuaria Trans-Hudson, el metro neoyorquino y el enlace ferroviario con el Aeropuerto Internacional John F. Kennedy. Para este edifico Calatrava dise\u00f1a una estructura de vidrio y acero que tiene el aspecto, en sus propias palabras, de &#8220;un ave liberada por las manos de un ni\u00f1o&#8221;.<\/p>\n<h2>Reconocimientos del artista<\/h2>\n<p>Ha recibido m\u00faltiples reconocimientos, ha ganado los premios m\u00e1s importantes de Arquitectura e Ingenier\u00eda. Algunos son el pr\u00edncipe de Asturias, varias veces el Premio Nacional de Arquitectura de Espa\u00f1a, el Premio Nacional de Ingenier\u00eda entre much\u00edsimos otros, t\u00edtulos y doctorados honorarios de las m\u00e1s prestigiosas universidades.<\/p>\n<p>Tambi\u00e9n ha sido duramente criticado por los altos costos de realizaci\u00f3n de sus proyectos, que llegan a triplicarse en el transcurso de su ejecuci\u00f3n, las formas a veces consideradas por los expertos como caprichosas, que no toman en cuenta el entorno donde se ubican, los graves problemas estructurales que se han presentado en algunos casos, las dificultades para el mantenimiento adecuado, han dado origen a m\u00faltiples demandas por parte de las autoridades. Incluso en 2013, la Generalitat Valenciana plante\u00f3 emprender acciones judiciales por los desprendimientos que en diciembre del mismo a\u00f1o se produjeron en parte del revestimiento cer\u00e1mico del Palacio de las Artes Reina Sof\u00eda. Finalmente, por un acuerdo amistoso, el arquitecto y la constructora UTE, pagaron las reparaciones necesarias.<\/p>\n<p>En este breve acercamiento a la obra de Santiago Calatrava, podemos visualizar la vertiginosa carrera de este gran arquitecto valenciano, y es una invitaci\u00f3n a visitar casi que obligatoriamente sus obras que, incluso al menos informado, llamar\u00e1n su atenci\u00f3n por su grandiosidad y particular belleza.<\/p>\n<h2>Santiago Calatrava en Valencia<\/h2>\n<p>Tal es el caso de la Ciudad de las Artes y las Ciencias (Ciutat de les Arts i les Ciencies) en Valencia, ciudad natal de Santiago Calatrava, considerada uno de sus obras m\u00e1s importantes por sus dimensiones \u00e9picas, donde se reflejan los conceptos art\u00edsticos, arquitect\u00f3nicos y estructurales que caracterizan su obra.<\/p>\n<p>Este proyecto surge en 1989 como una idea del presidente de la Generalitat para la \u00e9poca, Joan Lerna, y del doctor Jos\u00e9 Mar\u00eda Bernab\u00e9, Director de Planificaci\u00f3n y Estudios, de dotar a la ciudad de un gran centro dedicado a la Ciencia.<\/p>\n<p>Las obras se iniciaron en 1994 y luego de un cambio de gobierno se paralizan los trabajos, se decide eliminar la torre y continuar con la propuesta arquitect\u00f3nica de Calatrava, a\u00f1adiendo al concepto el arte para conformar la Ciudad de las Artes y las Ciencias.<\/p>\n<p>Calatrava presenta en 1996 su segundo proyecto quedando \u00e9l a cargo de tres de los edificios: L`Hemispheric, el Palacio de las Artes y el Museo de las Ciencias, mientras que su maestro, Felix Candela se encarg\u00f3 de L\u00d2ceanogr\u00e1fic.<\/p>\n<p>En abril del 98 se inaugura L`hemisferic, y once meses despu\u00e9s el Museo de las Ciencias Principe Felipe.<\/p>\n<p>En diciembre de 2002 se abri\u00f3 L\u00d2ceanografic, el mayor acuario de Europa. En octubre de 2005 se culmin\u00f3 la obra con la apertura del Palacio de las Artes Reina Sof\u00eda.<\/p>\n<p>La Ciudad de las Artes y las Ciencias cuenta con una superficie de 350000 metros cuadrados, concebida como una ciudad dentro de la ciudad. Un gran espacio abierto, dedicado al esparcimiento centrado en la idea de ocio cultural e inteligente siendo \u00e9ste el mayor centro de estas caracter\u00edsticas de Europa.<\/p>\n<p>\u00bfQu\u00e9 incluye la <a href=\"https:\/\/www.cac.es\/es\/home.html\">Ciudad de las Artes y las Ciencias<\/a>?<\/p>\n<h2>PALAU DE LES ARTS REINA SOFIA<\/h2>\n<p><img decoding=\"async\" class=\"aligncenter wp-image-6216 size-full\" src=\"http:\/\/vlchost.com\/wp-content\/uploads\/imagenes_blog_vlflats_calatrava2.png\" alt=\"Santiago Calatrava\" width=\"599\" height=\"401\" \/><\/p>\n<p>Un edificio espectacular dedicado a las artes esc\u00e9nicas. Con m\u00e1s de 70 metros de altura, est\u00e1 dividido en 4 salas independientes, dotadas de las \u00faltimas tecnolog\u00edas para representar todo tipo de \u00f3peras, musicales, teatro o danza.<\/p>\n<h2>HEMISFERIC<\/h2>\n<p><img decoding=\"async\" class=\"aligncenter wp-image-6219 size-full\" src=\"http:\/\/vlchost.com\/wp-content\/uploads\/imagenes_blog_vlflats_calatrava5.png\" alt=\"Santiago Calatrava\" width=\"599\" height=\"401\" \/><\/p>\n<p>Es una sala de proyecciones de cine IMAX, planetario y L\u00e1ser con una pantalla de 900 m2. El edificio fue dise\u00f1ado por Calatrava con forma de ojo, que se refleja en un lago de 24.000 m2.<\/p>\n<h2>MUSEO DE LAS CIENCIAS PR\u00cdNCIPE FELIPE<\/h2>\n<p><img loading=\"lazy\" decoding=\"async\" class=\"aligncenter wp-image-6218 size-full\" src=\"http:\/\/vlchost.com\/wp-content\/uploads\/imagenes_blog_vlflats_calatrava4.png\" alt=\"Santiago Calatrava\" width=\"599\" height=\"401\" \/><\/p>\n<p>Su forma recuerda al esqueleto de una ballena. Se trata de un museo interactivo de ciencia. Ocupa alrededor de 40.000 m2 repartidos en tres pisos.<\/p>\n<h2>OCEANOGRAFIC<\/h2>\n<p><img loading=\"lazy\" decoding=\"async\" class=\"aligncenter wp-image-6217 size-full\" src=\"http:\/\/vlchost.com\/wp-content\/uploads\/imagenes_blog_vlflats_calatrava3.png\" alt=\"\" width=\"599\" height=\"401\" \/><\/p>\n<p>Es el acuario m\u00e1s grande de Europa. Su cubierta en forma de nen\u00fafar es obra del arquitecto F\u00e9lix Candela (1910\/1997). Cuenta con 45.000 ejemplares de m\u00e1s de 500 especies marinas diferentes en 9 \u00e1reas que representan los m\u00e1s importantes ecosistemas del planeta.<\/p>\n<h2>AGORA<\/h2>\n<p><img loading=\"lazy\" decoding=\"async\" class=\"aligncenter wp-image-6220 size-full\" src=\"http:\/\/vlchost.com\/wp-content\/uploads\/imagenes_blog_vlflats_calatrava6.png\" alt=\"\" width=\"599\" height=\"401\" \/><\/p>\n<p>Es un espacio muy vers\u00e1til que permite la realizaci\u00f3n de eventos de diferente naturaleza. Un escenario multifuncional proyectado para la celebraci\u00f3n de congresos, convenciones, conciertos, representaciones, o exposiciones.<\/p>\n<p>Este maravilloso complejo cultural se ha convertido en un s\u00edmbolo de la ciudad de Valencia y es visita obligada para sus ciudadanos y para los turistas.<\/p>","protected":false},"excerpt":{"rendered":"<p>A wonderful serenity has taken possession of my entire soul, like these sweet mornings of spring which I enjoy with my whole heart. I am alone, and feel the charm of existence in this spot, which was created for the bliss of souls like mine. I am so happy, my dear friend, so absorbed in the exquisite sense of mere tranquil existence, that I neglect my talents. I should be incapable of drawing a single stroke at the present moment; and yet I feel that I never was a greater artist than now. When, while the lovely valley teems with vapour around me, and the meridian sun strikes the upper surface of the impenetrable foliage of my trees, and but a few stray gleams steal into the inner sanctuary, I throw myself down among the tall grass by the trickling stream; and, as I lie close to the earth, a thousand unknown plants are noticed by me: when I hear the buzz of the little world among the stalks, and grow familiar with the countless indescribable forms of the insects and flies, then I feel the presence of the Almighty, who formed us in his own image, and the breath of that universal love which bears and sustains us, as it floats around us in an eternity of blist.<\/p>","protected":false},"author":3,"featured_media":2279,"comment_status":"open","ping_status":"open","sticky":false,"template":"","format":"standard","meta":{"footnotes":""},"categories":[16,11],"tags":[],"class_list":["post-1764","post","type-post","status-publish","format-standard","has-post-thumbnail","hentry","category-cultura","category-noticias"],"yoast_head":"<!-- This site is optimized with the Yoast SEO plugin v21.5 - https:\/\/yoast.com\/wordpress\/plugins\/seo\/ -->\n<title>Santiago Calatrava: artista valenciano por excelencia - VLC Host<\/title>\n<meta name=\"description\" content=\"Santiago Calatrava, artista valenciano por excelencia, es reconocido a nivel mundial. Ha dado vida a los edificios emblem\u00e1ticos de la ciudad.\" \/>\n<meta name=\"robots\" content=\"index, follow, max-snippet:-1, max-image-preview:large, max-video-preview:-1\" \/>\n<link rel=\"canonical\" href=\"https:\/\/vlchost.com\/en\/noticias\/santiago-calatrava-artista-valenciano\/\" \/>\n<meta property=\"og:locale\" content=\"en_US\" \/>\n<meta property=\"og:type\" content=\"article\" \/>\n<meta property=\"og:title\" content=\"Santiago Calatrava: artista valenciano por excelencia - VLC Host\" \/>\n<meta property=\"og:description\" content=\"Santiago Calatrava, artista valenciano por excelencia, es reconocido a nivel mundial. Ha dado vida a los edificios emblem\u00e1ticos de la ciudad.\" \/>\n<meta property=\"og:url\" content=\"https:\/\/vlchost.com\/en\/noticias\/santiago-calatrava-artista-valenciano\/\" \/>\n<meta property=\"og:site_name\" content=\"VLC Host\" \/>\n<meta property=\"article:publisher\" content=\"https:\/\/www.facebook.com\/VLCHost.HappyToHostYou\" \/>\n<meta property=\"article:published_time\" content=\"2021-04-30T06:41:37+00:00\" \/>\n<meta property=\"article:modified_time\" content=\"2022-07-21T15:01:07+00:00\" \/>\n<meta property=\"og:image\" content=\"https:\/\/vlchost.com\/wp-content\/uploads\/santiago-calatrava-valencia.jpg\" \/>\n\t<meta property=\"og:image:width\" content=\"1200\" \/>\n\t<meta property=\"og:image:height\" content=\"800\" \/>\n\t<meta property=\"og:image:type\" content=\"image\/jpeg\" \/>\n<meta name=\"author\" content=\"hola@territoriosherpa.com\" \/>\n<meta name=\"twitter:card\" content=\"summary_large_image\" \/>\n<meta name=\"twitter:label1\" content=\"Written by\" \/>\n\t<meta name=\"twitter:data1\" content=\"hola@territoriosherpa.com\" \/>\n\t<meta name=\"twitter:label2\" content=\"Est. reading time\" \/>\n\t<meta name=\"twitter:data2\" content=\"7 minutes\" \/>\n<script type=\"application\/ld+json\" class=\"yoast-schema-graph\">{\"@context\":\"https:\/\/schema.org\",\"@graph\":[{\"@type\":\"Article\",\"@id\":\"https:\/\/vlchost.com\/noticias\/santiago-calatrava-artista-valenciano\/#article\",\"isPartOf\":{\"@id\":\"https:\/\/vlchost.com\/noticias\/santiago-calatrava-artista-valenciano\/\"},\"author\":{\"name\":\"hola@territoriosherpa.com\",\"@id\":\"https:\/\/vlchost.com\/#\/schema\/person\/7ad1e54aacd6a7e01321eeffc36ee1cb\"},\"headline\":\"Santiago Calatrava: artista valenciano por excelencia\",\"datePublished\":\"2021-04-30T06:41:37+00:00\",\"dateModified\":\"2022-07-21T15:01:07+00:00\",\"mainEntityOfPage\":{\"@id\":\"https:\/\/vlchost.com\/noticias\/santiago-calatrava-artista-valenciano\/\"},\"wordCount\":1278,\"commentCount\":0,\"publisher\":{\"@id\":\"https:\/\/vlchost.com\/#organization\"},\"articleSection\":[\"Cultura\",\"Noticias\"],\"inLanguage\":\"en-US\"},{\"@type\":\"WebPage\",\"@id\":\"https:\/\/vlchost.com\/noticias\/santiago-calatrava-artista-valenciano\/\",\"url\":\"https:\/\/vlchost.com\/noticias\/santiago-calatrava-artista-valenciano\/\",\"name\":\"Santiago Calatrava: artista valenciano por excelencia - VLC Host\",\"isPartOf\":{\"@id\":\"https:\/\/vlchost.com\/#website\"},\"datePublished\":\"2021-04-30T06:41:37+00:00\",\"dateModified\":\"2022-07-21T15:01:07+00:00\",\"description\":\"Santiago Calatrava, artista valenciano por excelencia, es reconocido a nivel mundial. Ha dado vida a los edificios emblem\u00e1ticos de la ciudad.\",\"breadcrumb\":{\"@id\":\"https:\/\/vlchost.com\/noticias\/santiago-calatrava-artista-valenciano\/#breadcrumb\"},\"inLanguage\":\"en-US\",\"potentialAction\":[{\"@type\":\"ReadAction\",\"target\":[\"https:\/\/vlchost.com\/noticias\/santiago-calatrava-artista-valenciano\/\"]}]},{\"@type\":\"BreadcrumbList\",\"@id\":\"https:\/\/vlchost.com\/noticias\/santiago-calatrava-artista-valenciano\/#breadcrumb\",\"itemListElement\":[{\"@type\":\"ListItem\",\"position\":1,\"name\":\"Portada\",\"item\":\"https:\/\/vlchost.com\/\"},{\"@type\":\"ListItem\",\"position\":2,\"name\":\"Santiago Calatrava: artista valenciano por excelencia\"}]},{\"@type\":\"WebSite\",\"@id\":\"https:\/\/vlchost.com\/#website\",\"url\":\"https:\/\/vlchost.com\/\",\"name\":\"VLC Host\",\"description\":\"Alquiler de alojamientos tur\u00edsticos\",\"publisher\":{\"@id\":\"https:\/\/vlchost.com\/#organization\"},\"potentialAction\":[{\"@type\":\"SearchAction\",\"target\":{\"@type\":\"EntryPoint\",\"urlTemplate\":\"https:\/\/vlchost.com\/?s={search_term_string}\"},\"query-input\":\"required name=search_term_string\"}],\"inLanguage\":\"en-US\"},{\"@type\":\"Organization\",\"@id\":\"https:\/\/vlchost.com\/#organization\",\"name\":\"VLC Host - Nomad Life\",\"url\":\"https:\/\/vlchost.com\/\",\"logo\":{\"@type\":\"ImageObject\",\"inLanguage\":\"en-US\",\"@id\":\"https:\/\/vlchost.com\/#\/schema\/logo\/image\/\",\"url\":\"https:\/\/vlchost.com\/wp-content\/uploads\/cropped-alquiler-apartamentos-VLCHOST.png\",\"contentUrl\":\"https:\/\/vlchost.com\/wp-content\/uploads\/cropped-alquiler-apartamentos-VLCHOST.png\",\"width\":512,\"height\":512,\"caption\":\"VLC Host - Nomad Life\"},\"image\":{\"@id\":\"https:\/\/vlchost.com\/#\/schema\/logo\/image\/\"},\"sameAs\":[\"https:\/\/www.facebook.com\/VLCHost.HappyToHostYou\",\"https:\/\/www.instagram.com\/vlchost\/\"]},{\"@type\":\"Person\",\"@id\":\"https:\/\/vlchost.com\/#\/schema\/person\/7ad1e54aacd6a7e01321eeffc36ee1cb\",\"name\":\"hola@territoriosherpa.com\",\"image\":{\"@type\":\"ImageObject\",\"inLanguage\":\"en-US\",\"@id\":\"https:\/\/vlchost.com\/#\/schema\/person\/image\/\",\"url\":\"https:\/\/secure.gravatar.com\/avatar\/bcb0824e5b43a393b2f5f0668661584f78d984c21b830cdb6b6fe4941abcb03b?s=96&d=mm&r=g\",\"contentUrl\":\"https:\/\/secure.gravatar.com\/avatar\/bcb0824e5b43a393b2f5f0668661584f78d984c21b830cdb6b6fe4941abcb03b?s=96&d=mm&r=g\",\"caption\":\"hola@territoriosherpa.com\"},\"url\":\"https:\/\/vlchost.com\/en\/author\/holaterritoriosherpa-com\/\"}]}<\/script>\n<!-- \/ Yoast SEO plugin. -->","yoast_head_json":{"title":"Santiago Calatrava: artista valenciano por excelencia - VLC Host","description":"Santiago Calatrava, artista valenciano por excelencia, es reconocido a nivel mundial. Ha dado vida a los edificios emblem\u00e1ticos de la ciudad.","robots":{"index":"index","follow":"follow","max-snippet":"max-snippet:-1","max-image-preview":"max-image-preview:large","max-video-preview":"max-video-preview:-1"},"canonical":"https:\/\/vlchost.com\/en\/noticias\/santiago-calatrava-artista-valenciano\/","og_locale":"en_US","og_type":"article","og_title":"Santiago Calatrava: artista valenciano por excelencia - VLC Host","og_description":"Santiago Calatrava, artista valenciano por excelencia, es reconocido a nivel mundial. Ha dado vida a los edificios emblem\u00e1ticos de la ciudad.","og_url":"https:\/\/vlchost.com\/en\/noticias\/santiago-calatrava-artista-valenciano\/","og_site_name":"VLC Host","article_publisher":"https:\/\/www.facebook.com\/VLCHost.HappyToHostYou","article_published_time":"2021-04-30T06:41:37+00:00","article_modified_time":"2022-07-21T15:01:07+00:00","og_image":[{"width":1200,"height":800,"url":"https:\/\/vlchost.com\/wp-content\/uploads\/santiago-calatrava-valencia.jpg","type":"image\/jpeg"}],"author":"hola@territoriosherpa.com","twitter_card":"summary_large_image","twitter_misc":{"Written by":"hola@territoriosherpa.com","Est. reading time":"7 minutes"},"schema":{"@context":"https:\/\/schema.org","@graph":[{"@type":"Article","@id":"https:\/\/vlchost.com\/noticias\/santiago-calatrava-artista-valenciano\/#article","isPartOf":{"@id":"https:\/\/vlchost.com\/noticias\/santiago-calatrava-artista-valenciano\/"},"author":{"name":"hola@territoriosherpa.com","@id":"https:\/\/vlchost.com\/#\/schema\/person\/7ad1e54aacd6a7e01321eeffc36ee1cb"},"headline":"Santiago Calatrava: artista valenciano por excelencia","datePublished":"2021-04-30T06:41:37+00:00","dateModified":"2022-07-21T15:01:07+00:00","mainEntityOfPage":{"@id":"https:\/\/vlchost.com\/noticias\/santiago-calatrava-artista-valenciano\/"},"wordCount":1278,"commentCount":0,"publisher":{"@id":"https:\/\/vlchost.com\/#organization"},"articleSection":["Cultura","Noticias"],"inLanguage":"en-US"},{"@type":"WebPage","@id":"https:\/\/vlchost.com\/noticias\/santiago-calatrava-artista-valenciano\/","url":"https:\/\/vlchost.com\/noticias\/santiago-calatrava-artista-valenciano\/","name":"Santiago Calatrava: artista valenciano por excelencia - VLC Host","isPartOf":{"@id":"https:\/\/vlchost.com\/#website"},"datePublished":"2021-04-30T06:41:37+00:00","dateModified":"2022-07-21T15:01:07+00:00","description":"Santiago Calatrava, artista valenciano por excelencia, es reconocido a nivel mundial. Ha dado vida a los edificios emblem\u00e1ticos de la ciudad.","breadcrumb":{"@id":"https:\/\/vlchost.com\/noticias\/santiago-calatrava-artista-valenciano\/#breadcrumb"},"inLanguage":"en-US","potentialAction":[{"@type":"ReadAction","target":["https:\/\/vlchost.com\/noticias\/santiago-calatrava-artista-valenciano\/"]}]},{"@type":"BreadcrumbList","@id":"https:\/\/vlchost.com\/noticias\/santiago-calatrava-artista-valenciano\/#breadcrumb","itemListElement":[{"@type":"ListItem","position":1,"name":"Portada","item":"https:\/\/vlchost.com\/"},{"@type":"ListItem","position":2,"name":"Santiago Calatrava: artista valenciano por excelencia"}]},{"@type":"WebSite","@id":"https:\/\/vlchost.com\/#website","url":"https:\/\/vlchost.com\/","name":"VLC Host","description":"Alquiler de alojamientos tur\u00edsticos","publisher":{"@id":"https:\/\/vlchost.com\/#organization"},"potentialAction":[{"@type":"SearchAction","target":{"@type":"EntryPoint","urlTemplate":"https:\/\/vlchost.com\/?s={search_term_string}"},"query-input":"required name=search_term_string"}],"inLanguage":"en-US"},{"@type":"Organization","@id":"https:\/\/vlchost.com\/#organization","name":"VLC Host - Nomad Life","url":"https:\/\/vlchost.com\/","logo":{"@type":"ImageObject","inLanguage":"en-US","@id":"https:\/\/vlchost.com\/#\/schema\/logo\/image\/","url":"https:\/\/vlchost.com\/wp-content\/uploads\/cropped-alquiler-apartamentos-VLCHOST.png","contentUrl":"https:\/\/vlchost.com\/wp-content\/uploads\/cropped-alquiler-apartamentos-VLCHOST.png","width":512,"height":512,"caption":"VLC Host - Nomad Life"},"image":{"@id":"https:\/\/vlchost.com\/#\/schema\/logo\/image\/"},"sameAs":["https:\/\/www.facebook.com\/VLCHost.HappyToHostYou","https:\/\/www.instagram.com\/vlchost\/"]},{"@type":"Person","@id":"https:\/\/vlchost.com\/#\/schema\/person\/7ad1e54aacd6a7e01321eeffc36ee1cb","name":"hola@territoriosherpa.com","image":{"@type":"ImageObject","inLanguage":"en-US","@id":"https:\/\/vlchost.com\/#\/schema\/person\/image\/","url":"https:\/\/secure.gravatar.com\/avatar\/bcb0824e5b43a393b2f5f0668661584f78d984c21b830cdb6b6fe4941abcb03b?s=96&d=mm&r=g","contentUrl":"https:\/\/secure.gravatar.com\/avatar\/bcb0824e5b43a393b2f5f0668661584f78d984c21b830cdb6b6fe4941abcb03b?s=96&d=mm&r=g","caption":"hola@territoriosherpa.com"},"url":"https:\/\/vlchost.com\/en\/author\/holaterritoriosherpa-com\/"}]}},"_links":{"self":[{"href":"https:\/\/vlchost.com\/en\/wp-json\/wp\/v2\/posts\/1764","targetHints":{"allow":["GET"]}}],"collection":[{"href":"https:\/\/vlchost.com\/en\/wp-json\/wp\/v2\/posts"}],"about":[{"href":"https:\/\/vlchost.com\/en\/wp-json\/wp\/v2\/types\/post"}],"author":[{"embeddable":true,"href":"https:\/\/vlchost.com\/en\/wp-json\/wp\/v2\/users\/3"}],"replies":[{"embeddable":true,"href":"https:\/\/vlchost.com\/en\/wp-json\/wp\/v2\/comments?post=1764"}],"version-history":[{"count":4,"href":"https:\/\/vlchost.com\/en\/wp-json\/wp\/v2\/posts\/1764\/revisions"}],"predecessor-version":[{"id":2314,"href":"https:\/\/vlchost.com\/en\/wp-json\/wp\/v2\/posts\/1764\/revisions\/2314"}],"wp:featuredmedia":[{"embeddable":true,"href":"https:\/\/vlchost.com\/en\/wp-json\/wp\/v2\/media\/2279"}],"wp:attachment":[{"href":"https:\/\/vlchost.com\/en\/wp-json\/wp\/v2\/media?parent=1764"}],"wp:term":[{"taxonomy":"category","embeddable":true,"href":"https:\/\/vlchost.com\/en\/wp-json\/wp\/v2\/categories?post=1764"},{"taxonomy":"post_tag","embeddable":true,"href":"https:\/\/vlchost.com\/en\/wp-json\/wp\/v2\/tags?post=1764"}],"curies":[{"name":"wp","href":"https:\/\/api.w.org\/{rel}","templated":true}]}}