{"id":2707,"date":"2022-08-03T12:45:00","date_gmt":"2022-08-03T10:45:00","guid":{"rendered":"http:\/\/vlchost.com\/?p=2707"},"modified":"2022-08-03T12:36:03","modified_gmt":"2022-08-03T10:36:03","slug":"nits-de-vivers-2022-tu-plan-musical-favorito-de-la-noche-valenciana","status":"publish","type":"post","link":"https:\/\/vlchost.com\/en\/noticias\/nits-de-vivers-2022-tu-plan-musical-favorito-de-la-noche-valenciana\/","title":{"rendered":"Nits de Vivers 2022, tu plan musical favorito de la noche valenciana"},"content":{"rendered":"<div data-elementor-type=\"wp-post\" data-elementor-id=\"2707\" class=\"elementor elementor-2707\" data-elementor-post-type=\"post\">\n\t\t\t\t\t\t<section class=\"elementor-section elementor-top-section elementor-element elementor-element-5b5bc10 elementor-section-boxed elementor-section-height-default elementor-section-height-default\" data-id=\"5b5bc10\" data-element_type=\"section\">\n\t\t\t\t\t\t<div class=\"elementor-container elementor-column-gap-default\">\n\t\t\t\t\t<div class=\"elementor-column elementor-col-100 elementor-top-column elementor-element elementor-element-48be2be\" data-id=\"48be2be\" data-element_type=\"column\">\n\t\t\t<div class=\"elementor-widget-wrap elementor-element-populated\">\n\t\t\t\t\t\t<div class=\"elementor-element elementor-element-32168fd elementor-widget elementor-widget-text-editor\" data-id=\"32168fd\" data-element_type=\"widget\" data-widget_type=\"text-editor.default\">\n\t\t\t\t<div class=\"elementor-widget-container\">\n\t\t\t<style>\/*! elementor - v3.19.0 - 28-02-2024 *\/\n.elementor-widget-text-editor.elementor-drop-cap-view-stacked .elementor-drop-cap{background-color:#69727d;color:#fff}.elementor-widget-text-editor.elementor-drop-cap-view-framed .elementor-drop-cap{color:#69727d;border:3px solid;background-color:transparent}.elementor-widget-text-editor:not(.elementor-drop-cap-view-default) .elementor-drop-cap{margin-top:8px}.elementor-widget-text-editor:not(.elementor-drop-cap-view-default) .elementor-drop-cap-letter{width:1em;height:1em}.elementor-widget-text-editor .elementor-drop-cap{float:left;text-align:center;line-height:1;font-size:50px}.elementor-widget-text-editor .elementor-drop-cap-letter{display:inline-block}<\/style>\t\t\t\t<p>\u00bfNo tienes plan para las noches de verano en Valencia? Desde <a href=\"http:\/\/vlchost.com\/en\/\">VLC Host<\/a> te lo contamos todo sobre las Nits de Vivers 2022. Un ciclo chul\u00edsimo de conciertos y espect\u00e1culos, del 28 de julio al 12 de agosto. Es la propuesta cultural veraniega que est\u00e1 llenando de m\u00fasica la ciudad. \u00bfQuieres saber m\u00e1s?<\/p><h2><strong>Actuar\u00e1n artistas como Ana Torroja y Loquillo o bandas como la Casa Azul<\/strong><\/h2><p>En su <a href=\"https:\/\/nitsdevivers.com\/nits-de-vivers\/\">segunda edici\u00f3n<\/a>, este ciclo de conciertos se alza con un total de 11 espect\u00e1culos durante 3 semanas de julio y agosto. Una forma muy apetecible de disfrutar de la noche para los amantes de la m\u00fasica. Porque sea cual sea tu g\u00e9nero favorito, tambi\u00e9n hay un concierto para ti. Desde Fuel Fandango y su fusi\u00f3n flamenca-urbana, pasando por la m\u00fasica po\u00e9tica de Jorge Drexler, el pop-rock, m\u00fasica electr\u00f3nica&#8230;<\/p><p>As\u00ed que, ya sabes, no te puedes perder el cartel con las confirmaciones de #NitsdeVivers2022. Cons\u00faltalo <a href=\"https:\/\/www.instagram.com\/p\/CfbZJcSKQvW\/?hl=es\">aqu\u00ed.<\/a><\/p><p>Efectivamente, las Nits de Vivers 2022 son una cita segura en el calendario cultural de Valencia. Se han convertido en todo un referente de conciertos en entornos naturales.\u00a0<\/p>\t\t\t\t\t\t<\/div>\n\t\t\t\t<\/div>\n\t\t\t\t\t<\/div>\n\t\t<\/div>\n\t\t\t\t\t<\/div>\n\t\t<\/section>\n\t\t\t\t<section class=\"elementor-section elementor-top-section elementor-element elementor-element-3423c2d elementor-section-boxed elementor-section-height-default elementor-section-height-default\" data-id=\"3423c2d\" data-element_type=\"section\">\n\t\t\t\t\t\t<div class=\"elementor-container elementor-column-gap-default\">\n\t\t\t\t\t<div class=\"elementor-column elementor-col-100 elementor-top-column elementor-element elementor-element-86a5295\" data-id=\"86a5295\" data-element_type=\"column\">\n\t\t\t<div class=\"elementor-widget-wrap elementor-element-populated\">\n\t\t\t\t\t\t<div class=\"elementor-element elementor-element-a3427bd elementor-widget elementor-widget-image\" data-id=\"a3427bd\" data-element_type=\"widget\" data-widget_type=\"image.default\">\n\t\t\t\t<div class=\"elementor-widget-container\">\n\t\t\t<style>\/*! elementor - v3.19.0 - 28-02-2024 *\/\n.elementor-widget-image{text-align:center}.elementor-widget-image a{display:inline-block}.elementor-widget-image a img[src$=\".svg\"]{width:48px}.elementor-widget-image img{vertical-align:middle;display:inline-block}<\/style>\t\t\t\t\t\t\t\t\t\t<img fetchpriority=\"high\" decoding=\"async\" width=\"1200\" height=\"500\" src=\"https:\/\/vlchost.com\/wp-content\/uploads\/nits-de-vivers-2022-vlchost-ana-torroja.jpg\" class=\"attachment-large size-large wp-image-2710\" alt=\"nits-de-vivers-2022\" srcset=\"https:\/\/vlchost.com\/wp-content\/uploads\/nits-de-vivers-2022-vlchost-ana-torroja.jpg 1200w, https:\/\/vlchost.com\/wp-content\/uploads\/nits-de-vivers-2022-vlchost-ana-torroja-768x320.jpg 768w\" sizes=\"(max-width: 1200px) 100vw, 1200px\" \/>\t\t\t\t\t\t\t\t\t\t\t\t\t<\/div>\n\t\t\t\t<\/div>\n\t\t\t\t\t<\/div>\n\t\t<\/div>\n\t\t\t\t\t<\/div>\n\t\t<\/section>\n\t\t\t\t<section class=\"elementor-section elementor-top-section elementor-element elementor-element-05524e4 elementor-section-boxed elementor-section-height-default elementor-section-height-default\" data-id=\"05524e4\" data-element_type=\"section\">\n\t\t\t\t\t\t<div class=\"elementor-container elementor-column-gap-default\">\n\t\t\t\t\t<div class=\"elementor-column elementor-col-100 elementor-top-column elementor-element elementor-element-c87b062\" data-id=\"c87b062\" data-element_type=\"column\">\n\t\t\t<div class=\"elementor-widget-wrap elementor-element-populated\">\n\t\t\t\t\t\t<div class=\"elementor-element elementor-element-f539768 elementor-widget elementor-widget-text-editor\" data-id=\"f539768\" data-element_type=\"widget\" data-widget_type=\"text-editor.default\">\n\t\t\t\t<div class=\"elementor-widget-container\">\n\t\t\t\t\t\t\t<h2><strong>Nits de Vivers 2022 es mucho m\u00e1s que conciertos<\/strong><\/h2><p>En el coraz\u00f3n verde de la ciudad de Valencia, el Jard\u00edn de Viveros, es muy f\u00e1cil que triunfe un evento al aire libre. Cuando se suman artistazos, este entorno, food trucks variados y una raz\u00f3n solidaria\u2026 La receta del \u00e9xito est\u00e1 escrita. Esta edici\u00f3n tan especial, nace con el objetivo de colaborar con <a href=\"https:\/\/nitsdevivers.com\/proyecto-social\/\">REBROT<\/a>. El proyecto social de agricultura solidaria e inserci\u00f3n social que da soporte a personas en situaci\u00f3n de vulnerabilidad. A\u00fan dan m\u00e1s ganas de ir, \u00bfverdad? De hecho, puedes hacer una donaci\u00f3n voluntaria durante el proceso de <a href=\"https:\/\/nitsdevivers.com\/tickets\/\">compra de entradas<\/a>. En conclusi\u00f3n, es una forma f\u00e1cil de ayudar disfrutando de la m\u00fasica y de esta bella ciudad.<\/p><h3><strong>VLC Host: encuentra\u00a0tu alojamiento ideal en Valencia para las Nits de Vivers 2022<\/strong><\/h3><p>Te hemos convencido, puedes admitirlo\u2026 Entre el clima, la gastronom\u00eda y estos planes, Valencia es tu destino de vacaciones en agosto. El verano es el momento de improvisar. \u00a1Atr\u00e9vete!<\/p><p>Esc\u00e1pate un finde a esta ciudad y al\u00f3jate con nosotros. Descubre en nuestra web el <a href=\"http:\/\/vlchost.com\/en\/alojamientos-valencia-reserva\/\">apartamento<\/a> que m\u00e1s se ajusta a tus gustos y necesidades. Te sentir\u00e1s como en casa, fuera de ella.<\/p><p>Escr\u00edbenos a reservas@vlcinvest.com o ll\u00e1manos si te resulta m\u00e1s f\u00e1cil +34 692 439 347.<\/p><p>En nuestro <a href=\"https:\/\/www.instagram.com\/vlchost\/\">Instagram<\/a> y nuestro <a href=\"http:\/\/vlchost.com\/en\/que-hacer-en-valencia\/\">magazine<\/a> subimos los planes m\u00e1s apetecibles de Valencia. \u00a1S\u00edguenos para estar a la \u00faltima!<\/p>\t\t\t\t\t\t<\/div>\n\t\t\t\t<\/div>\n\t\t\t\t\t<\/div>\n\t\t<\/div>\n\t\t\t\t\t<\/div>\n\t\t<\/section>\n\t\t\t\t<\/div>","protected":false},"excerpt":{"rendered":"<p>\u00bfNo tienes plan para las noches de verano en Valencia? Desde VLC Host te lo contamos todo sobre las Nits de Vivers 2022. Un ciclo chul\u00edsimo de conciertos y espect\u00e1culos del 28 de julio al 12 de agosto.<\/p>","protected":false},"author":4,"featured_media":2708,"comment_status":"open","ping_status":"open","sticky":false,"template":"","format":"standard","meta":{"footnotes":""},"categories":[14,11],"tags":[],"class_list":["post-2707","post","type-post","status-publish","format-standard","has-post-thumbnail","hentry","category-eventos","category-noticias"],"yoast_head":"<!-- This site is optimized with the Yoast SEO plugin v21.5 - https:\/\/yoast.com\/wordpress\/plugins\/seo\/ -->\n<title>Nits de Vivers 2022, tu plan musical favorito de la noche valenciana<\/title>\n<meta name=\"description\" content=\"VLC Host te descubre las Nits de Vivers 2022. Los conciertos nocturnos del 28 de julio al 12 de agosto.\" \/>\n<meta name=\"robots\" content=\"index, follow, max-snippet:-1, max-image-preview:large, max-video-preview:-1\" \/>\n<link rel=\"canonical\" href=\"https:\/\/vlchost.com\/en\/noticias\/nits-de-vivers-2022-tu-plan-musical-favorito-de-la-noche-valenciana\/\" \/>\n<meta property=\"og:locale\" content=\"en_US\" \/>\n<meta property=\"og:type\" content=\"article\" \/>\n<meta property=\"og:title\" content=\"Nits de Vivers 2022, tu plan musical favorito de la noche valenciana\" \/>\n<meta property=\"og:description\" content=\"VLC Host te descubre las Nits de Vivers 2022. Los conciertos nocturnos del 28 de julio al 12 de agosto.\" \/>\n<meta property=\"og:url\" content=\"https:\/\/vlchost.com\/en\/noticias\/nits-de-vivers-2022-tu-plan-musical-favorito-de-la-noche-valenciana\/\" \/>\n<meta property=\"og:site_name\" content=\"VLC Host\" \/>\n<meta property=\"article:publisher\" content=\"https:\/\/www.facebook.com\/VLCHost.HappyToHostYou\" \/>\n<meta property=\"article:published_time\" content=\"2022-08-03T10:45:00+00:00\" \/>\n<meta property=\"article:modified_time\" content=\"2022-08-03T10:36:03+00:00\" \/>\n<meta property=\"og:image\" content=\"https:\/\/vlchost.com\/wp-content\/uploads\/nits-de-vivers-2022-vlchost.jpg\" \/>\n\t<meta property=\"og:image:width\" content=\"1200\" \/>\n\t<meta property=\"og:image:height\" content=\"800\" \/>\n\t<meta property=\"og:image:type\" content=\"image\/jpeg\" \/>\n<meta name=\"author\" content=\"VCL\" \/>\n<meta name=\"twitter:card\" content=\"summary_large_image\" \/>\n<meta name=\"twitter:label1\" content=\"Written by\" \/>\n\t<meta name=\"twitter:data1\" content=\"VCL\" \/>\n\t<meta name=\"twitter:label2\" content=\"Est. reading time\" \/>\n\t<meta name=\"twitter:data2\" content=\"3 minutes\" \/>\n<script type=\"application\/ld+json\" class=\"yoast-schema-graph\">{\"@context\":\"https:\/\/schema.org\",\"@graph\":[{\"@type\":\"Article\",\"@id\":\"https:\/\/vlchost.com\/noticias\/nits-de-vivers-2022-tu-plan-musical-favorito-de-la-noche-valenciana\/#article\",\"isPartOf\":{\"@id\":\"https:\/\/vlchost.com\/noticias\/nits-de-vivers-2022-tu-plan-musical-favorito-de-la-noche-valenciana\/\"},\"author\":{\"name\":\"VCL\",\"@id\":\"https:\/\/vlchost.com\/#\/schema\/person\/782a12abb83614fa9849b9497b619679\"},\"headline\":\"Nits de Vivers 2022, tu plan musical favorito de la noche valenciana\",\"datePublished\":\"2022-08-03T10:45:00+00:00\",\"dateModified\":\"2022-08-03T10:36:03+00:00\",\"mainEntityOfPage\":{\"@id\":\"https:\/\/vlchost.com\/noticias\/nits-de-vivers-2022-tu-plan-musical-favorito-de-la-noche-valenciana\/\"},\"wordCount\":454,\"commentCount\":0,\"publisher\":{\"@id\":\"https:\/\/vlchost.com\/#organization\"},\"articleSection\":[\"Eventos\",\"Noticias\"],\"inLanguage\":\"en-US\"},{\"@type\":\"WebPage\",\"@id\":\"https:\/\/vlchost.com\/noticias\/nits-de-vivers-2022-tu-plan-musical-favorito-de-la-noche-valenciana\/\",\"url\":\"https:\/\/vlchost.com\/noticias\/nits-de-vivers-2022-tu-plan-musical-favorito-de-la-noche-valenciana\/\",\"name\":\"Nits de Vivers 2022, tu plan musical favorito de la noche valenciana\",\"isPartOf\":{\"@id\":\"https:\/\/vlchost.com\/#website\"},\"datePublished\":\"2022-08-03T10:45:00+00:00\",\"dateModified\":\"2022-08-03T10:36:03+00:00\",\"description\":\"VLC Host te descubre las Nits de Vivers 2022. Los conciertos nocturnos del 28 de julio al 12 de agosto.\",\"breadcrumb\":{\"@id\":\"https:\/\/vlchost.com\/noticias\/nits-de-vivers-2022-tu-plan-musical-favorito-de-la-noche-valenciana\/#breadcrumb\"},\"inLanguage\":\"en-US\",\"potentialAction\":[{\"@type\":\"ReadAction\",\"target\":[\"https:\/\/vlchost.com\/noticias\/nits-de-vivers-2022-tu-plan-musical-favorito-de-la-noche-valenciana\/\"]}]},{\"@type\":\"BreadcrumbList\",\"@id\":\"https:\/\/vlchost.com\/noticias\/nits-de-vivers-2022-tu-plan-musical-favorito-de-la-noche-valenciana\/#breadcrumb\",\"itemListElement\":[{\"@type\":\"ListItem\",\"position\":1,\"name\":\"Portada\",\"item\":\"https:\/\/vlchost.com\/\"},{\"@type\":\"ListItem\",\"position\":2,\"name\":\"Nits de Vivers 2022, tu plan musical favorito de la noche valenciana\"}]},{\"@type\":\"WebSite\",\"@id\":\"https:\/\/vlchost.com\/#website\",\"url\":\"https:\/\/vlchost.com\/\",\"name\":\"VLC Host\",\"description\":\"Alquiler de alojamientos tur\u00edsticos\",\"publisher\":{\"@id\":\"https:\/\/vlchost.com\/#organization\"},\"potentialAction\":[{\"@type\":\"SearchAction\",\"target\":{\"@type\":\"EntryPoint\",\"urlTemplate\":\"https:\/\/vlchost.com\/?s={search_term_string}\"},\"query-input\":\"required name=search_term_string\"}],\"inLanguage\":\"en-US\"},{\"@type\":\"Organization\",\"@id\":\"https:\/\/vlchost.com\/#organization\",\"name\":\"VLC Host - Nomad Life\",\"url\":\"https:\/\/vlchost.com\/\",\"logo\":{\"@type\":\"ImageObject\",\"inLanguage\":\"en-US\",\"@id\":\"https:\/\/vlchost.com\/#\/schema\/logo\/image\/\",\"url\":\"https:\/\/vlchost.com\/wp-content\/uploads\/cropped-alquiler-apartamentos-VLCHOST.png\",\"contentUrl\":\"https:\/\/vlchost.com\/wp-content\/uploads\/cropped-alquiler-apartamentos-VLCHOST.png\",\"width\":512,\"height\":512,\"caption\":\"VLC Host - Nomad Life\"},\"image\":{\"@id\":\"https:\/\/vlchost.com\/#\/schema\/logo\/image\/\"},\"sameAs\":[\"https:\/\/www.facebook.com\/VLCHost.HappyToHostYou\",\"https:\/\/www.instagram.com\/vlchost\/\"]},{\"@type\":\"Person\",\"@id\":\"https:\/\/vlchost.com\/#\/schema\/person\/782a12abb83614fa9849b9497b619679\",\"name\":\"VCL\",\"image\":{\"@type\":\"ImageObject\",\"inLanguage\":\"en-US\",\"@id\":\"https:\/\/vlchost.com\/#\/schema\/person\/image\/\",\"url\":\"https:\/\/secure.gravatar.com\/avatar\/e2154249541e31d72b1e613335475cddc540ebd9e29ec5224763cf04738da599?s=96&d=mm&r=g\",\"contentUrl\":\"https:\/\/secure.gravatar.com\/avatar\/e2154249541e31d72b1e613335475cddc540ebd9e29ec5224763cf04738da599?s=96&d=mm&r=g\",\"caption\":\"VCL\"},\"url\":\"https:\/\/vlchost.com\/en\/author\/vlchost-user\/\"}]}<\/script>\n<!-- \/ Yoast SEO plugin. -->","yoast_head_json":{"title":"Nits de Vivers 2022, tu plan musical favorito de la noche valenciana","description":"VLC Host te descubre las Nits de Vivers 2022. Los conciertos nocturnos del 28 de julio al 12 de agosto.","robots":{"index":"index","follow":"follow","max-snippet":"max-snippet:-1","max-image-preview":"max-image-preview:large","max-video-preview":"max-video-preview:-1"},"canonical":"https:\/\/vlchost.com\/en\/noticias\/nits-de-vivers-2022-tu-plan-musical-favorito-de-la-noche-valenciana\/","og_locale":"en_US","og_type":"article","og_title":"Nits de Vivers 2022, tu plan musical favorito de la noche valenciana","og_description":"VLC Host te descubre las Nits de Vivers 2022. Los conciertos nocturnos del 28 de julio al 12 de agosto.","og_url":"https:\/\/vlchost.com\/en\/noticias\/nits-de-vivers-2022-tu-plan-musical-favorito-de-la-noche-valenciana\/","og_site_name":"VLC Host","article_publisher":"https:\/\/www.facebook.com\/VLCHost.HappyToHostYou","article_published_time":"2022-08-03T10:45:00+00:00","article_modified_time":"2022-08-03T10:36:03+00:00","og_image":[{"width":1200,"height":800,"url":"https:\/\/vlchost.com\/wp-content\/uploads\/nits-de-vivers-2022-vlchost.jpg","type":"image\/jpeg"}],"author":"VCL","twitter_card":"summary_large_image","twitter_misc":{"Written by":"VCL","Est. reading time":"3 minutes"},"schema":{"@context":"https:\/\/schema.org","@graph":[{"@type":"Article","@id":"https:\/\/vlchost.com\/noticias\/nits-de-vivers-2022-tu-plan-musical-favorito-de-la-noche-valenciana\/#article","isPartOf":{"@id":"https:\/\/vlchost.com\/noticias\/nits-de-vivers-2022-tu-plan-musical-favorito-de-la-noche-valenciana\/"},"author":{"name":"VCL","@id":"https:\/\/vlchost.com\/#\/schema\/person\/782a12abb83614fa9849b9497b619679"},"headline":"Nits de Vivers 2022, tu plan musical favorito de la noche valenciana","datePublished":"2022-08-03T10:45:00+00:00","dateModified":"2022-08-03T10:36:03+00:00","mainEntityOfPage":{"@id":"https:\/\/vlchost.com\/noticias\/nits-de-vivers-2022-tu-plan-musical-favorito-de-la-noche-valenciana\/"},"wordCount":454,"commentCount":0,"publisher":{"@id":"https:\/\/vlchost.com\/#organization"},"articleSection":["Eventos","Noticias"],"inLanguage":"en-US"},{"@type":"WebPage","@id":"https:\/\/vlchost.com\/noticias\/nits-de-vivers-2022-tu-plan-musical-favorito-de-la-noche-valenciana\/","url":"https:\/\/vlchost.com\/noticias\/nits-de-vivers-2022-tu-plan-musical-favorito-de-la-noche-valenciana\/","name":"Nits de Vivers 2022, tu plan musical favorito de la noche valenciana","isPartOf":{"@id":"https:\/\/vlchost.com\/#website"},"datePublished":"2022-08-03T10:45:00+00:00","dateModified":"2022-08-03T10:36:03+00:00","description":"VLC Host te descubre las Nits de Vivers 2022. Los conciertos nocturnos del 28 de julio al 12 de agosto.","breadcrumb":{"@id":"https:\/\/vlchost.com\/noticias\/nits-de-vivers-2022-tu-plan-musical-favorito-de-la-noche-valenciana\/#breadcrumb"},"inLanguage":"en-US","potentialAction":[{"@type":"ReadAction","target":["https:\/\/vlchost.com\/noticias\/nits-de-vivers-2022-tu-plan-musical-favorito-de-la-noche-valenciana\/"]}]},{"@type":"BreadcrumbList","@id":"https:\/\/vlchost.com\/noticias\/nits-de-vivers-2022-tu-plan-musical-favorito-de-la-noche-valenciana\/#breadcrumb","itemListElement":[{"@type":"ListItem","position":1,"name":"Portada","item":"https:\/\/vlchost.com\/"},{"@type":"ListItem","position":2,"name":"Nits de Vivers 2022, tu plan musical favorito de la noche valenciana"}]},{"@type":"WebSite","@id":"https:\/\/vlchost.com\/#website","url":"https:\/\/vlchost.com\/","name":"VLC Host","description":"Alquiler de alojamientos tur\u00edsticos","publisher":{"@id":"https:\/\/vlchost.com\/#organization"},"potentialAction":[{"@type":"SearchAction","target":{"@type":"EntryPoint","urlTemplate":"https:\/\/vlchost.com\/?s={search_term_string}"},"query-input":"required name=search_term_string"}],"inLanguage":"en-US"},{"@type":"Organization","@id":"https:\/\/vlchost.com\/#organization","name":"VLC Host - Nomad Life","url":"https:\/\/vlchost.com\/","logo":{"@type":"ImageObject","inLanguage":"en-US","@id":"https:\/\/vlchost.com\/#\/schema\/logo\/image\/","url":"https:\/\/vlchost.com\/wp-content\/uploads\/cropped-alquiler-apartamentos-VLCHOST.png","contentUrl":"https:\/\/vlchost.com\/wp-content\/uploads\/cropped-alquiler-apartamentos-VLCHOST.png","width":512,"height":512,"caption":"VLC Host - Nomad Life"},"image":{"@id":"https:\/\/vlchost.com\/#\/schema\/logo\/image\/"},"sameAs":["https:\/\/www.facebook.com\/VLCHost.HappyToHostYou","https:\/\/www.instagram.com\/vlchost\/"]},{"@type":"Person","@id":"https:\/\/vlchost.com\/#\/schema\/person\/782a12abb83614fa9849b9497b619679","name":"VCL","image":{"@type":"ImageObject","inLanguage":"en-US","@id":"https:\/\/vlchost.com\/#\/schema\/person\/image\/","url":"https:\/\/secure.gravatar.com\/avatar\/e2154249541e31d72b1e613335475cddc540ebd9e29ec5224763cf04738da599?s=96&d=mm&r=g","contentUrl":"https:\/\/secure.gravatar.com\/avatar\/e2154249541e31d72b1e613335475cddc540ebd9e29ec5224763cf04738da599?s=96&d=mm&r=g","caption":"VCL"},"url":"https:\/\/vlchost.com\/en\/author\/vlchost-user\/"}]}},"_links":{"self":[{"href":"https:\/\/vlchost.com\/en\/wp-json\/wp\/v2\/posts\/2707","targetHints":{"allow":["GET"]}}],"collection":[{"href":"https:\/\/vlchost.com\/en\/wp-json\/wp\/v2\/posts"}],"about":[{"href":"https:\/\/vlchost.com\/en\/wp-json\/wp\/v2\/types\/post"}],"author":[{"embeddable":true,"href":"https:\/\/vlchost.com\/en\/wp-json\/wp\/v2\/users\/4"}],"replies":[{"embeddable":true,"href":"https:\/\/vlchost.com\/en\/wp-json\/wp\/v2\/comments?post=2707"}],"version-history":[{"count":17,"href":"https:\/\/vlchost.com\/en\/wp-json\/wp\/v2\/posts\/2707\/revisions"}],"predecessor-version":[{"id":2726,"href":"https:\/\/vlchost.com\/en\/wp-json\/wp\/v2\/posts\/2707\/revisions\/2726"}],"wp:featuredmedia":[{"embeddable":true,"href":"https:\/\/vlchost.com\/en\/wp-json\/wp\/v2\/media\/2708"}],"wp:attachment":[{"href":"https:\/\/vlchost.com\/en\/wp-json\/wp\/v2\/media?parent=2707"}],"wp:term":[{"taxonomy":"category","embeddable":true,"href":"https:\/\/vlchost.com\/en\/wp-json\/wp\/v2\/categories?post=2707"},{"taxonomy":"post_tag","embeddable":true,"href":"https:\/\/vlchost.com\/en\/wp-json\/wp\/v2\/tags?post=2707"}],"curies":[{"name":"wp","href":"https:\/\/api.w.org\/{rel}","templated":true}]}}