{"id":2727,"date":"2022-08-16T09:11:00","date_gmt":"2022-08-16T07:11:00","guid":{"rendered":"http:\/\/vlchost.com\/?p=2727"},"modified":"2022-08-05T10:33:48","modified_gmt":"2022-08-05T08:33:48","slug":"y-tu-que-opinas-de-la-nueva-plaza-de-la-reina","status":"publish","type":"post","link":"https:\/\/vlchost.com\/en\/noticias\/y-tu-que-opinas-de-la-nueva-plaza-de-la-reina\/","title":{"rendered":"Y t\u00fa, \u00bfqu\u00e9 opinas de la nueva Plaza de la Reina?"},"content":{"rendered":"<div data-elementor-type=\"wp-post\" data-elementor-id=\"2727\" class=\"elementor elementor-2727\" data-elementor-post-type=\"post\">\n\t\t\t\t\t\t<section class=\"elementor-section elementor-top-section elementor-element elementor-element-5b5bc10 elementor-section-boxed elementor-section-height-default elementor-section-height-default\" data-id=\"5b5bc10\" data-element_type=\"section\">\n\t\t\t\t\t\t<div class=\"elementor-container elementor-column-gap-default\">\n\t\t\t\t\t<div class=\"elementor-column elementor-col-100 elementor-top-column elementor-element elementor-element-48be2be\" data-id=\"48be2be\" data-element_type=\"column\">\n\t\t\t<div class=\"elementor-widget-wrap elementor-element-populated\">\n\t\t\t\t\t\t<div class=\"elementor-element elementor-element-32168fd elementor-widget elementor-widget-text-editor\" data-id=\"32168fd\" data-element_type=\"widget\" data-widget_type=\"text-editor.default\">\n\t\t\t\t<div class=\"elementor-widget-container\">\n\t\t\t<style>\/*! elementor - v3.19.0 - 28-02-2024 *\/\n.elementor-widget-text-editor.elementor-drop-cap-view-stacked .elementor-drop-cap{background-color:#69727d;color:#fff}.elementor-widget-text-editor.elementor-drop-cap-view-framed .elementor-drop-cap{color:#69727d;border:3px solid;background-color:transparent}.elementor-widget-text-editor:not(.elementor-drop-cap-view-default) .elementor-drop-cap{margin-top:8px}.elementor-widget-text-editor:not(.elementor-drop-cap-view-default) .elementor-drop-cap-letter{width:1em;height:1em}.elementor-widget-text-editor .elementor-drop-cap{float:left;text-align:center;line-height:1;font-size:50px}.elementor-widget-text-editor .elementor-drop-cap-letter{display:inline-block}<\/style>\t\t\t\t<p>Hace apenas unas semanas, se abri\u00f3 al p\u00fablico, la reci\u00e9n reformada Plaza de la Reina. El inter\u00e9s era alto y todo el mundo ha querido dar su opini\u00f3n al respecto. <a href=\"http:\/\/vlchost.com\/en\/\">VLC Host<\/a>\u00a0se ha hecho eco y te desvela todos los detalles, para que desarrolles tu propia opini\u00f3n, si todav\u00eda no lo has hecho.<\/p><h2><strong>Se ha generado un gran debate con las obras de la Plaza de la Reina<\/strong><\/h2><p>Despu\u00e9s de un a\u00f1o y medio de obras y 13 millones de euros, valencianos y turistas, ya tienen sus propias opiniones al respecto. Lo mejor es que juzgues por ti mismo\/a y por ello te lo contamos todo con el m\u00e1ximo detalle.<\/p><p><span style=\"font-style: inherit; font-weight: inherit; background-color: var( --e-global-color-4d36fe1e ); color: var(--ast-global-color-3);\">Antes de comenzar, nos gustar\u00eda mencionar al fot\u00f3grafo V\u00edctor Guti\u00e9rrez, que semanalmente ha documentado todo, desde mayo de 2021. Su cuenta de Twitter ha sido un testigo en primera persona, que nos ha ido informando antes que nadie. \u00bfQuieres ver cu\u00e1l ha sido su transformaci\u00f3n? Puedes ver el hilo completo <\/span><a style=\"font-style: inherit; font-weight: inherit;\" href=\"https:\/\/twitter.com\/vgutierrezVLC\/status\/1389838827020296193?cxt=HHwWgoC5uZXD2ckmAAAA\">aqu\u00ed<\/a><span style=\"font-style: inherit; font-weight: inherit; background-color: var( --e-global-color-4d36fe1e ); color: var(--ast-global-color-3);\">.<\/span><\/p><h2><strong>Estos son todo los detalles de la Plaza de la Reina: <\/strong><\/h2><p>El objetivo de las obras en la Plaza de la Reina era crear grandes espacios donde <strong>el peat\u00f3n fuese el gran protagonista<\/strong>. Este \u201clavado de cara\u201d le otorga a la plaza un estilo que recuerda a otras ciudades europeas. No es la primera vez que se lleva a cabo una obra de estas caracter\u00edsticas en la capital del Turia. Recordemos la peatonalizaci\u00f3n de la Plaza del Ayuntamiento.<\/p><p>Tambi\u00e9n se ha pensado en la circulaci\u00f3n de residentes y turistas con el necesario y gran <strong>parking subterr\u00e1neo<\/strong>. Giuseppe Grezzi, concejal de Movilidad, contaba el d\u00eda de la inauguraci\u00f3n: \u201cse ha creado una plaza de 12.000 metros cuadrados. Es un proyecto ic\u00f3nico para un espacio monumental singular\u201d. Y es que cierto es, que el parking es una comodidad y un soplo de aire fresco para las personas con movilidad reducida y clientes del Mercado Central, teniendo estos \u00faltimos el aparcamiento gratis.<\/p>\t\t\t\t\t\t<\/div>\n\t\t\t\t<\/div>\n\t\t\t\t\t<\/div>\n\t\t<\/div>\n\t\t\t\t\t<\/div>\n\t\t<\/section>\n\t\t\t\t<section class=\"elementor-section elementor-top-section elementor-element elementor-element-3423c2d elementor-section-boxed elementor-section-height-default elementor-section-height-default\" data-id=\"3423c2d\" data-element_type=\"section\">\n\t\t\t\t\t\t<div class=\"elementor-container elementor-column-gap-default\">\n\t\t\t\t\t<div class=\"elementor-column elementor-col-100 elementor-top-column elementor-element elementor-element-86a5295\" data-id=\"86a5295\" data-element_type=\"column\">\n\t\t\t<div class=\"elementor-widget-wrap elementor-element-populated\">\n\t\t\t\t\t\t<div class=\"elementor-element elementor-element-a3427bd elementor-widget elementor-widget-image\" data-id=\"a3427bd\" data-element_type=\"widget\" data-widget_type=\"image.default\">\n\t\t\t\t<div class=\"elementor-widget-container\">\n\t\t\t<style>\/*! elementor - v3.19.0 - 28-02-2024 *\/\n.elementor-widget-image{text-align:center}.elementor-widget-image a{display:inline-block}.elementor-widget-image a img[src$=\".svg\"]{width:48px}.elementor-widget-image img{vertical-align:middle;display:inline-block}<\/style>\t\t\t\t\t\t\t\t\t\t<img fetchpriority=\"high\" decoding=\"async\" width=\"1200\" height=\"500\" src=\"https:\/\/vlchost.com\/wp-content\/uploads\/plaza-de-la-reina-vlchost-aspersores.jpg\" class=\"attachment-large size-large wp-image-2750\" alt=\"plaza-de-la-reina-vlchost-aspersores\" srcset=\"https:\/\/vlchost.com\/wp-content\/uploads\/plaza-de-la-reina-vlchost-aspersores.jpg 1200w, https:\/\/vlchost.com\/wp-content\/uploads\/plaza-de-la-reina-vlchost-aspersores-768x320.jpg 768w\" sizes=\"(max-width: 1200px) 100vw, 1200px\" \/>\t\t\t\t\t\t\t\t\t\t\t\t\t<\/div>\n\t\t\t\t<\/div>\n\t\t\t\t\t<\/div>\n\t\t<\/div>\n\t\t\t\t\t<\/div>\n\t\t<\/section>\n\t\t\t\t<section class=\"elementor-section elementor-top-section elementor-element elementor-element-05524e4 elementor-section-boxed elementor-section-height-default elementor-section-height-default\" data-id=\"05524e4\" data-element_type=\"section\">\n\t\t\t\t\t\t<div class=\"elementor-container elementor-column-gap-default\">\n\t\t\t\t\t<div class=\"elementor-column elementor-col-100 elementor-top-column elementor-element elementor-element-c87b062\" data-id=\"c87b062\" data-element_type=\"column\">\n\t\t\t<div class=\"elementor-widget-wrap elementor-element-populated\">\n\t\t\t\t\t\t<div class=\"elementor-element elementor-element-f539768 elementor-widget elementor-widget-text-editor\" data-id=\"f539768\" data-element_type=\"widget\" data-widget_type=\"text-editor.default\">\n\t\t\t\t<div class=\"elementor-widget-container\">\n\t\t\t\t\t\t\t<p>Foto de 7 TeleValencia<\/p><p>Sin duda, a primera vista, el elemento m\u00e1s cautivador son los <strong>aspersores de agua<\/strong>. Peque\u00f1as palmeritas, casi camufladas,\u00a0 ayudan a refrescarse del calor. Porque dicen que los detalles marcan la diferencia, \u00bfno?<\/p><p>Adem\u00e1s, se han incluido <strong>zonas de juegos infantiles<\/strong>: de coordinaci\u00f3n, espejos curvos, etc. Tambi\u00e9n lavabos p\u00fablicos, una novedad de la que antes carec\u00eda la plaza y, adem\u00e1s se han eliminado los accesos a las l\u00edneas de buses. El objetivo ha sido reducir el ruido, las emisiones y favorecer el paseo libre y la visibilidad de las terrazas.<\/p><p>Y por \u00faltimo, se ha tratado de <em>rescatar la memoria<\/em> del arquitecto <strong>valenciano Rafael Gustavino<\/strong>. Tambi\u00e9n conocido como \u201cel arquitecto de Nueva York\u201d seg\u00fan lo defin\u00eda el New York Times, por sus trabajos arquitect\u00f3nicos, el m\u00e1s conocido, es la Central Station. Enfrente de la que era su vivienda, ahora, luce una estatua en su honor.<\/p><h2><strong>Las cr\u00edticas m\u00e1s sonadas<\/strong><\/h2><p>Los detractores de este considerable cambio, afirman que la nueva plaza &#8220;<strong>carece de una zona de sombra&#8221;<\/strong>. A pesar de haber aumentado el n\u00famero de \u00e1rboles plantados, se critica la colocaci\u00f3n bancos para sentarse a pleno sol.\u00a0<\/p><p>Tambi\u00e9n se critica el dise\u00f1o de la obra. Vecinos opinan que se ha<strong> \u201c<\/strong><strong>despersonalizado<\/strong><strong>\u201d<\/strong> la plaza. El cambio ha supuesto que se vea mucho m\u00e1s blanca, sin c\u00e9sped. Anhelan las flores coloridas que antes luc\u00edan en la glorieta. Tambi\u00e9n echan en falta algo tan valenciano como los naranjos.<\/p><h2 style=\"font-style: normal;\">Hallazgos en la Plaza de la Reina<\/h2><p>No est\u00e1 de m\u00e1s, recordar los\u00a0<strong>hallazgos de restos de la muralla romana<\/strong> que envuelve la Catedral. Ante la presi\u00f3n de continuar la reforma, se decidi\u00f3 tapar los restos hist\u00f3ricos del subsuelo y posponer el estudio de estos. Por lo que se prev\u00e9 que la Plaza de la Reina tenga que volver a ser paralizada y levantada. No hay m\u00e1s noticias, por el momento.<\/p><p><strong>\u00a0<\/strong><strong style=\"font-style: inherit; background-color: var( --e-global-color-4d36fe1e ); color: var(--ast-global-color-3);\">Definitivamente, con sus pros y contras, la Plaza de la Reina ha sido y es una joya de Valencia.<\/strong><span style=\"font-style: inherit; font-weight: inherit; background-color: var( --e-global-color-4d36fe1e ); color: var(--ast-global-color-3);\"> Nos tenemos que sentir privilegiados de contar con ella y poder disfrutarla. Y para ti, si est\u00e1s pensando en visitar la ciudad y experimentar las novedades de esta ciudad viva, recuerda que en VLC Host gestionamos <\/span><a style=\"font-style: inherit; font-weight: inherit;\" href=\"http:\/\/vlchost.com\/en\/alojamientos-valencia-reserva\/\">apartamento<\/a><span style=\"font-style: inherit; font-weight: inherit; background-color: var( --e-global-color-4d36fe1e ); color: var(--ast-global-color-3);\">s de alquiler. Para los n\u00f3madas y cazadores de experiencias como t\u00fa.<\/span><\/p><p>Te sentir\u00e1s como en casa, fuera de ella. Escr\u00edbenos a reservas@vlcinvest.com o ll\u00e1manos si te resulta m\u00e1s f\u00e1cil +34 692 439 347.<\/p><p>En nuestro <a href=\"https:\/\/www.instagram.com\/vlchost\/\">Instagram<\/a> y nuestro <a href=\"http:\/\/vlchost.com\/en\/que-hacer-en-valencia\/\">magazine<\/a> subimos los planes m\u00e1s apetecibles de Valencia. \u00a1S\u00edguenos para estar a la \u00faltima!<\/p>\t\t\t\t\t\t<\/div>\n\t\t\t\t<\/div>\n\t\t\t\t\t<\/div>\n\t\t<\/div>\n\t\t\t\t\t<\/div>\n\t\t<\/section>\n\t\t\t\t<\/div>","protected":false},"excerpt":{"rendered":"<p>La reci\u00e9n reformada Plaza de la Reina suscita inter\u00e9s y todo el mundo quiere dar su opini\u00f3n. As\u00ed que, VLC Host desvela los detalles para que t\u00fa tambi\u00e9n puedas.<\/p>","protected":false},"author":4,"featured_media":2751,"comment_status":"open","ping_status":"open","sticky":false,"template":"","format":"standard","meta":{"footnotes":""},"categories":[19,11],"tags":[],"class_list":["post-2727","post","type-post","status-publish","format-standard","has-post-thumbnail","hentry","category-love-valencia","category-noticias"],"yoast_head":"<!-- This site is optimized with the Yoast SEO plugin v21.5 - https:\/\/yoast.com\/wordpress\/plugins\/seo\/ -->\n<title>Y t\u00fa, \u00bfqu\u00e9 opinas de la nueva Plaza de la Reina?<\/title>\n<meta name=\"description\" content=\"La reforma de la Plaza de la Reina suscita mucho inter\u00e9s, as\u00ed que, VLC Host te adelanta los detalles para que t\u00fa tambi\u00e9n puedas opinar.\" \/>\n<meta name=\"robots\" content=\"index, follow, max-snippet:-1, max-image-preview:large, max-video-preview:-1\" \/>\n<link rel=\"canonical\" href=\"https:\/\/vlchost.com\/en\/noticias\/y-tu-que-opinas-de-la-nueva-plaza-de-la-reina\/\" \/>\n<meta property=\"og:locale\" content=\"en_US\" \/>\n<meta property=\"og:type\" content=\"article\" \/>\n<meta property=\"og:title\" content=\"Y t\u00fa, \u00bfqu\u00e9 opinas de la nueva Plaza de la Reina?\" \/>\n<meta property=\"og:description\" content=\"La reforma de la Plaza de la Reina suscita mucho inter\u00e9s, as\u00ed que, VLC Host te adelanta los detalles para que t\u00fa tambi\u00e9n puedas opinar.\" \/>\n<meta property=\"og:url\" content=\"https:\/\/vlchost.com\/en\/noticias\/y-tu-que-opinas-de-la-nueva-plaza-de-la-reina\/\" \/>\n<meta property=\"og:site_name\" content=\"VLC Host\" \/>\n<meta property=\"article:publisher\" content=\"https:\/\/www.facebook.com\/VLCHost.HappyToHostYou\" \/>\n<meta property=\"article:published_time\" content=\"2022-08-16T07:11:00+00:00\" \/>\n<meta property=\"article:modified_time\" content=\"2022-08-05T08:33:48+00:00\" \/>\n<meta property=\"og:image\" content=\"https:\/\/vlchost.com\/wp-content\/uploads\/plaza-de-la-reina-vgutierrezVLC.jpg\" \/>\n\t<meta property=\"og:image:width\" content=\"1200\" \/>\n\t<meta property=\"og:image:height\" content=\"800\" \/>\n\t<meta property=\"og:image:type\" content=\"image\/jpeg\" \/>\n<meta name=\"author\" content=\"VCL\" \/>\n<meta name=\"twitter:card\" content=\"summary_large_image\" \/>\n<meta name=\"twitter:label1\" content=\"Written by\" \/>\n\t<meta name=\"twitter:data1\" content=\"VCL\" \/>\n\t<meta name=\"twitter:label2\" content=\"Est. reading time\" \/>\n\t<meta name=\"twitter:data2\" content=\"4 minutes\" \/>\n<script type=\"application\/ld+json\" class=\"yoast-schema-graph\">{\"@context\":\"https:\/\/schema.org\",\"@graph\":[{\"@type\":\"Article\",\"@id\":\"https:\/\/vlchost.com\/noticias\/y-tu-que-opinas-de-la-nueva-plaza-de-la-reina\/#article\",\"isPartOf\":{\"@id\":\"https:\/\/vlchost.com\/noticias\/y-tu-que-opinas-de-la-nueva-plaza-de-la-reina\/\"},\"author\":{\"name\":\"VCL\",\"@id\":\"https:\/\/vlchost.com\/#\/schema\/person\/782a12abb83614fa9849b9497b619679\"},\"headline\":\"Y t\u00fa, \u00bfqu\u00e9 opinas de la nueva Plaza de la Reina?\",\"datePublished\":\"2022-08-16T07:11:00+00:00\",\"dateModified\":\"2022-08-05T08:33:48+00:00\",\"mainEntityOfPage\":{\"@id\":\"https:\/\/vlchost.com\/noticias\/y-tu-que-opinas-de-la-nueva-plaza-de-la-reina\/\"},\"wordCount\":840,\"commentCount\":0,\"publisher\":{\"@id\":\"https:\/\/vlchost.com\/#organization\"},\"articleSection\":[\"Love Valencia\",\"Noticias\"],\"inLanguage\":\"en-US\"},{\"@type\":\"WebPage\",\"@id\":\"https:\/\/vlchost.com\/noticias\/y-tu-que-opinas-de-la-nueva-plaza-de-la-reina\/\",\"url\":\"https:\/\/vlchost.com\/noticias\/y-tu-que-opinas-de-la-nueva-plaza-de-la-reina\/\",\"name\":\"Y t\u00fa, \u00bfqu\u00e9 opinas de la nueva Plaza de la Reina?\",\"isPartOf\":{\"@id\":\"https:\/\/vlchost.com\/#website\"},\"datePublished\":\"2022-08-16T07:11:00+00:00\",\"dateModified\":\"2022-08-05T08:33:48+00:00\",\"description\":\"La reforma de la Plaza de la Reina suscita mucho inter\u00e9s, as\u00ed que, VLC Host te adelanta los detalles para que t\u00fa tambi\u00e9n puedas opinar.\",\"breadcrumb\":{\"@id\":\"https:\/\/vlchost.com\/noticias\/y-tu-que-opinas-de-la-nueva-plaza-de-la-reina\/#breadcrumb\"},\"inLanguage\":\"en-US\",\"potentialAction\":[{\"@type\":\"ReadAction\",\"target\":[\"https:\/\/vlchost.com\/noticias\/y-tu-que-opinas-de-la-nueva-plaza-de-la-reina\/\"]}]},{\"@type\":\"BreadcrumbList\",\"@id\":\"https:\/\/vlchost.com\/noticias\/y-tu-que-opinas-de-la-nueva-plaza-de-la-reina\/#breadcrumb\",\"itemListElement\":[{\"@type\":\"ListItem\",\"position\":1,\"name\":\"Portada\",\"item\":\"https:\/\/vlchost.com\/\"},{\"@type\":\"ListItem\",\"position\":2,\"name\":\"Y t\u00fa, \u00bfqu\u00e9 opinas de la nueva Plaza de la Reina?\"}]},{\"@type\":\"WebSite\",\"@id\":\"https:\/\/vlchost.com\/#website\",\"url\":\"https:\/\/vlchost.com\/\",\"name\":\"VLC Host\",\"description\":\"Alquiler de alojamientos tur\u00edsticos\",\"publisher\":{\"@id\":\"https:\/\/vlchost.com\/#organization\"},\"potentialAction\":[{\"@type\":\"SearchAction\",\"target\":{\"@type\":\"EntryPoint\",\"urlTemplate\":\"https:\/\/vlchost.com\/?s={search_term_string}\"},\"query-input\":\"required name=search_term_string\"}],\"inLanguage\":\"en-US\"},{\"@type\":\"Organization\",\"@id\":\"https:\/\/vlchost.com\/#organization\",\"name\":\"VLC Host - Nomad Life\",\"url\":\"https:\/\/vlchost.com\/\",\"logo\":{\"@type\":\"ImageObject\",\"inLanguage\":\"en-US\",\"@id\":\"https:\/\/vlchost.com\/#\/schema\/logo\/image\/\",\"url\":\"https:\/\/vlchost.com\/wp-content\/uploads\/cropped-alquiler-apartamentos-VLCHOST.png\",\"contentUrl\":\"https:\/\/vlchost.com\/wp-content\/uploads\/cropped-alquiler-apartamentos-VLCHOST.png\",\"width\":512,\"height\":512,\"caption\":\"VLC Host - Nomad Life\"},\"image\":{\"@id\":\"https:\/\/vlchost.com\/#\/schema\/logo\/image\/\"},\"sameAs\":[\"https:\/\/www.facebook.com\/VLCHost.HappyToHostYou\",\"https:\/\/www.instagram.com\/vlchost\/\"]},{\"@type\":\"Person\",\"@id\":\"https:\/\/vlchost.com\/#\/schema\/person\/782a12abb83614fa9849b9497b619679\",\"name\":\"VCL\",\"image\":{\"@type\":\"ImageObject\",\"inLanguage\":\"en-US\",\"@id\":\"https:\/\/vlchost.com\/#\/schema\/person\/image\/\",\"url\":\"https:\/\/secure.gravatar.com\/avatar\/e2154249541e31d72b1e613335475cddc540ebd9e29ec5224763cf04738da599?s=96&d=mm&r=g\",\"contentUrl\":\"https:\/\/secure.gravatar.com\/avatar\/e2154249541e31d72b1e613335475cddc540ebd9e29ec5224763cf04738da599?s=96&d=mm&r=g\",\"caption\":\"VCL\"},\"url\":\"https:\/\/vlchost.com\/en\/author\/vlchost-user\/\"}]}<\/script>\n<!-- \/ Yoast SEO plugin. -->","yoast_head_json":{"title":"Y t\u00fa, \u00bfqu\u00e9 opinas de la nueva Plaza de la Reina?","description":"La reforma de la Plaza de la Reina suscita mucho inter\u00e9s, as\u00ed que, VLC Host te adelanta los detalles para que t\u00fa tambi\u00e9n puedas opinar.","robots":{"index":"index","follow":"follow","max-snippet":"max-snippet:-1","max-image-preview":"max-image-preview:large","max-video-preview":"max-video-preview:-1"},"canonical":"https:\/\/vlchost.com\/en\/noticias\/y-tu-que-opinas-de-la-nueva-plaza-de-la-reina\/","og_locale":"en_US","og_type":"article","og_title":"Y t\u00fa, \u00bfqu\u00e9 opinas de la nueva Plaza de la Reina?","og_description":"La reforma de la Plaza de la Reina suscita mucho inter\u00e9s, as\u00ed que, VLC Host te adelanta los detalles para que t\u00fa tambi\u00e9n puedas opinar.","og_url":"https:\/\/vlchost.com\/en\/noticias\/y-tu-que-opinas-de-la-nueva-plaza-de-la-reina\/","og_site_name":"VLC Host","article_publisher":"https:\/\/www.facebook.com\/VLCHost.HappyToHostYou","article_published_time":"2022-08-16T07:11:00+00:00","article_modified_time":"2022-08-05T08:33:48+00:00","og_image":[{"width":1200,"height":800,"url":"https:\/\/vlchost.com\/wp-content\/uploads\/plaza-de-la-reina-vgutierrezVLC.jpg","type":"image\/jpeg"}],"author":"VCL","twitter_card":"summary_large_image","twitter_misc":{"Written by":"VCL","Est. reading time":"4 minutes"},"schema":{"@context":"https:\/\/schema.org","@graph":[{"@type":"Article","@id":"https:\/\/vlchost.com\/noticias\/y-tu-que-opinas-de-la-nueva-plaza-de-la-reina\/#article","isPartOf":{"@id":"https:\/\/vlchost.com\/noticias\/y-tu-que-opinas-de-la-nueva-plaza-de-la-reina\/"},"author":{"name":"VCL","@id":"https:\/\/vlchost.com\/#\/schema\/person\/782a12abb83614fa9849b9497b619679"},"headline":"Y t\u00fa, \u00bfqu\u00e9 opinas de la nueva Plaza de la Reina?","datePublished":"2022-08-16T07:11:00+00:00","dateModified":"2022-08-05T08:33:48+00:00","mainEntityOfPage":{"@id":"https:\/\/vlchost.com\/noticias\/y-tu-que-opinas-de-la-nueva-plaza-de-la-reina\/"},"wordCount":840,"commentCount":0,"publisher":{"@id":"https:\/\/vlchost.com\/#organization"},"articleSection":["Love Valencia","Noticias"],"inLanguage":"en-US"},{"@type":"WebPage","@id":"https:\/\/vlchost.com\/noticias\/y-tu-que-opinas-de-la-nueva-plaza-de-la-reina\/","url":"https:\/\/vlchost.com\/noticias\/y-tu-que-opinas-de-la-nueva-plaza-de-la-reina\/","name":"Y t\u00fa, \u00bfqu\u00e9 opinas de la nueva Plaza de la Reina?","isPartOf":{"@id":"https:\/\/vlchost.com\/#website"},"datePublished":"2022-08-16T07:11:00+00:00","dateModified":"2022-08-05T08:33:48+00:00","description":"La reforma de la Plaza de la Reina suscita mucho inter\u00e9s, as\u00ed que, VLC Host te adelanta los detalles para que t\u00fa tambi\u00e9n puedas opinar.","breadcrumb":{"@id":"https:\/\/vlchost.com\/noticias\/y-tu-que-opinas-de-la-nueva-plaza-de-la-reina\/#breadcrumb"},"inLanguage":"en-US","potentialAction":[{"@type":"ReadAction","target":["https:\/\/vlchost.com\/noticias\/y-tu-que-opinas-de-la-nueva-plaza-de-la-reina\/"]}]},{"@type":"BreadcrumbList","@id":"https:\/\/vlchost.com\/noticias\/y-tu-que-opinas-de-la-nueva-plaza-de-la-reina\/#breadcrumb","itemListElement":[{"@type":"ListItem","position":1,"name":"Portada","item":"https:\/\/vlchost.com\/"},{"@type":"ListItem","position":2,"name":"Y t\u00fa, \u00bfqu\u00e9 opinas de la nueva Plaza de la Reina?"}]},{"@type":"WebSite","@id":"https:\/\/vlchost.com\/#website","url":"https:\/\/vlchost.com\/","name":"VLC Host","description":"Alquiler de alojamientos tur\u00edsticos","publisher":{"@id":"https:\/\/vlchost.com\/#organization"},"potentialAction":[{"@type":"SearchAction","target":{"@type":"EntryPoint","urlTemplate":"https:\/\/vlchost.com\/?s={search_term_string}"},"query-input":"required name=search_term_string"}],"inLanguage":"en-US"},{"@type":"Organization","@id":"https:\/\/vlchost.com\/#organization","name":"VLC Host - Nomad Life","url":"https:\/\/vlchost.com\/","logo":{"@type":"ImageObject","inLanguage":"en-US","@id":"https:\/\/vlchost.com\/#\/schema\/logo\/image\/","url":"https:\/\/vlchost.com\/wp-content\/uploads\/cropped-alquiler-apartamentos-VLCHOST.png","contentUrl":"https:\/\/vlchost.com\/wp-content\/uploads\/cropped-alquiler-apartamentos-VLCHOST.png","width":512,"height":512,"caption":"VLC Host - Nomad Life"},"image":{"@id":"https:\/\/vlchost.com\/#\/schema\/logo\/image\/"},"sameAs":["https:\/\/www.facebook.com\/VLCHost.HappyToHostYou","https:\/\/www.instagram.com\/vlchost\/"]},{"@type":"Person","@id":"https:\/\/vlchost.com\/#\/schema\/person\/782a12abb83614fa9849b9497b619679","name":"VCL","image":{"@type":"ImageObject","inLanguage":"en-US","@id":"https:\/\/vlchost.com\/#\/schema\/person\/image\/","url":"https:\/\/secure.gravatar.com\/avatar\/e2154249541e31d72b1e613335475cddc540ebd9e29ec5224763cf04738da599?s=96&d=mm&r=g","contentUrl":"https:\/\/secure.gravatar.com\/avatar\/e2154249541e31d72b1e613335475cddc540ebd9e29ec5224763cf04738da599?s=96&d=mm&r=g","caption":"VCL"},"url":"https:\/\/vlchost.com\/en\/author\/vlchost-user\/"}]}},"_links":{"self":[{"href":"https:\/\/vlchost.com\/en\/wp-json\/wp\/v2\/posts\/2727","targetHints":{"allow":["GET"]}}],"collection":[{"href":"https:\/\/vlchost.com\/en\/wp-json\/wp\/v2\/posts"}],"about":[{"href":"https:\/\/vlchost.com\/en\/wp-json\/wp\/v2\/types\/post"}],"author":[{"embeddable":true,"href":"https:\/\/vlchost.com\/en\/wp-json\/wp\/v2\/users\/4"}],"replies":[{"embeddable":true,"href":"https:\/\/vlchost.com\/en\/wp-json\/wp\/v2\/comments?post=2727"}],"version-history":[{"count":26,"href":"https:\/\/vlchost.com\/en\/wp-json\/wp\/v2\/posts\/2727\/revisions"}],"predecessor-version":[{"id":2760,"href":"https:\/\/vlchost.com\/en\/wp-json\/wp\/v2\/posts\/2727\/revisions\/2760"}],"wp:featuredmedia":[{"embeddable":true,"href":"https:\/\/vlchost.com\/en\/wp-json\/wp\/v2\/media\/2751"}],"wp:attachment":[{"href":"https:\/\/vlchost.com\/en\/wp-json\/wp\/v2\/media?parent=2727"}],"wp:term":[{"taxonomy":"category","embeddable":true,"href":"https:\/\/vlchost.com\/en\/wp-json\/wp\/v2\/categories?post=2727"},{"taxonomy":"post_tag","embeddable":true,"href":"https:\/\/vlchost.com\/en\/wp-json\/wp\/v2\/tags?post=2727"}],"curies":[{"name":"wp","href":"https:\/\/api.w.org\/{rel}","templated":true}]}}