{"id":2775,"date":"2022-08-30T10:28:00","date_gmt":"2022-08-30T08:28:00","guid":{"rendered":"http:\/\/vlchost.com\/?p=2775"},"modified":"2022-09-13T11:29:08","modified_gmt":"2022-09-13T09:29:08","slug":"caixaforum-valencia-el-nuevisimo-centro-cultural","status":"publish","type":"post","link":"https:\/\/vlchost.com\/en\/noticias\/caixaforum-valencia-el-nuevisimo-centro-cultural\/","title":{"rendered":"CaixaForum Val\u00e8ncia: descubre el nuev\u00edsimo centro cultural del \u00c0gora"},"content":{"rendered":"<div data-elementor-type=\"wp-post\" data-elementor-id=\"2775\" class=\"elementor elementor-2775\" data-elementor-post-type=\"post\">\n\t\t\t\t\t\t<section class=\"elementor-section elementor-top-section elementor-element elementor-element-5b5bc10 elementor-section-boxed elementor-section-height-default elementor-section-height-default\" data-id=\"5b5bc10\" data-element_type=\"section\">\n\t\t\t\t\t\t<div class=\"elementor-container elementor-column-gap-default\">\n\t\t\t\t\t<div class=\"elementor-column elementor-col-100 elementor-top-column elementor-element elementor-element-48be2be\" data-id=\"48be2be\" data-element_type=\"column\">\n\t\t\t<div class=\"elementor-widget-wrap elementor-element-populated\">\n\t\t\t\t\t\t<div class=\"elementor-element elementor-element-32168fd elementor-widget elementor-widget-text-editor\" data-id=\"32168fd\" data-element_type=\"widget\" data-widget_type=\"text-editor.default\">\n\t\t\t\t<div class=\"elementor-widget-container\">\n\t\t\t<style>\/*! elementor - v3.19.0 - 28-02-2024 *\/\n.elementor-widget-text-editor.elementor-drop-cap-view-stacked .elementor-drop-cap{background-color:#69727d;color:#fff}.elementor-widget-text-editor.elementor-drop-cap-view-framed .elementor-drop-cap{color:#69727d;border:3px solid;background-color:transparent}.elementor-widget-text-editor:not(.elementor-drop-cap-view-default) .elementor-drop-cap{margin-top:8px}.elementor-widget-text-editor:not(.elementor-drop-cap-view-default) .elementor-drop-cap-letter{width:1em;height:1em}.elementor-widget-text-editor .elementor-drop-cap{float:left;text-align:center;line-height:1;font-size:50px}.elementor-widget-text-editor .elementor-drop-cap-letter{display:inline-block}<\/style>\t\t\t\t<p>En plena Ciutat de les Arts i les Ci\u00e8ncies, se enmarca CaixaForum Val\u00e8ncia, el nuevo espacio impulsor de la ciencia y la cultura de la ciudad. Reconocido como uno de los \u201cWorld\u2019s Greatest Places 2022\u201d por la revista TIME, es sin duda, una parada imprescindible que compartimos desde <a href=\"http:\/\/vlchost.com\/en\/\">VLC Host<\/a>, para n\u00f3madas como t\u00fa.<\/p><h2><strong>La PoliVALENCIA de CaixaForum Val\u00e8ncia<\/strong><\/h2><p>Exactamente entre el puente de l&#8217;Assut de l\u2019Or y el Oceanogr\u00e0fic, en este entorno especial de Valencia, CaixaForum ofrece un abanico cultural muy diverso y vers\u00e1til.<\/p><p>Dentro de los <strong>8.200 metros cuadrados<\/strong> del \u00c0gora, cabe de todo: aulas polivalentes, un auditorio, una librer\u00eda, un restaurante, exposiciones de arte, ciclos de conferencias, conciertos y espect\u00e1culos; hasta jornadas sociales y talleres educativos y familiares. Actividades dirigidas a todas las edades y para los amantes de la tecnolog\u00eda y la ciencia.<\/p><p>Adem\u00e1s, no te pierdas el calendario de <strong>exposiciones<\/strong>. Son temporales, por lo que te recomendamos que chequees su <a href=\"https:\/\/caixaforum.org\/es\/valencia\/exposiciones?t=present\">p\u00e1gina oficial actualizada<\/a>. Con toda seguridad encontrar\u00e1s interesante alguna de sus propuestas.<\/p><h2><strong>La escultura tiene nombre de mujeres valencianas<\/strong><\/h2><p>El \u00c0gora, edificio construido por Santiago Calatrava en 2009, ha renacido con este nuevo concepto cultural propuesto por la fundaci\u00f3n La Caixa. El objetivo es que sea <strong>\u201cuna superficie abierta al di\u00e1logo y a la actividad cultural, as\u00ed como la sostenibilidad medioambiental\u201d<\/strong>. As\u00ed lo definen desde la organizaci\u00f3n.<\/p><p>Y, precisamente, atendiendo a la sostenibilidad, se alzan dos esculturas de la mano de las artistas valencianas Inma Femen\u00eda y Anna Talens. Un ecosistema de esculturas permanentes, que te reciben a la entrada del edificio con un dise\u00f1o y concepto alucinante. No es de extra\u00f1ar que, con esta calidad de artistas, Valencia sea la <a href=\"https:\/\/www.wdcvalencia2022.com\/es\/\">capital mundial del World Design 2022<\/a>.<\/p>\t\t\t\t\t\t<\/div>\n\t\t\t\t<\/div>\n\t\t\t\t\t<\/div>\n\t\t<\/div>\n\t\t\t\t\t<\/div>\n\t\t<\/section>\n\t\t\t\t<section class=\"elementor-section elementor-top-section elementor-element elementor-element-3423c2d elementor-section-boxed elementor-section-height-default elementor-section-height-default\" data-id=\"3423c2d\" data-element_type=\"section\">\n\t\t\t\t\t\t<div class=\"elementor-container elementor-column-gap-default\">\n\t\t\t\t\t<div class=\"elementor-column elementor-col-100 elementor-top-column elementor-element elementor-element-86a5295\" data-id=\"86a5295\" data-element_type=\"column\">\n\t\t\t<div class=\"elementor-widget-wrap elementor-element-populated\">\n\t\t\t\t\t\t<div class=\"elementor-element elementor-element-a3427bd elementor-widget elementor-widget-image\" data-id=\"a3427bd\" data-element_type=\"widget\" data-widget_type=\"image.default\">\n\t\t\t\t<div class=\"elementor-widget-container\">\n\t\t\t<style>\/*! elementor - v3.19.0 - 28-02-2024 *\/\n.elementor-widget-image{text-align:center}.elementor-widget-image a{display:inline-block}.elementor-widget-image a img[src$=\".svg\"]{width:48px}.elementor-widget-image img{vertical-align:middle;display:inline-block}<\/style>\t\t\t\t\t\t\t\t\t\t<img fetchpriority=\"high\" decoding=\"async\" width=\"1200\" height=\"500\" src=\"https:\/\/vlchost.com\/wp-content\/uploads\/caixaforum-valencia-vlchost-arc-al-cel.jpg\" class=\"attachment-large size-large wp-image-2778\" alt=\"caixaforum-valencia-vlchost-arc-al-cel\" srcset=\"https:\/\/vlchost.com\/wp-content\/uploads\/caixaforum-valencia-vlchost-arc-al-cel.jpg 1200w, https:\/\/vlchost.com\/wp-content\/uploads\/caixaforum-valencia-vlchost-arc-al-cel-768x320.jpg 768w\" sizes=\"(max-width: 1200px) 100vw, 1200px\" \/>\t\t\t\t\t\t\t\t\t\t\t\t\t<\/div>\n\t\t\t\t<\/div>\n\t\t\t\t\t<\/div>\n\t\t<\/div>\n\t\t\t\t\t<\/div>\n\t\t<\/section>\n\t\t\t\t<section class=\"elementor-section elementor-top-section elementor-element elementor-element-dea09f2 elementor-section-boxed elementor-section-height-default elementor-section-height-default\" data-id=\"dea09f2\" data-element_type=\"section\">\n\t\t\t\t\t\t<div class=\"elementor-container elementor-column-gap-default\">\n\t\t\t\t\t<div class=\"elementor-column elementor-col-100 elementor-top-column elementor-element elementor-element-58fa0a7\" data-id=\"58fa0a7\" data-element_type=\"column\">\n\t\t\t<div class=\"elementor-widget-wrap elementor-element-populated\">\n\t\t\t\t\t\t<div class=\"elementor-element elementor-element-b829491 elementor-widget elementor-widget-image\" data-id=\"b829491\" data-element_type=\"widget\" data-widget_type=\"image.default\">\n\t\t\t\t<div class=\"elementor-widget-container\">\n\t\t\t\t\t\t\t\t\t\t\t\t\t<img decoding=\"async\" width=\"1200\" height=\"500\" src=\"https:\/\/vlchost.com\/wp-content\/uploads\/caixaforum-valencia-vlchost-palafait.jpg\" class=\"attachment-large size-large wp-image-2779\" alt=\"\" srcset=\"https:\/\/vlchost.com\/wp-content\/uploads\/caixaforum-valencia-vlchost-palafait.jpg 1200w, https:\/\/vlchost.com\/wp-content\/uploads\/caixaforum-valencia-vlchost-palafait-768x320.jpg 768w\" sizes=\"(max-width: 1200px) 100vw, 1200px\" \/>\t\t\t\t\t\t\t\t\t\t\t\t\t<\/div>\n\t\t\t\t<\/div>\n\t\t\t\t\t<\/div>\n\t\t<\/div>\n\t\t\t\t\t<\/div>\n\t\t<\/section>\n\t\t\t\t<section class=\"elementor-section elementor-top-section elementor-element elementor-element-b81104e elementor-section-boxed elementor-section-height-default elementor-section-height-default\" data-id=\"b81104e\" data-element_type=\"section\">\n\t\t\t\t\t\t<div class=\"elementor-container elementor-column-gap-default\">\n\t\t\t\t\t<div class=\"elementor-column elementor-col-100 elementor-top-column elementor-element elementor-element-143b4a9\" data-id=\"143b4a9\" data-element_type=\"column\">\n\t\t\t<div class=\"elementor-widget-wrap elementor-element-populated\">\n\t\t\t\t\t\t<div class=\"elementor-element elementor-element-fdf935a elementor-widget elementor-widget-text-editor\" data-id=\"fdf935a\" data-element_type=\"widget\" data-widget_type=\"text-editor.default\">\n\t\t\t\t<div class=\"elementor-widget-container\">\n\t\t\t\t\t\t\t<p>\u201c<strong>Arc al cel\u201d, de <a href=\"https:\/\/www.instagram.com\/inmafemenia\/?hl=es\">Inma Femen\u00eda<\/a> interpreta la esencia <\/strong>de CaixaForum Val\u00e8ncia a la perfecci\u00f3n: arte, naturaleza, ciencia y arquitectura. La instalaci\u00f3n a 30 metros de altura, reproduce el fen\u00f3meno \u00f3ptico del arco\u00edris aprovechando la luz solar entrante del edificio. <strong>Y \u201cPalafait\u201d, de <a href=\"https:\/\/www.annatalens.com\/\">Anna Talens<\/a> es el tempo agr\u00edcola<\/strong> instalado en los exteriores del \u00c0gora. La artista cuenta que los estanques de la Ciutat de les Arts i les Ci\u00e8ncies le atraen recuerdos hist\u00f3ricos. El palafito triangular y dorado, es el testimonio art\u00edstico en memoria de los agricultores de la Albufera y de las zonas acu\u00e1ticas de Levante.<\/p><h3>Como conclusi\u00f3n, <strong>CaixaForum Val\u00e8ncia ha aportado un alma y personalidad \u00fanicas a Valencia<\/strong>.<\/h3><p>Haciendo la ciudad todav\u00eda m\u00e1s rica en cultura y tecnol\u00f3gica. As\u00ed que te animamos a que hagas tu visita a este centro cultural y a la capital del Turia.<\/p><p>Esc\u00e1pate un finde estas vacaciones y al\u00f3jate con nosotros. VLC Host gestionamos <a href=\"http:\/\/vlchost.com\/en\/alojamientos-valencia-reserva\/\">apartamento<\/a>s tur\u00edsticos, descubre en nuestra web el que m\u00e1s te gusta. Te sentir\u00e1s como en casa, fuera de ella. Escr\u00edbenos a reservas@vlcinvest.com o ll\u00e1manos si te resulta m\u00e1s f\u00e1cil +34 692 439 347 .<\/p><p>En nuestro <a href=\"https:\/\/www.instagram.com\/vlchost\/\">Instagram<\/a> subimos los planes m\u00e1s apetecibles de Valencia. \u00a1S\u00edguenos para estar a la \u00faltima!<\/p><p>Cr\u00e9ditos fotogr\u00e1ficos: Miguel Lorenzo y M\u00e1ximo Garc\u00eda.<\/p>\t\t\t\t\t\t<\/div>\n\t\t\t\t<\/div>\n\t\t\t\t\t<\/div>\n\t\t<\/div>\n\t\t\t\t\t<\/div>\n\t\t<\/section>\n\t\t\t\t<\/div>","protected":false},"excerpt":{"rendered":"<p>CaixaForum Val\u00e8ncia es el nuevo espacio cultural de la Ciutat de les Arts i les Ci\u00e8ncies. Una visita imprescindible que compartimos para n\u00f3madas como t\u00fa.<\/p>","protected":false},"author":4,"featured_media":2780,"comment_status":"open","ping_status":"open","sticky":false,"template":"","format":"standard","meta":{"footnotes":""},"categories":[16,11],"tags":[],"class_list":["post-2775","post","type-post","status-publish","format-standard","has-post-thumbnail","hentry","category-cultura","category-noticias"],"yoast_head":"<!-- This site is optimized with the Yoast SEO plugin v21.5 - https:\/\/yoast.com\/wordpress\/plugins\/seo\/ -->\n<title>CaixaForum Val\u00e8ncia: nuev\u00edsimo centro cultura<\/title>\n<meta name=\"description\" content=\"CaixaForum Val\u00e8ncia, el nuevo espacio cultural y tecnol\u00f3gico en el \u00c0gora recomendado por VLC Host y TIME\" \/>\n<meta name=\"robots\" content=\"index, follow, max-snippet:-1, max-image-preview:large, max-video-preview:-1\" \/>\n<link rel=\"canonical\" href=\"https:\/\/vlchost.com\/en\/noticias\/caixaforum-valencia-el-nuevisimo-centro-cultural\/\" \/>\n<meta property=\"og:locale\" content=\"en_US\" \/>\n<meta property=\"og:type\" content=\"article\" \/>\n<meta property=\"og:title\" content=\"CaixaForum Val\u00e8ncia: nuev\u00edsimo centro cultura\" \/>\n<meta property=\"og:description\" content=\"CaixaForum Val\u00e8ncia, el nuevo espacio cultural y tecnol\u00f3gico en el \u00c0gora recomendado por VLC Host y TIME\" \/>\n<meta property=\"og:url\" content=\"https:\/\/vlchost.com\/en\/noticias\/caixaforum-valencia-el-nuevisimo-centro-cultural\/\" \/>\n<meta property=\"og:site_name\" content=\"VLC Host\" \/>\n<meta property=\"article:publisher\" content=\"https:\/\/www.facebook.com\/VLCHost.HappyToHostYou\" \/>\n<meta property=\"article:published_time\" content=\"2022-08-30T08:28:00+00:00\" \/>\n<meta property=\"article:modified_time\" content=\"2022-09-13T09:29:08+00:00\" \/>\n<meta property=\"og:image\" content=\"https:\/\/vlchost.com\/wp-content\/uploads\/caixaforum-valencia-vlchost.jpg\" \/>\n\t<meta property=\"og:image:width\" content=\"1200\" \/>\n\t<meta property=\"og:image:height\" content=\"800\" \/>\n\t<meta property=\"og:image:type\" content=\"image\/jpeg\" \/>\n<meta name=\"author\" content=\"VCL\" \/>\n<meta name=\"twitter:card\" content=\"summary_large_image\" \/>\n<meta name=\"twitter:label1\" content=\"Written by\" \/>\n\t<meta name=\"twitter:data1\" content=\"VCL\" \/>\n\t<meta name=\"twitter:label2\" content=\"Est. reading time\" \/>\n\t<meta name=\"twitter:data2\" content=\"3 minutes\" \/>\n<script type=\"application\/ld+json\" class=\"yoast-schema-graph\">{\"@context\":\"https:\/\/schema.org\",\"@graph\":[{\"@type\":\"Article\",\"@id\":\"https:\/\/vlchost.com\/noticias\/caixaforum-valencia-el-nuevisimo-centro-cultural\/#article\",\"isPartOf\":{\"@id\":\"https:\/\/vlchost.com\/noticias\/caixaforum-valencia-el-nuevisimo-centro-cultural\/\"},\"author\":{\"name\":\"VCL\",\"@id\":\"https:\/\/vlchost.com\/#\/schema\/person\/782a12abb83614fa9849b9497b619679\"},\"headline\":\"CaixaForum Val\u00e8ncia: descubre el nuev\u00edsimo centro cultural del \u00c0gora\",\"datePublished\":\"2022-08-30T08:28:00+00:00\",\"dateModified\":\"2022-09-13T09:29:08+00:00\",\"mainEntityOfPage\":{\"@id\":\"https:\/\/vlchost.com\/noticias\/caixaforum-valencia-el-nuevisimo-centro-cultural\/\"},\"wordCount\":546,\"commentCount\":0,\"publisher\":{\"@id\":\"https:\/\/vlchost.com\/#organization\"},\"articleSection\":[\"Cultura\",\"Noticias\"],\"inLanguage\":\"en-US\"},{\"@type\":\"WebPage\",\"@id\":\"https:\/\/vlchost.com\/noticias\/caixaforum-valencia-el-nuevisimo-centro-cultural\/\",\"url\":\"https:\/\/vlchost.com\/noticias\/caixaforum-valencia-el-nuevisimo-centro-cultural\/\",\"name\":\"CaixaForum Val\u00e8ncia: nuev\u00edsimo centro cultura\",\"isPartOf\":{\"@id\":\"https:\/\/vlchost.com\/#website\"},\"datePublished\":\"2022-08-30T08:28:00+00:00\",\"dateModified\":\"2022-09-13T09:29:08+00:00\",\"description\":\"CaixaForum Val\u00e8ncia, el nuevo espacio cultural y tecnol\u00f3gico en el \u00c0gora recomendado por VLC Host y TIME\",\"breadcrumb\":{\"@id\":\"https:\/\/vlchost.com\/noticias\/caixaforum-valencia-el-nuevisimo-centro-cultural\/#breadcrumb\"},\"inLanguage\":\"en-US\",\"potentialAction\":[{\"@type\":\"ReadAction\",\"target\":[\"https:\/\/vlchost.com\/noticias\/caixaforum-valencia-el-nuevisimo-centro-cultural\/\"]}]},{\"@type\":\"BreadcrumbList\",\"@id\":\"https:\/\/vlchost.com\/noticias\/caixaforum-valencia-el-nuevisimo-centro-cultural\/#breadcrumb\",\"itemListElement\":[{\"@type\":\"ListItem\",\"position\":1,\"name\":\"Portada\",\"item\":\"https:\/\/vlchost.com\/\"},{\"@type\":\"ListItem\",\"position\":2,\"name\":\"CaixaForum Val\u00e8ncia: descubre el nuev\u00edsimo centro cultural del \u00c0gora\"}]},{\"@type\":\"WebSite\",\"@id\":\"https:\/\/vlchost.com\/#website\",\"url\":\"https:\/\/vlchost.com\/\",\"name\":\"VLC Host\",\"description\":\"Alquiler de alojamientos tur\u00edsticos\",\"publisher\":{\"@id\":\"https:\/\/vlchost.com\/#organization\"},\"potentialAction\":[{\"@type\":\"SearchAction\",\"target\":{\"@type\":\"EntryPoint\",\"urlTemplate\":\"https:\/\/vlchost.com\/?s={search_term_string}\"},\"query-input\":\"required name=search_term_string\"}],\"inLanguage\":\"en-US\"},{\"@type\":\"Organization\",\"@id\":\"https:\/\/vlchost.com\/#organization\",\"name\":\"VLC Host - Nomad Life\",\"url\":\"https:\/\/vlchost.com\/\",\"logo\":{\"@type\":\"ImageObject\",\"inLanguage\":\"en-US\",\"@id\":\"https:\/\/vlchost.com\/#\/schema\/logo\/image\/\",\"url\":\"https:\/\/vlchost.com\/wp-content\/uploads\/cropped-alquiler-apartamentos-VLCHOST.png\",\"contentUrl\":\"https:\/\/vlchost.com\/wp-content\/uploads\/cropped-alquiler-apartamentos-VLCHOST.png\",\"width\":512,\"height\":512,\"caption\":\"VLC Host - Nomad Life\"},\"image\":{\"@id\":\"https:\/\/vlchost.com\/#\/schema\/logo\/image\/\"},\"sameAs\":[\"https:\/\/www.facebook.com\/VLCHost.HappyToHostYou\",\"https:\/\/www.instagram.com\/vlchost\/\"]},{\"@type\":\"Person\",\"@id\":\"https:\/\/vlchost.com\/#\/schema\/person\/782a12abb83614fa9849b9497b619679\",\"name\":\"VCL\",\"image\":{\"@type\":\"ImageObject\",\"inLanguage\":\"en-US\",\"@id\":\"https:\/\/vlchost.com\/#\/schema\/person\/image\/\",\"url\":\"https:\/\/secure.gravatar.com\/avatar\/e2154249541e31d72b1e613335475cddc540ebd9e29ec5224763cf04738da599?s=96&d=mm&r=g\",\"contentUrl\":\"https:\/\/secure.gravatar.com\/avatar\/e2154249541e31d72b1e613335475cddc540ebd9e29ec5224763cf04738da599?s=96&d=mm&r=g\",\"caption\":\"VCL\"},\"url\":\"https:\/\/vlchost.com\/en\/author\/vlchost-user\/\"}]}<\/script>\n<!-- \/ Yoast SEO plugin. -->","yoast_head_json":{"title":"CaixaForum Val\u00e8ncia: nuev\u00edsimo centro cultura","description":"CaixaForum Val\u00e8ncia, el nuevo espacio cultural y tecnol\u00f3gico en el \u00c0gora recomendado por VLC Host y TIME","robots":{"index":"index","follow":"follow","max-snippet":"max-snippet:-1","max-image-preview":"max-image-preview:large","max-video-preview":"max-video-preview:-1"},"canonical":"https:\/\/vlchost.com\/en\/noticias\/caixaforum-valencia-el-nuevisimo-centro-cultural\/","og_locale":"en_US","og_type":"article","og_title":"CaixaForum Val\u00e8ncia: nuev\u00edsimo centro cultura","og_description":"CaixaForum Val\u00e8ncia, el nuevo espacio cultural y tecnol\u00f3gico en el \u00c0gora recomendado por VLC Host y TIME","og_url":"https:\/\/vlchost.com\/en\/noticias\/caixaforum-valencia-el-nuevisimo-centro-cultural\/","og_site_name":"VLC Host","article_publisher":"https:\/\/www.facebook.com\/VLCHost.HappyToHostYou","article_published_time":"2022-08-30T08:28:00+00:00","article_modified_time":"2022-09-13T09:29:08+00:00","og_image":[{"width":1200,"height":800,"url":"https:\/\/vlchost.com\/wp-content\/uploads\/caixaforum-valencia-vlchost.jpg","type":"image\/jpeg"}],"author":"VCL","twitter_card":"summary_large_image","twitter_misc":{"Written by":"VCL","Est. reading time":"3 minutes"},"schema":{"@context":"https:\/\/schema.org","@graph":[{"@type":"Article","@id":"https:\/\/vlchost.com\/noticias\/caixaforum-valencia-el-nuevisimo-centro-cultural\/#article","isPartOf":{"@id":"https:\/\/vlchost.com\/noticias\/caixaforum-valencia-el-nuevisimo-centro-cultural\/"},"author":{"name":"VCL","@id":"https:\/\/vlchost.com\/#\/schema\/person\/782a12abb83614fa9849b9497b619679"},"headline":"CaixaForum Val\u00e8ncia: descubre el nuev\u00edsimo centro cultural del \u00c0gora","datePublished":"2022-08-30T08:28:00+00:00","dateModified":"2022-09-13T09:29:08+00:00","mainEntityOfPage":{"@id":"https:\/\/vlchost.com\/noticias\/caixaforum-valencia-el-nuevisimo-centro-cultural\/"},"wordCount":546,"commentCount":0,"publisher":{"@id":"https:\/\/vlchost.com\/#organization"},"articleSection":["Cultura","Noticias"],"inLanguage":"en-US"},{"@type":"WebPage","@id":"https:\/\/vlchost.com\/noticias\/caixaforum-valencia-el-nuevisimo-centro-cultural\/","url":"https:\/\/vlchost.com\/noticias\/caixaforum-valencia-el-nuevisimo-centro-cultural\/","name":"CaixaForum Val\u00e8ncia: nuev\u00edsimo centro cultura","isPartOf":{"@id":"https:\/\/vlchost.com\/#website"},"datePublished":"2022-08-30T08:28:00+00:00","dateModified":"2022-09-13T09:29:08+00:00","description":"CaixaForum Val\u00e8ncia, el nuevo espacio cultural y tecnol\u00f3gico en el \u00c0gora recomendado por VLC Host y TIME","breadcrumb":{"@id":"https:\/\/vlchost.com\/noticias\/caixaforum-valencia-el-nuevisimo-centro-cultural\/#breadcrumb"},"inLanguage":"en-US","potentialAction":[{"@type":"ReadAction","target":["https:\/\/vlchost.com\/noticias\/caixaforum-valencia-el-nuevisimo-centro-cultural\/"]}]},{"@type":"BreadcrumbList","@id":"https:\/\/vlchost.com\/noticias\/caixaforum-valencia-el-nuevisimo-centro-cultural\/#breadcrumb","itemListElement":[{"@type":"ListItem","position":1,"name":"Portada","item":"https:\/\/vlchost.com\/"},{"@type":"ListItem","position":2,"name":"CaixaForum Val\u00e8ncia: descubre el nuev\u00edsimo centro cultural del \u00c0gora"}]},{"@type":"WebSite","@id":"https:\/\/vlchost.com\/#website","url":"https:\/\/vlchost.com\/","name":"VLC Host","description":"Alquiler de alojamientos tur\u00edsticos","publisher":{"@id":"https:\/\/vlchost.com\/#organization"},"potentialAction":[{"@type":"SearchAction","target":{"@type":"EntryPoint","urlTemplate":"https:\/\/vlchost.com\/?s={search_term_string}"},"query-input":"required name=search_term_string"}],"inLanguage":"en-US"},{"@type":"Organization","@id":"https:\/\/vlchost.com\/#organization","name":"VLC Host - Nomad Life","url":"https:\/\/vlchost.com\/","logo":{"@type":"ImageObject","inLanguage":"en-US","@id":"https:\/\/vlchost.com\/#\/schema\/logo\/image\/","url":"https:\/\/vlchost.com\/wp-content\/uploads\/cropped-alquiler-apartamentos-VLCHOST.png","contentUrl":"https:\/\/vlchost.com\/wp-content\/uploads\/cropped-alquiler-apartamentos-VLCHOST.png","width":512,"height":512,"caption":"VLC Host - Nomad Life"},"image":{"@id":"https:\/\/vlchost.com\/#\/schema\/logo\/image\/"},"sameAs":["https:\/\/www.facebook.com\/VLCHost.HappyToHostYou","https:\/\/www.instagram.com\/vlchost\/"]},{"@type":"Person","@id":"https:\/\/vlchost.com\/#\/schema\/person\/782a12abb83614fa9849b9497b619679","name":"VCL","image":{"@type":"ImageObject","inLanguage":"en-US","@id":"https:\/\/vlchost.com\/#\/schema\/person\/image\/","url":"https:\/\/secure.gravatar.com\/avatar\/e2154249541e31d72b1e613335475cddc540ebd9e29ec5224763cf04738da599?s=96&d=mm&r=g","contentUrl":"https:\/\/secure.gravatar.com\/avatar\/e2154249541e31d72b1e613335475cddc540ebd9e29ec5224763cf04738da599?s=96&d=mm&r=g","caption":"VCL"},"url":"https:\/\/vlchost.com\/en\/author\/vlchost-user\/"}]}},"_links":{"self":[{"href":"https:\/\/vlchost.com\/en\/wp-json\/wp\/v2\/posts\/2775","targetHints":{"allow":["GET"]}}],"collection":[{"href":"https:\/\/vlchost.com\/en\/wp-json\/wp\/v2\/posts"}],"about":[{"href":"https:\/\/vlchost.com\/en\/wp-json\/wp\/v2\/types\/post"}],"author":[{"embeddable":true,"href":"https:\/\/vlchost.com\/en\/wp-json\/wp\/v2\/users\/4"}],"replies":[{"embeddable":true,"href":"https:\/\/vlchost.com\/en\/wp-json\/wp\/v2\/comments?post=2775"}],"version-history":[{"count":17,"href":"https:\/\/vlchost.com\/en\/wp-json\/wp\/v2\/posts\/2775\/revisions"}],"predecessor-version":[{"id":2870,"href":"https:\/\/vlchost.com\/en\/wp-json\/wp\/v2\/posts\/2775\/revisions\/2870"}],"wp:featuredmedia":[{"embeddable":true,"href":"https:\/\/vlchost.com\/en\/wp-json\/wp\/v2\/media\/2780"}],"wp:attachment":[{"href":"https:\/\/vlchost.com\/en\/wp-json\/wp\/v2\/media?parent=2775"}],"wp:term":[{"taxonomy":"category","embeddable":true,"href":"https:\/\/vlchost.com\/en\/wp-json\/wp\/v2\/categories?post=2775"},{"taxonomy":"post_tag","embeddable":true,"href":"https:\/\/vlchost.com\/en\/wp-json\/wp\/v2\/tags?post=2775"}],"curies":[{"name":"wp","href":"https:\/\/api.w.org\/{rel}","templated":true}]}}