{"id":3006,"date":"2022-10-11T14:20:00","date_gmt":"2022-10-11T12:20:00","guid":{"rendered":"http:\/\/vlchost.com\/?p=3006"},"modified":"2022-10-11T16:37:44","modified_gmt":"2022-10-11T14:37:44","slug":"la-fabrica-de-hielo-y-la-casa-de-la-mar-dos-centros-culturales-en-valencia","status":"publish","type":"post","link":"https:\/\/vlchost.com\/en\/noticias\/la-fabrica-de-hielo-y-la-casa-de-la-mar-dos-centros-culturales-en-valencia\/","title":{"rendered":"La F\u00e1brica de Hielo y la Casa de la Mar, dos centros culturales en Valencia"},"content":{"rendered":"<div data-elementor-type=\"wp-post\" data-elementor-id=\"3006\" class=\"elementor elementor-3006\" data-elementor-post-type=\"post\">\n\t\t\t\t\t\t<section class=\"elementor-section elementor-top-section elementor-element elementor-element-5b5bc10 elementor-section-boxed elementor-section-height-default elementor-section-height-default\" data-id=\"5b5bc10\" data-element_type=\"section\">\n\t\t\t\t\t\t<div class=\"elementor-container elementor-column-gap-default\">\n\t\t\t\t\t<div class=\"elementor-column elementor-col-100 elementor-top-column elementor-element elementor-element-48be2be\" data-id=\"48be2be\" data-element_type=\"column\">\n\t\t\t<div class=\"elementor-widget-wrap elementor-element-populated\">\n\t\t\t\t\t\t<div class=\"elementor-element elementor-element-32168fd elementor-widget elementor-widget-text-editor\" data-id=\"32168fd\" data-element_type=\"widget\" data-widget_type=\"text-editor.default\">\n\t\t\t\t<div class=\"elementor-widget-container\">\n\t\t\t<style>\/*! elementor - v3.19.0 - 28-02-2024 *\/\n.elementor-widget-text-editor.elementor-drop-cap-view-stacked .elementor-drop-cap{background-color:#69727d;color:#fff}.elementor-widget-text-editor.elementor-drop-cap-view-framed .elementor-drop-cap{color:#69727d;border:3px solid;background-color:transparent}.elementor-widget-text-editor:not(.elementor-drop-cap-view-default) .elementor-drop-cap{margin-top:8px}.elementor-widget-text-editor:not(.elementor-drop-cap-view-default) .elementor-drop-cap-letter{width:1em;height:1em}.elementor-widget-text-editor .elementor-drop-cap{float:left;text-align:center;line-height:1;font-size:50px}.elementor-widget-text-editor .elementor-drop-cap-letter{display:inline-block}<\/style>\t\t\t\t<p>\u00bfHay algo mejor que la m\u00fasica en directo? Pues s\u00ed, la m\u00fasica acompa\u00f1ada de la buena cerveza y gastronom\u00eda <strong>en La F\u00e1brica de Hielo<\/strong> o <strong>La Casa de la Mar<\/strong>.<\/p><p>Como buenos n\u00f3madas, conocemos cada rinc\u00f3n de Valencia y desde VLC Host te recomendamos estos dos centros culturales. Sin duda, una visita obligatoria si est\u00e1s en la ciudad y quieres escuchar a artistas independientes y tomar algo en un espacio creativo emergente.<\/p><p><img fetchpriority=\"high\" decoding=\"async\" src=\"http:\/\/vlchost.com\/wp-content\/uploads\/fabrica-de-hielo-casa-de-la-mar-valencia-09-scaled.jpg\" alt=\"casa de la mar local de ocio en valencia\" width=\"2560\" height=\"1068\" \/><\/p><h2><strong>Dos modernos centros culturales en Valencia: La F\u00e1brica de Hielo y la Casa de la Mar<\/strong><\/h2><p>Si a\u00fan no has escuchado de ellos, en este art\u00edculo de VLC Host te vamos a hablar de estos dos locales de moda en Valencia, nuestros nuevos favoritos.<\/p><p>Tanto para disfrutar de temas de artistas independientes, como para picar o tomar un buen vinito en buena compa\u00f1\u00eda, Valencia nos ofrece rincones tan especiales y chics como estos dos modernos centros culturales de estilo industrial: La F\u00e1brica de Hielo y la Casa de la Mar.<\/p><h2><strong>La F\u00e1brica de Hielo en Valencia: una f\u00e1brica con mucha historia<\/strong><\/h2><p>La F\u00e1brica es un lugar con mucha historia. La gente del Caba\u00f1al, el barrio en el que se encuentra, la conoce.<\/p><p><img decoding=\"async\" class=\"alignnone size-full wp-image-3018\" src=\"http:\/\/vlchost.com\/wp-content\/uploads\/fabrica-de-hielo-casa-de-la-mar-valencia-11-scaled.jpg\" alt=\"fabrica de hielo espacio de ocio en valencia\" width=\"2560\" height=\"1068\" srcset=\"https:\/\/vlchost.com\/wp-content\/uploads\/fabrica-de-hielo-casa-de-la-mar-valencia-11-scaled.jpg 2560w, https:\/\/vlchost.com\/wp-content\/uploads\/fabrica-de-hielo-casa-de-la-mar-valencia-11-768x320.jpg 768w, https:\/\/vlchost.com\/wp-content\/uploads\/fabrica-de-hielo-casa-de-la-mar-valencia-11-1536x641.jpg 1536w, https:\/\/vlchost.com\/wp-content\/uploads\/fabrica-de-hielo-casa-de-la-mar-valencia-11-2048x854.jpg 2048w\" sizes=\"(max-width: 2560px) 100vw, 2560px\" \/><\/p><p>Pero igual t\u00fa no tienes ni idea de lo que esconde detr\u00e1s este edificio tan vanguardista y moderno.<\/p><p>La F\u00e1brica de Hielo es una antigua nave industrial, dedicada en otra \u00e9poca a la producci\u00f3n de hielo para el negocio del pescado. Junto a la playa de la Malvarrosa, esta nave se ha convertido en uno de los nuevos locales de ocio que ofrece m\u00fasica, cocina y teatro.<\/p><p>Contenedores mar\u00edtimos, puertas vintage transformadas en mesa y art\u00edculos de los a\u00f1os 50 construyen la decoraci\u00f3n y personalidad de este centro cultural que esta pegando fuerte.<\/p><p>Los domingos son d\u00edas especiales en La F\u00e1brica de Hielo. A lo largo de todo el d\u00eda puedes escuchar m\u00fasica en directo, tapeo de conservas y comer paella. \u00a0<\/p><p>Pero lo mejor es que visites este enlace de su p\u00e1gina web para ver toda <a href=\"https:\/\/www.lafabricadehielo.net\/eventos\/2022\/10\/\">la programaci\u00f3n y los eventos<\/a> de los que podr\u00e1s disfrutar en La F\u00e1brica de Hielo. \u00a0\u00a0No te pierdas nada, \u00a1te encantar\u00e1!<\/p><h2><strong>La Casa de la Mar, otro espacio de ocio y m\u00fasica en directo en Valencia<\/strong><\/h2><div><p>A tan solo 100 metros de la playa de la Patacona encontrar\u00e1s la bonita Casa de la Mar. Un espacio en el que se hacen todo tipo de eventos musicales, de ocio, arte o gastronom\u00eda.<\/p><p><img decoding=\"async\" class=\"alignnone size-full wp-image-3019\" src=\"http:\/\/vlchost.com\/wp-content\/uploads\/fabrica-de-hielo-casa-de-la-mar-valencia-10-scaled.jpg\" alt=\"\" width=\"2560\" height=\"1067\" srcset=\"https:\/\/vlchost.com\/wp-content\/uploads\/fabrica-de-hielo-casa-de-la-mar-valencia-10-scaled.jpg 2560w, https:\/\/vlchost.com\/wp-content\/uploads\/fabrica-de-hielo-casa-de-la-mar-valencia-10-768x320.jpg 768w, https:\/\/vlchost.com\/wp-content\/uploads\/fabrica-de-hielo-casa-de-la-mar-valencia-10-1536x640.jpg 1536w, https:\/\/vlchost.com\/wp-content\/uploads\/fabrica-de-hielo-casa-de-la-mar-valencia-10-2048x854.jpg 2048w\" sizes=\"(max-width: 2560px) 100vw, 2560px\" \/><\/p><p>Uno de los espacios exclusivos y \u00fanicos en Valencia enfrente del mar, con diferentes zonas en las que se puede disfrutar de un gran abanico de actividades. No suena nada mal, \u00bfverdad?<\/p><p>La Casa de la Mar tiene una terracita exterior en la que podemos charlar y estar a la fresca tomando una cervecita con amigos, tanto en invierno como en verano.<\/p><h2><strong>Descubre La F\u00e1brica de Hielo y La Casa de la Mar y al\u00f3jate con VLC Host<\/strong><\/h2><p>Ahora que ya conoces estos dos locales de ocio modernos y con m\u00fasica en directo, \u00bfhas pensado en disfrutar de una noche de cena y birras en uno de ellos?<\/p><p><img loading=\"lazy\" decoding=\"async\" class=\"alignnone size-full wp-image-3020\" src=\"http:\/\/vlchost.com\/wp-content\/uploads\/fabrica-de-hielo-casa-de-la-mar-valencia-08-scaled.jpg\" alt=\"\" width=\"2560\" height=\"1067\" srcset=\"https:\/\/vlchost.com\/wp-content\/uploads\/fabrica-de-hielo-casa-de-la-mar-valencia-08-scaled.jpg 2560w, https:\/\/vlchost.com\/wp-content\/uploads\/fabrica-de-hielo-casa-de-la-mar-valencia-08-768x320.jpg 768w, https:\/\/vlchost.com\/wp-content\/uploads\/fabrica-de-hielo-casa-de-la-mar-valencia-08-1536x640.jpg 1536w, https:\/\/vlchost.com\/wp-content\/uploads\/fabrica-de-hielo-casa-de-la-mar-valencia-08-2048x854.jpg 2048w\" sizes=\"(max-width: 2560px) 100vw, 2560px\" \/><\/p><p>Si es as\u00ed, al\u00f3jate con nosotros. <a href=\"http:\/\/vlchost.com\/en\/\">VLC Host<\/a> gestionamos <a href=\"http:\/\/vlchost.com\/en\/alojamientos-valencia-reserva\/\">apartamento<\/a>s tur\u00edsticos, descubre en nuestra web el que m\u00e1s te gusta. Te sentir\u00e1s como en casa, fuera de ella.<\/p><p>Escr\u00edbenos a reservas@vlcinvest.com o ll\u00e1manos si te resulta m\u00e1s f\u00e1cil +34 692 439 347.<\/p><p>En nuestro <a href=\"https:\/\/www.instagram.com\/vlchost\/\">Instagram<\/a> subimos los espacios de moda en Valencia. \u00a1S\u00edguenos para estar a la \u00faltima!<\/p><\/div>\t\t\t\t\t\t<\/div>\n\t\t\t\t<\/div>\n\t\t\t\t\t<\/div>\n\t\t<\/div>\n\t\t\t\t\t<\/div>\n\t\t<\/section>\n\t\t\t\t<\/div>","protected":false},"excerpt":{"rendered":"<p>\u00bfHay algo mejor que la m\u00fasica en directo? Pues s\u00ed, la m\u00fasica acompa\u00f1ada de la buena cerveza y gastronom\u00eda en La F\u00e1brica de Hielo.<\/p>","protected":false},"author":4,"featured_media":3025,"comment_status":"open","ping_status":"open","sticky":false,"template":"","format":"standard","meta":{"footnotes":""},"categories":[19,11],"tags":[],"class_list":["post-3006","post","type-post","status-publish","format-standard","has-post-thumbnail","hentry","category-love-valencia","category-noticias"],"yoast_head":"<!-- This site is optimized with the Yoast SEO plugin v21.5 - https:\/\/yoast.com\/wordpress\/plugins\/seo\/ -->\n<title>La F\u00e1brica de Hielo en Valencia: una f\u00e1brica con mucha historia<\/title>\n<meta name=\"description\" content=\"\u00bfHay algo mejor que la m\u00fasica en directo? Pues s\u00ed, la m\u00fasica acompa\u00f1ada de la buena cerveza y gastronom\u00eda en La F\u00e1brica de Hielo.\" \/>\n<meta name=\"robots\" content=\"index, follow, max-snippet:-1, max-image-preview:large, max-video-preview:-1\" \/>\n<link rel=\"canonical\" href=\"https:\/\/vlchost.com\/en\/noticias\/la-fabrica-de-hielo-y-la-casa-de-la-mar-dos-centros-culturales-en-valencia\/\" \/>\n<meta property=\"og:locale\" content=\"en_US\" \/>\n<meta property=\"og:type\" content=\"article\" \/>\n<meta property=\"og:title\" content=\"La F\u00e1brica de Hielo en Valencia: una f\u00e1brica con mucha historia\" \/>\n<meta property=\"og:description\" content=\"\u00bfHay algo mejor que la m\u00fasica en directo? Pues s\u00ed, la m\u00fasica acompa\u00f1ada de la buena cerveza y gastronom\u00eda en La F\u00e1brica de Hielo.\" \/>\n<meta property=\"og:url\" content=\"https:\/\/vlchost.com\/en\/noticias\/la-fabrica-de-hielo-y-la-casa-de-la-mar-dos-centros-culturales-en-valencia\/\" \/>\n<meta property=\"og:site_name\" content=\"VLC Host\" \/>\n<meta property=\"article:publisher\" content=\"https:\/\/www.facebook.com\/VLCHost.HappyToHostYou\" \/>\n<meta property=\"article:published_time\" content=\"2022-10-11T12:20:00+00:00\" \/>\n<meta property=\"article:modified_time\" content=\"2022-10-11T14:37:44+00:00\" \/>\n<meta property=\"og:image\" content=\"https:\/\/vlchost.com\/wp-content\/uploads\/fabrica-de-hielo-casa-de-la-mar-valencia-12-scaled.jpg\" \/>\n\t<meta property=\"og:image:width\" content=\"2560\" \/>\n\t<meta property=\"og:image:height\" content=\"1707\" \/>\n\t<meta property=\"og:image:type\" content=\"image\/jpeg\" \/>\n<meta name=\"author\" content=\"VCL\" \/>\n<meta name=\"twitter:card\" content=\"summary_large_image\" \/>\n<meta name=\"twitter:label1\" content=\"Written by\" \/>\n\t<meta name=\"twitter:data1\" content=\"VCL\" \/>\n\t<meta name=\"twitter:label2\" content=\"Est. reading time\" \/>\n\t<meta name=\"twitter:data2\" content=\"4 minutes\" \/>\n<script type=\"application\/ld+json\" class=\"yoast-schema-graph\">{\"@context\":\"https:\/\/schema.org\",\"@graph\":[{\"@type\":\"Article\",\"@id\":\"https:\/\/vlchost.com\/noticias\/la-fabrica-de-hielo-y-la-casa-de-la-mar-dos-centros-culturales-en-valencia\/#article\",\"isPartOf\":{\"@id\":\"https:\/\/vlchost.com\/noticias\/la-fabrica-de-hielo-y-la-casa-de-la-mar-dos-centros-culturales-en-valencia\/\"},\"author\":{\"name\":\"VCL\",\"@id\":\"https:\/\/vlchost.com\/#\/schema\/person\/782a12abb83614fa9849b9497b619679\"},\"headline\":\"La F\u00e1brica de Hielo y la Casa de la Mar, dos centros culturales en Valencia\",\"datePublished\":\"2022-10-11T12:20:00+00:00\",\"dateModified\":\"2022-10-11T14:37:44+00:00\",\"mainEntityOfPage\":{\"@id\":\"https:\/\/vlchost.com\/noticias\/la-fabrica-de-hielo-y-la-casa-de-la-mar-dos-centros-culturales-en-valencia\/\"},\"wordCount\":630,\"commentCount\":0,\"publisher\":{\"@id\":\"https:\/\/vlchost.com\/#organization\"},\"articleSection\":[\"Love Valencia\",\"Noticias\"],\"inLanguage\":\"en-US\"},{\"@type\":\"WebPage\",\"@id\":\"https:\/\/vlchost.com\/noticias\/la-fabrica-de-hielo-y-la-casa-de-la-mar-dos-centros-culturales-en-valencia\/\",\"url\":\"https:\/\/vlchost.com\/noticias\/la-fabrica-de-hielo-y-la-casa-de-la-mar-dos-centros-culturales-en-valencia\/\",\"name\":\"La F\u00e1brica de Hielo en Valencia: una f\u00e1brica con mucha historia\",\"isPartOf\":{\"@id\":\"https:\/\/vlchost.com\/#website\"},\"datePublished\":\"2022-10-11T12:20:00+00:00\",\"dateModified\":\"2022-10-11T14:37:44+00:00\",\"description\":\"\u00bfHay algo mejor que la m\u00fasica en directo? Pues s\u00ed, la m\u00fasica acompa\u00f1ada de la buena cerveza y gastronom\u00eda en La F\u00e1brica de Hielo.\",\"breadcrumb\":{\"@id\":\"https:\/\/vlchost.com\/noticias\/la-fabrica-de-hielo-y-la-casa-de-la-mar-dos-centros-culturales-en-valencia\/#breadcrumb\"},\"inLanguage\":\"en-US\",\"potentialAction\":[{\"@type\":\"ReadAction\",\"target\":[\"https:\/\/vlchost.com\/noticias\/la-fabrica-de-hielo-y-la-casa-de-la-mar-dos-centros-culturales-en-valencia\/\"]}]},{\"@type\":\"BreadcrumbList\",\"@id\":\"https:\/\/vlchost.com\/noticias\/la-fabrica-de-hielo-y-la-casa-de-la-mar-dos-centros-culturales-en-valencia\/#breadcrumb\",\"itemListElement\":[{\"@type\":\"ListItem\",\"position\":1,\"name\":\"Portada\",\"item\":\"https:\/\/vlchost.com\/\"},{\"@type\":\"ListItem\",\"position\":2,\"name\":\"La F\u00e1brica de Hielo y la Casa de la Mar, dos centros culturales en Valencia\"}]},{\"@type\":\"WebSite\",\"@id\":\"https:\/\/vlchost.com\/#website\",\"url\":\"https:\/\/vlchost.com\/\",\"name\":\"VLC Host\",\"description\":\"Alquiler de alojamientos tur\u00edsticos\",\"publisher\":{\"@id\":\"https:\/\/vlchost.com\/#organization\"},\"potentialAction\":[{\"@type\":\"SearchAction\",\"target\":{\"@type\":\"EntryPoint\",\"urlTemplate\":\"https:\/\/vlchost.com\/?s={search_term_string}\"},\"query-input\":\"required name=search_term_string\"}],\"inLanguage\":\"en-US\"},{\"@type\":\"Organization\",\"@id\":\"https:\/\/vlchost.com\/#organization\",\"name\":\"VLC Host - Nomad Life\",\"url\":\"https:\/\/vlchost.com\/\",\"logo\":{\"@type\":\"ImageObject\",\"inLanguage\":\"en-US\",\"@id\":\"https:\/\/vlchost.com\/#\/schema\/logo\/image\/\",\"url\":\"https:\/\/vlchost.com\/wp-content\/uploads\/cropped-alquiler-apartamentos-VLCHOST.png\",\"contentUrl\":\"https:\/\/vlchost.com\/wp-content\/uploads\/cropped-alquiler-apartamentos-VLCHOST.png\",\"width\":512,\"height\":512,\"caption\":\"VLC Host - Nomad Life\"},\"image\":{\"@id\":\"https:\/\/vlchost.com\/#\/schema\/logo\/image\/\"},\"sameAs\":[\"https:\/\/www.facebook.com\/VLCHost.HappyToHostYou\",\"https:\/\/www.instagram.com\/vlchost\/\"]},{\"@type\":\"Person\",\"@id\":\"https:\/\/vlchost.com\/#\/schema\/person\/782a12abb83614fa9849b9497b619679\",\"name\":\"VCL\",\"image\":{\"@type\":\"ImageObject\",\"inLanguage\":\"en-US\",\"@id\":\"https:\/\/vlchost.com\/#\/schema\/person\/image\/\",\"url\":\"https:\/\/secure.gravatar.com\/avatar\/e2154249541e31d72b1e613335475cddc540ebd9e29ec5224763cf04738da599?s=96&d=mm&r=g\",\"contentUrl\":\"https:\/\/secure.gravatar.com\/avatar\/e2154249541e31d72b1e613335475cddc540ebd9e29ec5224763cf04738da599?s=96&d=mm&r=g\",\"caption\":\"VCL\"},\"url\":\"https:\/\/vlchost.com\/en\/author\/vlchost-user\/\"}]}<\/script>\n<!-- \/ Yoast SEO plugin. -->","yoast_head_json":{"title":"La F\u00e1brica de Hielo en Valencia: una f\u00e1brica con mucha historia","description":"\u00bfHay algo mejor que la m\u00fasica en directo? Pues s\u00ed, la m\u00fasica acompa\u00f1ada de la buena cerveza y gastronom\u00eda en La F\u00e1brica de Hielo.","robots":{"index":"index","follow":"follow","max-snippet":"max-snippet:-1","max-image-preview":"max-image-preview:large","max-video-preview":"max-video-preview:-1"},"canonical":"https:\/\/vlchost.com\/en\/noticias\/la-fabrica-de-hielo-y-la-casa-de-la-mar-dos-centros-culturales-en-valencia\/","og_locale":"en_US","og_type":"article","og_title":"La F\u00e1brica de Hielo en Valencia: una f\u00e1brica con mucha historia","og_description":"\u00bfHay algo mejor que la m\u00fasica en directo? Pues s\u00ed, la m\u00fasica acompa\u00f1ada de la buena cerveza y gastronom\u00eda en La F\u00e1brica de Hielo.","og_url":"https:\/\/vlchost.com\/en\/noticias\/la-fabrica-de-hielo-y-la-casa-de-la-mar-dos-centros-culturales-en-valencia\/","og_site_name":"VLC Host","article_publisher":"https:\/\/www.facebook.com\/VLCHost.HappyToHostYou","article_published_time":"2022-10-11T12:20:00+00:00","article_modified_time":"2022-10-11T14:37:44+00:00","og_image":[{"width":2560,"height":1707,"url":"https:\/\/vlchost.com\/wp-content\/uploads\/fabrica-de-hielo-casa-de-la-mar-valencia-12-scaled.jpg","type":"image\/jpeg"}],"author":"VCL","twitter_card":"summary_large_image","twitter_misc":{"Written by":"VCL","Est. reading time":"4 minutes"},"schema":{"@context":"https:\/\/schema.org","@graph":[{"@type":"Article","@id":"https:\/\/vlchost.com\/noticias\/la-fabrica-de-hielo-y-la-casa-de-la-mar-dos-centros-culturales-en-valencia\/#article","isPartOf":{"@id":"https:\/\/vlchost.com\/noticias\/la-fabrica-de-hielo-y-la-casa-de-la-mar-dos-centros-culturales-en-valencia\/"},"author":{"name":"VCL","@id":"https:\/\/vlchost.com\/#\/schema\/person\/782a12abb83614fa9849b9497b619679"},"headline":"La F\u00e1brica de Hielo y la Casa de la Mar, dos centros culturales en Valencia","datePublished":"2022-10-11T12:20:00+00:00","dateModified":"2022-10-11T14:37:44+00:00","mainEntityOfPage":{"@id":"https:\/\/vlchost.com\/noticias\/la-fabrica-de-hielo-y-la-casa-de-la-mar-dos-centros-culturales-en-valencia\/"},"wordCount":630,"commentCount":0,"publisher":{"@id":"https:\/\/vlchost.com\/#organization"},"articleSection":["Love Valencia","Noticias"],"inLanguage":"en-US"},{"@type":"WebPage","@id":"https:\/\/vlchost.com\/noticias\/la-fabrica-de-hielo-y-la-casa-de-la-mar-dos-centros-culturales-en-valencia\/","url":"https:\/\/vlchost.com\/noticias\/la-fabrica-de-hielo-y-la-casa-de-la-mar-dos-centros-culturales-en-valencia\/","name":"La F\u00e1brica de Hielo en Valencia: una f\u00e1brica con mucha historia","isPartOf":{"@id":"https:\/\/vlchost.com\/#website"},"datePublished":"2022-10-11T12:20:00+00:00","dateModified":"2022-10-11T14:37:44+00:00","description":"\u00bfHay algo mejor que la m\u00fasica en directo? Pues s\u00ed, la m\u00fasica acompa\u00f1ada de la buena cerveza y gastronom\u00eda en La F\u00e1brica de Hielo.","breadcrumb":{"@id":"https:\/\/vlchost.com\/noticias\/la-fabrica-de-hielo-y-la-casa-de-la-mar-dos-centros-culturales-en-valencia\/#breadcrumb"},"inLanguage":"en-US","potentialAction":[{"@type":"ReadAction","target":["https:\/\/vlchost.com\/noticias\/la-fabrica-de-hielo-y-la-casa-de-la-mar-dos-centros-culturales-en-valencia\/"]}]},{"@type":"BreadcrumbList","@id":"https:\/\/vlchost.com\/noticias\/la-fabrica-de-hielo-y-la-casa-de-la-mar-dos-centros-culturales-en-valencia\/#breadcrumb","itemListElement":[{"@type":"ListItem","position":1,"name":"Portada","item":"https:\/\/vlchost.com\/"},{"@type":"ListItem","position":2,"name":"La F\u00e1brica de Hielo y la Casa de la Mar, dos centros culturales en Valencia"}]},{"@type":"WebSite","@id":"https:\/\/vlchost.com\/#website","url":"https:\/\/vlchost.com\/","name":"VLC Host","description":"Alquiler de alojamientos tur\u00edsticos","publisher":{"@id":"https:\/\/vlchost.com\/#organization"},"potentialAction":[{"@type":"SearchAction","target":{"@type":"EntryPoint","urlTemplate":"https:\/\/vlchost.com\/?s={search_term_string}"},"query-input":"required name=search_term_string"}],"inLanguage":"en-US"},{"@type":"Organization","@id":"https:\/\/vlchost.com\/#organization","name":"VLC Host - Nomad Life","url":"https:\/\/vlchost.com\/","logo":{"@type":"ImageObject","inLanguage":"en-US","@id":"https:\/\/vlchost.com\/#\/schema\/logo\/image\/","url":"https:\/\/vlchost.com\/wp-content\/uploads\/cropped-alquiler-apartamentos-VLCHOST.png","contentUrl":"https:\/\/vlchost.com\/wp-content\/uploads\/cropped-alquiler-apartamentos-VLCHOST.png","width":512,"height":512,"caption":"VLC Host - Nomad Life"},"image":{"@id":"https:\/\/vlchost.com\/#\/schema\/logo\/image\/"},"sameAs":["https:\/\/www.facebook.com\/VLCHost.HappyToHostYou","https:\/\/www.instagram.com\/vlchost\/"]},{"@type":"Person","@id":"https:\/\/vlchost.com\/#\/schema\/person\/782a12abb83614fa9849b9497b619679","name":"VCL","image":{"@type":"ImageObject","inLanguage":"en-US","@id":"https:\/\/vlchost.com\/#\/schema\/person\/image\/","url":"https:\/\/secure.gravatar.com\/avatar\/e2154249541e31d72b1e613335475cddc540ebd9e29ec5224763cf04738da599?s=96&d=mm&r=g","contentUrl":"https:\/\/secure.gravatar.com\/avatar\/e2154249541e31d72b1e613335475cddc540ebd9e29ec5224763cf04738da599?s=96&d=mm&r=g","caption":"VCL"},"url":"https:\/\/vlchost.com\/en\/author\/vlchost-user\/"}]}},"_links":{"self":[{"href":"https:\/\/vlchost.com\/en\/wp-json\/wp\/v2\/posts\/3006","targetHints":{"allow":["GET"]}}],"collection":[{"href":"https:\/\/vlchost.com\/en\/wp-json\/wp\/v2\/posts"}],"about":[{"href":"https:\/\/vlchost.com\/en\/wp-json\/wp\/v2\/types\/post"}],"author":[{"embeddable":true,"href":"https:\/\/vlchost.com\/en\/wp-json\/wp\/v2\/users\/4"}],"replies":[{"embeddable":true,"href":"https:\/\/vlchost.com\/en\/wp-json\/wp\/v2\/comments?post=3006"}],"version-history":[{"count":17,"href":"https:\/\/vlchost.com\/en\/wp-json\/wp\/v2\/posts\/3006\/revisions"}],"predecessor-version":[{"id":3306,"href":"https:\/\/vlchost.com\/en\/wp-json\/wp\/v2\/posts\/3006\/revisions\/3306"}],"wp:featuredmedia":[{"embeddable":true,"href":"https:\/\/vlchost.com\/en\/wp-json\/wp\/v2\/media\/3025"}],"wp:attachment":[{"href":"https:\/\/vlchost.com\/en\/wp-json\/wp\/v2\/media?parent=3006"}],"wp:term":[{"taxonomy":"category","embeddable":true,"href":"https:\/\/vlchost.com\/en\/wp-json\/wp\/v2\/categories?post=3006"},{"taxonomy":"post_tag","embeddable":true,"href":"https:\/\/vlchost.com\/en\/wp-json\/wp\/v2\/tags?post=3006"}],"curies":[{"name":"wp","href":"https:\/\/api.w.org\/{rel}","templated":true}]}}