{"id":3226,"date":"2022-11-14T07:57:06","date_gmt":"2022-11-14T06:57:06","guid":{"rendered":"http:\/\/vlchost.com\/?p=3226"},"modified":"2022-11-14T07:57:07","modified_gmt":"2022-11-14T06:57:07","slug":"valencia-mediterranea-gastronoma","status":"publish","type":"post","link":"https:\/\/vlchost.com\/en\/noticias\/valencia-mediterranea-gastronoma\/","title":{"rendered":"Valencia n\u00facleo gastron\u00f3mico mundial"},"content":{"rendered":"<div data-elementor-type=\"wp-post\" data-elementor-id=\"3226\" class=\"elementor elementor-3226\" data-elementor-post-type=\"post\">\n\t\t\t\t\t\t<section class=\"elementor-section elementor-top-section elementor-element elementor-element-5b5bc10 elementor-section-boxed elementor-section-height-default elementor-section-height-default\" data-id=\"5b5bc10\" data-element_type=\"section\">\n\t\t\t\t\t\t<div class=\"elementor-container elementor-column-gap-default\">\n\t\t\t\t\t<div class=\"elementor-column elementor-col-100 elementor-top-column elementor-element elementor-element-48be2be\" data-id=\"48be2be\" data-element_type=\"column\">\n\t\t\t<div class=\"elementor-widget-wrap elementor-element-populated\">\n\t\t\t\t\t\t<div class=\"elementor-element elementor-element-32168fd elementor-widget elementor-widget-text-editor\" data-id=\"32168fd\" data-element_type=\"widget\" data-widget_type=\"text-editor.default\">\n\t\t\t\t<div class=\"elementor-widget-container\">\n\t\t\t<style>\/*! elementor - v3.19.0 - 28-02-2024 *\/\n.elementor-widget-text-editor.elementor-drop-cap-view-stacked .elementor-drop-cap{background-color:#69727d;color:#fff}.elementor-widget-text-editor.elementor-drop-cap-view-framed .elementor-drop-cap{color:#69727d;border:3px solid;background-color:transparent}.elementor-widget-text-editor:not(.elementor-drop-cap-view-default) .elementor-drop-cap{margin-top:8px}.elementor-widget-text-editor:not(.elementor-drop-cap-view-default) .elementor-drop-cap-letter{width:1em;height:1em}.elementor-widget-text-editor .elementor-drop-cap{float:left;text-align:center;line-height:1;font-size:50px}.elementor-widget-text-editor .elementor-drop-cap-letter{display:inline-block}<\/style>\t\t\t\t<p style=\"text-align: start;\">\u00a1Eventazo para los mejores paladares! Valencia acoger\u00e1 desde este domingo el evento Mediterr\u00e1nea Gastr\u00f3noma.<\/p><p style=\"text-align: start;\">Los d\u00edas 13, 14 y 15 de noviembre tendr\u00e1 lugar el evento Mediterr\u00e1nea Gastr\u00f3noma en Feria de Valencia. Un planazo para los amantes de la gastronom\u00eda que quieran aprender y conocer en directo a grandes profesionales de la cocina.<\/p><p style=\"text-align: start;\">Cientos de cocineros estrellas Michel\u00edn, soles Repsol y j\u00f3venes promesas mostrar\u00e1n sus habilidades, expondr\u00e1n sus mejores creaciones y potenciaran el producto mediterr\u00e1neo.<\/p><p><strong style=\"color: #00a03e; font-family: Poppins; font-size: 18px; font-style: inherit; background-color: var( --e-global-color-4d36fe1e );\"><span style=\"vertical-align: inherit;\"><span style=\"vertical-align: inherit;\"><span style=\"vertical-align: inherit;\"><span style=\"vertical-align: inherit;\"><span style=\"vertical-align: inherit;\"><span style=\"vertical-align: inherit;\"><span style=\"vertical-align: inherit;\"><span style=\"vertical-align: inherit;\"><span style=\"vertical-align: inherit;\"><span style=\"vertical-align: inherit;\"><span style=\"vertical-align: inherit;\"><span style=\"vertical-align: inherit;\"><span style=\"vertical-align: inherit;\"><span style=\"vertical-align: inherit;\"><span style=\"vertical-align: inherit;\"><span style=\"vertical-align: inherit;\"><span style=\"vertical-align: inherit;\"><span style=\"vertical-align: inherit;\"><span style=\"vertical-align: inherit;\"><span style=\"vertical-align: inherit;\"><span style=\"vertical-align: inherit;\"><span style=\"vertical-align: inherit;\"><span style=\"vertical-align: inherit;\"><span style=\"vertical-align: inherit;\"><span style=\"vertical-align: inherit;\"><span style=\"vertical-align: inherit;\"><span style=\"vertical-align: inherit;\"><span style=\"vertical-align: inherit;\"><span style=\"vertical-align: inherit;\"><span style=\"vertical-align: inherit;\"><span style=\"vertical-align: inherit;\"><span style=\"vertical-align: inherit;\"><span style=\"vertical-align: inherit;\"><span style=\"vertical-align: inherit;\"><span style=\"vertical-align: inherit;\"><span style=\"vertical-align: inherit;\"><span style=\"vertical-align: inherit;\"><span style=\"vertical-align: inherit;\"><span style=\"vertical-align: inherit;\"><span style=\"vertical-align: inherit;\">\u00bfQui\u00e9n puede asistir?<\/span><\/span><\/span><\/span><\/span><\/span><\/span><\/span><\/span><\/span><\/span><\/span><\/span><\/span><\/span><\/span><\/span><\/span><\/span><\/span><\/span><\/span><\/span><\/span><\/span><\/span><\/span><\/span><\/span><\/span><\/span><\/span><\/span><\/span><\/span><\/span><\/span><\/span><\/span><\/span><\/strong><\/p><p style=\"text-align: start;\">Este evento es apto tanto para s\u00faper chefs y expertos en cocina, como para amateurs. El recinto contar\u00e1 con 16 espacios, algunos como: La Cuina molt de gust, un espacio donde dar a conocer y promocionar los productos de Calidad Diferenciada<span style=\"font-size: 17.6px; font-style: inherit; font-weight: inherit; background-color: var( --e-global-color-4d36fe1e ); color: var(--ast-global-color-3);\">\u00a0o<\/span><strong style=\"font-size: 17.6px; font-style: inherit; background-color: var( --e-global-color-4d36fe1e ); color: var(--ast-global-color-3);\"><a href=\"https:\/\/www.mediterraneagastronoma.es\/actividades\/wine-experience\/\">\u00a0Wine Experience<\/a><\/strong><span style=\"font-size: 17.6px; font-style: inherit; font-weight: inherit; background-color: var( --e-global-color-4d36fe1e ); color: var(--ast-global-color-3);\">, una experiencia para amantes del vino, donde adem\u00e1s de catar, te enamorar\u00e1s del proceso de elaboraci\u00f3n, \u00bfel objetivo? tocar, oler y sentir.<\/span><\/p><p style=\"text-align: start;\">Y por supuesto no hay l\u00edmite de edad, por lo que esta abierto los minichefs de la casa.<\/p><h4><span style=\"vertical-align: inherit;\"><span style=\"vertical-align: inherit;\"><span style=\"vertical-align: inherit;\"><span style=\"vertical-align: inherit;\"><span style=\"vertical-align: inherit;\"><span style=\"vertical-align: inherit;\"><span style=\"vertical-align: inherit;\"><span style=\"vertical-align: inherit;\"><span style=\"vertical-align: inherit;\"><span style=\"vertical-align: inherit;\"><span style=\"vertical-align: inherit;\"><span style=\"vertical-align: inherit;\"><span style=\"vertical-align: inherit;\"><span style=\"vertical-align: inherit;\"><span style=\"vertical-align: inherit;\"><span style=\"vertical-align: inherit;\"><span style=\"vertical-align: inherit;\"><span style=\"vertical-align: inherit;\"><span style=\"vertical-align: inherit;\"><span style=\"vertical-align: inherit;\"><span style=\"vertical-align: inherit;\"><span style=\"vertical-align: inherit;\"><span style=\"vertical-align: inherit;\"><span style=\"vertical-align: inherit;\"><span style=\"vertical-align: inherit;\"><span style=\"vertical-align: inherit;\"><span style=\"vertical-align: inherit;\"><span style=\"vertical-align: inherit;\"><span style=\"vertical-align: inherit;\"><span style=\"vertical-align: inherit;\"><span style=\"vertical-align: inherit;\"><span style=\"vertical-align: inherit;\"><span style=\"vertical-align: inherit;\"><span style=\"vertical-align: inherit;\"><span style=\"vertical-align: inherit;\"><span style=\"vertical-align: inherit;\"><span style=\"vertical-align: inherit;\"><span style=\"vertical-align: inherit;\"><span style=\"vertical-align: inherit;\"><span style=\"vertical-align: inherit;\">Talleres y cursos<\/span><\/span><\/span><\/span><\/span><\/span><\/span><\/span><\/span><\/span><\/span><\/span><\/span><\/span><\/span><\/span><\/span><\/span><\/span><\/span><\/span><\/span><\/span><\/span><\/span><\/span><\/span><\/span><\/span><\/span><\/span><\/span><\/span><\/span><\/span><\/span><\/span><\/span><\/span><\/span><\/h4><div><span style=\"vertical-align: inherit;\"><span style=\"vertical-align: inherit;\"><span style=\"vertical-align: inherit;\"><span style=\"vertical-align: inherit;\"><span style=\"vertical-align: inherit;\"><span style=\"vertical-align: inherit;\"><span style=\"vertical-align: inherit;\"><span style=\"vertical-align: inherit;\"><span style=\"vertical-align: inherit;\"><span style=\"vertical-align: inherit;\"><span style=\"vertical-align: inherit;\"><span style=\"vertical-align: inherit;\">\u00a0<\/span><\/span><\/span><\/span><\/span><\/span><\/span><\/span><\/span><\/span><\/span><\/span><\/div><p style=\"text-align: start;\"><span style=\"font-size: 17.6px; font-style: inherit; font-weight: inherit; background-color: var( --e-global-color-4d36fe1e ); color: var(--ast-global-color-3);\">No todo va a ser catar, el evento tambi\u00e9n va de aprender. Se podr\u00e1 visitar un espacio Cooking, gracias a <strong><a href=\"https:\/\/www.valenciaclubcocina.com\/\">Valencia Club Cocina<\/a><\/strong>, donde participar en talleres, demostraciones y concursos. \u00a1Una oportunidad de ver quien es el m\u00e1s cocinillas del grupo!.<\/span><\/p><p style=\"text-align: start;\"><span style=\"font-size: 17.6px; font-style: inherit; font-weight: inherit; background-color: var( --e-global-color-4d36fe1e ); color: var(--ast-global-color-3);\">Adem\u00e1s durante todo el evento se realizar\u00e1n charlas y showcookings de la mano de Chefs como Ricard Camarena, Vicente Guimer\u00e1 o Aizpea Oihaneder, entre muchos otros.<\/span><\/p><p style=\"text-align: start;\">Pod\u00e9is encontrar toda la info acerca de horarios y venta de entradas <a style=\"font-weight: bold;\" href=\"https:\/\/www.mediterraneagastronoma.es\/\">AQU\u00cd<\/a>.<\/p><p style=\"text-align: start;\">Recuerda que VLC Host gestionamos apartamentos de alquiler en Valencia para n\u00f3madas y vividores como t\u00fa. Escr\u00edbenos a reservas@vlcinvest.com o si te resulta m\u00e1s c\u00f3modo +34 692 439 347<\/p><p style=\"text-align: start;\">\u00a0<\/p><div><span style=\"vertical-align: inherit;\"><span style=\"vertical-align: inherit;\"><span style=\"vertical-align: inherit;\"><span style=\"vertical-align: inherit;\"><span style=\"vertical-align: inherit;\"><span style=\"vertical-align: inherit;\"><span style=\"vertical-align: inherit;\"><span style=\"vertical-align: inherit;\"><span style=\"vertical-align: inherit;\"><span style=\"vertical-align: inherit;\"><span style=\"vertical-align: inherit;\"><span style=\"vertical-align: inherit;\"><span style=\"vertical-align: inherit;\"><span style=\"vertical-align: inherit;\"><span style=\"vertical-align: inherit;\"><span style=\"vertical-align: inherit;\"><span style=\"vertical-align: inherit;\"><span style=\"vertical-align: inherit;\"><span style=\"vertical-align: inherit;\"><span style=\"vertical-align: inherit;\"><span style=\"vertical-align: inherit;\"><span style=\"vertical-align: inherit;\"><span style=\"vertical-align: inherit;\"><span style=\"vertical-align: inherit;\"><span style=\"vertical-align: inherit;\"><span style=\"vertical-align: inherit;\"><span style=\"vertical-align: inherit;\"><span style=\"vertical-align: inherit;\"><span style=\"vertical-align: inherit;\"><span style=\"vertical-align: inherit;\"><span style=\"vertical-align: inherit;\"><span style=\"vertical-align: inherit;\"><span style=\"vertical-align: inherit;\"><span style=\"vertical-align: inherit;\"><span style=\"vertical-align: inherit;\"><span style=\"vertical-align: inherit;\">\u00a0<\/span><\/span><\/span><\/span><\/span><\/span><\/span><\/span><\/span><\/span><\/span><\/span><\/span><\/span><\/span><\/span><\/span><\/span><\/span><\/span><\/span><\/span><\/span><\/span><\/span><\/span><\/span><\/span><\/span><\/span><\/span><\/span><\/span><\/span><\/span><\/span><\/div>\t\t\t\t\t\t<\/div>\n\t\t\t\t<\/div>\n\t\t\t\t\t<\/div>\n\t\t<\/div>\n\t\t\t\t\t<\/div>\n\t\t<\/section>\n\t\t\t\t<\/div>","protected":false},"excerpt":{"rendered":"<p>Valencia,n\u00facleo gastron\u00f3mico mundial. Los d\u00edas 13,14 y 15 Feria de Valencia acoger\u00e1 el evento Mediterr\u00e1nea Gastr\u00f3noma en Feria de Valencia.<\/p>","protected":false},"author":4,"featured_media":3229,"comment_status":"open","ping_status":"open","sticky":false,"template":"","format":"standard","meta":{"footnotes":""},"categories":[13,14,11,12],"tags":[27,28,33,32,25],"class_list":["post-3226","post","type-post","status-publish","format-standard","has-post-thumbnail","hentry","category-actividades","category-eventos","category-noticias","category-restauracion","tag-alquilervalencia","tag-apartamentosvalencia","tag-gastronomiavalenciana","tag-mediterraneagastronoma","tag-valencia"],"yoast_head":"<!-- This site is optimized with the Yoast SEO plugin v21.5 - https:\/\/yoast.com\/wordpress\/plugins\/seo\/ -->\n<title>Valencia Mediterr\u00e1nea Gastr\u00f3noma<\/title>\n<meta name=\"description\" content=\"Valencia,n\u00facleo gastron\u00f3mico mundial. Los d\u00edas 13,14 y 15 Feria de Valencia acoger\u00e1 el evento Mediterr\u00e1nea Gastr\u00f3noma en Feria de Valencia.\" \/>\n<meta name=\"robots\" content=\"index, follow, max-snippet:-1, max-image-preview:large, max-video-preview:-1\" \/>\n<link rel=\"canonical\" href=\"https:\/\/vlchost.com\/en\/noticias\/valencia-mediterranea-gastronoma\/\" \/>\n<meta property=\"og:locale\" content=\"en_US\" \/>\n<meta property=\"og:type\" content=\"article\" \/>\n<meta property=\"og:title\" content=\"Valencia Mediterr\u00e1nea Gastr\u00f3noma\" \/>\n<meta property=\"og:description\" content=\"Valencia,n\u00facleo gastron\u00f3mico mundial. Los d\u00edas 13,14 y 15 Feria de Valencia acoger\u00e1 el evento Mediterr\u00e1nea Gastr\u00f3noma en Feria de Valencia.\" \/>\n<meta property=\"og:url\" content=\"https:\/\/vlchost.com\/en\/noticias\/valencia-mediterranea-gastronoma\/\" \/>\n<meta property=\"og:site_name\" content=\"VLC Host\" \/>\n<meta property=\"article:publisher\" content=\"https:\/\/www.facebook.com\/VLCHost.HappyToHostYou\" \/>\n<meta property=\"article:published_time\" content=\"2022-11-14T06:57:06+00:00\" \/>\n<meta property=\"article:modified_time\" content=\"2022-11-14T06:57:07+00:00\" \/>\n<meta property=\"og:image\" content=\"https:\/\/vlchost.com\/wp-content\/uploads\/semana-2.png\" \/>\n\t<meta property=\"og:image:width\" content=\"1200\" \/>\n\t<meta property=\"og:image:height\" content=\"800\" \/>\n\t<meta property=\"og:image:type\" content=\"image\/png\" \/>\n<meta name=\"author\" content=\"VCL\" \/>\n<meta name=\"twitter:card\" content=\"summary_large_image\" \/>\n<meta name=\"twitter:label1\" content=\"Written by\" \/>\n\t<meta name=\"twitter:data1\" content=\"VCL\" \/>\n\t<meta name=\"twitter:label2\" content=\"Est. reading time\" \/>\n\t<meta name=\"twitter:data2\" content=\"2 minutes\" \/>\n<script type=\"application\/ld+json\" class=\"yoast-schema-graph\">{\"@context\":\"https:\/\/schema.org\",\"@graph\":[{\"@type\":\"Article\",\"@id\":\"https:\/\/vlchost.com\/noticias\/valencia-mediterranea-gastronoma\/#article\",\"isPartOf\":{\"@id\":\"https:\/\/vlchost.com\/noticias\/valencia-mediterranea-gastronoma\/\"},\"author\":{\"name\":\"VCL\",\"@id\":\"https:\/\/vlchost.com\/#\/schema\/person\/782a12abb83614fa9849b9497b619679\"},\"headline\":\"Valencia n\u00facleo gastron\u00f3mico mundial\",\"datePublished\":\"2022-11-14T06:57:06+00:00\",\"dateModified\":\"2022-11-14T06:57:07+00:00\",\"mainEntityOfPage\":{\"@id\":\"https:\/\/vlchost.com\/noticias\/valencia-mediterranea-gastronoma\/\"},\"wordCount\":302,\"commentCount\":0,\"publisher\":{\"@id\":\"https:\/\/vlchost.com\/#organization\"},\"keywords\":[\"#alquilervalencia\",\"#apartamentosvalencia\",\"#gastronomiavalenciana\",\"#mediterraneagastronoma\",\"#valencia\"],\"articleSection\":[\"Actividades\",\"Eventos\",\"Noticias\",\"Restauraci\u00f3n\"],\"inLanguage\":\"en-US\"},{\"@type\":\"WebPage\",\"@id\":\"https:\/\/vlchost.com\/noticias\/valencia-mediterranea-gastronoma\/\",\"url\":\"https:\/\/vlchost.com\/noticias\/valencia-mediterranea-gastronoma\/\",\"name\":\"Valencia Mediterr\u00e1nea Gastr\u00f3noma\",\"isPartOf\":{\"@id\":\"https:\/\/vlchost.com\/#website\"},\"datePublished\":\"2022-11-14T06:57:06+00:00\",\"dateModified\":\"2022-11-14T06:57:07+00:00\",\"description\":\"Valencia,n\u00facleo gastron\u00f3mico mundial. Los d\u00edas 13,14 y 15 Feria de Valencia acoger\u00e1 el evento Mediterr\u00e1nea Gastr\u00f3noma en Feria de Valencia.\",\"breadcrumb\":{\"@id\":\"https:\/\/vlchost.com\/noticias\/valencia-mediterranea-gastronoma\/#breadcrumb\"},\"inLanguage\":\"en-US\",\"potentialAction\":[{\"@type\":\"ReadAction\",\"target\":[\"https:\/\/vlchost.com\/noticias\/valencia-mediterranea-gastronoma\/\"]}]},{\"@type\":\"BreadcrumbList\",\"@id\":\"https:\/\/vlchost.com\/noticias\/valencia-mediterranea-gastronoma\/#breadcrumb\",\"itemListElement\":[{\"@type\":\"ListItem\",\"position\":1,\"name\":\"Portada\",\"item\":\"https:\/\/vlchost.com\/\"},{\"@type\":\"ListItem\",\"position\":2,\"name\":\"Valencia n\u00facleo gastron\u00f3mico mundial\"}]},{\"@type\":\"WebSite\",\"@id\":\"https:\/\/vlchost.com\/#website\",\"url\":\"https:\/\/vlchost.com\/\",\"name\":\"VLC Host\",\"description\":\"Alquiler de alojamientos tur\u00edsticos\",\"publisher\":{\"@id\":\"https:\/\/vlchost.com\/#organization\"},\"potentialAction\":[{\"@type\":\"SearchAction\",\"target\":{\"@type\":\"EntryPoint\",\"urlTemplate\":\"https:\/\/vlchost.com\/?s={search_term_string}\"},\"query-input\":\"required name=search_term_string\"}],\"inLanguage\":\"en-US\"},{\"@type\":\"Organization\",\"@id\":\"https:\/\/vlchost.com\/#organization\",\"name\":\"VLC Host - Nomad Life\",\"url\":\"https:\/\/vlchost.com\/\",\"logo\":{\"@type\":\"ImageObject\",\"inLanguage\":\"en-US\",\"@id\":\"https:\/\/vlchost.com\/#\/schema\/logo\/image\/\",\"url\":\"https:\/\/vlchost.com\/wp-content\/uploads\/cropped-alquiler-apartamentos-VLCHOST.png\",\"contentUrl\":\"https:\/\/vlchost.com\/wp-content\/uploads\/cropped-alquiler-apartamentos-VLCHOST.png\",\"width\":512,\"height\":512,\"caption\":\"VLC Host - Nomad Life\"},\"image\":{\"@id\":\"https:\/\/vlchost.com\/#\/schema\/logo\/image\/\"},\"sameAs\":[\"https:\/\/www.facebook.com\/VLCHost.HappyToHostYou\",\"https:\/\/www.instagram.com\/vlchost\/\"]},{\"@type\":\"Person\",\"@id\":\"https:\/\/vlchost.com\/#\/schema\/person\/782a12abb83614fa9849b9497b619679\",\"name\":\"VCL\",\"image\":{\"@type\":\"ImageObject\",\"inLanguage\":\"en-US\",\"@id\":\"https:\/\/vlchost.com\/#\/schema\/person\/image\/\",\"url\":\"https:\/\/secure.gravatar.com\/avatar\/e2154249541e31d72b1e613335475cddc540ebd9e29ec5224763cf04738da599?s=96&d=mm&r=g\",\"contentUrl\":\"https:\/\/secure.gravatar.com\/avatar\/e2154249541e31d72b1e613335475cddc540ebd9e29ec5224763cf04738da599?s=96&d=mm&r=g\",\"caption\":\"VCL\"},\"url\":\"https:\/\/vlchost.com\/en\/author\/vlchost-user\/\"}]}<\/script>\n<!-- \/ Yoast SEO plugin. -->","yoast_head_json":{"title":"Valencia Mediterr\u00e1nea Gastr\u00f3noma","description":"Valencia,n\u00facleo gastron\u00f3mico mundial. Los d\u00edas 13,14 y 15 Feria de Valencia acoger\u00e1 el evento Mediterr\u00e1nea Gastr\u00f3noma en Feria de Valencia.","robots":{"index":"index","follow":"follow","max-snippet":"max-snippet:-1","max-image-preview":"max-image-preview:large","max-video-preview":"max-video-preview:-1"},"canonical":"https:\/\/vlchost.com\/en\/noticias\/valencia-mediterranea-gastronoma\/","og_locale":"en_US","og_type":"article","og_title":"Valencia Mediterr\u00e1nea Gastr\u00f3noma","og_description":"Valencia,n\u00facleo gastron\u00f3mico mundial. Los d\u00edas 13,14 y 15 Feria de Valencia acoger\u00e1 el evento Mediterr\u00e1nea Gastr\u00f3noma en Feria de Valencia.","og_url":"https:\/\/vlchost.com\/en\/noticias\/valencia-mediterranea-gastronoma\/","og_site_name":"VLC Host","article_publisher":"https:\/\/www.facebook.com\/VLCHost.HappyToHostYou","article_published_time":"2022-11-14T06:57:06+00:00","article_modified_time":"2022-11-14T06:57:07+00:00","og_image":[{"width":1200,"height":800,"url":"https:\/\/vlchost.com\/wp-content\/uploads\/semana-2.png","type":"image\/png"}],"author":"VCL","twitter_card":"summary_large_image","twitter_misc":{"Written by":"VCL","Est. reading time":"2 minutes"},"schema":{"@context":"https:\/\/schema.org","@graph":[{"@type":"Article","@id":"https:\/\/vlchost.com\/noticias\/valencia-mediterranea-gastronoma\/#article","isPartOf":{"@id":"https:\/\/vlchost.com\/noticias\/valencia-mediterranea-gastronoma\/"},"author":{"name":"VCL","@id":"https:\/\/vlchost.com\/#\/schema\/person\/782a12abb83614fa9849b9497b619679"},"headline":"Valencia n\u00facleo gastron\u00f3mico mundial","datePublished":"2022-11-14T06:57:06+00:00","dateModified":"2022-11-14T06:57:07+00:00","mainEntityOfPage":{"@id":"https:\/\/vlchost.com\/noticias\/valencia-mediterranea-gastronoma\/"},"wordCount":302,"commentCount":0,"publisher":{"@id":"https:\/\/vlchost.com\/#organization"},"keywords":["#alquilervalencia","#apartamentosvalencia","#gastronomiavalenciana","#mediterraneagastronoma","#valencia"],"articleSection":["Actividades","Eventos","Noticias","Restauraci\u00f3n"],"inLanguage":"en-US"},{"@type":"WebPage","@id":"https:\/\/vlchost.com\/noticias\/valencia-mediterranea-gastronoma\/","url":"https:\/\/vlchost.com\/noticias\/valencia-mediterranea-gastronoma\/","name":"Valencia Mediterr\u00e1nea Gastr\u00f3noma","isPartOf":{"@id":"https:\/\/vlchost.com\/#website"},"datePublished":"2022-11-14T06:57:06+00:00","dateModified":"2022-11-14T06:57:07+00:00","description":"Valencia,n\u00facleo gastron\u00f3mico mundial. Los d\u00edas 13,14 y 15 Feria de Valencia acoger\u00e1 el evento Mediterr\u00e1nea Gastr\u00f3noma en Feria de Valencia.","breadcrumb":{"@id":"https:\/\/vlchost.com\/noticias\/valencia-mediterranea-gastronoma\/#breadcrumb"},"inLanguage":"en-US","potentialAction":[{"@type":"ReadAction","target":["https:\/\/vlchost.com\/noticias\/valencia-mediterranea-gastronoma\/"]}]},{"@type":"BreadcrumbList","@id":"https:\/\/vlchost.com\/noticias\/valencia-mediterranea-gastronoma\/#breadcrumb","itemListElement":[{"@type":"ListItem","position":1,"name":"Portada","item":"https:\/\/vlchost.com\/"},{"@type":"ListItem","position":2,"name":"Valencia n\u00facleo gastron\u00f3mico mundial"}]},{"@type":"WebSite","@id":"https:\/\/vlchost.com\/#website","url":"https:\/\/vlchost.com\/","name":"VLC Host","description":"Alquiler de alojamientos tur\u00edsticos","publisher":{"@id":"https:\/\/vlchost.com\/#organization"},"potentialAction":[{"@type":"SearchAction","target":{"@type":"EntryPoint","urlTemplate":"https:\/\/vlchost.com\/?s={search_term_string}"},"query-input":"required name=search_term_string"}],"inLanguage":"en-US"},{"@type":"Organization","@id":"https:\/\/vlchost.com\/#organization","name":"VLC Host - Nomad Life","url":"https:\/\/vlchost.com\/","logo":{"@type":"ImageObject","inLanguage":"en-US","@id":"https:\/\/vlchost.com\/#\/schema\/logo\/image\/","url":"https:\/\/vlchost.com\/wp-content\/uploads\/cropped-alquiler-apartamentos-VLCHOST.png","contentUrl":"https:\/\/vlchost.com\/wp-content\/uploads\/cropped-alquiler-apartamentos-VLCHOST.png","width":512,"height":512,"caption":"VLC Host - Nomad Life"},"image":{"@id":"https:\/\/vlchost.com\/#\/schema\/logo\/image\/"},"sameAs":["https:\/\/www.facebook.com\/VLCHost.HappyToHostYou","https:\/\/www.instagram.com\/vlchost\/"]},{"@type":"Person","@id":"https:\/\/vlchost.com\/#\/schema\/person\/782a12abb83614fa9849b9497b619679","name":"VCL","image":{"@type":"ImageObject","inLanguage":"en-US","@id":"https:\/\/vlchost.com\/#\/schema\/person\/image\/","url":"https:\/\/secure.gravatar.com\/avatar\/e2154249541e31d72b1e613335475cddc540ebd9e29ec5224763cf04738da599?s=96&d=mm&r=g","contentUrl":"https:\/\/secure.gravatar.com\/avatar\/e2154249541e31d72b1e613335475cddc540ebd9e29ec5224763cf04738da599?s=96&d=mm&r=g","caption":"VCL"},"url":"https:\/\/vlchost.com\/en\/author\/vlchost-user\/"}]}},"_links":{"self":[{"href":"https:\/\/vlchost.com\/en\/wp-json\/wp\/v2\/posts\/3226","targetHints":{"allow":["GET"]}}],"collection":[{"href":"https:\/\/vlchost.com\/en\/wp-json\/wp\/v2\/posts"}],"about":[{"href":"https:\/\/vlchost.com\/en\/wp-json\/wp\/v2\/types\/post"}],"author":[{"embeddable":true,"href":"https:\/\/vlchost.com\/en\/wp-json\/wp\/v2\/users\/4"}],"replies":[{"embeddable":true,"href":"https:\/\/vlchost.com\/en\/wp-json\/wp\/v2\/comments?post=3226"}],"version-history":[{"count":19,"href":"https:\/\/vlchost.com\/en\/wp-json\/wp\/v2\/posts\/3226\/revisions"}],"predecessor-version":[{"id":3261,"href":"https:\/\/vlchost.com\/en\/wp-json\/wp\/v2\/posts\/3226\/revisions\/3261"}],"wp:featuredmedia":[{"embeddable":true,"href":"https:\/\/vlchost.com\/en\/wp-json\/wp\/v2\/media\/3229"}],"wp:attachment":[{"href":"https:\/\/vlchost.com\/en\/wp-json\/wp\/v2\/media?parent=3226"}],"wp:term":[{"taxonomy":"category","embeddable":true,"href":"https:\/\/vlchost.com\/en\/wp-json\/wp\/v2\/categories?post=3226"},{"taxonomy":"post_tag","embeddable":true,"href":"https:\/\/vlchost.com\/en\/wp-json\/wp\/v2\/tags?post=3226"}],"curies":[{"name":"wp","href":"https:\/\/api.w.org\/{rel}","templated":true}]}}