{"id":3308,"date":"2022-11-30T11:45:58","date_gmt":"2022-11-30T10:45:58","guid":{"rendered":"http:\/\/vlchost.com\/?p=3308"},"modified":"2022-11-30T11:45:59","modified_gmt":"2022-11-30T10:45:59","slug":"mercados-de-navidad-en-valencia","status":"publish","type":"post","link":"https:\/\/vlchost.com\/en\/noticias\/mercados-de-navidad-en-valencia\/","title":{"rendered":"Mercados de Navidad en Valencia"},"content":{"rendered":"<div data-elementor-type=\"wp-post\" data-elementor-id=\"3308\" class=\"elementor elementor-3308\" data-elementor-post-type=\"post\">\n\t\t\t\t\t\t<section class=\"elementor-section elementor-top-section elementor-element elementor-element-5b5bc10 elementor-section-boxed elementor-section-height-default elementor-section-height-default\" data-id=\"5b5bc10\" data-element_type=\"section\">\n\t\t\t\t\t\t<div class=\"elementor-container elementor-column-gap-default\">\n\t\t\t\t\t<div class=\"elementor-column elementor-col-100 elementor-top-column elementor-element elementor-element-48be2be\" data-id=\"48be2be\" data-element_type=\"column\">\n\t\t\t<div class=\"elementor-widget-wrap elementor-element-populated\">\n\t\t\t\t\t\t<div class=\"elementor-element elementor-element-32168fd elementor-widget elementor-widget-text-editor\" data-id=\"32168fd\" data-element_type=\"widget\" data-widget_type=\"text-editor.default\">\n\t\t\t\t<div class=\"elementor-widget-container\">\n\t\t\t<style>\/*! elementor - v3.19.0 - 28-02-2024 *\/\n.elementor-widget-text-editor.elementor-drop-cap-view-stacked .elementor-drop-cap{background-color:#69727d;color:#fff}.elementor-widget-text-editor.elementor-drop-cap-view-framed .elementor-drop-cap{color:#69727d;border:3px solid;background-color:transparent}.elementor-widget-text-editor:not(.elementor-drop-cap-view-default) .elementor-drop-cap{margin-top:8px}.elementor-widget-text-editor:not(.elementor-drop-cap-view-default) .elementor-drop-cap-letter{width:1em;height:1em}.elementor-widget-text-editor .elementor-drop-cap{float:left;text-align:center;line-height:1;font-size:50px}.elementor-widget-text-editor .elementor-drop-cap-letter{display:inline-block}<\/style>\t\t\t\t<h2 style=\"text-align: justify;\"><span style=\"background-color: var( --e-global-color-4d36fe1e ); color: var(--ast-global-color-3); font-size: 17.6px; font-style: inherit; font-weight: inherit; text-align: start;\"><font style=\"vertical-align: inherit;\"><font style=\"vertical-align: inherit;\"><font style=\"vertical-align: inherit;\"><font style=\"vertical-align: inherit;\"><font style=\"vertical-align: inherit;\"><font style=\"vertical-align: inherit;\">Los mejores mercados de Navidad en Valencia<\/font><\/font><\/font><\/font><\/font><\/font><\/span><\/h2>\n<div><span style=\"background-color: var( --e-global-color-4d36fe1e ); color: var(--ast-global-color-3); font-size: 17.6px; font-style: inherit; font-weight: inherit; text-align: start;\">&nbsp;<\/span><\/div>\n<p style=\"text-align: justify;\"><span style=\"background-color: var( --e-global-color-4d36fe1e ); color: var(--ast-global-color-3); font-size: 17.6px; font-style: inherit; font-weight: inherit; text-align: start;\"><font style=\"vertical-align: inherit;\"><font style=\"vertical-align: inherit;\"><font style=\"vertical-align: inherit;\"><font style=\"vertical-align: inherit;\"><font style=\"vertical-align: inherit;\"><font style=\"vertical-align: inherit;\">Durante el mes de diciembre y parte enero encontramos varios mercados de Navidad en Valencia. <\/font><\/font><\/font><\/font><\/font><font style=\"vertical-align: inherit;\"><font style=\"vertical-align: inherit;\"><font style=\"vertical-align: inherit;\"><font style=\"vertical-align: inherit;\"><font style=\"vertical-align: inherit;\">La ciudad se llena de luces, adornos navide\u00f1os y puestos en los que encontrar los regalos m\u00e1s originales.<\/font><\/font><\/font><\/font><\/font><\/font><\/span><\/p>\n<p><strong style=\"color: #00a03e; font-family: Poppins; font-size: 18px; font-style: inherit; background-color: var( --e-global-color-4d36fe1e );\"><span style=\"vertical-align: inherit;\"><span style=\"vertical-align: inherit;\"><span style=\"vertical-align: inherit;\"><span style=\"vertical-align: inherit;\"><span style=\"vertical-align: inherit;\"><span style=\"vertical-align: inherit;\"><span style=\"vertical-align: inherit;\"><span style=\"vertical-align: inherit;\"><span style=\"vertical-align: inherit;\"><span style=\"vertical-align: inherit;\"><span style=\"vertical-align: inherit;\"><span style=\"vertical-align: inherit;\"><span style=\"vertical-align: inherit;\"><span style=\"vertical-align: inherit;\"><span style=\"vertical-align: inherit;\"><span style=\"vertical-align: inherit;\"><span style=\"vertical-align: inherit;\"><span style=\"vertical-align: inherit;\"><span style=\"vertical-align: inherit;\"><span style=\"vertical-align: inherit;\"><span style=\"vertical-align: inherit;\"><span style=\"vertical-align: inherit;\"><span style=\"vertical-align: inherit;\"><span style=\"vertical-align: inherit;\"><span style=\"vertical-align: inherit;\"><span style=\"vertical-align: inherit;\"><span style=\"vertical-align: inherit;\"><span style=\"vertical-align: inherit;\"><span style=\"vertical-align: inherit;\"><span style=\"vertical-align: inherit;\"><span style=\"vertical-align: inherit;\"><span style=\"vertical-align: inherit;\"><span style=\"vertical-align: inherit;\"><span style=\"vertical-align: inherit;\"><span style=\"vertical-align: inherit;\"><span style=\"vertical-align: inherit;\"><span style=\"vertical-align: inherit;\"><span style=\"vertical-align: inherit;\"><span style=\"vertical-align: inherit;\"><span style=\"vertical-align: inherit;\"><span style=\"vertical-align: inherit;\"><span style=\"vertical-align: inherit;\"><font style=\"vertical-align: inherit;\"><font style=\"vertical-align: inherit;\"><font style=\"vertical-align: inherit;\"><font style=\"vertical-align: inherit;\"><font style=\"vertical-align: inherit;\"><font style=\"vertical-align: inherit;\">Mercados de Navidad en Valencia que no te puedes perder:<\/font><\/font><\/font><\/font><\/font><\/font><\/span><\/span><\/span><\/span><\/span><\/span><\/span><\/span><\/span><\/span><\/span><\/span><\/span><\/span><\/span><\/span><\/span><\/span><\/span><\/span><\/span><\/span><\/span><\/span><\/span><\/span><\/span><\/span><\/span><\/span><\/span><\/span><\/span><\/span><\/span><\/span><\/span><\/span><\/span><\/span><\/span><\/span><\/strong><\/p>\n<p><b><font style=\"vertical-align: inherit;\"><font style=\"vertical-align: inherit;\"><font style=\"vertical-align: inherit;\"><font style=\"vertical-align: inherit;\"><font style=\"vertical-align: inherit;\"><font style=\"vertical-align: inherit;\">-La Feria de artesan\u00eda en la Plaza de la Reina,&nbsp;<\/font><\/font><\/font><\/font><\/font><\/font><\/b><font style=\"vertical-align: inherit;\"><font style=\"vertical-align: inherit;\"><font style=\"vertical-align: inherit;\"><font style=\"vertical-align: inherit;\"><font style=\"vertical-align: inherit;\"><font style=\"vertical-align: inherit;\">entre el 25 de noviembre y el 8 de enero, m<\/font><\/font><\/font><\/font><\/font><font style=\"vertical-align: inherit;\"><font style=\"vertical-align: inherit;\"><font style=\"vertical-align: inherit;\"><font style=\"vertical-align: inherit;\"><font style=\"vertical-align: inherit;\">\u00e1s de 30 puestos de diferentes artistas y artesanos locales ofrecer\u00e1n cientos de regalos tradicionales a los visitantes.<\/font><\/font><\/font><\/font><\/font><\/font><\/p>\n<p><span style=\"font-size: 17.6px; font-style: inherit; background-color: var( --e-global-color-4d36fe1e ); color: var(--ast-global-color-3);\"><b><font style=\"vertical-align: inherit;\"><font style=\"vertical-align: inherit;\"><font style=\"vertical-align: inherit;\"><font style=\"vertical-align: inherit;\"><font style=\"vertical-align: inherit;\"><font style=\"vertical-align: inherit;\">-El M<\/font><\/font><\/font><\/font><\/font><\/font><\/b><\/span><span style=\"font-size: 17.6px; font-style: inherit; background-color: var( --e-global-color-4d36fe1e ); color: var(--ast-global-color-3);\"><b><font style=\"vertical-align: inherit;\"><font style=\"vertical-align: inherit;\"><font style=\"vertical-align: inherit;\"><font style=\"vertical-align: inherit;\"><font style=\"vertical-align: inherit;\"><font style=\"vertical-align: inherit;\">ercado de Navidad de la Ciudad de las Artes y las Ciencias,&nbsp;<\/font><\/font><\/font><\/font><\/font><\/font><\/b><\/span><span style=\"font-size: 17.6px; font-style: inherit; font-weight: inherit; background-color: var( --e-global-color-4d36fe1e ); color: var(--ast-global-color-3);\"><font style=\"vertical-align: inherit;\"><font style=\"vertical-align: inherit;\"><font style=\"vertical-align: inherit;\"><font style=\"vertical-align: inherit;\"><font style=\"vertical-align: inherit;\"><font style=\"vertical-align: inherit;\">situado en la planta baja del edificio Umbracle, desde el 16 de diciembre hasta el 8 de enero, se convierte en el lugar ideal para un d\u00eda en familia gracias a su amplio&nbsp; <\/font><\/font><\/font><\/font><\/font><\/font><\/span><a href=\"https:\/\/www.cac.es\/es\/web\/navidad\/programa.html\" target=\"_blank\" rel=\"noopener\"><font style=\"vertical-align: inherit;\"><font style=\"vertical-align: inherit;\"><font style=\"vertical-align: inherit;\"><font style=\"vertical-align: inherit;\"><font style=\"vertical-align: inherit;\"><font style=\"vertical-align: inherit;\">programa de actividades<\/font><\/font><\/font><\/font><\/font><\/font><\/a><font style=\"vertical-align: inherit;\"><font style=\"vertical-align: inherit;\"><font style=\"vertical-align: inherit;\"><font style=\"vertical-align: inherit;\">.<\/font><\/font><\/font><\/font><\/p>\n<p>&#8211;<a href=\"https:\/\/mercadodetapineria.com\/agenda\/hohoho_2022_23\/\" target=\"_blank\" rel=\"noopener\"><b><font style=\"vertical-align: inherit;\"><font style=\"vertical-align: inherit;\"><font style=\"vertical-align: inherit;\"><font style=\"vertical-align: inherit;\"><font style=\"vertical-align: inherit;\"><font style=\"vertical-align: inherit;\">Mercat de Nadal de Tapiner\u00eda<\/font><\/font><\/font><\/font><\/font><\/font><\/b><\/a><font style=\"vertical-align: inherit;\"><font style=\"vertical-align: inherit;\"><font style=\"vertical-align: inherit;\"><font style=\"vertical-align: inherit;\"><font style=\"vertical-align: inherit;\"><font style=\"vertical-align: inherit;\"> , del 21 de diciembre al 5 de enero, el<\/font><\/font><\/font><\/font><\/font><a href=\"https:\/\/mercadodetapineria.com\/agenda\/hohoho_2022_23\/\" target=\"_blank\"><font style=\"vertical-align: inherit;\"><font style=\"vertical-align: inherit;\"><font style=\"vertical-align: inherit;\"><font style=\"vertical-align: inherit;\"><font style=\"vertical-align: inherit;\"><i> Ho,ho,ho! <\/i><\/font><\/font><\/font><\/font><\/font><\/a><font style=\"vertical-align: inherit;\"><font style=\"vertical-align: inherit;\"><font style=\"vertical-align: inherit;\"><font style=\"vertical-align: inherit;\"><font style=\"vertical-align: inherit;\">une arte y gastronom\u00eda en un mismo espacio, un mercado con mucho flow que estar\u00e1 abierto de 11h a 21h non stop.<\/font><\/font><\/font><\/font><\/font><\/font><font style=\"vertical-align: inherit;\"><\/font><\/p>\n<p><b style=\"font-size: 17.6px; font-style: inherit; background-color: var( --e-global-color-4d36fe1e ); color: var(--ast-global-color-3);\"><font style=\"vertical-align: inherit;\"><font style=\"vertical-align: inherit;\"><font style=\"vertical-align: inherit;\"><font style=\"vertical-align: inherit;\"><font style=\"vertical-align: inherit;\"><font style=\"vertical-align: inherit;\">-Fira de Nadal del Llu\u00eds Vives, <\/font><\/font><\/font><\/font><\/font><\/font><\/b><span style=\"font-size: 17.6px; font-style: inherit; font-weight: inherit; background-color: var( --e-global-color-4d36fe1e ); color: var(--ast-global-color-3);\"><font style=\"vertical-align: inherit;\"><font style=\"vertical-align: inherit;\"><font style=\"vertical-align: inherit;\"><font style=\"vertical-align: inherit;\"><font style=\"vertical-align: inherit;\"><font style=\"vertical-align: inherit;\">como cada a\u00f1o los estudiantes del IES Luis Vives abren sus puertas el 23 de diciembre para ofrecer su mercado navide\u00f1o. <\/font><\/font><\/font><\/font><\/font><font style=\"vertical-align: inherit;\"><font style=\"vertical-align: inherit;\"><font style=\"vertical-align: inherit;\"><font style=\"vertical-align: inherit;\"><font style=\"vertical-align: inherit;\">Una buena opci\u00f3n si te encuentras de compras en el centro de Valencia.&nbsp;<\/font><\/font><\/font><\/font><\/font><\/font><\/span><\/p>\n<p><b><font style=\"vertical-align: inherit;\"><font style=\"vertical-align: inherit;\"><font style=\"vertical-align: inherit;\"><font style=\"vertical-align: inherit;\"><font style=\"vertical-align: inherit;\"><font style=\"vertical-align: inherit;\">-Mercado de Reyes del Cabanyal<\/font><\/font><\/font><\/font><\/font><\/font><\/b><font style=\"vertical-align: inherit;\"><font style=\"vertical-align: inherit;\"><font style=\"vertical-align: inherit;\"><font style=\"vertical-align: inherit;\"><font style=\"vertical-align: inherit;\"><font style=\"vertical-align: inherit;\">, e<\/font><\/font><\/font><\/font><\/font><font style=\"vertical-align: inherit;\"><font style=\"vertical-align: inherit;\"><font style=\"vertical-align: inherit;\"><font style=\"vertical-align: inherit;\"><font style=\"vertical-align: inherit;\">l tradicional barrio se llena de puestos navide\u00f1os entre los d\u00edas 3 y 6 de enero. <\/font><font style=\"vertical-align: inherit;\">Adem\u00e1s, el d\u00eda 5&nbsp;<\/font><\/font><\/font><\/font><\/font><font style=\"vertical-align: inherit;\"><font style=\"vertical-align: inherit;\"><font style=\"vertical-align: inherit;\"><font style=\"vertical-align: inherit;\"><font style=\"vertical-align: inherit;\">ampl\u00eda su horario se amplia hasta las 5 de la ma\u00f1ana.<\/font><\/font><\/font><\/font><\/font><\/font><\/p>\n<p><span style=\"color: #00a03e; font-family: Poppins; font-size: 18px; font-weight: bold; background-color: var( --e-global-color-4d36fe1e );\"><font style=\"vertical-align: inherit;\"><font style=\"vertical-align: inherit;\"><font style=\"vertical-align: inherit;\"><font style=\"vertical-align: inherit;\"><font style=\"vertical-align: inherit;\"><font style=\"vertical-align: inherit;\">\u00bfC\u00f3mo llegar?<\/font><\/font><\/font><\/font><\/font><\/font><\/span><\/p>\n<div>\n<p><font style=\"vertical-align: inherit;\"><font style=\"vertical-align: inherit;\"><font style=\"vertical-align: inherit;\"><font style=\"vertical-align: inherit;\"><font style=\"vertical-align: inherit;\"><font style=\"vertical-align: inherit;\">Los mercados de la Plaza de la Reina, Tapiner\u00eda y el del Llu\u00eds Vives, situados en la zona central, a 10 minutos andando desde la parada de metro X\u00e1tiva (l\u00ednea 3,5 y 9).&nbsp;<\/font><\/font><\/font><\/font><\/font><\/font><\/p>\n<p><font style=\"vertical-align: inherit;\"><font style=\"vertical-align: inherit;\"><font style=\"vertical-align: inherit;\"><font style=\"vertical-align: inherit;\"><font style=\"vertical-align: inherit;\"><font style=\"vertical-align: inherit;\">En el caso del <\/font><\/font><\/font><\/font><\/font><\/font><span style=\"font-size: 17.6px; font-style: inherit; font-weight: inherit; background-color: var( --e-global-color-4d36fe1e ); color: var(--ast-global-color-3);\"><font style=\"vertical-align: inherit;\"><font style=\"vertical-align: inherit;\"><font style=\"vertical-align: inherit;\"><font style=\"vertical-align: inherit;\"><font style=\"vertical-align: inherit;\"><font style=\"vertical-align: inherit;\">&nbsp;Mercado del Cabanyal y la Ciudad de las Artes y la Ciencias recomendamos el uso de metro, l\u00edneas 4 y5 para el Cabanyal y l\u00ednea 10 para llegar a Umbracle.<\/font><\/font><\/font><\/font><\/font><\/font><\/span><\/p>\n<\/div>\n<p style=\"text-align: start;\"><span style=\"vertical-align: inherit;\"><span style=\"vertical-align: inherit;\"><font style=\"vertical-align: inherit;\"><font style=\"vertical-align: inherit;\"><font style=\"vertical-align: inherit;\"><font style=\"vertical-align: inherit;\"><font style=\"vertical-align: inherit;\"><font style=\"vertical-align: inherit;\">Desde&nbsp;   <\/font><\/font><\/font><\/font><\/font><\/font><a href=\"http:\/\/vlchost.com\/en\/alojamientos-valencia-reserva\/\" target=\"_blank\"><font style=\"vertical-align: inherit;\"><font style=\"vertical-align: inherit;\"><font style=\"vertical-align: inherit;\"><font style=\"vertical-align: inherit;\"><font style=\"vertical-align: inherit;\"><font style=\"vertical-align: inherit;\">VLC Host<\/font><\/font><\/font><\/font><\/font><\/font><\/a><font style=\"vertical-align: inherit;\"><font style=\"vertical-align: inherit;\"><font style=\"vertical-align: inherit;\"><font style=\"vertical-align: inherit;\"><font style=\"vertical-align: inherit;\"><font style=\"vertical-align: inherit;\">   &nbsp;te animamos a descubrir la ciudad y gestionamos apartamentos de alquiler en Valencia para n\u00f3madas y vividores como t\u00fa.&nbsp;<\/font><\/font><\/font><\/font><\/font><\/font><\/span><\/span><\/p>\n<p style=\"text-align: start;\"><span style=\"vertical-align: inherit;\"><span style=\"vertical-align: inherit;\"><font style=\"vertical-align: inherit;\"><font style=\"vertical-align: inherit;\"><font style=\"vertical-align: inherit;\"><font style=\"vertical-align: inherit;\"><font style=\"vertical-align: inherit;\"><font style=\"vertical-align: inherit;\">Escr\u00edbenos a reservas@vlcinvest.com o si te resulta m\u00e1s c\u00f3modo +34 665 158 187<\/font><\/font><\/font><\/font><\/font><\/font><\/span><\/span><\/p>\t\t\t\t\t\t<\/div>\n\t\t\t\t<\/div>\n\t\t\t\t\t<\/div>\n\t\t<\/div>\n\t\t\t\t\t<\/div>\n\t\t<\/section>\n\t\t\t\t<\/div>","protected":false},"excerpt":{"rendered":"<p>Durante el mes de diciembre y principios de enero habr\u00e1 diversos mercados de Navidad en Valencia, ofreciendo los regalos m\u00e1s originales.<\/p>","protected":false},"author":4,"featured_media":3309,"comment_status":"open","ping_status":"open","sticky":false,"template":"","format":"standard","meta":{"footnotes":""},"categories":[13,16,14,19,11],"tags":[27,28,36,25,37],"class_list":["post-3308","post","type-post","status-publish","format-standard","has-post-thumbnail","hentry","category-actividades","category-cultura","category-eventos","category-love-valencia","category-noticias","tag-alquilervalencia","tag-apartamentosvalencia","tag-mercadosnavidad","tag-valencia","tag-navidadvalencia"],"yoast_head":"<!-- This site is optimized with the Yoast SEO plugin v21.5 - https:\/\/yoast.com\/wordpress\/plugins\/seo\/ -->\n<title>Mercados de Navidad en Valencia<\/title>\n<meta name=\"description\" content=\"Durante el mes de diciembre y principios de enero habr\u00e1 diversos mercados de Navidad en Valencia, ofreciendo los regalos m\u00e1s originales.\" \/>\n<meta name=\"robots\" content=\"index, follow, max-snippet:-1, max-image-preview:large, max-video-preview:-1\" \/>\n<link rel=\"canonical\" href=\"https:\/\/vlchost.com\/en\/noticias\/mercados-de-navidad-en-valencia\/\" \/>\n<meta property=\"og:locale\" content=\"en_US\" \/>\n<meta property=\"og:type\" content=\"article\" \/>\n<meta property=\"og:title\" content=\"Mercados de Navidad en Valencia\" \/>\n<meta property=\"og:description\" content=\"Durante el mes de diciembre y principios de enero habr\u00e1 diversos mercados de Navidad en Valencia, ofreciendo los regalos m\u00e1s originales.\" \/>\n<meta property=\"og:url\" content=\"https:\/\/vlchost.com\/en\/noticias\/mercados-de-navidad-en-valencia\/\" \/>\n<meta property=\"og:site_name\" content=\"VLC Host\" \/>\n<meta property=\"article:publisher\" content=\"https:\/\/www.facebook.com\/VLCHost.HappyToHostYou\" \/>\n<meta property=\"article:published_time\" content=\"2022-11-30T10:45:58+00:00\" \/>\n<meta property=\"article:modified_time\" content=\"2022-11-30T10:45:59+00:00\" \/>\n<meta property=\"og:image\" content=\"https:\/\/vlchost.com\/wp-content\/uploads\/mercados-de-navidad-en-valencia.png\" \/>\n\t<meta property=\"og:image:width\" content=\"1200\" \/>\n\t<meta property=\"og:image:height\" content=\"800\" \/>\n\t<meta property=\"og:image:type\" content=\"image\/png\" \/>\n<meta name=\"author\" content=\"VCL\" \/>\n<meta name=\"twitter:card\" content=\"summary_large_image\" \/>\n<meta name=\"twitter:label1\" content=\"Written by\" \/>\n\t<meta name=\"twitter:data1\" content=\"VCL\" \/>\n\t<meta name=\"twitter:label2\" content=\"Est. reading time\" \/>\n\t<meta name=\"twitter:data2\" content=\"2 minutes\" \/>\n<script type=\"application\/ld+json\" class=\"yoast-schema-graph\">{\"@context\":\"https:\/\/schema.org\",\"@graph\":[{\"@type\":\"Article\",\"@id\":\"https:\/\/vlchost.com\/noticias\/mercados-de-navidad-en-valencia\/#article\",\"isPartOf\":{\"@id\":\"https:\/\/vlchost.com\/noticias\/mercados-de-navidad-en-valencia\/\"},\"author\":{\"name\":\"VCL\",\"@id\":\"https:\/\/vlchost.com\/#\/schema\/person\/782a12abb83614fa9849b9497b619679\"},\"headline\":\"Mercados de Navidad en Valencia\",\"datePublished\":\"2022-11-30T10:45:58+00:00\",\"dateModified\":\"2022-11-30T10:45:59+00:00\",\"mainEntityOfPage\":{\"@id\":\"https:\/\/vlchost.com\/noticias\/mercados-de-navidad-en-valencia\/\"},\"wordCount\":385,\"commentCount\":0,\"publisher\":{\"@id\":\"https:\/\/vlchost.com\/#organization\"},\"keywords\":[\"#alquilervalencia\",\"#apartamentosvalencia\",\"#mercadosnavidad\",\"#valencia\",\"navidadvalencia\"],\"articleSection\":[\"Actividades\",\"Cultura\",\"Eventos\",\"Love Valencia\",\"Noticias\"],\"inLanguage\":\"en-US\"},{\"@type\":\"WebPage\",\"@id\":\"https:\/\/vlchost.com\/noticias\/mercados-de-navidad-en-valencia\/\",\"url\":\"https:\/\/vlchost.com\/noticias\/mercados-de-navidad-en-valencia\/\",\"name\":\"Mercados de Navidad en Valencia\",\"isPartOf\":{\"@id\":\"https:\/\/vlchost.com\/#website\"},\"datePublished\":\"2022-11-30T10:45:58+00:00\",\"dateModified\":\"2022-11-30T10:45:59+00:00\",\"description\":\"Durante el mes de diciembre y principios de enero habr\u00e1 diversos mercados de Navidad en Valencia, ofreciendo los regalos m\u00e1s originales.\",\"breadcrumb\":{\"@id\":\"https:\/\/vlchost.com\/noticias\/mercados-de-navidad-en-valencia\/#breadcrumb\"},\"inLanguage\":\"en-US\",\"potentialAction\":[{\"@type\":\"ReadAction\",\"target\":[\"https:\/\/vlchost.com\/noticias\/mercados-de-navidad-en-valencia\/\"]}]},{\"@type\":\"BreadcrumbList\",\"@id\":\"https:\/\/vlchost.com\/noticias\/mercados-de-navidad-en-valencia\/#breadcrumb\",\"itemListElement\":[{\"@type\":\"ListItem\",\"position\":1,\"name\":\"Portada\",\"item\":\"https:\/\/vlchost.com\/\"},{\"@type\":\"ListItem\",\"position\":2,\"name\":\"Mercados de Navidad en Valencia\"}]},{\"@type\":\"WebSite\",\"@id\":\"https:\/\/vlchost.com\/#website\",\"url\":\"https:\/\/vlchost.com\/\",\"name\":\"VLC Host\",\"description\":\"Alquiler de alojamientos tur\u00edsticos\",\"publisher\":{\"@id\":\"https:\/\/vlchost.com\/#organization\"},\"potentialAction\":[{\"@type\":\"SearchAction\",\"target\":{\"@type\":\"EntryPoint\",\"urlTemplate\":\"https:\/\/vlchost.com\/?s={search_term_string}\"},\"query-input\":\"required name=search_term_string\"}],\"inLanguage\":\"en-US\"},{\"@type\":\"Organization\",\"@id\":\"https:\/\/vlchost.com\/#organization\",\"name\":\"VLC Host - Nomad Life\",\"url\":\"https:\/\/vlchost.com\/\",\"logo\":{\"@type\":\"ImageObject\",\"inLanguage\":\"en-US\",\"@id\":\"https:\/\/vlchost.com\/#\/schema\/logo\/image\/\",\"url\":\"https:\/\/vlchost.com\/wp-content\/uploads\/cropped-alquiler-apartamentos-VLCHOST.png\",\"contentUrl\":\"https:\/\/vlchost.com\/wp-content\/uploads\/cropped-alquiler-apartamentos-VLCHOST.png\",\"width\":512,\"height\":512,\"caption\":\"VLC Host - Nomad Life\"},\"image\":{\"@id\":\"https:\/\/vlchost.com\/#\/schema\/logo\/image\/\"},\"sameAs\":[\"https:\/\/www.facebook.com\/VLCHost.HappyToHostYou\",\"https:\/\/www.instagram.com\/vlchost\/\"]},{\"@type\":\"Person\",\"@id\":\"https:\/\/vlchost.com\/#\/schema\/person\/782a12abb83614fa9849b9497b619679\",\"name\":\"VCL\",\"image\":{\"@type\":\"ImageObject\",\"inLanguage\":\"en-US\",\"@id\":\"https:\/\/vlchost.com\/#\/schema\/person\/image\/\",\"url\":\"https:\/\/secure.gravatar.com\/avatar\/e2154249541e31d72b1e613335475cddc540ebd9e29ec5224763cf04738da599?s=96&d=mm&r=g\",\"contentUrl\":\"https:\/\/secure.gravatar.com\/avatar\/e2154249541e31d72b1e613335475cddc540ebd9e29ec5224763cf04738da599?s=96&d=mm&r=g\",\"caption\":\"VCL\"},\"url\":\"https:\/\/vlchost.com\/en\/author\/vlchost-user\/\"}]}<\/script>\n<!-- \/ Yoast SEO plugin. -->","yoast_head_json":{"title":"Mercados de Navidad en Valencia","description":"Durante el mes de diciembre y principios de enero habr\u00e1 diversos mercados de Navidad en Valencia, ofreciendo los regalos m\u00e1s originales.","robots":{"index":"index","follow":"follow","max-snippet":"max-snippet:-1","max-image-preview":"max-image-preview:large","max-video-preview":"max-video-preview:-1"},"canonical":"https:\/\/vlchost.com\/en\/noticias\/mercados-de-navidad-en-valencia\/","og_locale":"en_US","og_type":"article","og_title":"Mercados de Navidad en Valencia","og_description":"Durante el mes de diciembre y principios de enero habr\u00e1 diversos mercados de Navidad en Valencia, ofreciendo los regalos m\u00e1s originales.","og_url":"https:\/\/vlchost.com\/en\/noticias\/mercados-de-navidad-en-valencia\/","og_site_name":"VLC Host","article_publisher":"https:\/\/www.facebook.com\/VLCHost.HappyToHostYou","article_published_time":"2022-11-30T10:45:58+00:00","article_modified_time":"2022-11-30T10:45:59+00:00","og_image":[{"width":1200,"height":800,"url":"https:\/\/vlchost.com\/wp-content\/uploads\/mercados-de-navidad-en-valencia.png","type":"image\/png"}],"author":"VCL","twitter_card":"summary_large_image","twitter_misc":{"Written by":"VCL","Est. reading time":"2 minutes"},"schema":{"@context":"https:\/\/schema.org","@graph":[{"@type":"Article","@id":"https:\/\/vlchost.com\/noticias\/mercados-de-navidad-en-valencia\/#article","isPartOf":{"@id":"https:\/\/vlchost.com\/noticias\/mercados-de-navidad-en-valencia\/"},"author":{"name":"VCL","@id":"https:\/\/vlchost.com\/#\/schema\/person\/782a12abb83614fa9849b9497b619679"},"headline":"Mercados de Navidad en Valencia","datePublished":"2022-11-30T10:45:58+00:00","dateModified":"2022-11-30T10:45:59+00:00","mainEntityOfPage":{"@id":"https:\/\/vlchost.com\/noticias\/mercados-de-navidad-en-valencia\/"},"wordCount":385,"commentCount":0,"publisher":{"@id":"https:\/\/vlchost.com\/#organization"},"keywords":["#alquilervalencia","#apartamentosvalencia","#mercadosnavidad","#valencia","navidadvalencia"],"articleSection":["Actividades","Cultura","Eventos","Love Valencia","Noticias"],"inLanguage":"en-US"},{"@type":"WebPage","@id":"https:\/\/vlchost.com\/noticias\/mercados-de-navidad-en-valencia\/","url":"https:\/\/vlchost.com\/noticias\/mercados-de-navidad-en-valencia\/","name":"Mercados de Navidad en Valencia","isPartOf":{"@id":"https:\/\/vlchost.com\/#website"},"datePublished":"2022-11-30T10:45:58+00:00","dateModified":"2022-11-30T10:45:59+00:00","description":"Durante el mes de diciembre y principios de enero habr\u00e1 diversos mercados de Navidad en Valencia, ofreciendo los regalos m\u00e1s originales.","breadcrumb":{"@id":"https:\/\/vlchost.com\/noticias\/mercados-de-navidad-en-valencia\/#breadcrumb"},"inLanguage":"en-US","potentialAction":[{"@type":"ReadAction","target":["https:\/\/vlchost.com\/noticias\/mercados-de-navidad-en-valencia\/"]}]},{"@type":"BreadcrumbList","@id":"https:\/\/vlchost.com\/noticias\/mercados-de-navidad-en-valencia\/#breadcrumb","itemListElement":[{"@type":"ListItem","position":1,"name":"Portada","item":"https:\/\/vlchost.com\/"},{"@type":"ListItem","position":2,"name":"Mercados de Navidad en Valencia"}]},{"@type":"WebSite","@id":"https:\/\/vlchost.com\/#website","url":"https:\/\/vlchost.com\/","name":"VLC Host","description":"Alquiler de alojamientos tur\u00edsticos","publisher":{"@id":"https:\/\/vlchost.com\/#organization"},"potentialAction":[{"@type":"SearchAction","target":{"@type":"EntryPoint","urlTemplate":"https:\/\/vlchost.com\/?s={search_term_string}"},"query-input":"required name=search_term_string"}],"inLanguage":"en-US"},{"@type":"Organization","@id":"https:\/\/vlchost.com\/#organization","name":"VLC Host - Nomad Life","url":"https:\/\/vlchost.com\/","logo":{"@type":"ImageObject","inLanguage":"en-US","@id":"https:\/\/vlchost.com\/#\/schema\/logo\/image\/","url":"https:\/\/vlchost.com\/wp-content\/uploads\/cropped-alquiler-apartamentos-VLCHOST.png","contentUrl":"https:\/\/vlchost.com\/wp-content\/uploads\/cropped-alquiler-apartamentos-VLCHOST.png","width":512,"height":512,"caption":"VLC Host - Nomad Life"},"image":{"@id":"https:\/\/vlchost.com\/#\/schema\/logo\/image\/"},"sameAs":["https:\/\/www.facebook.com\/VLCHost.HappyToHostYou","https:\/\/www.instagram.com\/vlchost\/"]},{"@type":"Person","@id":"https:\/\/vlchost.com\/#\/schema\/person\/782a12abb83614fa9849b9497b619679","name":"VCL","image":{"@type":"ImageObject","inLanguage":"en-US","@id":"https:\/\/vlchost.com\/#\/schema\/person\/image\/","url":"https:\/\/secure.gravatar.com\/avatar\/e2154249541e31d72b1e613335475cddc540ebd9e29ec5224763cf04738da599?s=96&d=mm&r=g","contentUrl":"https:\/\/secure.gravatar.com\/avatar\/e2154249541e31d72b1e613335475cddc540ebd9e29ec5224763cf04738da599?s=96&d=mm&r=g","caption":"VCL"},"url":"https:\/\/vlchost.com\/en\/author\/vlchost-user\/"}]}},"_links":{"self":[{"href":"https:\/\/vlchost.com\/en\/wp-json\/wp\/v2\/posts\/3308","targetHints":{"allow":["GET"]}}],"collection":[{"href":"https:\/\/vlchost.com\/en\/wp-json\/wp\/v2\/posts"}],"about":[{"href":"https:\/\/vlchost.com\/en\/wp-json\/wp\/v2\/types\/post"}],"author":[{"embeddable":true,"href":"https:\/\/vlchost.com\/en\/wp-json\/wp\/v2\/users\/4"}],"replies":[{"embeddable":true,"href":"https:\/\/vlchost.com\/en\/wp-json\/wp\/v2\/comments?post=3308"}],"version-history":[{"count":103,"href":"https:\/\/vlchost.com\/en\/wp-json\/wp\/v2\/posts\/3308\/revisions"}],"predecessor-version":[{"id":3412,"href":"https:\/\/vlchost.com\/en\/wp-json\/wp\/v2\/posts\/3308\/revisions\/3412"}],"wp:featuredmedia":[{"embeddable":true,"href":"https:\/\/vlchost.com\/en\/wp-json\/wp\/v2\/media\/3309"}],"wp:attachment":[{"href":"https:\/\/vlchost.com\/en\/wp-json\/wp\/v2\/media?parent=3308"}],"wp:term":[{"taxonomy":"category","embeddable":true,"href":"https:\/\/vlchost.com\/en\/wp-json\/wp\/v2\/categories?post=3308"},{"taxonomy":"post_tag","embeddable":true,"href":"https:\/\/vlchost.com\/en\/wp-json\/wp\/v2\/tags?post=3308"}],"curies":[{"name":"wp","href":"https:\/\/api.w.org\/{rel}","templated":true}]}}