{"id":3418,"date":"2022-12-13T16:12:36","date_gmt":"2022-12-13T15:12:36","guid":{"rendered":"http:\/\/vlchost.com\/?p=3418"},"modified":"2023-01-26T16:58:30","modified_gmt":"2023-01-26T15:58:30","slug":"serial-parc-valencia","status":"publish","type":"post","link":"https:\/\/vlchost.com\/en\/noticias\/serial-parc-valencia\/","title":{"rendered":"Serial Parc Valencia: El ciclo de conciertos en los Parques de la ciudad"},"content":{"rendered":"<div data-elementor-type=\"wp-post\" data-elementor-id=\"3418\" class=\"elementor elementor-3418\" data-elementor-post-type=\"post\">\n\t\t\t\t\t\t<section class=\"elementor-section elementor-top-section elementor-element elementor-element-5b5bc10 elementor-section-boxed elementor-section-height-default elementor-section-height-default\" data-id=\"5b5bc10\" data-element_type=\"section\">\n\t\t\t\t\t\t<div class=\"elementor-container elementor-column-gap-default\">\n\t\t\t\t\t<div class=\"elementor-column elementor-col-100 elementor-top-column elementor-element elementor-element-48be2be\" data-id=\"48be2be\" data-element_type=\"column\">\n\t\t\t<div class=\"elementor-widget-wrap elementor-element-populated\">\n\t\t\t\t\t\t<div class=\"elementor-element elementor-element-32168fd elementor-widget elementor-widget-text-editor\" data-id=\"32168fd\" data-element_type=\"widget\" data-widget_type=\"text-editor.default\">\n\t\t\t\t<div class=\"elementor-widget-container\">\n\t\t\t<style>\/*! elementor - v3.19.0 - 28-02-2024 *\/\n.elementor-widget-text-editor.elementor-drop-cap-view-stacked .elementor-drop-cap{background-color:#69727d;color:#fff}.elementor-widget-text-editor.elementor-drop-cap-view-framed .elementor-drop-cap{color:#69727d;border:3px solid;background-color:transparent}.elementor-widget-text-editor:not(.elementor-drop-cap-view-default) .elementor-drop-cap{margin-top:8px}.elementor-widget-text-editor:not(.elementor-drop-cap-view-default) .elementor-drop-cap-letter{width:1em;height:1em}.elementor-widget-text-editor .elementor-drop-cap{float:left;text-align:center;line-height:1;font-size:50px}.elementor-widget-text-editor .elementor-drop-cap-letter{display:inline-block}<\/style>\t\t\t\t<p style=\"text-align: justify;\"><em><span style=\"background-color: var( --e-global-color-4d36fe1e ); color: var(--ast-global-color-3); font-size: 17.6px; font-weight: inherit; text-align: start;\"><span style=\"vertical-align: inherit;\"><span style=\"vertical-align: inherit;\"><span style=\"vertical-align: inherit;\"><span style=\"vertical-align: inherit;\"><span style=\"vertical-align: inherit;\"><span style=\"vertical-align: inherit;\">Serial Parc Valencia: El ciclo de conciertos en los Parques de la ciudad<\/span><\/span><\/span><\/span><\/span><\/span><\/span><\/em><\/p><p style=\"text-align: start;\">Serial Parc Valencia, es un proyecto de Agencia Distrito para explorar la ciudad a trav\u00e9s de su parques y una serie de conciertos en plena naturaleza urbana<\/p><h3><b style=\"font-style: inherit; background-color: var( --e-global-color-4d36fe1e );\"><span style=\"vertical-align: inherit;\"><span style=\"vertical-align: inherit;\"><span style=\"vertical-align: inherit;\"><span style=\"vertical-align: inherit;\"><span style=\"vertical-align: inherit;\"><span style=\"vertical-align: inherit;\"><span style=\"color: #00a03e; font-family: Poppins;\"><span style=\"font-size: 18px;\">Parques de la ciudad de valencia<\/span><\/span><\/span><\/span><\/span><\/span><\/span><\/span><\/b><\/h3><p><span style=\"font-size: 17.6px; font-style: inherit; color: var(--ast-global-color-3); background-color: var( --e-global-color-4d36fe1e );\"><span style=\"vertical-align: inherit;\"><span style=\"vertical-align: inherit;\"><span style=\"vertical-align: inherit;\"><span style=\"vertical-align: inherit;\"><span style=\"vertical-align: inherit;\"><span style=\"vertical-align: inherit;\">Como su nombre indica, el objetivo de Serial Parc es conocer Valencia visitando sus parques, en concreto los siguientes:<\/span><\/span><\/span><\/span><\/span><\/span><\/span><\/p><p>&#8211;<b><a href=\"https:\/\/mercadodetapineria.com\/agenda\/hohoho_2022_23\/\" target=\"_blank\" rel=\"noopener\"><span style=\"vertical-align: inherit;\"><span style=\"vertical-align: inherit;\"><span style=\"vertical-align: inherit;\"><span style=\"vertical-align: inherit;\"><span style=\"vertical-align: inherit;\"><span style=\"vertical-align: inherit;\">P<\/span><\/span><\/span><\/span><\/span><\/span><\/a>arc de l&#8217;Oest<\/b><span style=\"vertical-align: inherit;\"><span style=\"vertical-align: inherit;\"><span style=\"vertical-align: inherit;\"><span style=\"vertical-align: inherit;\"><span style=\"vertical-align: inherit;\"><span style=\"vertical-align: inherit;\"><b> <\/b>,\u00a0 construido en el antiguo cuartel del ejercito del aire. Su gran explanada hace las veces de auditorio para conciertos y diferentes actividades de entretenimiento.\u00a0\u00a0<\/span><\/span><\/span><\/span><\/span><\/span><\/p><p><b style=\"font-size: 17.6px; font-style: inherit; background-color: var( --e-global-color-4d36fe1e ); color: var(--ast-global-color-3);\"><span style=\"vertical-align: inherit;\"><span style=\"vertical-align: inherit;\"><span style=\"vertical-align: inherit;\"><span style=\"vertical-align: inherit;\"><span style=\"vertical-align: inherit;\"><span style=\"vertical-align: inherit;\">-Parc d&#8217;Orriols, <\/span><\/span><\/span><\/span><\/span><\/span><\/b><span style=\"font-size: 17.6px; font-style: inherit; font-weight: inherit; background-color: var( --e-global-color-4d36fe1e ); color: var(--ast-global-color-3);\"><span style=\"vertical-align: inherit;\"><span style=\"vertical-align: inherit;\"><span style=\"vertical-align: inherit;\"><span style=\"vertical-align: inherit;\"><span style=\"vertical-align: inherit;\"><span style=\"vertical-align: inherit;\">los estanques y los distintos tipos de especies de arboles, hacen de este parque uno de los m\u00e1s especiales de Valencia. Adem\u00e1s, dispone de una zona infantil donde disfrutar con los m\u00e1s peque\u00f1os.<\/span><\/span><\/span><\/span><\/span><span style=\"vertical-align: inherit;\"><span style=\"vertical-align: inherit;\"><span style=\"vertical-align: inherit;\"><span style=\"vertical-align: inherit;\"><span style=\"vertical-align: inherit;\">\u00a0<\/span><\/span><\/span><\/span><\/span><\/span><\/span><\/p><p><b><span style=\"vertical-align: inherit;\"><span style=\"vertical-align: inherit;\"><span style=\"vertical-align: inherit;\"><span style=\"vertical-align: inherit;\"><span style=\"vertical-align: inherit;\"><span style=\"vertical-align: inherit;\">-Parc Central,<\/span><\/span><\/span><\/span><\/span><\/span><\/b><span style=\"vertical-align: inherit;\"><span style=\"vertical-align: inherit;\"><span style=\"vertical-align: inherit;\"><span style=\"vertical-align: inherit;\"><span style=\"vertical-align: inherit;\"><span style=\"vertical-align: inherit;\">\u00a0uno de los \u00faltimos parques rehabilitados en Valencia, dise\u00f1ado por el paisajista Kathryn Gustafson, destaca por la divisi\u00f3n de sus zonas inspiradas en la infancia, la historia, el amor y la huerta. Es todo un placer pasear por \u00e9l.<\/span><\/span><\/span><\/span><\/span><\/span><\/p><p><span style=\"color: #00a03e; font-family: Poppins; font-size: 18px; font-weight: bold; background-color: var( --e-global-color-4d36fe1e );\"><span style=\"vertical-align: inherit;\"><span style=\"vertical-align: inherit;\"><span style=\"vertical-align: inherit;\"><span style=\"vertical-align: inherit;\"><span style=\"vertical-align: inherit;\"><span style=\"vertical-align: inherit;\">Artistas<\/span><\/span><\/span><\/span><\/span><\/span><\/span><\/p><div><p>Entre los artistas participantes del evento destacan EL Ni\u00f1o de Elche, Badlands, Mishima o Las Hijas de la Cumbia. Puedes conseguir tus entradas\u00a0<a style=\"font-size: 1.1em;\" href=\"https:\/\/www.serialparc.com\/\" target=\"_blank\" rel=\"noopener\">AQUI<\/a>\u00a0.<\/p><\/div><p style=\"text-align: start;\"><span style=\"vertical-align: inherit;\"><span style=\"vertical-align: inherit;\"><span style=\"vertical-align: inherit;\"><span style=\"vertical-align: inherit;\"><span style=\"vertical-align: inherit;\"><span style=\"vertical-align: inherit;\"><span style=\"vertical-align: inherit;\"><span style=\"vertical-align: inherit;\">Desde\u00a0 <\/span><\/span><\/span><\/span><\/span><\/span><a href=\"http:\/\/vlchost.com\/en\/alojamientos-valencia-reserva\/\" target=\"_blank\" rel=\"noopener\"><span style=\"vertical-align: inherit;\"><span style=\"vertical-align: inherit;\"><span style=\"vertical-align: inherit;\"><span style=\"vertical-align: inherit;\"><span style=\"vertical-align: inherit;\"><span style=\"vertical-align: inherit;\">VLC Host<\/span><\/span><\/span><\/span><\/span><\/span><\/a><span style=\"vertical-align: inherit;\"><span style=\"vertical-align: inherit;\"><span style=\"vertical-align: inherit;\"><span style=\"vertical-align: inherit;\"><span style=\"vertical-align: inherit;\"><span style=\"vertical-align: inherit;\"> \u00a0te animamos a descubrir la ciudad y gestionamos apartamentos de alquiler en Valencia para n\u00f3madas y vividores como t\u00fa.\u00a0<\/span><\/span><\/span><\/span><\/span><\/span><\/span><\/span><\/p><p style=\"text-align: start;\"><span style=\"vertical-align: inherit;\"><span style=\"vertical-align: inherit;\"><span style=\"vertical-align: inherit;\"><span style=\"vertical-align: inherit;\"><span style=\"vertical-align: inherit;\"><span style=\"vertical-align: inherit;\"><span style=\"vertical-align: inherit;\"><span style=\"vertical-align: inherit;\">Escr\u00edbenos a reservas@vlcinvest.com o si te resulta m\u00e1s c\u00f3modo +34 665 158 187<\/span><\/span><\/span><\/span><\/span><\/span><\/span><\/span><\/p>\t\t\t\t\t\t<\/div>\n\t\t\t\t<\/div>\n\t\t\t\t\t<\/div>\n\t\t<\/div>\n\t\t\t\t\t<\/div>\n\t\t<\/section>\n\t\t\t\t<\/div>","protected":false},"excerpt":{"rendered":"<p>Serial Parc Valencia, es un proyecto de Agencia Distrito para explorar la ciudad a trav\u00e9s de su parques y una serie de conciertos en plena naturaleza urbana<\/p>","protected":false},"author":4,"featured_media":3423,"comment_status":"open","ping_status":"open","sticky":false,"template":"","format":"standard","meta":{"footnotes":""},"categories":[13,16,14,19,11],"tags":[27,28,36,25,37],"class_list":["post-3418","post","type-post","status-publish","format-standard","has-post-thumbnail","hentry","category-actividades","category-cultura","category-eventos","category-love-valencia","category-noticias","tag-alquilervalencia","tag-apartamentosvalencia","tag-mercadosnavidad","tag-valencia","tag-navidadvalencia"],"yoast_head":"<!-- This site is optimized with the Yoast SEO plugin v21.5 - https:\/\/yoast.com\/wordpress\/plugins\/seo\/ -->\n<title>Serial Parc Valencia - VLC Host<\/title>\n<meta name=\"description\" content=\"Serial Parc Valencia es un proyecto de Agencia Distrito para explorar al ciudad a trav\u00e9s de conciertos en plena naturaleza urbana.\" \/>\n<meta name=\"robots\" content=\"index, follow, max-snippet:-1, max-image-preview:large, max-video-preview:-1\" \/>\n<link rel=\"canonical\" href=\"https:\/\/vlchost.com\/en\/noticias\/serial-parc-valencia\/\" \/>\n<meta property=\"og:locale\" content=\"en_US\" \/>\n<meta property=\"og:type\" content=\"article\" \/>\n<meta property=\"og:title\" content=\"Serial Parc Valencia - VLC Host\" \/>\n<meta property=\"og:description\" content=\"Serial Parc Valencia es un proyecto de Agencia Distrito para explorar al ciudad a trav\u00e9s de conciertos en plena naturaleza urbana.\" \/>\n<meta property=\"og:url\" content=\"https:\/\/vlchost.com\/en\/noticias\/serial-parc-valencia\/\" \/>\n<meta property=\"og:site_name\" content=\"VLC Host\" \/>\n<meta property=\"article:publisher\" content=\"https:\/\/www.facebook.com\/VLCHost.HappyToHostYou\" \/>\n<meta property=\"article:published_time\" content=\"2022-12-13T15:12:36+00:00\" \/>\n<meta property=\"article:modified_time\" content=\"2023-01-26T15:58:30+00:00\" \/>\n<meta property=\"og:image\" content=\"https:\/\/vlchost.com\/wp-content\/uploads\/serial-parc-valencia.png\" \/>\n\t<meta property=\"og:image:width\" content=\"1200\" \/>\n\t<meta property=\"og:image:height\" content=\"800\" \/>\n\t<meta property=\"og:image:type\" content=\"image\/png\" \/>\n<meta name=\"author\" content=\"VCL\" \/>\n<meta name=\"twitter:card\" content=\"summary_large_image\" \/>\n<meta name=\"twitter:label1\" content=\"Written by\" \/>\n\t<meta name=\"twitter:data1\" content=\"VCL\" \/>\n\t<meta name=\"twitter:label2\" content=\"Est. reading time\" \/>\n\t<meta name=\"twitter:data2\" content=\"2 minutes\" \/>\n<script type=\"application\/ld+json\" class=\"yoast-schema-graph\">{\"@context\":\"https:\/\/schema.org\",\"@graph\":[{\"@type\":\"Article\",\"@id\":\"https:\/\/vlchost.com\/noticias\/serial-parc-valencia\/#article\",\"isPartOf\":{\"@id\":\"https:\/\/vlchost.com\/noticias\/serial-parc-valencia\/\"},\"author\":{\"name\":\"VCL\",\"@id\":\"https:\/\/vlchost.com\/#\/schema\/person\/782a12abb83614fa9849b9497b619679\"},\"headline\":\"Serial Parc Valencia: El ciclo de conciertos en los Parques de la ciudad\",\"datePublished\":\"2022-12-13T15:12:36+00:00\",\"dateModified\":\"2023-01-26T15:58:30+00:00\",\"mainEntityOfPage\":{\"@id\":\"https:\/\/vlchost.com\/noticias\/serial-parc-valencia\/\"},\"wordCount\":264,\"commentCount\":0,\"publisher\":{\"@id\":\"https:\/\/vlchost.com\/#organization\"},\"keywords\":[\"#alquilervalencia\",\"#apartamentosvalencia\",\"#mercadosnavidad\",\"#valencia\",\"navidadvalencia\"],\"articleSection\":[\"Actividades\",\"Cultura\",\"Eventos\",\"Love Valencia\",\"Noticias\"],\"inLanguage\":\"en-US\"},{\"@type\":\"WebPage\",\"@id\":\"https:\/\/vlchost.com\/noticias\/serial-parc-valencia\/\",\"url\":\"https:\/\/vlchost.com\/noticias\/serial-parc-valencia\/\",\"name\":\"Serial Parc Valencia - VLC Host\",\"isPartOf\":{\"@id\":\"https:\/\/vlchost.com\/#website\"},\"datePublished\":\"2022-12-13T15:12:36+00:00\",\"dateModified\":\"2023-01-26T15:58:30+00:00\",\"description\":\"Serial Parc Valencia es un proyecto de Agencia Distrito para explorar al ciudad a trav\u00e9s de conciertos en plena naturaleza urbana.\",\"breadcrumb\":{\"@id\":\"https:\/\/vlchost.com\/noticias\/serial-parc-valencia\/#breadcrumb\"},\"inLanguage\":\"en-US\",\"potentialAction\":[{\"@type\":\"ReadAction\",\"target\":[\"https:\/\/vlchost.com\/noticias\/serial-parc-valencia\/\"]}]},{\"@type\":\"BreadcrumbList\",\"@id\":\"https:\/\/vlchost.com\/noticias\/serial-parc-valencia\/#breadcrumb\",\"itemListElement\":[{\"@type\":\"ListItem\",\"position\":1,\"name\":\"Portada\",\"item\":\"https:\/\/vlchost.com\/\"},{\"@type\":\"ListItem\",\"position\":2,\"name\":\"Serial Parc Valencia: El ciclo de conciertos en los Parques de la ciudad\"}]},{\"@type\":\"WebSite\",\"@id\":\"https:\/\/vlchost.com\/#website\",\"url\":\"https:\/\/vlchost.com\/\",\"name\":\"VLC Host\",\"description\":\"Alquiler de alojamientos tur\u00edsticos\",\"publisher\":{\"@id\":\"https:\/\/vlchost.com\/#organization\"},\"potentialAction\":[{\"@type\":\"SearchAction\",\"target\":{\"@type\":\"EntryPoint\",\"urlTemplate\":\"https:\/\/vlchost.com\/?s={search_term_string}\"},\"query-input\":\"required name=search_term_string\"}],\"inLanguage\":\"en-US\"},{\"@type\":\"Organization\",\"@id\":\"https:\/\/vlchost.com\/#organization\",\"name\":\"VLC Host - Nomad Life\",\"url\":\"https:\/\/vlchost.com\/\",\"logo\":{\"@type\":\"ImageObject\",\"inLanguage\":\"en-US\",\"@id\":\"https:\/\/vlchost.com\/#\/schema\/logo\/image\/\",\"url\":\"https:\/\/vlchost.com\/wp-content\/uploads\/cropped-alquiler-apartamentos-VLCHOST.png\",\"contentUrl\":\"https:\/\/vlchost.com\/wp-content\/uploads\/cropped-alquiler-apartamentos-VLCHOST.png\",\"width\":512,\"height\":512,\"caption\":\"VLC Host - Nomad Life\"},\"image\":{\"@id\":\"https:\/\/vlchost.com\/#\/schema\/logo\/image\/\"},\"sameAs\":[\"https:\/\/www.facebook.com\/VLCHost.HappyToHostYou\",\"https:\/\/www.instagram.com\/vlchost\/\"]},{\"@type\":\"Person\",\"@id\":\"https:\/\/vlchost.com\/#\/schema\/person\/782a12abb83614fa9849b9497b619679\",\"name\":\"VCL\",\"image\":{\"@type\":\"ImageObject\",\"inLanguage\":\"en-US\",\"@id\":\"https:\/\/vlchost.com\/#\/schema\/person\/image\/\",\"url\":\"https:\/\/secure.gravatar.com\/avatar\/e2154249541e31d72b1e613335475cddc540ebd9e29ec5224763cf04738da599?s=96&d=mm&r=g\",\"contentUrl\":\"https:\/\/secure.gravatar.com\/avatar\/e2154249541e31d72b1e613335475cddc540ebd9e29ec5224763cf04738da599?s=96&d=mm&r=g\",\"caption\":\"VCL\"},\"url\":\"https:\/\/vlchost.com\/en\/author\/vlchost-user\/\"}]}<\/script>\n<!-- \/ Yoast SEO plugin. -->","yoast_head_json":{"title":"Serial Parc Valencia - VLC Host","description":"Serial Parc Valencia es un proyecto de Agencia Distrito para explorar al ciudad a trav\u00e9s de conciertos en plena naturaleza urbana.","robots":{"index":"index","follow":"follow","max-snippet":"max-snippet:-1","max-image-preview":"max-image-preview:large","max-video-preview":"max-video-preview:-1"},"canonical":"https:\/\/vlchost.com\/en\/noticias\/serial-parc-valencia\/","og_locale":"en_US","og_type":"article","og_title":"Serial Parc Valencia - VLC Host","og_description":"Serial Parc Valencia es un proyecto de Agencia Distrito para explorar al ciudad a trav\u00e9s de conciertos en plena naturaleza urbana.","og_url":"https:\/\/vlchost.com\/en\/noticias\/serial-parc-valencia\/","og_site_name":"VLC Host","article_publisher":"https:\/\/www.facebook.com\/VLCHost.HappyToHostYou","article_published_time":"2022-12-13T15:12:36+00:00","article_modified_time":"2023-01-26T15:58:30+00:00","og_image":[{"width":1200,"height":800,"url":"https:\/\/vlchost.com\/wp-content\/uploads\/serial-parc-valencia.png","type":"image\/png"}],"author":"VCL","twitter_card":"summary_large_image","twitter_misc":{"Written by":"VCL","Est. reading time":"2 minutes"},"schema":{"@context":"https:\/\/schema.org","@graph":[{"@type":"Article","@id":"https:\/\/vlchost.com\/noticias\/serial-parc-valencia\/#article","isPartOf":{"@id":"https:\/\/vlchost.com\/noticias\/serial-parc-valencia\/"},"author":{"name":"VCL","@id":"https:\/\/vlchost.com\/#\/schema\/person\/782a12abb83614fa9849b9497b619679"},"headline":"Serial Parc Valencia: El ciclo de conciertos en los Parques de la ciudad","datePublished":"2022-12-13T15:12:36+00:00","dateModified":"2023-01-26T15:58:30+00:00","mainEntityOfPage":{"@id":"https:\/\/vlchost.com\/noticias\/serial-parc-valencia\/"},"wordCount":264,"commentCount":0,"publisher":{"@id":"https:\/\/vlchost.com\/#organization"},"keywords":["#alquilervalencia","#apartamentosvalencia","#mercadosnavidad","#valencia","navidadvalencia"],"articleSection":["Actividades","Cultura","Eventos","Love Valencia","Noticias"],"inLanguage":"en-US"},{"@type":"WebPage","@id":"https:\/\/vlchost.com\/noticias\/serial-parc-valencia\/","url":"https:\/\/vlchost.com\/noticias\/serial-parc-valencia\/","name":"Serial Parc Valencia - VLC Host","isPartOf":{"@id":"https:\/\/vlchost.com\/#website"},"datePublished":"2022-12-13T15:12:36+00:00","dateModified":"2023-01-26T15:58:30+00:00","description":"Serial Parc Valencia es un proyecto de Agencia Distrito para explorar al ciudad a trav\u00e9s de conciertos en plena naturaleza urbana.","breadcrumb":{"@id":"https:\/\/vlchost.com\/noticias\/serial-parc-valencia\/#breadcrumb"},"inLanguage":"en-US","potentialAction":[{"@type":"ReadAction","target":["https:\/\/vlchost.com\/noticias\/serial-parc-valencia\/"]}]},{"@type":"BreadcrumbList","@id":"https:\/\/vlchost.com\/noticias\/serial-parc-valencia\/#breadcrumb","itemListElement":[{"@type":"ListItem","position":1,"name":"Portada","item":"https:\/\/vlchost.com\/"},{"@type":"ListItem","position":2,"name":"Serial Parc Valencia: El ciclo de conciertos en los Parques de la ciudad"}]},{"@type":"WebSite","@id":"https:\/\/vlchost.com\/#website","url":"https:\/\/vlchost.com\/","name":"VLC Host","description":"Alquiler de alojamientos tur\u00edsticos","publisher":{"@id":"https:\/\/vlchost.com\/#organization"},"potentialAction":[{"@type":"SearchAction","target":{"@type":"EntryPoint","urlTemplate":"https:\/\/vlchost.com\/?s={search_term_string}"},"query-input":"required name=search_term_string"}],"inLanguage":"en-US"},{"@type":"Organization","@id":"https:\/\/vlchost.com\/#organization","name":"VLC Host - Nomad Life","url":"https:\/\/vlchost.com\/","logo":{"@type":"ImageObject","inLanguage":"en-US","@id":"https:\/\/vlchost.com\/#\/schema\/logo\/image\/","url":"https:\/\/vlchost.com\/wp-content\/uploads\/cropped-alquiler-apartamentos-VLCHOST.png","contentUrl":"https:\/\/vlchost.com\/wp-content\/uploads\/cropped-alquiler-apartamentos-VLCHOST.png","width":512,"height":512,"caption":"VLC Host - Nomad Life"},"image":{"@id":"https:\/\/vlchost.com\/#\/schema\/logo\/image\/"},"sameAs":["https:\/\/www.facebook.com\/VLCHost.HappyToHostYou","https:\/\/www.instagram.com\/vlchost\/"]},{"@type":"Person","@id":"https:\/\/vlchost.com\/#\/schema\/person\/782a12abb83614fa9849b9497b619679","name":"VCL","image":{"@type":"ImageObject","inLanguage":"en-US","@id":"https:\/\/vlchost.com\/#\/schema\/person\/image\/","url":"https:\/\/secure.gravatar.com\/avatar\/e2154249541e31d72b1e613335475cddc540ebd9e29ec5224763cf04738da599?s=96&d=mm&r=g","contentUrl":"https:\/\/secure.gravatar.com\/avatar\/e2154249541e31d72b1e613335475cddc540ebd9e29ec5224763cf04738da599?s=96&d=mm&r=g","caption":"VCL"},"url":"https:\/\/vlchost.com\/en\/author\/vlchost-user\/"}]}},"_links":{"self":[{"href":"https:\/\/vlchost.com\/en\/wp-json\/wp\/v2\/posts\/3418","targetHints":{"allow":["GET"]}}],"collection":[{"href":"https:\/\/vlchost.com\/en\/wp-json\/wp\/v2\/posts"}],"about":[{"href":"https:\/\/vlchost.com\/en\/wp-json\/wp\/v2\/types\/post"}],"author":[{"embeddable":true,"href":"https:\/\/vlchost.com\/en\/wp-json\/wp\/v2\/users\/4"}],"replies":[{"embeddable":true,"href":"https:\/\/vlchost.com\/en\/wp-json\/wp\/v2\/comments?post=3418"}],"version-history":[{"count":20,"href":"https:\/\/vlchost.com\/en\/wp-json\/wp\/v2\/posts\/3418\/revisions"}],"predecessor-version":[{"id":3768,"href":"https:\/\/vlchost.com\/en\/wp-json\/wp\/v2\/posts\/3418\/revisions\/3768"}],"wp:featuredmedia":[{"embeddable":true,"href":"https:\/\/vlchost.com\/en\/wp-json\/wp\/v2\/media\/3423"}],"wp:attachment":[{"href":"https:\/\/vlchost.com\/en\/wp-json\/wp\/v2\/media?parent=3418"}],"wp:term":[{"taxonomy":"category","embeddable":true,"href":"https:\/\/vlchost.com\/en\/wp-json\/wp\/v2\/categories?post=3418"},{"taxonomy":"post_tag","embeddable":true,"href":"https:\/\/vlchost.com\/en\/wp-json\/wp\/v2\/tags?post=3418"}],"curies":[{"name":"wp","href":"https:\/\/api.w.org\/{rel}","templated":true}]}}