{"id":3461,"date":"2022-12-26T11:17:03","date_gmt":"2022-12-26T10:17:03","guid":{"rendered":"http:\/\/vlchost.com\/?p=3461"},"modified":"2023-01-05T00:02:49","modified_gmt":"2023-01-04T23:02:49","slug":"cabalgata-de-reyes-de-valencia","status":"publish","type":"post","link":"https:\/\/vlchost.com\/en\/noticias\/cabalgata-de-reyes-de-valencia\/","title":{"rendered":"Cabalgata de Reyes de Valencia"},"content":{"rendered":"<div data-elementor-type=\"wp-post\" data-elementor-id=\"3461\" class=\"elementor elementor-3461\" data-elementor-post-type=\"post\">\n\t\t\t\t\t\t<section class=\"elementor-section elementor-top-section elementor-element elementor-element-5b5bc10 elementor-section-boxed elementor-section-height-default elementor-section-height-default\" data-id=\"5b5bc10\" data-element_type=\"section\">\n\t\t\t\t\t\t<div class=\"elementor-container elementor-column-gap-default\">\n\t\t\t\t\t<div class=\"elementor-column elementor-col-100 elementor-top-column elementor-element elementor-element-48be2be\" data-id=\"48be2be\" data-element_type=\"column\">\n\t\t\t<div class=\"elementor-widget-wrap elementor-element-populated\">\n\t\t\t\t\t\t<div class=\"elementor-element elementor-element-32168fd elementor-widget elementor-widget-text-editor\" data-id=\"32168fd\" data-element_type=\"widget\" data-widget_type=\"text-editor.default\">\n\t\t\t\t<div class=\"elementor-widget-container\">\n\t\t\t<style>\/*! elementor - v3.19.0 - 28-02-2024 *\/\n.elementor-widget-text-editor.elementor-drop-cap-view-stacked .elementor-drop-cap{background-color:#69727d;color:#fff}.elementor-widget-text-editor.elementor-drop-cap-view-framed .elementor-drop-cap{color:#69727d;border:3px solid;background-color:transparent}.elementor-widget-text-editor:not(.elementor-drop-cap-view-default) .elementor-drop-cap{margin-top:8px}.elementor-widget-text-editor:not(.elementor-drop-cap-view-default) .elementor-drop-cap-letter{width:1em;height:1em}.elementor-widget-text-editor .elementor-drop-cap{float:left;text-align:center;line-height:1;font-size:50px}.elementor-widget-text-editor .elementor-drop-cap-letter{display:inline-block}<\/style>\t\t\t\t<h2 style=\"text-align: start;\"><span style=\"color: #153243;\"><span style=\"font-size: 17.6px;\">Cabalgata de Reyes de Valencia, \u00bfC\u00f3mo ser\u00e1?<\/span><\/span><\/h2>\n<div><span style=\"background-color: var( --e-global-color-4d36fe1e ); color: var(--ast-global-color-3); font-size: 17.6px; font-style: inherit; font-weight: inherit; text-align: start; font-family: Poppins, sans-serif;\">&nbsp;<\/span><\/div>\n<p style=\"text-align: start;\">Este a\u00f1o la tradicional cabalgata de Reyes de Valencia, recupera su tradicional recorrido y trae novedades para todos, sigue leyendo para enterarte de todo:<\/p>\n<p><b style=\"font-style: inherit; background-color: var( --e-global-color-4d36fe1e );\"><span style=\"vertical-align: inherit;\"><span style=\"vertical-align: inherit;\"><span style=\"vertical-align: inherit;\"><span style=\"vertical-align: inherit;\"><span style=\"vertical-align: inherit;\"><span style=\"vertical-align: inherit;\"><span style=\"color: #00a03e; font-family: Poppins;\"><span style=\"font-size: 18px;\">\u00bfCu\u00e1l ser\u00e1 el recorrido?<\/span><\/span><\/span><\/span><\/span><\/span><\/span><\/span><\/b><\/p>\n<p><span style=\"font-size: 17.6px; font-style: inherit; color: var(--ast-global-color-3); background-color: var( --e-global-color-4d36fe1e );\"><span style=\"vertical-align: inherit;\"><span style=\"vertical-align: inherit;\"><span style=\"vertical-align: inherit;\"><span style=\"vertical-align: inherit;\"><span style=\"vertical-align: inherit;\"><span style=\"vertical-align: inherit;\">A partir de las 16:30, sus majestades de Oriente llegar\u00e1n en catamar\u00e1n a la escalera de La Marina de Valencia, d\u00f3nde se celebrar\u00e1 la recepci\u00f3n.<\/span><\/span><\/span><\/span><\/span><\/span><\/span><\/p>\n<p><span style=\"font-size: 17.6px; font-style: inherit; color: var(--ast-global-color-3); background-color: var( --e-global-color-4d36fe1e );\"><span style=\"vertical-align: inherit;\"><span style=\"vertical-align: inherit;\"><span style=\"vertical-align: inherit;\"><span style=\"vertical-align: inherit;\"><span style=\"vertical-align: inherit;\"><span style=\"vertical-align: inherit;\">La cabalgata de Reyes de Valencia, dar\u00e1 comienzo a las 18:00h desde el Paseo de la Alameda, para luego continuar por Navarro Reverter, Puerta del Mar, Plaza Tetu\u00e1n, Carrer de la Pau y San Vicente Martir, hasta poner fin en la Plaza del Ayuntamiento, d\u00f3nde los Reyes dedicar\u00e1n unas palabras a todos.<\/span><\/span><\/span><\/span><\/span><\/span><\/span><\/p>\n<p>Os recomendamos estar preparados en uno de los puntos de encuentro una hora antes para poder coger los mejores dulces y, para los mas rezagados, poder entregar la carta a los pajes reales en mano.<\/p>\n<p><span style=\"font-weight: bold; font-size: 17.6px; font-style: inherit; background-color: var( --e-global-color-4d36fe1e );\"><span style=\"vertical-align: inherit;\"><span style=\"vertical-align: inherit;\"><span style=\"vertical-align: inherit;\"><span style=\"vertical-align: inherit;\"><span style=\"vertical-align: inherit;\"><span style=\"vertical-align: inherit;\"><span style=\"color: #00a03e; font-family: Poppins;\"><span style=\"font-size: 18px;\">Tem\u00e1tica<\/span><\/span><\/span><\/span><\/span><\/span><\/span><\/span><\/span><\/p>\n<p>Este a\u00f1o la tem\u00e1tica de la cabalgata, est\u00e1 centrada en Valencia Ciudad Neutra, que tiene como objetivo mitigar la emergencia clim\u00e1tica a trav\u00e9s de actuaciones en campos como la alimentaci\u00f3n, consumo energ\u00e9tico y fomento de zonas verdes.&nbsp;<\/p>\n<p>Una tem\u00e1tica que se ve impulsada al ser elegida&nbsp;<a href=\"http:\/\/vlchost.com\/en\/noticias\/valencia-sera-capital-verde-europea-2024\/\" target=\"_blank\">Valencia Capital Verde Europea<\/a>.&nbsp;<\/p>\n<p style=\"text-align: start;\"><span style=\"vertical-align: inherit;\"><span style=\"vertical-align: inherit;\"><span style=\"vertical-align: inherit;\"><span style=\"vertical-align: inherit;\"><span style=\"vertical-align: inherit;\"><span style=\"vertical-align: inherit;\"><span style=\"vertical-align: inherit;\"><span style=\"vertical-align: inherit;\">Desde&nbsp; <\/span><\/span><\/span><\/span><\/span><\/span><a href=\"http:\/\/vlchost.com\/en\/alojamientos-valencia-reserva\/\" target=\"_blank\" rel=\"noopener\"><span style=\"vertical-align: inherit;\"><span style=\"vertical-align: inherit;\"><span style=\"vertical-align: inherit;\"><span style=\"vertical-align: inherit;\"><span style=\"vertical-align: inherit;\"><span style=\"vertical-align: inherit;\">VLC Host<\/span><\/span><\/span><\/span><\/span><\/span><\/a><span style=\"vertical-align: inherit;\"><span style=\"vertical-align: inherit;\"><span style=\"vertical-align: inherit;\"><span style=\"vertical-align: inherit;\"><span style=\"vertical-align: inherit;\"><span style=\"vertical-align: inherit;\"> &nbsp;te animamos a disfrutar de la cabalgata de Reyes y de todas las novedades que trae este a\u00f1o. Si buscas alojamiento escr\u00edbenos a reservas@vlcinvest.com o llama al +34 665 158 187.<\/span><\/span><\/span><\/span><\/span><\/span><\/span><\/span><\/p>\n<p style=\"text-align: start;\"><span style=\"vertical-align: inherit;\"><span style=\"vertical-align: inherit;\"><span style=\"vertical-align: inherit;\"><span style=\"vertical-align: inherit;\"><span style=\"vertical-align: inherit;\"><span style=\"vertical-align: inherit;\"><span style=\"vertical-align: inherit;\"><span style=\"vertical-align: inherit;\">\u00a1Felices fiestas a todos!<\/span><\/span><\/span><\/span><\/span><\/span><\/span><\/span><\/p>\t\t\t\t\t\t<\/div>\n\t\t\t\t<\/div>\n\t\t\t\t\t<\/div>\n\t\t<\/div>\n\t\t\t\t\t<\/div>\n\t\t<\/section>\n\t\t\t\t<\/div>","protected":false},"excerpt":{"rendered":"<p>Este a\u00f1o la tradicional cabalgata de Reyes de Valencia, recupera su tradicional recorrido y trae novedades para todos, sigue leyendo para enterarte de todo:<\/p>","protected":false},"author":4,"featured_media":3463,"comment_status":"open","ping_status":"open","sticky":false,"template":"","format":"standard","meta":{"footnotes":""},"categories":[13,16,14,19,11],"tags":[27,28,40,25,37],"class_list":["post-3461","post","type-post","status-publish","format-standard","has-post-thumbnail","hentry","category-actividades","category-cultura","category-eventos","category-love-valencia","category-noticias","tag-alquilervalencia","tag-apartamentosvalencia","tag-cabalgatareyes","tag-valencia","tag-navidadvalencia"],"yoast_head":"<!-- This site is optimized with the Yoast SEO plugin v21.5 - https:\/\/yoast.com\/wordpress\/plugins\/seo\/ -->\n<title>Cabalgata de Reyes de Valencia<\/title>\n<meta name=\"description\" content=\"Este a\u00f1o la tradicional cabalgata de Reyes de Valencia recupera su tradicional recorrido, y te contamos todas las novedades aqu\u00ed\" \/>\n<meta name=\"robots\" content=\"index, follow, max-snippet:-1, max-image-preview:large, max-video-preview:-1\" \/>\n<link rel=\"canonical\" href=\"https:\/\/vlchost.com\/en\/noticias\/cabalgata-de-reyes-de-valencia\/\" \/>\n<meta property=\"og:locale\" content=\"en_US\" \/>\n<meta property=\"og:type\" content=\"article\" \/>\n<meta property=\"og:title\" content=\"Cabalgata de Reyes de Valencia\" \/>\n<meta property=\"og:description\" content=\"Este a\u00f1o la tradicional cabalgata de Reyes de Valencia recupera su tradicional recorrido, y te contamos todas las novedades aqu\u00ed\" \/>\n<meta property=\"og:url\" content=\"https:\/\/vlchost.com\/en\/noticias\/cabalgata-de-reyes-de-valencia\/\" \/>\n<meta property=\"og:site_name\" content=\"VLC Host\" \/>\n<meta property=\"article:publisher\" content=\"https:\/\/www.facebook.com\/VLCHost.HappyToHostYou\" \/>\n<meta property=\"article:published_time\" content=\"2022-12-26T10:17:03+00:00\" \/>\n<meta property=\"article:modified_time\" content=\"2023-01-04T23:02:49+00:00\" \/>\n<meta property=\"og:image\" content=\"https:\/\/vlchost.com\/wp-content\/uploads\/cabalgata-de-reyes-valencia.png\" \/>\n\t<meta property=\"og:image:width\" content=\"1200\" \/>\n\t<meta property=\"og:image:height\" content=\"800\" \/>\n\t<meta property=\"og:image:type\" content=\"image\/png\" \/>\n<meta name=\"author\" content=\"VCL\" \/>\n<meta name=\"twitter:card\" content=\"summary_large_image\" \/>\n<meta name=\"twitter:label1\" content=\"Written by\" \/>\n\t<meta name=\"twitter:data1\" content=\"VCL\" \/>\n\t<meta name=\"twitter:label2\" content=\"Est. reading time\" \/>\n\t<meta name=\"twitter:data2\" content=\"2 minutes\" \/>\n<script type=\"application\/ld+json\" class=\"yoast-schema-graph\">{\"@context\":\"https:\/\/schema.org\",\"@graph\":[{\"@type\":\"Article\",\"@id\":\"https:\/\/vlchost.com\/noticias\/cabalgata-de-reyes-de-valencia\/#article\",\"isPartOf\":{\"@id\":\"https:\/\/vlchost.com\/noticias\/cabalgata-de-reyes-de-valencia\/\"},\"author\":{\"name\":\"VCL\",\"@id\":\"https:\/\/vlchost.com\/#\/schema\/person\/782a12abb83614fa9849b9497b619679\"},\"headline\":\"Cabalgata de Reyes de Valencia\",\"datePublished\":\"2022-12-26T10:17:03+00:00\",\"dateModified\":\"2023-01-04T23:02:49+00:00\",\"mainEntityOfPage\":{\"@id\":\"https:\/\/vlchost.com\/noticias\/cabalgata-de-reyes-de-valencia\/\"},\"wordCount\":264,\"commentCount\":0,\"publisher\":{\"@id\":\"https:\/\/vlchost.com\/#organization\"},\"keywords\":[\"#alquilervalencia\",\"#apartamentosvalencia\",\"#cabalgatareyes\",\"#valencia\",\"navidadvalencia\"],\"articleSection\":[\"Actividades\",\"Cultura\",\"Eventos\",\"Love Valencia\",\"Noticias\"],\"inLanguage\":\"en-US\"},{\"@type\":\"WebPage\",\"@id\":\"https:\/\/vlchost.com\/noticias\/cabalgata-de-reyes-de-valencia\/\",\"url\":\"https:\/\/vlchost.com\/noticias\/cabalgata-de-reyes-de-valencia\/\",\"name\":\"Cabalgata de Reyes de Valencia\",\"isPartOf\":{\"@id\":\"https:\/\/vlchost.com\/#website\"},\"datePublished\":\"2022-12-26T10:17:03+00:00\",\"dateModified\":\"2023-01-04T23:02:49+00:00\",\"description\":\"Este a\u00f1o la tradicional cabalgata de Reyes de Valencia recupera su tradicional recorrido, y te contamos todas las novedades aqu\u00ed\",\"breadcrumb\":{\"@id\":\"https:\/\/vlchost.com\/noticias\/cabalgata-de-reyes-de-valencia\/#breadcrumb\"},\"inLanguage\":\"en-US\",\"potentialAction\":[{\"@type\":\"ReadAction\",\"target\":[\"https:\/\/vlchost.com\/noticias\/cabalgata-de-reyes-de-valencia\/\"]}]},{\"@type\":\"BreadcrumbList\",\"@id\":\"https:\/\/vlchost.com\/noticias\/cabalgata-de-reyes-de-valencia\/#breadcrumb\",\"itemListElement\":[{\"@type\":\"ListItem\",\"position\":1,\"name\":\"Portada\",\"item\":\"https:\/\/vlchost.com\/\"},{\"@type\":\"ListItem\",\"position\":2,\"name\":\"Cabalgata de Reyes de Valencia\"}]},{\"@type\":\"WebSite\",\"@id\":\"https:\/\/vlchost.com\/#website\",\"url\":\"https:\/\/vlchost.com\/\",\"name\":\"VLC Host\",\"description\":\"Alquiler de alojamientos tur\u00edsticos\",\"publisher\":{\"@id\":\"https:\/\/vlchost.com\/#organization\"},\"potentialAction\":[{\"@type\":\"SearchAction\",\"target\":{\"@type\":\"EntryPoint\",\"urlTemplate\":\"https:\/\/vlchost.com\/?s={search_term_string}\"},\"query-input\":\"required name=search_term_string\"}],\"inLanguage\":\"en-US\"},{\"@type\":\"Organization\",\"@id\":\"https:\/\/vlchost.com\/#organization\",\"name\":\"VLC Host - Nomad Life\",\"url\":\"https:\/\/vlchost.com\/\",\"logo\":{\"@type\":\"ImageObject\",\"inLanguage\":\"en-US\",\"@id\":\"https:\/\/vlchost.com\/#\/schema\/logo\/image\/\",\"url\":\"https:\/\/vlchost.com\/wp-content\/uploads\/cropped-alquiler-apartamentos-VLCHOST.png\",\"contentUrl\":\"https:\/\/vlchost.com\/wp-content\/uploads\/cropped-alquiler-apartamentos-VLCHOST.png\",\"width\":512,\"height\":512,\"caption\":\"VLC Host - Nomad Life\"},\"image\":{\"@id\":\"https:\/\/vlchost.com\/#\/schema\/logo\/image\/\"},\"sameAs\":[\"https:\/\/www.facebook.com\/VLCHost.HappyToHostYou\",\"https:\/\/www.instagram.com\/vlchost\/\"]},{\"@type\":\"Person\",\"@id\":\"https:\/\/vlchost.com\/#\/schema\/person\/782a12abb83614fa9849b9497b619679\",\"name\":\"VCL\",\"image\":{\"@type\":\"ImageObject\",\"inLanguage\":\"en-US\",\"@id\":\"https:\/\/vlchost.com\/#\/schema\/person\/image\/\",\"url\":\"https:\/\/secure.gravatar.com\/avatar\/e2154249541e31d72b1e613335475cddc540ebd9e29ec5224763cf04738da599?s=96&d=mm&r=g\",\"contentUrl\":\"https:\/\/secure.gravatar.com\/avatar\/e2154249541e31d72b1e613335475cddc540ebd9e29ec5224763cf04738da599?s=96&d=mm&r=g\",\"caption\":\"VCL\"},\"url\":\"https:\/\/vlchost.com\/en\/author\/vlchost-user\/\"}]}<\/script>\n<!-- \/ Yoast SEO plugin. -->","yoast_head_json":{"title":"Cabalgata de Reyes de Valencia","description":"Este a\u00f1o la tradicional cabalgata de Reyes de Valencia recupera su tradicional recorrido, y te contamos todas las novedades aqu\u00ed","robots":{"index":"index","follow":"follow","max-snippet":"max-snippet:-1","max-image-preview":"max-image-preview:large","max-video-preview":"max-video-preview:-1"},"canonical":"https:\/\/vlchost.com\/en\/noticias\/cabalgata-de-reyes-de-valencia\/","og_locale":"en_US","og_type":"article","og_title":"Cabalgata de Reyes de Valencia","og_description":"Este a\u00f1o la tradicional cabalgata de Reyes de Valencia recupera su tradicional recorrido, y te contamos todas las novedades aqu\u00ed","og_url":"https:\/\/vlchost.com\/en\/noticias\/cabalgata-de-reyes-de-valencia\/","og_site_name":"VLC Host","article_publisher":"https:\/\/www.facebook.com\/VLCHost.HappyToHostYou","article_published_time":"2022-12-26T10:17:03+00:00","article_modified_time":"2023-01-04T23:02:49+00:00","og_image":[{"width":1200,"height":800,"url":"https:\/\/vlchost.com\/wp-content\/uploads\/cabalgata-de-reyes-valencia.png","type":"image\/png"}],"author":"VCL","twitter_card":"summary_large_image","twitter_misc":{"Written by":"VCL","Est. reading time":"2 minutes"},"schema":{"@context":"https:\/\/schema.org","@graph":[{"@type":"Article","@id":"https:\/\/vlchost.com\/noticias\/cabalgata-de-reyes-de-valencia\/#article","isPartOf":{"@id":"https:\/\/vlchost.com\/noticias\/cabalgata-de-reyes-de-valencia\/"},"author":{"name":"VCL","@id":"https:\/\/vlchost.com\/#\/schema\/person\/782a12abb83614fa9849b9497b619679"},"headline":"Cabalgata de Reyes de Valencia","datePublished":"2022-12-26T10:17:03+00:00","dateModified":"2023-01-04T23:02:49+00:00","mainEntityOfPage":{"@id":"https:\/\/vlchost.com\/noticias\/cabalgata-de-reyes-de-valencia\/"},"wordCount":264,"commentCount":0,"publisher":{"@id":"https:\/\/vlchost.com\/#organization"},"keywords":["#alquilervalencia","#apartamentosvalencia","#cabalgatareyes","#valencia","navidadvalencia"],"articleSection":["Actividades","Cultura","Eventos","Love Valencia","Noticias"],"inLanguage":"en-US"},{"@type":"WebPage","@id":"https:\/\/vlchost.com\/noticias\/cabalgata-de-reyes-de-valencia\/","url":"https:\/\/vlchost.com\/noticias\/cabalgata-de-reyes-de-valencia\/","name":"Cabalgata de Reyes de Valencia","isPartOf":{"@id":"https:\/\/vlchost.com\/#website"},"datePublished":"2022-12-26T10:17:03+00:00","dateModified":"2023-01-04T23:02:49+00:00","description":"Este a\u00f1o la tradicional cabalgata de Reyes de Valencia recupera su tradicional recorrido, y te contamos todas las novedades aqu\u00ed","breadcrumb":{"@id":"https:\/\/vlchost.com\/noticias\/cabalgata-de-reyes-de-valencia\/#breadcrumb"},"inLanguage":"en-US","potentialAction":[{"@type":"ReadAction","target":["https:\/\/vlchost.com\/noticias\/cabalgata-de-reyes-de-valencia\/"]}]},{"@type":"BreadcrumbList","@id":"https:\/\/vlchost.com\/noticias\/cabalgata-de-reyes-de-valencia\/#breadcrumb","itemListElement":[{"@type":"ListItem","position":1,"name":"Portada","item":"https:\/\/vlchost.com\/"},{"@type":"ListItem","position":2,"name":"Cabalgata de Reyes de Valencia"}]},{"@type":"WebSite","@id":"https:\/\/vlchost.com\/#website","url":"https:\/\/vlchost.com\/","name":"VLC Host","description":"Alquiler de alojamientos tur\u00edsticos","publisher":{"@id":"https:\/\/vlchost.com\/#organization"},"potentialAction":[{"@type":"SearchAction","target":{"@type":"EntryPoint","urlTemplate":"https:\/\/vlchost.com\/?s={search_term_string}"},"query-input":"required name=search_term_string"}],"inLanguage":"en-US"},{"@type":"Organization","@id":"https:\/\/vlchost.com\/#organization","name":"VLC Host - Nomad Life","url":"https:\/\/vlchost.com\/","logo":{"@type":"ImageObject","inLanguage":"en-US","@id":"https:\/\/vlchost.com\/#\/schema\/logo\/image\/","url":"https:\/\/vlchost.com\/wp-content\/uploads\/cropped-alquiler-apartamentos-VLCHOST.png","contentUrl":"https:\/\/vlchost.com\/wp-content\/uploads\/cropped-alquiler-apartamentos-VLCHOST.png","width":512,"height":512,"caption":"VLC Host - Nomad Life"},"image":{"@id":"https:\/\/vlchost.com\/#\/schema\/logo\/image\/"},"sameAs":["https:\/\/www.facebook.com\/VLCHost.HappyToHostYou","https:\/\/www.instagram.com\/vlchost\/"]},{"@type":"Person","@id":"https:\/\/vlchost.com\/#\/schema\/person\/782a12abb83614fa9849b9497b619679","name":"VCL","image":{"@type":"ImageObject","inLanguage":"en-US","@id":"https:\/\/vlchost.com\/#\/schema\/person\/image\/","url":"https:\/\/secure.gravatar.com\/avatar\/e2154249541e31d72b1e613335475cddc540ebd9e29ec5224763cf04738da599?s=96&d=mm&r=g","contentUrl":"https:\/\/secure.gravatar.com\/avatar\/e2154249541e31d72b1e613335475cddc540ebd9e29ec5224763cf04738da599?s=96&d=mm&r=g","caption":"VCL"},"url":"https:\/\/vlchost.com\/en\/author\/vlchost-user\/"}]}},"_links":{"self":[{"href":"https:\/\/vlchost.com\/en\/wp-json\/wp\/v2\/posts\/3461","targetHints":{"allow":["GET"]}}],"collection":[{"href":"https:\/\/vlchost.com\/en\/wp-json\/wp\/v2\/posts"}],"about":[{"href":"https:\/\/vlchost.com\/en\/wp-json\/wp\/v2\/types\/post"}],"author":[{"embeddable":true,"href":"https:\/\/vlchost.com\/en\/wp-json\/wp\/v2\/users\/4"}],"replies":[{"embeddable":true,"href":"https:\/\/vlchost.com\/en\/wp-json\/wp\/v2\/comments?post=3461"}],"version-history":[{"count":23,"href":"https:\/\/vlchost.com\/en\/wp-json\/wp\/v2\/posts\/3461\/revisions"}],"predecessor-version":[{"id":3512,"href":"https:\/\/vlchost.com\/en\/wp-json\/wp\/v2\/posts\/3461\/revisions\/3512"}],"wp:featuredmedia":[{"embeddable":true,"href":"https:\/\/vlchost.com\/en\/wp-json\/wp\/v2\/media\/3463"}],"wp:attachment":[{"href":"https:\/\/vlchost.com\/en\/wp-json\/wp\/v2\/media?parent=3461"}],"wp:term":[{"taxonomy":"category","embeddable":true,"href":"https:\/\/vlchost.com\/en\/wp-json\/wp\/v2\/categories?post=3461"},{"taxonomy":"post_tag","embeddable":true,"href":"https:\/\/vlchost.com\/en\/wp-json\/wp\/v2\/tags?post=3461"}],"curies":[{"name":"wp","href":"https:\/\/api.w.org\/{rel}","templated":true}]}}