{"id":3485,"date":"2022-12-29T14:31:31","date_gmt":"2022-12-29T13:31:31","guid":{"rendered":"http:\/\/vlchost.com\/?p=3485"},"modified":"2023-01-26T17:02:51","modified_gmt":"2023-01-26T16:02:51","slug":"espectaculo-de-luces-ayuntamiento-de-valencia","status":"publish","type":"post","link":"https:\/\/vlchost.com\/en\/noticias\/espectaculo-de-luces-ayuntamiento-de-valencia\/","title":{"rendered":"Espect\u00e1culo de luces en el Ayuntamiento de Valencia"},"content":{"rendered":"<div data-elementor-type=\"wp-post\" data-elementor-id=\"3485\" class=\"elementor elementor-3485\" data-elementor-post-type=\"post\">\n\t\t\t\t\t\t<section class=\"elementor-section elementor-top-section elementor-element elementor-element-5b5bc10 elementor-section-boxed elementor-section-height-default elementor-section-height-default\" data-id=\"5b5bc10\" data-element_type=\"section\">\n\t\t\t\t\t\t<div class=\"elementor-container elementor-column-gap-default\">\n\t\t\t\t\t<div class=\"elementor-column elementor-col-100 elementor-top-column elementor-element elementor-element-48be2be\" data-id=\"48be2be\" data-element_type=\"column\">\n\t\t\t<div class=\"elementor-widget-wrap elementor-element-populated\">\n\t\t\t\t\t\t<div class=\"elementor-element elementor-element-32168fd elementor-widget elementor-widget-text-editor\" data-id=\"32168fd\" data-element_type=\"widget\" data-widget_type=\"text-editor.default\">\n\t\t\t\t<div class=\"elementor-widget-container\">\n\t\t\t<style>\/*! elementor - v3.19.0 - 28-02-2024 *\/\n.elementor-widget-text-editor.elementor-drop-cap-view-stacked .elementor-drop-cap{background-color:#69727d;color:#fff}.elementor-widget-text-editor.elementor-drop-cap-view-framed .elementor-drop-cap{color:#69727d;border:3px solid;background-color:transparent}.elementor-widget-text-editor:not(.elementor-drop-cap-view-default) .elementor-drop-cap{margin-top:8px}.elementor-widget-text-editor:not(.elementor-drop-cap-view-default) .elementor-drop-cap-letter{width:1em;height:1em}.elementor-widget-text-editor .elementor-drop-cap{float:left;text-align:center;line-height:1;font-size:50px}.elementor-widget-text-editor .elementor-drop-cap-letter{display:inline-block}<\/style>\t\t\t\t<h2 style=\"text-align: start;\"><span style=\"color: #153243;\"><span style=\"font-size: 17.6px;\">Un espect\u00e1culo de luces en el Ayuntamiento de Valencia da la bienvenida a la\u00a0<\/span><\/span><span style=\"color: #153243;\"><span style=\"caret-color: #153243; font-size: 17.6px;\">Navidad<\/span><\/span><\/h2><div><span style=\"background-color: var( --e-global-color-4d36fe1e ); color: var(--ast-global-color-3); font-size: 17.6px; font-style: inherit; font-weight: inherit; text-align: start; font-family: Poppins, sans-serif;\">\u00a0<\/span><\/div><p style=\"text-align: start;\">La ciudad recibe la Navidad con un espect\u00e1culo de luces en el Ayuntamiento de Valencia, que tendr\u00e1 lugar todos los d\u00edas hasta el 4 de enero.<\/p><h5><span style=\"color: #00a03e; font-family: Poppins; font-size: large;\"><span style=\"caret-color: #00a03e;\"><b>\u00bfEn qu\u00e9 consiste?<\/b><\/span><\/span><\/h5><p><span style=\"background-color: var( --e-global-color-4d36fe1e );\"><span style=\"vertical-align: inherit;\"><span style=\"vertical-align: inherit;\"><span style=\"vertical-align: inherit;\"><span style=\"vertical-align: inherit;\"><span style=\"vertical-align: inherit;\"><span style=\"vertical-align: inherit;\"><span style=\"color: var(--ast-global-color-3); font-size: 17.6px; font-style: inherit;\">El\u00a0<\/span>espect\u00e1culo<span style=\"color: var(--ast-global-color-3); font-size: 17.6px; font-style: inherit;\">\u00a0de\u00a0<\/span><\/span><\/span><\/span><\/span><\/span><\/span><\/span><a href=\"https:\/\/momap.net\/video-mapping\" target=\"_blank\" rel=\"noopener\">videomapping<\/a><span style=\"background-color: var( --e-global-color-4d36fe1e );\"><span style=\"vertical-align: inherit;\"><span style=\"vertical-align: inherit;\"><span style=\"vertical-align: inherit;\"><span style=\"vertical-align: inherit;\"><span style=\"vertical-align: inherit;\"><span style=\"vertical-align: inherit;\"><span style=\"color: var(--ast-global-color-3); font-size: 17.6px; font-style: inherit;\">, titulado &#8220;L&#8217;Esperit de Nadal&#8221;, tiene\u00a0<\/span>una duraci\u00f3n de 7 minutos, en los cuales\u00a0<\/span><\/span><\/span><\/span><\/span><\/span><\/span><a href=\"https:\/\/www.instagram.com\/momapstudio_\/?hl=es\" target=\"_blank\" rel=\"noopener\">Chema Siscar<\/a><span style=\"background-color: var( --e-global-color-4d36fe1e );\"><span style=\"vertical-align: inherit;\"><span style=\"vertical-align: inherit;\"><span style=\"vertical-align: inherit;\"><span style=\"vertical-align: inherit;\"><span style=\"vertical-align: inherit;\"><span style=\"vertical-align: inherit;\">, convierte la fachada del Ayuntamiento de Valencia en un lienzo donde plasmar mediante im\u00e1genes la forma en la que nos comportamos y sentimos los seres humanos cuando llegan estas fiestas tan especiales.<\/span><\/span><\/span><\/span><\/span><\/span><\/span><\/p><p><b style=\"caret-color: #00a03e; color: #00a03e; font-family: Poppins;\">\u00bfCu\u00e1nto cuesta?<\/b><\/p><p>La proyecci\u00f3n es totalmente gratuita y puede verse a pie de calle a las puertas del Ayuntamiento. S\u00ed recomendamos ir con un poco de tiempo de antelaci\u00f3n, especialmente en el caso de ir con ni\u00f1os para coger buen sitio y tener mejor visibilidad.<\/p><p><span style=\"color: #00a03e; font-family: Poppins; font-size: large;\"><span style=\"caret-color: #00a03e;\"><b>\u00bfCu\u00e1ndo puedo verlo?<\/b><\/span><\/span><\/p><p>Esta explosi\u00f3n de creatividad e innovaci\u00f3n, puede verse todos los d\u00edas en diferentes pases: 19:00, 20:00, 21:00 y a las 22:00 horas. Adem\u00e1s, las proyecciones se intercalan con la animaci\u00f3n de las luces del \u00e1rbol de Navidad de la misma plaza.\u00a0<\/p><p style=\"text-align: start;\"><span style=\"vertical-align: inherit;\"><span style=\"vertical-align: inherit;\"><span style=\"vertical-align: inherit;\"><span style=\"vertical-align: inherit;\"><span style=\"vertical-align: inherit;\"><span style=\"vertical-align: inherit;\"><span style=\"vertical-align: inherit;\"><span style=\"vertical-align: inherit;\">Desde\u00a0 <\/span><\/span><\/span><\/span><\/span><\/span><a href=\"http:\/\/vlchost.com\/en\/alojamientos-valencia-reserva\/\" target=\"_blank\" rel=\"noopener\"><span style=\"vertical-align: inherit;\"><span style=\"vertical-align: inherit;\"><span style=\"vertical-align: inherit;\"><span style=\"vertical-align: inherit;\"><span style=\"vertical-align: inherit;\"><span style=\"vertical-align: inherit;\">VLC Host<\/span><\/span><\/span><\/span><\/span><\/span><\/a><span style=\"vertical-align: inherit;\"><span style=\"vertical-align: inherit;\"><span style=\"vertical-align: inherit;\"><span style=\"vertical-align: inherit;\"><span style=\"vertical-align: inherit;\"><span style=\"vertical-align: inherit;\"> \u00a0os animamos a disfrutar de este espect\u00e1culo y de toda la decoraci\u00f3n que inunda Valencia en estas fechas.\u00a0<\/span><\/span><\/span><\/span><\/span><\/span><\/span><\/span><\/p><p style=\"text-align: start;\"><span style=\"vertical-align: inherit;\"><span style=\"vertical-align: inherit;\"><span style=\"vertical-align: inherit;\"><span style=\"vertical-align: inherit;\"><span style=\"vertical-align: inherit;\"><span style=\"vertical-align: inherit;\"><span style=\"vertical-align: inherit;\"><span style=\"vertical-align: inherit;\">Si buscas alojamiento escr\u00edbenos a reservas@vlcinvest.com o llama al +34 665 158 187.<\/span><\/span><\/span><\/span><\/span><\/span><\/span><\/span><\/p>\t\t\t\t\t\t<\/div>\n\t\t\t\t<\/div>\n\t\t\t\t\t<\/div>\n\t\t<\/div>\n\t\t\t\t\t<\/div>\n\t\t<\/section>\n\t\t\t\t<\/div>","protected":false},"excerpt":{"rendered":"<p>Este a\u00f1o la tradicional cabalgata de Reyes de Valencia, recupera su tradicional recorrido y trae novedades para todos, sigue leyendo para enterarte de todo:<\/p>","protected":false},"author":4,"featured_media":3494,"comment_status":"open","ping_status":"open","sticky":false,"template":"","format":"standard","meta":{"footnotes":""},"categories":[13,16,14,19,11],"tags":[27,28,36,25,37],"class_list":["post-3485","post","type-post","status-publish","format-standard","has-post-thumbnail","hentry","category-actividades","category-cultura","category-eventos","category-love-valencia","category-noticias","tag-alquilervalencia","tag-apartamentosvalencia","tag-mercadosnavidad","tag-valencia","tag-navidadvalencia"],"yoast_head":"<!-- This site is optimized with the Yoast SEO plugin v21.5 - https:\/\/yoast.com\/wordpress\/plugins\/seo\/ -->\n<title>Espect\u00e1culo de luces Ayuntamiento de Valencia<\/title>\n<meta name=\"description\" content=\"La ciudad recibe la Navidad con un espect\u00e1culo de luces en el Ayuntamiento de Valencia que tendr\u00e1 lugar todos los d\u00edas hasta el 4 de enero.\" \/>\n<meta name=\"robots\" content=\"index, follow, max-snippet:-1, max-image-preview:large, max-video-preview:-1\" \/>\n<link rel=\"canonical\" href=\"https:\/\/vlchost.com\/en\/noticias\/espectaculo-de-luces-ayuntamiento-de-valencia\/\" \/>\n<meta property=\"og:locale\" content=\"en_US\" \/>\n<meta property=\"og:type\" content=\"article\" \/>\n<meta property=\"og:title\" content=\"Espect\u00e1culo de luces Ayuntamiento de Valencia\" \/>\n<meta property=\"og:description\" content=\"La ciudad recibe la Navidad con un espect\u00e1culo de luces en el Ayuntamiento de Valencia que tendr\u00e1 lugar todos los d\u00edas hasta el 4 de enero.\" \/>\n<meta property=\"og:url\" content=\"https:\/\/vlchost.com\/en\/noticias\/espectaculo-de-luces-ayuntamiento-de-valencia\/\" \/>\n<meta property=\"og:site_name\" content=\"VLC Host\" \/>\n<meta property=\"article:publisher\" content=\"https:\/\/www.facebook.com\/VLCHost.HappyToHostYou\" \/>\n<meta property=\"article:published_time\" content=\"2022-12-29T13:31:31+00:00\" \/>\n<meta property=\"article:modified_time\" content=\"2023-01-26T16:02:51+00:00\" \/>\n<meta property=\"og:image\" content=\"https:\/\/vlchost.com\/wp-content\/uploads\/espectaculo-luces-ayuntamiento-valencia.png\" \/>\n\t<meta property=\"og:image:width\" content=\"5000\" \/>\n\t<meta property=\"og:image:height\" content=\"3334\" \/>\n\t<meta property=\"og:image:type\" content=\"image\/png\" \/>\n<meta name=\"author\" content=\"VCL\" \/>\n<meta name=\"twitter:card\" content=\"summary_large_image\" \/>\n<meta name=\"twitter:label1\" content=\"Written by\" \/>\n\t<meta name=\"twitter:data1\" content=\"VCL\" \/>\n\t<meta name=\"twitter:label2\" content=\"Est. reading time\" \/>\n\t<meta name=\"twitter:data2\" content=\"1 minute\" \/>\n<script type=\"application\/ld+json\" class=\"yoast-schema-graph\">{\"@context\":\"https:\/\/schema.org\",\"@graph\":[{\"@type\":\"Article\",\"@id\":\"https:\/\/vlchost.com\/noticias\/espectaculo-de-luces-ayuntamiento-de-valencia\/#article\",\"isPartOf\":{\"@id\":\"https:\/\/vlchost.com\/noticias\/espectaculo-de-luces-ayuntamiento-de-valencia\/\"},\"author\":{\"name\":\"VCL\",\"@id\":\"https:\/\/vlchost.com\/#\/schema\/person\/782a12abb83614fa9849b9497b619679\"},\"headline\":\"Espect\u00e1culo de luces en el Ayuntamiento de Valencia\",\"datePublished\":\"2022-12-29T13:31:31+00:00\",\"dateModified\":\"2023-01-26T16:02:51+00:00\",\"mainEntityOfPage\":{\"@id\":\"https:\/\/vlchost.com\/noticias\/espectaculo-de-luces-ayuntamiento-de-valencia\/\"},\"wordCount\":239,\"commentCount\":0,\"publisher\":{\"@id\":\"https:\/\/vlchost.com\/#organization\"},\"keywords\":[\"#alquilervalencia\",\"#apartamentosvalencia\",\"#mercadosnavidad\",\"#valencia\",\"navidadvalencia\"],\"articleSection\":[\"Actividades\",\"Cultura\",\"Eventos\",\"Love Valencia\",\"Noticias\"],\"inLanguage\":\"en-US\"},{\"@type\":\"WebPage\",\"@id\":\"https:\/\/vlchost.com\/noticias\/espectaculo-de-luces-ayuntamiento-de-valencia\/\",\"url\":\"https:\/\/vlchost.com\/noticias\/espectaculo-de-luces-ayuntamiento-de-valencia\/\",\"name\":\"Espect\u00e1culo de luces Ayuntamiento de Valencia\",\"isPartOf\":{\"@id\":\"https:\/\/vlchost.com\/#website\"},\"datePublished\":\"2022-12-29T13:31:31+00:00\",\"dateModified\":\"2023-01-26T16:02:51+00:00\",\"description\":\"La ciudad recibe la Navidad con un espect\u00e1culo de luces en el Ayuntamiento de Valencia que tendr\u00e1 lugar todos los d\u00edas hasta el 4 de enero.\",\"breadcrumb\":{\"@id\":\"https:\/\/vlchost.com\/noticias\/espectaculo-de-luces-ayuntamiento-de-valencia\/#breadcrumb\"},\"inLanguage\":\"en-US\",\"potentialAction\":[{\"@type\":\"ReadAction\",\"target\":[\"https:\/\/vlchost.com\/noticias\/espectaculo-de-luces-ayuntamiento-de-valencia\/\"]}]},{\"@type\":\"BreadcrumbList\",\"@id\":\"https:\/\/vlchost.com\/noticias\/espectaculo-de-luces-ayuntamiento-de-valencia\/#breadcrumb\",\"itemListElement\":[{\"@type\":\"ListItem\",\"position\":1,\"name\":\"Portada\",\"item\":\"https:\/\/vlchost.com\/\"},{\"@type\":\"ListItem\",\"position\":2,\"name\":\"Espect\u00e1culo de luces en el Ayuntamiento de Valencia\"}]},{\"@type\":\"WebSite\",\"@id\":\"https:\/\/vlchost.com\/#website\",\"url\":\"https:\/\/vlchost.com\/\",\"name\":\"VLC Host\",\"description\":\"Alquiler de alojamientos tur\u00edsticos\",\"publisher\":{\"@id\":\"https:\/\/vlchost.com\/#organization\"},\"potentialAction\":[{\"@type\":\"SearchAction\",\"target\":{\"@type\":\"EntryPoint\",\"urlTemplate\":\"https:\/\/vlchost.com\/?s={search_term_string}\"},\"query-input\":\"required name=search_term_string\"}],\"inLanguage\":\"en-US\"},{\"@type\":\"Organization\",\"@id\":\"https:\/\/vlchost.com\/#organization\",\"name\":\"VLC Host - Nomad Life\",\"url\":\"https:\/\/vlchost.com\/\",\"logo\":{\"@type\":\"ImageObject\",\"inLanguage\":\"en-US\",\"@id\":\"https:\/\/vlchost.com\/#\/schema\/logo\/image\/\",\"url\":\"https:\/\/vlchost.com\/wp-content\/uploads\/cropped-alquiler-apartamentos-VLCHOST.png\",\"contentUrl\":\"https:\/\/vlchost.com\/wp-content\/uploads\/cropped-alquiler-apartamentos-VLCHOST.png\",\"width\":512,\"height\":512,\"caption\":\"VLC Host - Nomad Life\"},\"image\":{\"@id\":\"https:\/\/vlchost.com\/#\/schema\/logo\/image\/\"},\"sameAs\":[\"https:\/\/www.facebook.com\/VLCHost.HappyToHostYou\",\"https:\/\/www.instagram.com\/vlchost\/\"]},{\"@type\":\"Person\",\"@id\":\"https:\/\/vlchost.com\/#\/schema\/person\/782a12abb83614fa9849b9497b619679\",\"name\":\"VCL\",\"image\":{\"@type\":\"ImageObject\",\"inLanguage\":\"en-US\",\"@id\":\"https:\/\/vlchost.com\/#\/schema\/person\/image\/\",\"url\":\"https:\/\/secure.gravatar.com\/avatar\/e2154249541e31d72b1e613335475cddc540ebd9e29ec5224763cf04738da599?s=96&d=mm&r=g\",\"contentUrl\":\"https:\/\/secure.gravatar.com\/avatar\/e2154249541e31d72b1e613335475cddc540ebd9e29ec5224763cf04738da599?s=96&d=mm&r=g\",\"caption\":\"VCL\"},\"url\":\"https:\/\/vlchost.com\/en\/author\/vlchost-user\/\"}]}<\/script>\n<!-- \/ Yoast SEO plugin. -->","yoast_head_json":{"title":"Espect\u00e1culo de luces Ayuntamiento de Valencia","description":"La ciudad recibe la Navidad con un espect\u00e1culo de luces en el Ayuntamiento de Valencia que tendr\u00e1 lugar todos los d\u00edas hasta el 4 de enero.","robots":{"index":"index","follow":"follow","max-snippet":"max-snippet:-1","max-image-preview":"max-image-preview:large","max-video-preview":"max-video-preview:-1"},"canonical":"https:\/\/vlchost.com\/en\/noticias\/espectaculo-de-luces-ayuntamiento-de-valencia\/","og_locale":"en_US","og_type":"article","og_title":"Espect\u00e1culo de luces Ayuntamiento de Valencia","og_description":"La ciudad recibe la Navidad con un espect\u00e1culo de luces en el Ayuntamiento de Valencia que tendr\u00e1 lugar todos los d\u00edas hasta el 4 de enero.","og_url":"https:\/\/vlchost.com\/en\/noticias\/espectaculo-de-luces-ayuntamiento-de-valencia\/","og_site_name":"VLC Host","article_publisher":"https:\/\/www.facebook.com\/VLCHost.HappyToHostYou","article_published_time":"2022-12-29T13:31:31+00:00","article_modified_time":"2023-01-26T16:02:51+00:00","og_image":[{"width":5000,"height":3334,"url":"https:\/\/vlchost.com\/wp-content\/uploads\/espectaculo-luces-ayuntamiento-valencia.png","type":"image\/png"}],"author":"VCL","twitter_card":"summary_large_image","twitter_misc":{"Written by":"VCL","Est. reading time":"1 minute"},"schema":{"@context":"https:\/\/schema.org","@graph":[{"@type":"Article","@id":"https:\/\/vlchost.com\/noticias\/espectaculo-de-luces-ayuntamiento-de-valencia\/#article","isPartOf":{"@id":"https:\/\/vlchost.com\/noticias\/espectaculo-de-luces-ayuntamiento-de-valencia\/"},"author":{"name":"VCL","@id":"https:\/\/vlchost.com\/#\/schema\/person\/782a12abb83614fa9849b9497b619679"},"headline":"Espect\u00e1culo de luces en el Ayuntamiento de Valencia","datePublished":"2022-12-29T13:31:31+00:00","dateModified":"2023-01-26T16:02:51+00:00","mainEntityOfPage":{"@id":"https:\/\/vlchost.com\/noticias\/espectaculo-de-luces-ayuntamiento-de-valencia\/"},"wordCount":239,"commentCount":0,"publisher":{"@id":"https:\/\/vlchost.com\/#organization"},"keywords":["#alquilervalencia","#apartamentosvalencia","#mercadosnavidad","#valencia","navidadvalencia"],"articleSection":["Actividades","Cultura","Eventos","Love Valencia","Noticias"],"inLanguage":"en-US"},{"@type":"WebPage","@id":"https:\/\/vlchost.com\/noticias\/espectaculo-de-luces-ayuntamiento-de-valencia\/","url":"https:\/\/vlchost.com\/noticias\/espectaculo-de-luces-ayuntamiento-de-valencia\/","name":"Espect\u00e1culo de luces Ayuntamiento de Valencia","isPartOf":{"@id":"https:\/\/vlchost.com\/#website"},"datePublished":"2022-12-29T13:31:31+00:00","dateModified":"2023-01-26T16:02:51+00:00","description":"La ciudad recibe la Navidad con un espect\u00e1culo de luces en el Ayuntamiento de Valencia que tendr\u00e1 lugar todos los d\u00edas hasta el 4 de enero.","breadcrumb":{"@id":"https:\/\/vlchost.com\/noticias\/espectaculo-de-luces-ayuntamiento-de-valencia\/#breadcrumb"},"inLanguage":"en-US","potentialAction":[{"@type":"ReadAction","target":["https:\/\/vlchost.com\/noticias\/espectaculo-de-luces-ayuntamiento-de-valencia\/"]}]},{"@type":"BreadcrumbList","@id":"https:\/\/vlchost.com\/noticias\/espectaculo-de-luces-ayuntamiento-de-valencia\/#breadcrumb","itemListElement":[{"@type":"ListItem","position":1,"name":"Portada","item":"https:\/\/vlchost.com\/"},{"@type":"ListItem","position":2,"name":"Espect\u00e1culo de luces en el Ayuntamiento de Valencia"}]},{"@type":"WebSite","@id":"https:\/\/vlchost.com\/#website","url":"https:\/\/vlchost.com\/","name":"VLC Host","description":"Alquiler de alojamientos tur\u00edsticos","publisher":{"@id":"https:\/\/vlchost.com\/#organization"},"potentialAction":[{"@type":"SearchAction","target":{"@type":"EntryPoint","urlTemplate":"https:\/\/vlchost.com\/?s={search_term_string}"},"query-input":"required name=search_term_string"}],"inLanguage":"en-US"},{"@type":"Organization","@id":"https:\/\/vlchost.com\/#organization","name":"VLC Host - Nomad Life","url":"https:\/\/vlchost.com\/","logo":{"@type":"ImageObject","inLanguage":"en-US","@id":"https:\/\/vlchost.com\/#\/schema\/logo\/image\/","url":"https:\/\/vlchost.com\/wp-content\/uploads\/cropped-alquiler-apartamentos-VLCHOST.png","contentUrl":"https:\/\/vlchost.com\/wp-content\/uploads\/cropped-alquiler-apartamentos-VLCHOST.png","width":512,"height":512,"caption":"VLC Host - Nomad Life"},"image":{"@id":"https:\/\/vlchost.com\/#\/schema\/logo\/image\/"},"sameAs":["https:\/\/www.facebook.com\/VLCHost.HappyToHostYou","https:\/\/www.instagram.com\/vlchost\/"]},{"@type":"Person","@id":"https:\/\/vlchost.com\/#\/schema\/person\/782a12abb83614fa9849b9497b619679","name":"VCL","image":{"@type":"ImageObject","inLanguage":"en-US","@id":"https:\/\/vlchost.com\/#\/schema\/person\/image\/","url":"https:\/\/secure.gravatar.com\/avatar\/e2154249541e31d72b1e613335475cddc540ebd9e29ec5224763cf04738da599?s=96&d=mm&r=g","contentUrl":"https:\/\/secure.gravatar.com\/avatar\/e2154249541e31d72b1e613335475cddc540ebd9e29ec5224763cf04738da599?s=96&d=mm&r=g","caption":"VCL"},"url":"https:\/\/vlchost.com\/en\/author\/vlchost-user\/"}]}},"_links":{"self":[{"href":"https:\/\/vlchost.com\/en\/wp-json\/wp\/v2\/posts\/3485","targetHints":{"allow":["GET"]}}],"collection":[{"href":"https:\/\/vlchost.com\/en\/wp-json\/wp\/v2\/posts"}],"about":[{"href":"https:\/\/vlchost.com\/en\/wp-json\/wp\/v2\/types\/post"}],"author":[{"embeddable":true,"href":"https:\/\/vlchost.com\/en\/wp-json\/wp\/v2\/users\/4"}],"replies":[{"embeddable":true,"href":"https:\/\/vlchost.com\/en\/wp-json\/wp\/v2\/comments?post=3485"}],"version-history":[{"count":20,"href":"https:\/\/vlchost.com\/en\/wp-json\/wp\/v2\/posts\/3485\/revisions"}],"predecessor-version":[{"id":3772,"href":"https:\/\/vlchost.com\/en\/wp-json\/wp\/v2\/posts\/3485\/revisions\/3772"}],"wp:featuredmedia":[{"embeddable":true,"href":"https:\/\/vlchost.com\/en\/wp-json\/wp\/v2\/media\/3494"}],"wp:attachment":[{"href":"https:\/\/vlchost.com\/en\/wp-json\/wp\/v2\/media?parent=3485"}],"wp:term":[{"taxonomy":"category","embeddable":true,"href":"https:\/\/vlchost.com\/en\/wp-json\/wp\/v2\/categories?post=3485"},{"taxonomy":"post_tag","embeddable":true,"href":"https:\/\/vlchost.com\/en\/wp-json\/wp\/v2\/tags?post=3485"}],"curies":[{"name":"wp","href":"https:\/\/api.w.org\/{rel}","templated":true}]}}