{"id":3940,"date":"2023-02-22T13:54:43","date_gmt":"2023-02-22T12:54:43","guid":{"rendered":"http:\/\/vlchost.com\/?p=3940"},"modified":"2023-02-22T13:54:44","modified_gmt":"2023-02-22T12:54:44","slug":"nuestros-apartamentos-bajo-la-miradad-de-daniel-aguirre","status":"publish","type":"post","link":"https:\/\/vlchost.com\/en\/noticias\/nuestros-apartamentos-bajo-la-miradad-de-daniel-aguirre\/","title":{"rendered":"Nuestros apartamentos bajo la mirada de Daniel Aguirre"},"content":{"rendered":"<div data-elementor-type=\"wp-post\" data-elementor-id=\"3940\" class=\"elementor elementor-3940\" data-elementor-post-type=\"post\">\n\t\t\t\t\t\t<section class=\"elementor-section elementor-top-section elementor-element elementor-element-5b5bc10 elementor-section-boxed elementor-section-height-default elementor-section-height-default\" data-id=\"5b5bc10\" data-element_type=\"section\">\n\t\t\t\t\t\t<div class=\"elementor-container elementor-column-gap-default\">\n\t\t\t\t\t<div class=\"elementor-column elementor-col-100 elementor-top-column elementor-element elementor-element-48be2be\" data-id=\"48be2be\" data-element_type=\"column\">\n\t\t\t<div class=\"elementor-widget-wrap elementor-element-populated\">\n\t\t\t\t\t\t<div class=\"elementor-element elementor-element-32168fd elementor-widget elementor-widget-text-editor\" data-id=\"32168fd\" data-element_type=\"widget\" data-widget_type=\"text-editor.default\">\n\t\t\t\t<div class=\"elementor-widget-container\">\n\t\t\t<style>\/*! elementor - v3.19.0 - 28-02-2024 *\/\n.elementor-widget-text-editor.elementor-drop-cap-view-stacked .elementor-drop-cap{background-color:#69727d;color:#fff}.elementor-widget-text-editor.elementor-drop-cap-view-framed .elementor-drop-cap{color:#69727d;border:3px solid;background-color:transparent}.elementor-widget-text-editor:not(.elementor-drop-cap-view-default) .elementor-drop-cap{margin-top:8px}.elementor-widget-text-editor:not(.elementor-drop-cap-view-default) .elementor-drop-cap-letter{width:1em;height:1em}.elementor-widget-text-editor .elementor-drop-cap{float:left;text-align:center;line-height:1;font-size:50px}.elementor-widget-text-editor .elementor-drop-cap-letter{display:inline-block}<\/style>\t\t\t\t<p><strong>Hace unos d\u00edas tuvimos el placer de recibir a un artista como Daniel Aguirre en nuestros pisos c\u00e9ntricos de lujo Town Square Flats para que realizara nuevas fotograf\u00edas de los apartamentos.<\/strong><\/p><div><p>La mirada \u00fanica de Daniel Aguirre se ha posado sobre nuestros apartamentos <strong>Town Square Flats,<\/strong> de los cuales ha realizado nuevas fotograf\u00edas. Es un fot\u00f3grafo argentino de gran trayectoria que tiene su estudio ubicado en el barrio de la Petxina. Durante sus primeros a\u00f1os, form\u00f3 parte de diversas empresas hasta que es contratado por el <strong><a href=\"https:\/\/es.wikipedia.org\/wiki\/Concejo_deliberante\">Concejo Deliberante de Buenos Aires<\/a><\/strong> donde fotograf\u00eda a distintas personalidades relevantes.<\/p><\/div><p><span style=\"color: #00a03e; font-family: Poppins; font-size: large;\"><span style=\"caret-color: #00a03e;\"><b><span style=\"vertical-align: inherit;\"><span style=\"vertical-align: inherit;\"><span style=\"vertical-align: inherit;\"><span style=\"vertical-align: inherit;\"><span style=\"vertical-align: inherit;\"><span style=\"vertical-align: inherit;\"><span style=\"vertical-align: inherit;\"><span style=\"vertical-align: inherit;\"><span style=\"vertical-align: inherit;\"><span style=\"vertical-align: inherit;\"><span style=\"vertical-align: inherit;\"><span style=\"vertical-align: inherit;\"><span style=\"vertical-align: inherit;\"><span style=\"vertical-align: inherit;\"><span style=\"vertical-align: inherit;\"><span style=\"vertical-align: inherit;\"><span style=\"vertical-align: inherit;\"><span style=\"vertical-align: inherit;\"><span style=\"vertical-align: inherit;\"><span style=\"vertical-align: inherit;\"><span style=\"vertical-align: inherit;\"><span style=\"vertical-align: inherit;\"><span style=\"vertical-align: inherit;\"><span style=\"vertical-align: inherit;\"><span style=\"vertical-align: inherit;\"><span style=\"vertical-align: inherit;\"><span style=\"vertical-align: inherit;\"><span style=\"vertical-align: inherit;\"><span style=\"vertical-align: inherit;\"><span style=\"vertical-align: inherit;\"><span style=\"vertical-align: inherit;\"><span style=\"vertical-align: inherit;\"><span style=\"vertical-align: inherit;\"><span style=\"vertical-align: inherit;\"><span style=\"vertical-align: inherit;\"><span style=\"vertical-align: inherit;\"><span style=\"vertical-align: inherit;\"><span style=\"vertical-align: inherit;\"><span style=\"vertical-align: inherit;\"><span style=\"vertical-align: inherit;\"><span style=\"vertical-align: inherit;\"><span style=\"vertical-align: inherit;\"><span style=\"vertical-align: inherit;\"><span style=\"vertical-align: inherit;\"><span style=\"vertical-align: inherit;\"><span style=\"vertical-align: inherit;\"><span style=\"vertical-align: inherit;\"><span style=\"vertical-align: inherit;\"><span style=\"vertical-align: inherit;\"><span style=\"vertical-align: inherit;\"><span style=\"vertical-align: inherit;\"><span style=\"vertical-align: inherit;\"><span style=\"vertical-align: inherit;\"><span style=\"vertical-align: inherit;\"><span style=\"vertical-align: inherit;\"><span style=\"vertical-align: inherit;\"><span style=\"vertical-align: inherit;\"><span style=\"vertical-align: inherit;\"><span style=\"vertical-align: inherit;\"><span style=\"vertical-align: inherit;\"><span style=\"vertical-align: inherit;\"><span style=\"vertical-align: inherit;\"><span style=\"vertical-align: inherit;\"><span style=\"vertical-align: inherit;\"><span style=\"vertical-align: inherit;\"><span style=\"vertical-align: inherit;\"><span style=\"vertical-align: inherit;\"><span style=\"vertical-align: inherit;\"><span style=\"vertical-align: inherit;\"><span style=\"vertical-align: inherit;\"><span style=\"vertical-align: inherit;\"><span style=\"vertical-align: inherit;\"><span style=\"vertical-align: inherit;\"><span style=\"vertical-align: inherit;\"><span style=\"vertical-align: inherit;\"><span style=\"vertical-align: inherit;\"><span style=\"vertical-align: inherit;\"><span style=\"vertical-align: inherit;\"><span style=\"vertical-align: inherit;\"><span style=\"vertical-align: inherit;\"><span style=\"vertical-align: inherit;\"><span style=\"vertical-align: inherit;\">El trabajo de Daniel Aguirre<\/span><\/span><\/span><\/span><\/span><\/span><\/span><\/span><\/span><\/span><\/span><\/span><\/span><\/span><\/span><\/span><\/span><\/span><\/span><\/span><\/span><\/span><\/span><\/span><\/span><\/span><\/span><\/span><\/span><\/span><\/span><\/span><\/span><\/span><\/span><\/span><\/span><\/span><\/span><\/span><\/span><\/span><\/span><\/span><\/span><\/span><\/span><\/span><\/span><\/span><\/span><\/span><\/span><\/span><\/span><\/span><\/span><\/span><\/span><\/span><\/span><\/span><\/span><\/span><\/span><\/span><\/span><\/span><\/span><\/span><\/span><\/span><\/span><\/span><\/span><\/span><\/span><\/span><\/span><\/span><\/span><\/span><\/b><\/span><\/span><\/p><p>En sus inicios desarrolla un trabajo laborioso de fotograf\u00eda en anal\u00f3gico. Lo que le proporcionar\u00e1 gran soltura y experiencia que se ver\u00e1 reflejada en su posterior trabajo en digital. A principios de los 2000 se traslada a Espa\u00f1a. Actualmente <strong><a href=\"https:\/\/aguirredany.com\/\">Daniel Aguirre<\/a><\/strong> tiene su propio estudio y desarrolla su carrera profesional entre Barcelona y Valencia. Caracteriz\u00e1ndose por su mirada \u00fanica, trabaja en distintos \u00e1mbitos de la fotograf\u00eda, siempre buscando mejorar la calidad de los servicios que ofrece.<\/p>\t\t\t\t\t\t<\/div>\n\t\t\t\t<\/div>\n\t\t\t\t\t<\/div>\n\t\t<\/div>\n\t\t\t\t\t<\/div>\n\t\t<\/section>\n\t\t\t\t<section class=\"elementor-section elementor-top-section elementor-element elementor-element-306256c elementor-section-boxed elementor-section-height-default elementor-section-height-default\" data-id=\"306256c\" data-element_type=\"section\">\n\t\t\t\t\t\t<div class=\"elementor-container elementor-column-gap-default\">\n\t\t\t\t\t<div class=\"elementor-column elementor-col-100 elementor-top-column elementor-element elementor-element-48f77b5\" data-id=\"48f77b5\" data-element_type=\"column\">\n\t\t\t<div class=\"elementor-widget-wrap elementor-element-populated\">\n\t\t\t\t\t\t<div class=\"elementor-element elementor-element-7fa7439 elementor-arrows-position-inside elementor-pagination-position-outside elementor-widget elementor-widget-image-carousel\" data-id=\"7fa7439\" data-element_type=\"widget\" data-settings=\"{&quot;navigation&quot;:&quot;both&quot;,&quot;autoplay&quot;:&quot;yes&quot;,&quot;pause_on_hover&quot;:&quot;yes&quot;,&quot;pause_on_interaction&quot;:&quot;yes&quot;,&quot;autoplay_speed&quot;:5000,&quot;infinite&quot;:&quot;yes&quot;,&quot;speed&quot;:500}\" data-widget_type=\"image-carousel.default\">\n\t\t\t\t<div class=\"elementor-widget-container\">\n\t\t\t<style>\/*! elementor - v3.19.0 - 28-02-2024 *\/\n.elementor-widget-image-carousel .swiper,.elementor-widget-image-carousel .swiper-container{position:static}.elementor-widget-image-carousel .swiper-container .swiper-slide figure,.elementor-widget-image-carousel .swiper .swiper-slide figure{line-height:inherit}.elementor-widget-image-carousel .swiper-slide{text-align:center}.elementor-image-carousel-wrapper:not(.swiper-container-initialized):not(.swiper-initialized) .swiper-slide{max-width:calc(100% \/ var(--e-image-carousel-slides-to-show, 3))}<\/style>\t\t<div class=\"elementor-image-carousel-wrapper swiper\" dir=\"ltr\">\n\t\t\t<div class=\"elementor-image-carousel swiper-wrapper\" aria-live=\"off\">\n\t\t\t\t\t\t\t\t<div class=\"swiper-slide\" role=\"group\" aria-roledescription=\"slide\" aria-label=\"1 of 7\"><figure class=\"swiper-slide-inner\"><img decoding=\"async\" class=\"swiper-slide-image\" src=\"https:\/\/vlchost.com\/wp-content\/uploads\/daniel-aguirre-fotografia-town-square-flats-vlchost-2.jpg\" alt=\"nuestros-apartamentos-bajo-la-mirada-de-daniel-aguirre-2\" \/><\/figure><\/div><div class=\"swiper-slide\" role=\"group\" aria-roledescription=\"slide\" aria-label=\"2 of 7\"><figure class=\"swiper-slide-inner\"><img decoding=\"async\" class=\"swiper-slide-image\" src=\"https:\/\/vlchost.com\/wp-content\/uploads\/daniel-aguirre-fotografia-town-square-flats-vlchost-3.jpg\" alt=\"nuestros-apartamentos-bajo-la-mirada-de-daniel-aguirre-3\" \/><\/figure><\/div><div class=\"swiper-slide\" role=\"group\" aria-roledescription=\"slide\" aria-label=\"3 of 7\"><figure class=\"swiper-slide-inner\"><img decoding=\"async\" class=\"swiper-slide-image\" src=\"https:\/\/vlchost.com\/wp-content\/uploads\/daniel-aguirre-fotografia-town-square-flats-vlchost-6.jpg\" alt=\"nuestros-apartamentos-bajo-la-mirada-de-daniel-aguirre-4\" \/><\/figure><\/div><div class=\"swiper-slide\" role=\"group\" aria-roledescription=\"slide\" aria-label=\"4 of 7\"><figure class=\"swiper-slide-inner\"><img decoding=\"async\" class=\"swiper-slide-image\" src=\"https:\/\/vlchost.com\/wp-content\/uploads\/daniel-aguirre-fotografia-town-square-flats-vlchost-7.jpg\" alt=\"nuestros-apartamentos-bajo-la-mirada-de-daniel-aguirre\" \/><\/figure><\/div><div class=\"swiper-slide\" role=\"group\" aria-roledescription=\"slide\" aria-label=\"5 of 7\"><figure class=\"swiper-slide-inner\"><img decoding=\"async\" class=\"swiper-slide-image\" src=\"https:\/\/vlchost.com\/wp-content\/uploads\/daniel-aguirre-fotografia-town-square-flats-vlchost-8.jpg\" alt=\"nuestros-apartamentos-bajo-la-mirada-de-daniel-aguirre-6\" \/><\/figure><\/div><div class=\"swiper-slide\" role=\"group\" aria-roledescription=\"slide\" aria-label=\"6 of 7\"><figure class=\"swiper-slide-inner\"><img decoding=\"async\" class=\"swiper-slide-image\" src=\"https:\/\/vlchost.com\/wp-content\/uploads\/daniel-aguirre-fotografia-town-square-flats-vlchost-9.jpg\" alt=\"nuestros-apartamentos-bajo-la-mirada-de-daniel-aguirre-7\" \/><\/figure><\/div><div class=\"swiper-slide\" role=\"group\" aria-roledescription=\"slide\" aria-label=\"7 of 7\"><figure class=\"swiper-slide-inner\"><img decoding=\"async\" class=\"swiper-slide-image\" src=\"https:\/\/vlchost.com\/wp-content\/uploads\/daniel-aguirre-fotografia-town-square-flats-vlchost-10.jpg\" alt=\"nuestros-apartamentos-bajo-la-mirada-de-daniel-aguirre-8\" \/><\/figure><\/div>\t\t\t<\/div>\n\t\t\t\t\t\t\t\t\t\t\t\t<div class=\"elementor-swiper-button elementor-swiper-button-prev\" role=\"button\" tabindex=\"0\">\n\t\t\t\t\t\t<svg aria-hidden=\"true\" class=\"e-font-icon-svg e-eicon-chevron-left\" viewbox=\"0 0 1000 1000\" xmlns=\"http:\/\/www.w3.org\/2000\/svg\"><path d=\"M646 125C629 125 613 133 604 142L308 442C296 454 292 471 292 487 292 504 296 521 308 533L604 854C617 867 629 875 646 875 663 875 679 871 692 858 704 846 713 829 713 812 713 796 708 779 692 767L438 487 692 225C700 217 708 204 708 187 708 171 704 154 692 142 675 129 663 125 646 125Z\"><\/path><\/svg>\t\t\t\t\t<\/div>\n\t\t\t\t\t<div class=\"elementor-swiper-button elementor-swiper-button-next\" role=\"button\" tabindex=\"0\">\n\t\t\t\t\t\t<svg aria-hidden=\"true\" class=\"e-font-icon-svg e-eicon-chevron-right\" viewbox=\"0 0 1000 1000\" xmlns=\"http:\/\/www.w3.org\/2000\/svg\"><path d=\"M696 533C708 521 713 504 713 487 713 471 708 454 696 446L400 146C388 133 375 125 354 125 338 125 325 129 313 142 300 154 292 171 292 187 292 204 296 221 308 233L563 492 304 771C292 783 288 800 288 817 288 833 296 850 308 863 321 871 338 875 354 875 371 875 388 867 400 854L696 533Z\"><\/path><\/svg>\t\t\t\t\t<\/div>\n\t\t\t\t\n\t\t\t\t\t\t\t\t\t<div class=\"swiper-pagination\"><\/div>\n\t\t\t\t\t\t\t\t\t<\/div>\n\t\t\t\t<\/div>\n\t\t\t\t<\/div>\n\t\t\t\t\t<\/div>\n\t\t<\/div>\n\t\t\t\t\t<\/div>\n\t\t<\/section>\n\t\t\t\t<section class=\"elementor-section elementor-top-section elementor-element elementor-element-ad2260b elementor-section-boxed elementor-section-height-default elementor-section-height-default\" data-id=\"ad2260b\" data-element_type=\"section\">\n\t\t\t\t\t\t<div class=\"elementor-container elementor-column-gap-default\">\n\t\t\t\t\t<div class=\"elementor-column elementor-col-100 elementor-top-column elementor-element elementor-element-fea8379\" data-id=\"fea8379\" data-element_type=\"column\">\n\t\t\t<div class=\"elementor-widget-wrap elementor-element-populated\">\n\t\t\t\t\t\t<div class=\"elementor-element elementor-element-8e2d67b elementor-widget elementor-widget-text-editor\" data-id=\"8e2d67b\" data-element_type=\"widget\" data-widget_type=\"text-editor.default\">\n\t\t\t\t<div class=\"elementor-widget-container\">\n\t\t\t\t\t\t\t<p style=\"font-size: 17.6px; font-style: normal; font-weight: 400;\"><span style=\"color: #00a03e; font-family: Poppins; font-size: large;\"><span style=\"caret-color: #00a03e;\"><span style=\"font-weight: bold;\">\u00bfD\u00f3nde se ubican nuestros apartamentos?<\/span><\/span><\/span><\/p><p>Nuestros Town Square Suites se ubican al lado de Plaza de la Merced y a un paso del <strong><a href=\"https:\/\/www.mercadocentralvalencia.es\/\">Mercado Central<\/a><\/strong>. Con unas preciosas vistas que dan a la plaza, estos apartamentos de la Calle P\u00f3pul, 2 son la mejor opci\u00f3n si deseas alojarte en una zona c\u00e9ntrica pero tranquila. Su gran sofisticaci\u00f3n y cuidado por los detalles decorativos los hace m\u00e1s que \u00fanicos.<\/p><p style=\"font-size: 17.6px; font-style: normal; font-weight: 400;\"><span style=\"color: #00a03e; font-family: Poppins; font-size: large;\"><span style=\"caret-color: #00a03e;\"><span style=\"font-weight: bold;\">\u00bfQu\u00e9 los hacen tan especiales?<\/span><\/span><\/span><\/p><p>Se tratan de una serie de pisos de lujo, equipados con todo lo necesario para la vida cotidiana. Destacan principalmente por su <strong><a href=\"\/en\/_wp_link_placeholder\/\" data-wplink-edit=\"true\">ubicaci\u00f3n c\u00e9ntrica<\/a> <\/strong>y adem\u00e1s por la decoraci\u00f3n original y elegante del interior. Por otra parte, est\u00e1n pensados para alquiler a media estancia, lo que los hace perfectos para profesionales que tienen que desplazarse de su vivienda habitual durante un periodo determinado.<\/p><p style=\"font-size: 17.6px; font-style: normal; font-weight: 400;\">La profesionalidad y mirada \u00fanica del fot\u00f3grafo Daniel Aguirre es indudable. Su trabajo de gran calidad se ve reflejado en las fotograf\u00edas que ha hecho de nuestros apartamentos Town Square Flats.\u00a0<\/p><p style=\"font-size: 17.6px; font-style: normal; font-weight: 400; text-align: start;\"><span style=\"vertical-align: inherit;\"><span style=\"vertical-align: inherit;\"><span style=\"vertical-align: inherit;\"><span style=\"vertical-align: inherit;\"><span style=\"vertical-align: inherit;\"><span style=\"vertical-align: inherit;\"><span style=\"vertical-align: inherit;\"><span style=\"vertical-align: inherit;\"><span style=\"vertical-align: inherit;\"><span style=\"vertical-align: inherit;\"><span style=\"vertical-align: inherit;\"><span style=\"vertical-align: inherit;\"><span style=\"vertical-align: inherit;\"><span style=\"vertical-align: inherit;\"><span style=\"vertical-align: inherit;\"><span style=\"vertical-align: inherit;\"><span style=\"vertical-align: inherit;\"><span style=\"vertical-align: inherit;\"><span style=\"vertical-align: inherit;\"><span style=\"vertical-align: inherit;\"><span style=\"vertical-align: inherit;\"><span style=\"vertical-align: inherit;\"><span style=\"vertical-align: inherit;\"><span style=\"vertical-align: inherit;\"><span style=\"vertical-align: inherit;\"><span style=\"vertical-align: inherit;\"><span style=\"vertical-align: inherit;\"><span style=\"vertical-align: inherit;\"><span style=\"vertical-align: inherit;\"><span style=\"vertical-align: inherit;\"><span style=\"vertical-align: inherit;\"><span style=\"vertical-align: inherit;\"><span style=\"vertical-align: inherit;\"><span style=\"vertical-align: inherit;\"><span style=\"vertical-align: inherit;\"><span style=\"vertical-align: inherit;\"><span style=\"vertical-align: inherit;\"><span style=\"vertical-align: inherit;\"><span style=\"vertical-align: inherit;\"><span style=\"vertical-align: inherit;\"><span style=\"vertical-align: inherit;\"><span style=\"vertical-align: inherit;\"><span style=\"vertical-align: inherit;\"><span style=\"vertical-align: inherit;\"><span style=\"vertical-align: inherit;\"><span style=\"vertical-align: inherit;\"><span style=\"vertical-align: inherit;\"><span style=\"vertical-align: inherit;\"><span style=\"vertical-align: inherit;\"><span style=\"vertical-align: inherit;\"><span style=\"vertical-align: inherit;\"><span style=\"vertical-align: inherit;\"><span style=\"vertical-align: inherit;\"><span style=\"vertical-align: inherit;\"><span style=\"vertical-align: inherit;\"><span style=\"vertical-align: inherit;\"><span style=\"vertical-align: inherit;\"><span style=\"vertical-align: inherit;\"><span style=\"vertical-align: inherit;\"><span style=\"vertical-align: inherit;\"><span style=\"vertical-align: inherit;\"><span style=\"vertical-align: inherit;\"><span style=\"vertical-align: inherit;\"><span style=\"vertical-align: inherit;\"><span style=\"vertical-align: inherit;\"><span style=\"vertical-align: inherit;\"><span style=\"vertical-align: inherit;\"><span style=\"vertical-align: inherit;\"><span style=\"vertical-align: inherit;\"><span style=\"vertical-align: inherit;\"><span style=\"vertical-align: inherit;\"><span style=\"vertical-align: inherit;\"><span style=\"vertical-align: inherit;\"><span style=\"vertical-align: inherit;\"><span style=\"vertical-align: inherit;\"><span style=\"vertical-align: inherit;\"><span style=\"vertical-align: inherit;\"><span style=\"vertical-align: inherit;\"><span style=\"vertical-align: inherit;\"><span style=\"vertical-align: inherit;\"><span style=\"vertical-align: inherit;\"><span style=\"vertical-align: inherit;\"><span style=\"vertical-align: inherit;\"><span style=\"vertical-align: inherit;\"><span style=\"vertical-align: inherit;\"><span style=\"vertical-align: inherit;\"><span style=\"vertical-align: inherit;\"><span style=\"vertical-align: inherit;\"><span style=\"vertical-align: inherit;\"><span style=\"vertical-align: inherit;\">En\u00a0<\/span><\/span><\/span><\/span><\/span><\/span><\/span><\/span><\/span><\/span><\/span><\/span><\/span><\/span><\/span><\/span><\/span><\/span><\/span><\/span><\/span><\/span><\/span><\/span><\/span><\/span><\/span><\/span><\/span><\/span><\/span><\/span><\/span><\/span><\/span><\/span><\/span><\/span><\/span><\/span><\/span><\/span><\/span><\/span><\/span><\/span><\/span><\/span><\/span><\/span><\/span><\/span><\/span><\/span><\/span><\/span><\/span><\/span><\/span><\/span><\/span><\/span><\/span><\/span><\/span><\/span><\/span><\/span><\/span><\/span><\/span><\/span><\/span><\/span><\/span><\/span><\/span><\/span><\/span><\/span><\/span><\/span><\/span><\/span><\/span><\/span><\/span><\/span><strong><a href=\"http:\/\/vlchost.com\/en\/alojamientos-valencia-reserva\/\" target=\"_blank\" rel=\"noopener\"><span style=\"vertical-align: inherit;\"><span style=\"vertical-align: inherit;\"><span style=\"vertical-align: inherit;\"><span style=\"vertical-align: inherit;\"><span style=\"vertical-align: inherit;\"><span style=\"vertical-align: inherit;\"><span style=\"vertical-align: inherit;\"><span style=\"vertical-align: inherit;\"><span style=\"vertical-align: inherit;\"><span style=\"vertical-align: inherit;\"><span style=\"vertical-align: inherit;\"><span style=\"vertical-align: inherit;\"><span style=\"vertical-align: inherit;\"><span style=\"vertical-align: inherit;\"><span style=\"vertical-align: inherit;\"><span style=\"vertical-align: inherit;\"><span style=\"vertical-align: inherit;\"><span style=\"vertical-align: inherit;\"><span style=\"vertical-align: inherit;\"><span style=\"vertical-align: inherit;\"><span style=\"vertical-align: inherit;\"><span style=\"vertical-align: inherit;\"><span style=\"vertical-align: inherit;\"><span style=\"vertical-align: inherit;\"><span style=\"vertical-align: inherit;\"><span style=\"vertical-align: inherit;\"><span style=\"vertical-align: inherit;\"><span style=\"vertical-align: inherit;\"><span style=\"vertical-align: inherit;\"><span style=\"vertical-align: inherit;\"><span style=\"vertical-align: inherit;\"><span style=\"vertical-align: inherit;\"><span style=\"vertical-align: inherit;\"><span style=\"vertical-align: inherit;\"><span style=\"vertical-align: inherit;\"><span style=\"vertical-align: inherit;\"><span style=\"vertical-align: inherit;\"><span style=\"vertical-align: inherit;\"><span style=\"vertical-align: inherit;\"><span style=\"vertical-align: inherit;\"><span style=\"vertical-align: inherit;\"><span style=\"vertical-align: inherit;\"><span style=\"vertical-align: inherit;\"><span style=\"vertical-align: inherit;\"><span style=\"vertical-align: inherit;\"><span style=\"vertical-align: inherit;\"><span style=\"vertical-align: inherit;\"><span style=\"vertical-align: inherit;\"><span style=\"vertical-align: inherit;\"><span style=\"vertical-align: inherit;\"><span style=\"vertical-align: inherit;\"><span style=\"vertical-align: inherit;\"><span style=\"vertical-align: inherit;\"><span style=\"vertical-align: inherit;\"><span style=\"vertical-align: inherit;\"><span style=\"vertical-align: inherit;\"><span style=\"vertical-align: inherit;\"><span style=\"vertical-align: inherit;\"><span style=\"vertical-align: inherit;\"><span style=\"vertical-align: inherit;\"><span style=\"vertical-align: inherit;\"><span style=\"vertical-align: inherit;\"><span style=\"vertical-align: inherit;\"><span style=\"vertical-align: inherit;\"><span style=\"vertical-align: inherit;\"><span style=\"vertical-align: inherit;\"><span style=\"vertical-align: inherit;\"><span style=\"vertical-align: inherit;\"><span style=\"vertical-align: inherit;\"><span style=\"vertical-align: inherit;\"><span style=\"vertical-align: inherit;\"><span style=\"vertical-align: inherit;\"><span style=\"vertical-align: inherit;\"><span style=\"vertical-align: inherit;\"><span style=\"vertical-align: inherit;\"><span style=\"vertical-align: inherit;\"><span style=\"vertical-align: inherit;\"><span style=\"vertical-align: inherit;\"><span style=\"vertical-align: inherit;\"><span style=\"vertical-align: inherit;\"><span style=\"vertical-align: inherit;\"><span style=\"vertical-align: inherit;\"><span style=\"vertical-align: inherit;\"><span style=\"vertical-align: inherit;\"><span style=\"vertical-align: inherit;\"><span style=\"vertical-align: inherit;\"><span style=\"vertical-align: inherit;\"><span style=\"vertical-align: inherit;\">VLC\u00a0Host<\/span><\/span><\/span><\/span><\/span><\/span><\/span><\/span><\/span><\/span><\/span><\/span><\/span><\/span><\/span><\/span><\/span><\/span><\/span><\/span><\/span><\/span><\/span><\/span><\/span><\/span><\/span><\/span><\/span><\/span><\/span><\/span><\/span><\/span><\/span><\/span><\/span><\/span><\/span><\/span><\/span><\/span><\/span><\/span><\/span><\/span><\/span><\/span><\/span><\/span><\/span><\/span><\/span><\/span><\/span><\/span><\/span><\/span><\/span><\/span><\/span><\/span><\/span><\/span><\/span><\/span><\/span><\/span><\/span><\/span><\/span><\/span><\/span><\/span><\/span><\/span><\/span><\/span><\/span><\/span><\/span><\/span><\/span><\/span><\/span><\/span><\/span><\/span><\/a><\/strong><\/span><\/span> te animamos siempre a que conozcas m\u00e1s en profundidad nuestros apartamentos y nos esforzamos en dise\u00f1ar lugares que se adapten totalmente a tus necesidades.<\/p><p style=\"font-size: 17.6px; font-style: normal; font-weight: 400; text-align: start;\"><span style=\"vertical-align: inherit;\">Si deseas alojarte con nosotros escr\u00edbenos a <span style=\"font-weight: bold;\"><a href=\"mailto:reservas@vlcinvest.com\">reservas@vlcinvest.com<\/a><\/span>\u00a0o llama al +34 665 158 187<\/span><\/p>\t\t\t\t\t\t<\/div>\n\t\t\t\t<\/div>\n\t\t\t\t\t<\/div>\n\t\t<\/div>\n\t\t\t\t\t<\/div>\n\t\t<\/section>\n\t\t\t\t<\/div>","protected":false},"excerpt":{"rendered":"<p>Recientemente hemos tenido el placer de recibir a Daniel Aguirre para que actualizase las fotograf\u00edas de nuestros apartamentos c\u00e9ntricos.<\/p>","protected":false},"author":4,"featured_media":3942,"comment_status":"open","ping_status":"open","sticky":false,"template":"","format":"standard","meta":{"footnotes":""},"categories":[63,19,11,18],"tags":[28,60,66,64,65,50,58,67,46,25,29,59],"class_list":["post-3940","post","type-post","status-publish","format-standard","has-post-thumbnail","hentry","category-apartamentos","category-love-valencia","category-noticias","category-vlc-host-noticias","tag-apartamentosvalencia","tag-artista","tag-centro","tag-danielaguirre","tag-estudioaguirre","tag-familiar","tag-flats","tag-fotografia","tag-ocio","tag-valencia","tag-visitvalencia","tag-vlchost"],"yoast_head":"<!-- This site is optimized with the Yoast SEO plugin v21.5 - https:\/\/yoast.com\/wordpress\/plugins\/seo\/ -->\n<title>Nuestros apartamentos bajo la mirada de Daniel Aguirre<\/title>\n<meta name=\"description\" content=\"Nuestros apartamentos m\u00e1s c\u00e9ntricos han sido fotografiados recientemente bajo la mirada \u00fanica de Daniel Aguirre.\" \/>\n<meta name=\"robots\" content=\"index, follow, max-snippet:-1, max-image-preview:large, max-video-preview:-1\" \/>\n<link rel=\"canonical\" href=\"https:\/\/vlchost.com\/en\/noticias\/nuestros-apartamentos-bajo-la-miradad-de-daniel-aguirre\/\" \/>\n<meta property=\"og:locale\" content=\"en_US\" \/>\n<meta property=\"og:type\" content=\"article\" \/>\n<meta property=\"og:title\" content=\"Nuestros apartamentos bajo la mirada de Daniel Aguirre\" \/>\n<meta property=\"og:description\" content=\"Nuestros apartamentos m\u00e1s c\u00e9ntricos han sido fotografiados recientemente bajo la mirada \u00fanica de Daniel Aguirre.\" \/>\n<meta property=\"og:url\" content=\"https:\/\/vlchost.com\/en\/noticias\/nuestros-apartamentos-bajo-la-miradad-de-daniel-aguirre\/\" \/>\n<meta property=\"og:site_name\" content=\"VLC Host\" \/>\n<meta property=\"article:publisher\" content=\"https:\/\/www.facebook.com\/VLCHost.HappyToHostYou\" \/>\n<meta property=\"article:published_time\" content=\"2023-02-22T12:54:43+00:00\" \/>\n<meta property=\"article:modified_time\" content=\"2023-02-22T12:54:44+00:00\" \/>\n<meta property=\"og:image\" content=\"https:\/\/vlchost.com\/wp-content\/uploads\/daniel-aguirre-fotografia-town-square-flats-vlchost-1.jpg\" \/>\n\t<meta property=\"og:image:width\" content=\"1200\" \/>\n\t<meta property=\"og:image:height\" content=\"800\" \/>\n\t<meta property=\"og:image:type\" content=\"image\/jpeg\" \/>\n<meta name=\"author\" content=\"VCL\" \/>\n<meta name=\"twitter:card\" content=\"summary_large_image\" \/>\n<meta name=\"twitter:label1\" content=\"Written by\" \/>\n\t<meta name=\"twitter:data1\" content=\"VCL\" \/>\n\t<meta name=\"twitter:label2\" content=\"Est. reading time\" \/>\n\t<meta name=\"twitter:data2\" content=\"4 minutes\" \/>\n<script type=\"application\/ld+json\" class=\"yoast-schema-graph\">{\"@context\":\"https:\/\/schema.org\",\"@graph\":[{\"@type\":\"Article\",\"@id\":\"https:\/\/vlchost.com\/noticias\/nuestros-apartamentos-bajo-la-miradad-de-daniel-aguirre\/#article\",\"isPartOf\":{\"@id\":\"https:\/\/vlchost.com\/noticias\/nuestros-apartamentos-bajo-la-miradad-de-daniel-aguirre\/\"},\"author\":{\"name\":\"VCL\",\"@id\":\"https:\/\/vlchost.com\/#\/schema\/person\/782a12abb83614fa9849b9497b619679\"},\"headline\":\"Nuestros apartamentos bajo la mirada de Daniel Aguirre\",\"datePublished\":\"2023-02-22T12:54:43+00:00\",\"dateModified\":\"2023-02-22T12:54:44+00:00\",\"mainEntityOfPage\":{\"@id\":\"https:\/\/vlchost.com\/noticias\/nuestros-apartamentos-bajo-la-miradad-de-daniel-aguirre\/\"},\"wordCount\":425,\"commentCount\":0,\"publisher\":{\"@id\":\"https:\/\/vlchost.com\/#organization\"},\"keywords\":[\"#apartamentosvalencia\",\"#artista\",\"#centro\",\"#danielaguirre\",\"#estudioaguirre\",\"#familiar\",\"#flats\",\"#fotograf\u00eda\",\"#ocio\",\"#valencia\",\"#visitvalencia\",\"#vlchost\"],\"articleSection\":[\"Apartamentos\",\"Love Valencia\",\"Noticias\",\"VLC Host\"],\"inLanguage\":\"en-US\"},{\"@type\":\"WebPage\",\"@id\":\"https:\/\/vlchost.com\/noticias\/nuestros-apartamentos-bajo-la-miradad-de-daniel-aguirre\/\",\"url\":\"https:\/\/vlchost.com\/noticias\/nuestros-apartamentos-bajo-la-miradad-de-daniel-aguirre\/\",\"name\":\"Nuestros apartamentos bajo la mirada de Daniel Aguirre\",\"isPartOf\":{\"@id\":\"https:\/\/vlchost.com\/#website\"},\"datePublished\":\"2023-02-22T12:54:43+00:00\",\"dateModified\":\"2023-02-22T12:54:44+00:00\",\"description\":\"Nuestros apartamentos m\u00e1s c\u00e9ntricos han sido fotografiados recientemente bajo la mirada \u00fanica de Daniel Aguirre.\",\"breadcrumb\":{\"@id\":\"https:\/\/vlchost.com\/noticias\/nuestros-apartamentos-bajo-la-miradad-de-daniel-aguirre\/#breadcrumb\"},\"inLanguage\":\"en-US\",\"potentialAction\":[{\"@type\":\"ReadAction\",\"target\":[\"https:\/\/vlchost.com\/noticias\/nuestros-apartamentos-bajo-la-miradad-de-daniel-aguirre\/\"]}]},{\"@type\":\"BreadcrumbList\",\"@id\":\"https:\/\/vlchost.com\/noticias\/nuestros-apartamentos-bajo-la-miradad-de-daniel-aguirre\/#breadcrumb\",\"itemListElement\":[{\"@type\":\"ListItem\",\"position\":1,\"name\":\"Portada\",\"item\":\"https:\/\/vlchost.com\/\"},{\"@type\":\"ListItem\",\"position\":2,\"name\":\"Nuestros apartamentos bajo la mirada de Daniel Aguirre\"}]},{\"@type\":\"WebSite\",\"@id\":\"https:\/\/vlchost.com\/#website\",\"url\":\"https:\/\/vlchost.com\/\",\"name\":\"VLC Host\",\"description\":\"Alquiler de alojamientos tur\u00edsticos\",\"publisher\":{\"@id\":\"https:\/\/vlchost.com\/#organization\"},\"potentialAction\":[{\"@type\":\"SearchAction\",\"target\":{\"@type\":\"EntryPoint\",\"urlTemplate\":\"https:\/\/vlchost.com\/?s={search_term_string}\"},\"query-input\":\"required name=search_term_string\"}],\"inLanguage\":\"en-US\"},{\"@type\":\"Organization\",\"@id\":\"https:\/\/vlchost.com\/#organization\",\"name\":\"VLC Host - Nomad Life\",\"url\":\"https:\/\/vlchost.com\/\",\"logo\":{\"@type\":\"ImageObject\",\"inLanguage\":\"en-US\",\"@id\":\"https:\/\/vlchost.com\/#\/schema\/logo\/image\/\",\"url\":\"https:\/\/vlchost.com\/wp-content\/uploads\/cropped-alquiler-apartamentos-VLCHOST.png\",\"contentUrl\":\"https:\/\/vlchost.com\/wp-content\/uploads\/cropped-alquiler-apartamentos-VLCHOST.png\",\"width\":512,\"height\":512,\"caption\":\"VLC Host - Nomad Life\"},\"image\":{\"@id\":\"https:\/\/vlchost.com\/#\/schema\/logo\/image\/\"},\"sameAs\":[\"https:\/\/www.facebook.com\/VLCHost.HappyToHostYou\",\"https:\/\/www.instagram.com\/vlchost\/\"]},{\"@type\":\"Person\",\"@id\":\"https:\/\/vlchost.com\/#\/schema\/person\/782a12abb83614fa9849b9497b619679\",\"name\":\"VCL\",\"image\":{\"@type\":\"ImageObject\",\"inLanguage\":\"en-US\",\"@id\":\"https:\/\/vlchost.com\/#\/schema\/person\/image\/\",\"url\":\"https:\/\/secure.gravatar.com\/avatar\/e2154249541e31d72b1e613335475cddc540ebd9e29ec5224763cf04738da599?s=96&d=mm&r=g\",\"contentUrl\":\"https:\/\/secure.gravatar.com\/avatar\/e2154249541e31d72b1e613335475cddc540ebd9e29ec5224763cf04738da599?s=96&d=mm&r=g\",\"caption\":\"VCL\"},\"url\":\"https:\/\/vlchost.com\/en\/author\/vlchost-user\/\"}]}<\/script>\n<!-- \/ Yoast SEO plugin. -->","yoast_head_json":{"title":"Nuestros apartamentos bajo la mirada de Daniel Aguirre","description":"Nuestros apartamentos m\u00e1s c\u00e9ntricos han sido fotografiados recientemente bajo la mirada \u00fanica de Daniel Aguirre.","robots":{"index":"index","follow":"follow","max-snippet":"max-snippet:-1","max-image-preview":"max-image-preview:large","max-video-preview":"max-video-preview:-1"},"canonical":"https:\/\/vlchost.com\/en\/noticias\/nuestros-apartamentos-bajo-la-miradad-de-daniel-aguirre\/","og_locale":"en_US","og_type":"article","og_title":"Nuestros apartamentos bajo la mirada de Daniel Aguirre","og_description":"Nuestros apartamentos m\u00e1s c\u00e9ntricos han sido fotografiados recientemente bajo la mirada \u00fanica de Daniel Aguirre.","og_url":"https:\/\/vlchost.com\/en\/noticias\/nuestros-apartamentos-bajo-la-miradad-de-daniel-aguirre\/","og_site_name":"VLC Host","article_publisher":"https:\/\/www.facebook.com\/VLCHost.HappyToHostYou","article_published_time":"2023-02-22T12:54:43+00:00","article_modified_time":"2023-02-22T12:54:44+00:00","og_image":[{"width":1200,"height":800,"url":"https:\/\/vlchost.com\/wp-content\/uploads\/daniel-aguirre-fotografia-town-square-flats-vlchost-1.jpg","type":"image\/jpeg"}],"author":"VCL","twitter_card":"summary_large_image","twitter_misc":{"Written by":"VCL","Est. reading time":"4 minutes"},"schema":{"@context":"https:\/\/schema.org","@graph":[{"@type":"Article","@id":"https:\/\/vlchost.com\/noticias\/nuestros-apartamentos-bajo-la-miradad-de-daniel-aguirre\/#article","isPartOf":{"@id":"https:\/\/vlchost.com\/noticias\/nuestros-apartamentos-bajo-la-miradad-de-daniel-aguirre\/"},"author":{"name":"VCL","@id":"https:\/\/vlchost.com\/#\/schema\/person\/782a12abb83614fa9849b9497b619679"},"headline":"Nuestros apartamentos bajo la mirada de Daniel Aguirre","datePublished":"2023-02-22T12:54:43+00:00","dateModified":"2023-02-22T12:54:44+00:00","mainEntityOfPage":{"@id":"https:\/\/vlchost.com\/noticias\/nuestros-apartamentos-bajo-la-miradad-de-daniel-aguirre\/"},"wordCount":425,"commentCount":0,"publisher":{"@id":"https:\/\/vlchost.com\/#organization"},"keywords":["#apartamentosvalencia","#artista","#centro","#danielaguirre","#estudioaguirre","#familiar","#flats","#fotograf\u00eda","#ocio","#valencia","#visitvalencia","#vlchost"],"articleSection":["Apartamentos","Love Valencia","Noticias","VLC Host"],"inLanguage":"en-US"},{"@type":"WebPage","@id":"https:\/\/vlchost.com\/noticias\/nuestros-apartamentos-bajo-la-miradad-de-daniel-aguirre\/","url":"https:\/\/vlchost.com\/noticias\/nuestros-apartamentos-bajo-la-miradad-de-daniel-aguirre\/","name":"Nuestros apartamentos bajo la mirada de Daniel Aguirre","isPartOf":{"@id":"https:\/\/vlchost.com\/#website"},"datePublished":"2023-02-22T12:54:43+00:00","dateModified":"2023-02-22T12:54:44+00:00","description":"Nuestros apartamentos m\u00e1s c\u00e9ntricos han sido fotografiados recientemente bajo la mirada \u00fanica de Daniel Aguirre.","breadcrumb":{"@id":"https:\/\/vlchost.com\/noticias\/nuestros-apartamentos-bajo-la-miradad-de-daniel-aguirre\/#breadcrumb"},"inLanguage":"en-US","potentialAction":[{"@type":"ReadAction","target":["https:\/\/vlchost.com\/noticias\/nuestros-apartamentos-bajo-la-miradad-de-daniel-aguirre\/"]}]},{"@type":"BreadcrumbList","@id":"https:\/\/vlchost.com\/noticias\/nuestros-apartamentos-bajo-la-miradad-de-daniel-aguirre\/#breadcrumb","itemListElement":[{"@type":"ListItem","position":1,"name":"Portada","item":"https:\/\/vlchost.com\/"},{"@type":"ListItem","position":2,"name":"Nuestros apartamentos bajo la mirada de Daniel Aguirre"}]},{"@type":"WebSite","@id":"https:\/\/vlchost.com\/#website","url":"https:\/\/vlchost.com\/","name":"VLC Host","description":"Alquiler de alojamientos tur\u00edsticos","publisher":{"@id":"https:\/\/vlchost.com\/#organization"},"potentialAction":[{"@type":"SearchAction","target":{"@type":"EntryPoint","urlTemplate":"https:\/\/vlchost.com\/?s={search_term_string}"},"query-input":"required name=search_term_string"}],"inLanguage":"en-US"},{"@type":"Organization","@id":"https:\/\/vlchost.com\/#organization","name":"VLC Host - Nomad Life","url":"https:\/\/vlchost.com\/","logo":{"@type":"ImageObject","inLanguage":"en-US","@id":"https:\/\/vlchost.com\/#\/schema\/logo\/image\/","url":"https:\/\/vlchost.com\/wp-content\/uploads\/cropped-alquiler-apartamentos-VLCHOST.png","contentUrl":"https:\/\/vlchost.com\/wp-content\/uploads\/cropped-alquiler-apartamentos-VLCHOST.png","width":512,"height":512,"caption":"VLC Host - Nomad Life"},"image":{"@id":"https:\/\/vlchost.com\/#\/schema\/logo\/image\/"},"sameAs":["https:\/\/www.facebook.com\/VLCHost.HappyToHostYou","https:\/\/www.instagram.com\/vlchost\/"]},{"@type":"Person","@id":"https:\/\/vlchost.com\/#\/schema\/person\/782a12abb83614fa9849b9497b619679","name":"VCL","image":{"@type":"ImageObject","inLanguage":"en-US","@id":"https:\/\/vlchost.com\/#\/schema\/person\/image\/","url":"https:\/\/secure.gravatar.com\/avatar\/e2154249541e31d72b1e613335475cddc540ebd9e29ec5224763cf04738da599?s=96&d=mm&r=g","contentUrl":"https:\/\/secure.gravatar.com\/avatar\/e2154249541e31d72b1e613335475cddc540ebd9e29ec5224763cf04738da599?s=96&d=mm&r=g","caption":"VCL"},"url":"https:\/\/vlchost.com\/en\/author\/vlchost-user\/"}]}},"_links":{"self":[{"href":"https:\/\/vlchost.com\/en\/wp-json\/wp\/v2\/posts\/3940","targetHints":{"allow":["GET"]}}],"collection":[{"href":"https:\/\/vlchost.com\/en\/wp-json\/wp\/v2\/posts"}],"about":[{"href":"https:\/\/vlchost.com\/en\/wp-json\/wp\/v2\/types\/post"}],"author":[{"embeddable":true,"href":"https:\/\/vlchost.com\/en\/wp-json\/wp\/v2\/users\/4"}],"replies":[{"embeddable":true,"href":"https:\/\/vlchost.com\/en\/wp-json\/wp\/v2\/comments?post=3940"}],"version-history":[{"count":161,"href":"https:\/\/vlchost.com\/en\/wp-json\/wp\/v2\/posts\/3940\/revisions"}],"predecessor-version":[{"id":4109,"href":"https:\/\/vlchost.com\/en\/wp-json\/wp\/v2\/posts\/3940\/revisions\/4109"}],"wp:featuredmedia":[{"embeddable":true,"href":"https:\/\/vlchost.com\/en\/wp-json\/wp\/v2\/media\/3942"}],"wp:attachment":[{"href":"https:\/\/vlchost.com\/en\/wp-json\/wp\/v2\/media?parent=3940"}],"wp:term":[{"taxonomy":"category","embeddable":true,"href":"https:\/\/vlchost.com\/en\/wp-json\/wp\/v2\/categories?post=3940"},{"taxonomy":"post_tag","embeddable":true,"href":"https:\/\/vlchost.com\/en\/wp-json\/wp\/v2\/tags?post=3940"}],"curies":[{"name":"wp","href":"https:\/\/api.w.org\/{rel}","templated":true}]}}