{"id":4136,"date":"2023-02-28T16:58:16","date_gmt":"2023-02-28T15:58:16","guid":{"rendered":"http:\/\/vlchost.com\/?p=4136"},"modified":"2023-04-14T11:25:07","modified_gmt":"2023-04-14T09:25:07","slug":"festival-de-la-dona-valencia-talento-femenino","status":"publish","type":"post","link":"https:\/\/vlchost.com\/en\/noticias\/festival-de-la-dona-valencia-talento-femenino\/","title":{"rendered":"Festival de la Dona: apostando por el talento femenino"},"content":{"rendered":"<div data-elementor-type=\"wp-post\" data-elementor-id=\"4136\" class=\"elementor elementor-4136\" data-elementor-post-type=\"post\">\n\t\t\t\t\t\t<section class=\"elementor-section elementor-top-section elementor-element elementor-element-9cd1e2a elementor-section-boxed elementor-section-height-default elementor-section-height-default\" data-id=\"9cd1e2a\" data-element_type=\"section\">\n\t\t\t\t\t\t<div class=\"elementor-container elementor-column-gap-default\">\n\t\t\t\t\t<div class=\"elementor-column elementor-col-100 elementor-top-column elementor-element elementor-element-ec5593b\" data-id=\"ec5593b\" data-element_type=\"column\">\n\t\t\t<div class=\"elementor-widget-wrap elementor-element-populated\">\n\t\t\t\t\t\t<div class=\"elementor-element elementor-element-3b719df elementor-widget elementor-widget-image\" data-id=\"3b719df\" data-element_type=\"widget\" data-widget_type=\"image.default\">\n\t\t\t\t<div class=\"elementor-widget-container\">\n\t\t\t<style>\/*! elementor - v3.19.0 - 28-02-2024 *\/\n.elementor-widget-image{text-align:center}.elementor-widget-image a{display:inline-block}.elementor-widget-image a img[src$=\".svg\"]{width:48px}.elementor-widget-image img{vertical-align:middle;display:inline-block}<\/style>\t\t\t\t\t\t\t\t\t\t\t<a href=\"https:\/\/feverup.com\/m\/84204?utm_source=valenciasecreta&#038;utm_medium=post&#038;utm_campaign=84204_vlc&#038;utm_content=festival-dia-de-la-dona-valencia&#038;utm_term=secondary_title\">\n\t\t\t\t\t\t\t<img fetchpriority=\"high\" decoding=\"async\" width=\"1600\" height=\"1066\" src=\"https:\/\/vlchost.com\/wp-content\/uploads\/dia-de-la-dona-valencia-vlc-host.jpeg\" class=\"attachment-large size-large wp-image-4116\" alt=\"\" srcset=\"https:\/\/vlchost.com\/wp-content\/uploads\/dia-de-la-dona-valencia-vlc-host.jpeg 1600w, https:\/\/vlchost.com\/wp-content\/uploads\/dia-de-la-dona-valencia-vlc-host-768x512.jpeg 768w, https:\/\/vlchost.com\/wp-content\/uploads\/dia-de-la-dona-valencia-vlc-host-1536x1023.jpeg 1536w\" sizes=\"(max-width: 1600px) 100vw, 1600px\" \/>\t\t\t\t\t\t\t\t<\/a>\n\t\t\t\t\t\t\t\t\t\t\t\t\t<\/div>\n\t\t\t\t<\/div>\n\t\t\t\t\t<\/div>\n\t\t<\/div>\n\t\t\t\t\t<\/div>\n\t\t<\/section>\n\t\t\t\t<section class=\"elementor-section elementor-top-section elementor-element elementor-element-84d6678 elementor-section-boxed elementor-section-height-default elementor-section-height-default\" data-id=\"84d6678\" data-element_type=\"section\">\n\t\t\t\t\t\t<div class=\"elementor-container elementor-column-gap-default\">\n\t\t\t\t\t<div class=\"elementor-column elementor-col-100 elementor-top-column elementor-element elementor-element-ca254d9\" data-id=\"ca254d9\" data-element_type=\"column\">\n\t\t\t<div class=\"elementor-widget-wrap elementor-element-populated\">\n\t\t\t\t\t\t<div class=\"elementor-element elementor-element-23caa5e elementor-widget__width-auto elementor-widget elementor-widget-text-editor\" data-id=\"23caa5e\" data-element_type=\"widget\" data-widget_type=\"text-editor.default\">\n\t\t\t\t<div class=\"elementor-widget-container\">\n\t\t\t<style>\/*! elementor - v3.19.0 - 28-02-2024 *\/\n.elementor-widget-text-editor.elementor-drop-cap-view-stacked .elementor-drop-cap{background-color:#69727d;color:#fff}.elementor-widget-text-editor.elementor-drop-cap-view-framed .elementor-drop-cap{color:#69727d;border:3px solid;background-color:transparent}.elementor-widget-text-editor:not(.elementor-drop-cap-view-default) .elementor-drop-cap{margin-top:8px}.elementor-widget-text-editor:not(.elementor-drop-cap-view-default) .elementor-drop-cap-letter{width:1em;height:1em}.elementor-widget-text-editor .elementor-drop-cap{float:left;text-align:center;line-height:1;font-size:50px}.elementor-widget-text-editor .elementor-drop-cap-letter{display:inline-block}<\/style>\t\t\t\t<p><span style=\"vertical-align: inherit;\"><span style=\"vertical-align: inherit;\">El festival &#8220;<strong>D\u00eda de la Dona&#8221;<\/strong> vuelve el 3 de marzo de 2023 a la <\/span><\/span><strong><a href=\"https:\/\/www.cac.es\/es\/home.html\"><span style=\"vertical-align: inherit;\"><span style=\"vertical-align: inherit;\">Ciudad de las Artes y las Ciencias<\/span><\/span><\/a><\/strong><span style=\"vertical-align: inherit;\"><span style=\"vertical-align: inherit;\"> , y por ello, te recomendamos lo siguiente:<\/span><\/span><\/p><p><span style=\"vertical-align: inherit;\"><span style=\"vertical-align: inherit;\">Como festival pionero a nivel nacional, el <\/span><a href=\"https:\/\/feverup.com\/m\/84204?utm_source=valenciasecreta&amp;utm_medium=post&amp;utm_campaign=84204_vlc&amp;utm_content=festival-dia-de-la-dona-valencia&amp;utm_term=secondary_title\"><strong><span style=\"vertical-align: inherit;\">D\u00eda de la Dona,<\/span><\/strong><\/a><span style=\"vertical-align: inherit;\"> \u00a0es el primer evento de su tipo celebrado en Espa\u00f1a y tambi\u00e9n en <\/span><strong><span style=\"vertical-align: inherit;\">Valencia<\/span><\/strong><span style=\"vertical-align: inherit;\">. <\/span><span style=\"vertical-align: inherit;\">Con un cartel compuesto totalmente por mujeres, e<\/span><span style=\"vertical-align: inherit;\">ste festival es una oportunidad para dar visibilidad al talento femenino. Suena bien, \u00bfverdad?<\/span><\/span><\/p><p><span style=\"vertical-align: inherit;\"><span style=\"vertical-align: inherit;\">El festival, <\/span><\/span><strong><span style=\"vertical-align: inherit;\"><span style=\"vertical-align: inherit;\">que promueve la sostenibilidad, el transporte p\u00fablico y la econom\u00eda local<\/span><\/span><\/strong><span style=\"vertical-align: inherit;\"><span style=\"vertical-align: inherit;\"> , contar\u00e1 con importantes artistas del panorama valenciano y espa\u00f1ol y un espacio gastron\u00f3mico. <\/span><\/span><br \/><span style=\"vertical-align: inherit;\"><span style=\"vertical-align: inherit;\">Las artistas originales y las DJ confirmadas incluyen a:\u00a0 <\/span><\/span><strong><a href=\"https:\/\/rosalopezoficial.com\/\"><span style=\"vertical-align: inherit;\"><span style=\"vertical-align: inherit;\">Rosa L\u00f3pez<\/span><\/span><\/a><span style=\"vertical-align: inherit;\"><span style=\"vertical-align: inherit;\"> \u00a0y\u00a0 <\/span><\/span><a href=\"https:\/\/sorayaarnelas.es\/\"><span style=\"vertical-align: inherit;\"><span style=\"vertical-align: inherit;\">Soraya<\/span><\/span><\/a><\/strong><span style=\"vertical-align: inherit;\"><span style=\"vertical-align: inherit;\">, as\u00ed como numerosos artistas locales Agata \u00c1ngel, Alba DM, Alicia DC, Blondex, Carol Mcclockey, Gynebra, Josephine Sweet, Laura Put, Mar\u00eda L\u00f3pez H, Marien Baker, Miss Rose, M\u00f3nica X, Raquel Cardona, Soraya Naoyin y Tanya Bayo.<\/span><\/span><\/p>\t\t\t\t\t\t<\/div>\n\t\t\t\t<\/div>\n\t\t\t\t\t<\/div>\n\t\t<\/div>\n\t\t\t\t\t<\/div>\n\t\t<\/section>\n\t\t\t\t<section class=\"elementor-section elementor-top-section elementor-element elementor-element-ed798f2 elementor-section-boxed elementor-section-height-default elementor-section-height-default\" data-id=\"ed798f2\" data-element_type=\"section\">\n\t\t\t\t\t\t<div class=\"elementor-container elementor-column-gap-default\">\n\t\t\t\t\t<div class=\"elementor-column elementor-col-100 elementor-top-column elementor-element elementor-element-e4a21da\" data-id=\"e4a21da\" data-element_type=\"column\">\n\t\t\t<div class=\"elementor-widget-wrap elementor-element-populated\">\n\t\t\t\t\t\t<div class=\"elementor-element elementor-element-a8c9854 elementor-widget elementor-widget-image\" data-id=\"a8c9854\" data-element_type=\"widget\" data-widget_type=\"image.default\">\n\t\t\t\t<div class=\"elementor-widget-container\">\n\t\t\t\t\t\t\t\t\t\t\t\t\t\t<a href=\"https:\/\/feverup.com\/m\/84204?utm_source=valenciasecreta&#038;utm_medium=post&#038;utm_campaign=84204_vlc&#038;utm_content=festival-dia-de-la-dona-valencia&#038;utm_term=secondary_title\">\n\t\t\t\t\t\t\t<img decoding=\"async\" width=\"850\" height=\"400\" src=\"https:\/\/vlchost.com\/wp-content\/uploads\/festival-dia-de-la-dona-vlc-host.jpg\" class=\"attachment-medium size-medium wp-image-4142\" alt=\"\" srcset=\"https:\/\/vlchost.com\/wp-content\/uploads\/festival-dia-de-la-dona-vlc-host.jpg 850w, https:\/\/vlchost.com\/wp-content\/uploads\/festival-dia-de-la-dona-vlc-host-768x361.jpg 768w\" sizes=\"(max-width: 850px) 100vw, 850px\" \/>\t\t\t\t\t\t\t\t<\/a>\n\t\t\t\t\t\t\t\t\t\t\t\t\t<\/div>\n\t\t\t\t<\/div>\n\t\t\t\t\t<\/div>\n\t\t<\/div>\n\t\t\t\t\t<\/div>\n\t\t<\/section>\n\t\t\t\t<section class=\"elementor-section elementor-top-section elementor-element elementor-element-59f8cf0 elementor-section-boxed elementor-section-height-default elementor-section-height-default\" data-id=\"59f8cf0\" data-element_type=\"section\">\n\t\t\t\t\t\t<div class=\"elementor-container elementor-column-gap-default\">\n\t\t\t\t\t<div class=\"elementor-column elementor-col-100 elementor-top-column elementor-element elementor-element-c734068\" data-id=\"c734068\" data-element_type=\"column\">\n\t\t\t<div class=\"elementor-widget-wrap elementor-element-populated\">\n\t\t\t\t\t\t<div class=\"elementor-element elementor-element-8caa11f elementor-widget elementor-widget-text-editor\" data-id=\"8caa11f\" data-element_type=\"widget\" data-widget_type=\"text-editor.default\">\n\t\t\t\t<div class=\"elementor-widget-container\">\n\t\t\t\t\t\t\t<p><span style=\"vertical-align: inherit;\"><span style=\"vertical-align: inherit;\">Adem\u00e1s, como novedad, quienes tengan entradas para el festival <\/span><\/span><strong><a href=\"https:\/\/feverup.com\/m\/84204?utm_source=valenciasecreta&amp;utm_medium=post&amp;utm_campaign=84204_vlc&amp;utm_content=festival-dia-de-la-dona-valencia&amp;utm_term=secondary_title\"><span style=\"vertical-align: inherit;\"><span style=\"vertical-align: inherit;\">Dia de la Dona<\/span><\/span><\/a><\/strong><span style=\"vertical-align: inherit;\"><span style=\"vertical-align: inherit;\"> tambi\u00e9n podr\u00e1n visitar el museo Remember de la Ruta, que tambi\u00e9n estar\u00e1 abierto para quienes compren entradas para el festival <\/span><\/span><strong><a href=\"https:\/\/www.sonidodevalencia.com\/\"><span style=\"vertical-align: inherit;\"><span style=\"vertical-align: inherit;\">Sonido Valencia<\/span><\/span><\/a><\/strong><span style=\"vertical-align: inherit;\"><span style=\"vertical-align: inherit;\"> \u2013 Remember les Arts, tiene lugar unos d\u00edas despu\u00e9s.<\/span><\/span><\/p><p><span style=\"vertical-align: inherit;\"><span style=\"vertical-align: inherit;\">El festival est\u00e1 organizado por FOTUR y PRODJ CV en colaboraci\u00f3n con <\/span><\/span><strong><a href=\"https:\/\/www.visitvalencia.com\/\"><span style=\"vertical-align: inherit;\"><span style=\"vertical-align: inherit;\">Turisme Comunitat Valenciana<\/span><\/span><\/a><\/strong><span style=\"vertical-align: inherit;\"><span style=\"vertical-align: inherit;\"> , Fundaci\u00f3n SGAE, Consumo Moderado, Ministerio de Turismo e Internacionalizaci\u00f3n, Sanidad y Consumo. <\/span><span style=\"vertical-align: inherit;\">Este festival es un gran reclamo tur\u00edstico para Valencia y la Comunidad Valenciana, y para esta edici\u00f3n, el 99% del personal que trabaja y organiza los eventos son mujeres.<\/span><\/span><\/p><p><strong><a href=\"https:\/\/feverup.com\/m\/84204?utm_source=valenciasecreta&amp;utm_medium=post&amp;utm_campaign=84204_vlc&amp;utm_content=festival-dia-de-la-dona-valencia&amp;utm_term=secondary_title\"><span style=\"vertical-align: inherit;\"><span style=\"vertical-align: inherit;\">Quieres disfrutar del festival y buscas alojamiento?Cont\u00e1ctanos.<\/span><\/span><\/a><\/strong><\/p>\t\t\t\t\t\t<\/div>\n\t\t\t\t<\/div>\n\t\t\t\t\t<\/div>\n\t\t<\/div>\n\t\t\t\t\t<\/div>\n\t\t<\/section>\n\t\t\t\t<\/div>","protected":false},"excerpt":{"rendered":"<p>El festival &#8220;D\u00eda de la Dona&#8221; vuelve el 3 de marzo de 2023 a la Ciudad de las Artes y las Ciencias , y por ello, te recomendamos lo siguiente: Como festival pionero a nivel nacional, el D\u00eda de la Dona, &nbsp;es el primer evento de su tipo celebrado en Espa\u00f1a y tambi\u00e9n en Valencia. [&hellip;]<\/p>","protected":false},"author":4,"featured_media":4539,"comment_status":"open","ping_status":"open","sticky":false,"template":"","format":"standard","meta":{"footnotes":""},"categories":[14,11],"tags":[73,28,72,68,25,29,59,69],"class_list":["post-4136","post","type-post","status-publish","format-standard","has-post-thumbnail","hentry","category-eventos","category-noticias","tag-8demarzo","tag-apartamentosvalencia","tag-diadeladonavalencia","tag-diadelamujer","tag-valencia","tag-visitvalencia","tag-vlchost","tag-womenday"],"yoast_head":"<!-- This site is optimized with the Yoast SEO plugin v21.5 - https:\/\/yoast.com\/wordpress\/plugins\/seo\/ -->\n<title>Festival de la Dona: apostando por el talento femenino<\/title>\n<meta name=\"description\" content=\"El Festival de la Dona vuelve el 3 de marzo de 2023 en la Ciudad de las Artes y las Ciencias para seguir apoyando al talento femenino.\" \/>\n<meta name=\"robots\" content=\"index, follow, max-snippet:-1, max-image-preview:large, max-video-preview:-1\" \/>\n<link rel=\"canonical\" href=\"https:\/\/vlchost.com\/en\/noticias\/festival-de-la-dona-valencia-talento-femenino\/\" \/>\n<meta property=\"og:locale\" content=\"en_US\" \/>\n<meta property=\"og:type\" content=\"article\" \/>\n<meta property=\"og:title\" content=\"Festival de la Dona: apostando por el talento femenino\" \/>\n<meta property=\"og:description\" content=\"El Festival de la Dona vuelve el 3 de marzo de 2023 en la Ciudad de las Artes y las Ciencias para seguir apoyando al talento femenino.\" \/>\n<meta property=\"og:url\" content=\"https:\/\/vlchost.com\/en\/noticias\/festival-de-la-dona-valencia-talento-femenino\/\" \/>\n<meta property=\"og:site_name\" content=\"VLC Host\" \/>\n<meta property=\"article:publisher\" content=\"https:\/\/www.facebook.com\/VLCHost.HappyToHostYou\" \/>\n<meta property=\"article:published_time\" content=\"2023-02-28T15:58:16+00:00\" \/>\n<meta property=\"article:modified_time\" content=\"2023-04-14T09:25:07+00:00\" \/>\n<meta property=\"og:image\" content=\"https:\/\/vlchost.com\/wp-content\/uploads\/festival-dia-de-la-dona-vlc-host-1.jpg\" \/>\n\t<meta property=\"og:image:width\" content=\"1200\" \/>\n\t<meta property=\"og:image:height\" content=\"800\" \/>\n\t<meta property=\"og:image:type\" content=\"image\/jpeg\" \/>\n<meta name=\"author\" content=\"VCL\" \/>\n<meta name=\"twitter:card\" content=\"summary_large_image\" \/>\n<meta name=\"twitter:label1\" content=\"Written by\" \/>\n\t<meta name=\"twitter:data1\" content=\"VCL\" \/>\n\t<meta name=\"twitter:label2\" content=\"Est. reading time\" \/>\n\t<meta name=\"twitter:data2\" content=\"2 minutes\" \/>\n<script type=\"application\/ld+json\" class=\"yoast-schema-graph\">{\"@context\":\"https:\/\/schema.org\",\"@graph\":[{\"@type\":\"Article\",\"@id\":\"https:\/\/vlchost.com\/noticias\/festival-de-la-dona-valencia-talento-femenino\/#article\",\"isPartOf\":{\"@id\":\"https:\/\/vlchost.com\/noticias\/festival-de-la-dona-valencia-talento-femenino\/\"},\"author\":{\"name\":\"VCL\",\"@id\":\"https:\/\/vlchost.com\/#\/schema\/person\/782a12abb83614fa9849b9497b619679\"},\"headline\":\"Festival de la Dona: apostando por el talento femenino\",\"datePublished\":\"2023-02-28T15:58:16+00:00\",\"dateModified\":\"2023-04-14T09:25:07+00:00\",\"mainEntityOfPage\":{\"@id\":\"https:\/\/vlchost.com\/noticias\/festival-de-la-dona-valencia-talento-femenino\/\"},\"wordCount\":290,\"commentCount\":0,\"publisher\":{\"@id\":\"https:\/\/vlchost.com\/#organization\"},\"keywords\":[\"#8demarzo\",\"#apartamentosvalencia\",\"#diadeladonavalencia\",\"#diadelamujer\",\"#valencia\",\"#visitvalencia\",\"#vlchost\",\"#womenday\"],\"articleSection\":[\"Eventos\",\"Noticias\"],\"inLanguage\":\"en-US\"},{\"@type\":\"WebPage\",\"@id\":\"https:\/\/vlchost.com\/noticias\/festival-de-la-dona-valencia-talento-femenino\/\",\"url\":\"https:\/\/vlchost.com\/noticias\/festival-de-la-dona-valencia-talento-femenino\/\",\"name\":\"Festival de la Dona: apostando por el talento femenino\",\"isPartOf\":{\"@id\":\"https:\/\/vlchost.com\/#website\"},\"datePublished\":\"2023-02-28T15:58:16+00:00\",\"dateModified\":\"2023-04-14T09:25:07+00:00\",\"description\":\"El Festival de la Dona vuelve el 3 de marzo de 2023 en la Ciudad de las Artes y las Ciencias para seguir apoyando al talento femenino.\",\"breadcrumb\":{\"@id\":\"https:\/\/vlchost.com\/noticias\/festival-de-la-dona-valencia-talento-femenino\/#breadcrumb\"},\"inLanguage\":\"en-US\",\"potentialAction\":[{\"@type\":\"ReadAction\",\"target\":[\"https:\/\/vlchost.com\/noticias\/festival-de-la-dona-valencia-talento-femenino\/\"]}]},{\"@type\":\"BreadcrumbList\",\"@id\":\"https:\/\/vlchost.com\/noticias\/festival-de-la-dona-valencia-talento-femenino\/#breadcrumb\",\"itemListElement\":[{\"@type\":\"ListItem\",\"position\":1,\"name\":\"Portada\",\"item\":\"https:\/\/vlchost.com\/\"},{\"@type\":\"ListItem\",\"position\":2,\"name\":\"Festival de la Dona: apostando por el talento femenino\"}]},{\"@type\":\"WebSite\",\"@id\":\"https:\/\/vlchost.com\/#website\",\"url\":\"https:\/\/vlchost.com\/\",\"name\":\"VLC Host\",\"description\":\"Alquiler de alojamientos tur\u00edsticos\",\"publisher\":{\"@id\":\"https:\/\/vlchost.com\/#organization\"},\"potentialAction\":[{\"@type\":\"SearchAction\",\"target\":{\"@type\":\"EntryPoint\",\"urlTemplate\":\"https:\/\/vlchost.com\/?s={search_term_string}\"},\"query-input\":\"required name=search_term_string\"}],\"inLanguage\":\"en-US\"},{\"@type\":\"Organization\",\"@id\":\"https:\/\/vlchost.com\/#organization\",\"name\":\"VLC Host - Nomad Life\",\"url\":\"https:\/\/vlchost.com\/\",\"logo\":{\"@type\":\"ImageObject\",\"inLanguage\":\"en-US\",\"@id\":\"https:\/\/vlchost.com\/#\/schema\/logo\/image\/\",\"url\":\"https:\/\/vlchost.com\/wp-content\/uploads\/cropped-alquiler-apartamentos-VLCHOST.png\",\"contentUrl\":\"https:\/\/vlchost.com\/wp-content\/uploads\/cropped-alquiler-apartamentos-VLCHOST.png\",\"width\":512,\"height\":512,\"caption\":\"VLC Host - Nomad Life\"},\"image\":{\"@id\":\"https:\/\/vlchost.com\/#\/schema\/logo\/image\/\"},\"sameAs\":[\"https:\/\/www.facebook.com\/VLCHost.HappyToHostYou\",\"https:\/\/www.instagram.com\/vlchost\/\"]},{\"@type\":\"Person\",\"@id\":\"https:\/\/vlchost.com\/#\/schema\/person\/782a12abb83614fa9849b9497b619679\",\"name\":\"VCL\",\"image\":{\"@type\":\"ImageObject\",\"inLanguage\":\"en-US\",\"@id\":\"https:\/\/vlchost.com\/#\/schema\/person\/image\/\",\"url\":\"https:\/\/secure.gravatar.com\/avatar\/e2154249541e31d72b1e613335475cddc540ebd9e29ec5224763cf04738da599?s=96&d=mm&r=g\",\"contentUrl\":\"https:\/\/secure.gravatar.com\/avatar\/e2154249541e31d72b1e613335475cddc540ebd9e29ec5224763cf04738da599?s=96&d=mm&r=g\",\"caption\":\"VCL\"},\"url\":\"https:\/\/vlchost.com\/en\/author\/vlchost-user\/\"}]}<\/script>\n<!-- \/ Yoast SEO plugin. -->","yoast_head_json":{"title":"Festival de la Dona: apostando por el talento femenino","description":"El Festival de la Dona vuelve el 3 de marzo de 2023 en la Ciudad de las Artes y las Ciencias para seguir apoyando al talento femenino.","robots":{"index":"index","follow":"follow","max-snippet":"max-snippet:-1","max-image-preview":"max-image-preview:large","max-video-preview":"max-video-preview:-1"},"canonical":"https:\/\/vlchost.com\/en\/noticias\/festival-de-la-dona-valencia-talento-femenino\/","og_locale":"en_US","og_type":"article","og_title":"Festival de la Dona: apostando por el talento femenino","og_description":"El Festival de la Dona vuelve el 3 de marzo de 2023 en la Ciudad de las Artes y las Ciencias para seguir apoyando al talento femenino.","og_url":"https:\/\/vlchost.com\/en\/noticias\/festival-de-la-dona-valencia-talento-femenino\/","og_site_name":"VLC Host","article_publisher":"https:\/\/www.facebook.com\/VLCHost.HappyToHostYou","article_published_time":"2023-02-28T15:58:16+00:00","article_modified_time":"2023-04-14T09:25:07+00:00","og_image":[{"width":1200,"height":800,"url":"https:\/\/vlchost.com\/wp-content\/uploads\/festival-dia-de-la-dona-vlc-host-1.jpg","type":"image\/jpeg"}],"author":"VCL","twitter_card":"summary_large_image","twitter_misc":{"Written by":"VCL","Est. reading time":"2 minutes"},"schema":{"@context":"https:\/\/schema.org","@graph":[{"@type":"Article","@id":"https:\/\/vlchost.com\/noticias\/festival-de-la-dona-valencia-talento-femenino\/#article","isPartOf":{"@id":"https:\/\/vlchost.com\/noticias\/festival-de-la-dona-valencia-talento-femenino\/"},"author":{"name":"VCL","@id":"https:\/\/vlchost.com\/#\/schema\/person\/782a12abb83614fa9849b9497b619679"},"headline":"Festival de la Dona: apostando por el talento femenino","datePublished":"2023-02-28T15:58:16+00:00","dateModified":"2023-04-14T09:25:07+00:00","mainEntityOfPage":{"@id":"https:\/\/vlchost.com\/noticias\/festival-de-la-dona-valencia-talento-femenino\/"},"wordCount":290,"commentCount":0,"publisher":{"@id":"https:\/\/vlchost.com\/#organization"},"keywords":["#8demarzo","#apartamentosvalencia","#diadeladonavalencia","#diadelamujer","#valencia","#visitvalencia","#vlchost","#womenday"],"articleSection":["Eventos","Noticias"],"inLanguage":"en-US"},{"@type":"WebPage","@id":"https:\/\/vlchost.com\/noticias\/festival-de-la-dona-valencia-talento-femenino\/","url":"https:\/\/vlchost.com\/noticias\/festival-de-la-dona-valencia-talento-femenino\/","name":"Festival de la Dona: apostando por el talento femenino","isPartOf":{"@id":"https:\/\/vlchost.com\/#website"},"datePublished":"2023-02-28T15:58:16+00:00","dateModified":"2023-04-14T09:25:07+00:00","description":"El Festival de la Dona vuelve el 3 de marzo de 2023 en la Ciudad de las Artes y las Ciencias para seguir apoyando al talento femenino.","breadcrumb":{"@id":"https:\/\/vlchost.com\/noticias\/festival-de-la-dona-valencia-talento-femenino\/#breadcrumb"},"inLanguage":"en-US","potentialAction":[{"@type":"ReadAction","target":["https:\/\/vlchost.com\/noticias\/festival-de-la-dona-valencia-talento-femenino\/"]}]},{"@type":"BreadcrumbList","@id":"https:\/\/vlchost.com\/noticias\/festival-de-la-dona-valencia-talento-femenino\/#breadcrumb","itemListElement":[{"@type":"ListItem","position":1,"name":"Portada","item":"https:\/\/vlchost.com\/"},{"@type":"ListItem","position":2,"name":"Festival de la Dona: apostando por el talento femenino"}]},{"@type":"WebSite","@id":"https:\/\/vlchost.com\/#website","url":"https:\/\/vlchost.com\/","name":"VLC Host","description":"Alquiler de alojamientos tur\u00edsticos","publisher":{"@id":"https:\/\/vlchost.com\/#organization"},"potentialAction":[{"@type":"SearchAction","target":{"@type":"EntryPoint","urlTemplate":"https:\/\/vlchost.com\/?s={search_term_string}"},"query-input":"required name=search_term_string"}],"inLanguage":"en-US"},{"@type":"Organization","@id":"https:\/\/vlchost.com\/#organization","name":"VLC Host - Nomad Life","url":"https:\/\/vlchost.com\/","logo":{"@type":"ImageObject","inLanguage":"en-US","@id":"https:\/\/vlchost.com\/#\/schema\/logo\/image\/","url":"https:\/\/vlchost.com\/wp-content\/uploads\/cropped-alquiler-apartamentos-VLCHOST.png","contentUrl":"https:\/\/vlchost.com\/wp-content\/uploads\/cropped-alquiler-apartamentos-VLCHOST.png","width":512,"height":512,"caption":"VLC Host - Nomad Life"},"image":{"@id":"https:\/\/vlchost.com\/#\/schema\/logo\/image\/"},"sameAs":["https:\/\/www.facebook.com\/VLCHost.HappyToHostYou","https:\/\/www.instagram.com\/vlchost\/"]},{"@type":"Person","@id":"https:\/\/vlchost.com\/#\/schema\/person\/782a12abb83614fa9849b9497b619679","name":"VCL","image":{"@type":"ImageObject","inLanguage":"en-US","@id":"https:\/\/vlchost.com\/#\/schema\/person\/image\/","url":"https:\/\/secure.gravatar.com\/avatar\/e2154249541e31d72b1e613335475cddc540ebd9e29ec5224763cf04738da599?s=96&d=mm&r=g","contentUrl":"https:\/\/secure.gravatar.com\/avatar\/e2154249541e31d72b1e613335475cddc540ebd9e29ec5224763cf04738da599?s=96&d=mm&r=g","caption":"VCL"},"url":"https:\/\/vlchost.com\/en\/author\/vlchost-user\/"}]}},"_links":{"self":[{"href":"https:\/\/vlchost.com\/en\/wp-json\/wp\/v2\/posts\/4136","targetHints":{"allow":["GET"]}}],"collection":[{"href":"https:\/\/vlchost.com\/en\/wp-json\/wp\/v2\/posts"}],"about":[{"href":"https:\/\/vlchost.com\/en\/wp-json\/wp\/v2\/types\/post"}],"author":[{"embeddable":true,"href":"https:\/\/vlchost.com\/en\/wp-json\/wp\/v2\/users\/4"}],"replies":[{"embeddable":true,"href":"https:\/\/vlchost.com\/en\/wp-json\/wp\/v2\/comments?post=4136"}],"version-history":[{"count":50,"href":"https:\/\/vlchost.com\/en\/wp-json\/wp\/v2\/posts\/4136\/revisions"}],"predecessor-version":[{"id":4540,"href":"https:\/\/vlchost.com\/en\/wp-json\/wp\/v2\/posts\/4136\/revisions\/4540"}],"wp:featuredmedia":[{"embeddable":true,"href":"https:\/\/vlchost.com\/en\/wp-json\/wp\/v2\/media\/4539"}],"wp:attachment":[{"href":"https:\/\/vlchost.com\/en\/wp-json\/wp\/v2\/media?parent=4136"}],"wp:term":[{"taxonomy":"category","embeddable":true,"href":"https:\/\/vlchost.com\/en\/wp-json\/wp\/v2\/categories?post=4136"},{"taxonomy":"post_tag","embeddable":true,"href":"https:\/\/vlchost.com\/en\/wp-json\/wp\/v2\/tags?post=4136"}],"curies":[{"name":"wp","href":"https:\/\/api.w.org\/{rel}","templated":true}]}}