{"id":4186,"date":"2023-03-08T12:35:21","date_gmt":"2023-03-08T11:35:21","guid":{"rendered":"http:\/\/vlchost.com\/?p=4186"},"modified":"2023-03-28T13:49:28","modified_gmt":"2023-03-28T11:49:28","slug":"la-falla-de-valencia-que-visibiliza-el-cancer-de-mama","status":"publish","type":"post","link":"https:\/\/vlchost.com\/en\/noticias\/la-falla-de-valencia-que-visibiliza-el-cancer-de-mama\/","title":{"rendered":"La falla de Valencia que visibiliza el c\u00e1ncer de mama"},"content":{"rendered":"<div data-elementor-type=\"wp-post\" data-elementor-id=\"4186\" class=\"elementor elementor-4186\" data-elementor-post-type=\"post\">\n\t\t\t\t\t\t<section class=\"elementor-section elementor-top-section elementor-element elementor-element-6074935 elementor-section-boxed elementor-section-height-default elementor-section-height-default\" data-id=\"6074935\" data-element_type=\"section\">\n\t\t\t\t\t\t<div class=\"elementor-container elementor-column-gap-default\">\n\t\t\t\t\t<div class=\"elementor-column elementor-col-100 elementor-top-column elementor-element elementor-element-a869aa0\" data-id=\"a869aa0\" data-element_type=\"column\">\n\t\t\t<div class=\"elementor-widget-wrap elementor-element-populated\">\n\t\t\t\t\t\t<div class=\"elementor-element elementor-element-e251fab elementor-widget elementor-widget-image\" data-id=\"e251fab\" data-element_type=\"widget\" data-widget_type=\"image.default\">\n\t\t\t\t<div class=\"elementor-widget-container\">\n\t\t\t<style>\/*! elementor - v3.19.0 - 28-02-2024 *\/\n.elementor-widget-image{text-align:center}.elementor-widget-image a{display:inline-block}.elementor-widget-image a img[src$=\".svg\"]{width:48px}.elementor-widget-image img{vertical-align:middle;display:inline-block}<\/style>\t\t\t\t\t\t\t<figure class=\"wp-caption\">\n\t\t\t\t\t\t\t\t\t\t\t<a href=\"https:\/\/www.facebook.com\/estudiochuky\/?locale=es_ES\">\n\t\t\t\t\t\t\t<img fetchpriority=\"high\" decoding=\"async\" width=\"1024\" height=\"683\" src=\"https:\/\/vlchost.com\/wp-content\/uploads\/falla-cancer-mama-1024x683-1.jpg\" class=\"attachment-large size-large wp-image-4193\" alt=\"Fotograf\u00eda propiedad de @estudio_chuky.\u00a0\" srcset=\"https:\/\/vlchost.com\/wp-content\/uploads\/falla-cancer-mama-1024x683-1.jpg 1024w, https:\/\/vlchost.com\/wp-content\/uploads\/falla-cancer-mama-1024x683-1-768x512.jpg 768w\" sizes=\"(max-width: 1024px) 100vw, 1024px\" \/>\t\t\t\t\t\t\t\t<\/a>\n\t\t\t\t\t\t\t\t\t\t\t<figcaption class=\"widget-image-caption wp-caption-text\">Fotograf\u00eda propiedad de @estudio_chuky. <\/figcaption>\n\t\t\t\t\t\t\t\t\t\t<\/figure>\n\t\t\t\t\t\t\t<\/div>\n\t\t\t\t<\/div>\n\t\t\t\t<div class=\"elementor-element elementor-element-cb03c1e elementor-widget elementor-widget-text-editor\" data-id=\"cb03c1e\" data-element_type=\"widget\" data-widget_type=\"text-editor.default\">\n\t\t\t\t<div class=\"elementor-widget-container\">\n\t\t\t<style>\/*! elementor - v3.19.0 - 28-02-2024 *\/\n.elementor-widget-text-editor.elementor-drop-cap-view-stacked .elementor-drop-cap{background-color:#69727d;color:#fff}.elementor-widget-text-editor.elementor-drop-cap-view-framed .elementor-drop-cap{color:#69727d;border:3px solid;background-color:transparent}.elementor-widget-text-editor:not(.elementor-drop-cap-view-default) .elementor-drop-cap{margin-top:8px}.elementor-widget-text-editor:not(.elementor-drop-cap-view-default) .elementor-drop-cap-letter{width:1em;height:1em}.elementor-widget-text-editor .elementor-drop-cap{float:left;text-align:center;line-height:1;font-size:50px}.elementor-widget-text-editor .elementor-drop-cap-letter{display:inline-block}<\/style>\t\t\t\t\t\t\t\t\t\t<\/div>\n\t\t\t\t<\/div>\n\t\t\t\t\t<\/div>\n\t\t<\/div>\n\t\t\t\t\t<\/div>\n\t\t<\/section>\n\t\t\t\t<section class=\"elementor-section elementor-top-section elementor-element elementor-element-5644b3f elementor-section-boxed elementor-section-height-default elementor-section-height-default\" data-id=\"5644b3f\" data-element_type=\"section\">\n\t\t\t\t\t\t<div class=\"elementor-container elementor-column-gap-default\">\n\t\t\t\t\t<div class=\"elementor-column elementor-col-100 elementor-top-column elementor-element elementor-element-dff8449\" data-id=\"dff8449\" data-element_type=\"column\">\n\t\t\t<div class=\"elementor-widget-wrap elementor-element-populated\">\n\t\t\t\t\t\t<div class=\"elementor-element elementor-element-9defef7 elementor-widget elementor-widget-text-editor\" data-id=\"9defef7\" data-element_type=\"widget\" data-widget_type=\"text-editor.default\">\n\t\t\t\t<div class=\"elementor-widget-container\">\n\t\t\t\t\t\t\t<p><span style=\"vertical-align: inherit;\"><span style=\"vertical-align: inherit;\"><span style=\"vertical-align: inherit;\"><span style=\"vertical-align: inherit;\"><span style=\"vertical-align: inherit;\"><span style=\"vertical-align: inherit;\"><span style=\"vertical-align: inherit;\"><span style=\"vertical-align: inherit;\">El artista fallero &#8221; <\/span><\/span><\/span><\/span><\/span><\/span><\/span><\/span><a href=\"https:\/\/www.facebook.com\/estudiochuky\/?locale=es_ES\"><strong><span style=\"vertical-align: inherit;\"><span style=\"vertical-align: inherit;\"><span style=\"vertical-align: inherit;\"><span style=\"vertical-align: inherit;\"><span style=\"vertical-align: inherit;\"><span style=\"vertical-align: inherit;\"><span style=\"vertical-align: inherit;\"><span style=\"vertical-align: inherit;\">Chuky<\/span><\/span><\/span><\/span><\/span><\/span><\/span><\/span><\/strong><\/a><span style=\"vertical-align: inherit;\"><span style=\"vertical-align: inherit;\"><span style=\"vertical-align: inherit;\"><span style=\"vertical-align: inherit;\"><span style=\"vertical-align: inherit;\"><span style=\"vertical-align: inherit;\"><span style=\"vertical-align: inherit;\"><span style=\"vertical-align: inherit;\"> &#8220;, ha creado &#8220;Pit&#8221;, la falla de Valencia que visibiliza el <\/span><\/span><\/span><\/span><\/span><\/span><\/span><\/span><strong><a href=\"https:\/\/www.contraelcancer.es\/es\/todo-sobre-cancer\/tipos-cancer\/cancer-mama\"><span style=\"vertical-align: inherit;\"><span style=\"vertical-align: inherit;\"><span style=\"vertical-align: inherit;\"><span style=\"vertical-align: inherit;\"><span style=\"vertical-align: inherit;\"><span style=\"vertical-align: inherit;\"><span style=\"vertical-align: inherit;\"><span style=\"vertical-align: inherit;\">c\u00e1ncer de mama<\/span><\/span><\/span><\/span><\/span><\/span><\/span><\/span><\/a><\/strong><span style=\"vertical-align: inherit;\"><span style=\"vertical-align: inherit;\"><span style=\"vertical-align: inherit;\"><span style=\"vertical-align: inherit;\"><span style=\"vertical-align: inherit;\"><span style=\"vertical-align: inherit;\"><span style=\"vertical-align: inherit;\"><span style=\"vertical-align: inherit;\"> , m\u00e1s concretamente la <\/span><\/span><\/span><\/span><\/span><\/span><\/span><\/span><strong><a href=\"https:\/\/www.cancer.org\/es\/cancer\/cancer-de-seno\/tratamiento\/cirugia-del-cancer-de-seno\/mastectomia.html#:~:text=La%20mastectom%C3%ADa%20es%20una%20cirug%C3%ADa,la%20mayor%20parte%20del%20seno.\"><span style=\"vertical-align: inherit;\"><span style=\"vertical-align: inherit;\"><span style=\"vertical-align: inherit;\"><span style=\"vertical-align: inherit;\"><span style=\"vertical-align: inherit;\"><span style=\"vertical-align: inherit;\"><span style=\"vertical-align: inherit;\"><span style=\"vertical-align: inherit;\">mastectom\u00eda.<\/span><\/span><\/span><\/span><\/span><\/span><\/span><\/span><\/a><\/strong><\/p><p><span style=\"vertical-align: inherit;\"><span style=\"vertical-align: inherit;\"><span style=\"vertical-align: inherit;\"><span style=\"vertical-align: inherit;\"><span style=\"vertical-align: inherit;\"><span style=\"vertical-align: inherit;\"><span style=\"vertical-align: inherit;\"><span style=\"vertical-align: inherit;\">El pr\u00f3ximo 15 de marzo se plantar\u00e1 en <\/span><\/span><\/span><\/span><\/span><\/span><\/span><\/span><strong><a href=\"https:\/\/www.visitvalencia.com\/agenda-valencia\/fiestas\/las-fallas-de-valencia\"><span style=\"vertical-align: inherit;\"><span style=\"vertical-align: inherit;\"><span style=\"vertical-align: inherit;\"><span style=\"vertical-align: inherit;\"><span style=\"vertical-align: inherit;\"><span style=\"vertical-align: inherit;\"><span style=\"vertical-align: inherit;\"><span style=\"vertical-align: inherit;\">Valencia<\/span><\/span><\/span><\/span><\/span><\/span><\/span><\/span><\/a><\/strong><span style=\"vertical-align: inherit;\"><span style=\"vertical-align: inherit;\"><span style=\"vertical-align: inherit;\"><span style=\"vertical-align: inherit;\"><span style=\"vertical-align: inherit;\"><span style=\"vertical-align: inherit;\"><span style=\"vertical-align: inherit;\"><span style=\"vertical-align: inherit;\"> una de las fallas m\u00e1s crudas y realistas hasta la fecha. <\/span><\/span><\/span><\/span><\/span><\/span><\/span><span style=\"vertical-align: inherit;\"><span style=\"vertical-align: inherit;\"><span style=\"vertical-align: inherit;\"><span style=\"vertical-align: inherit;\"><span style=\"vertical-align: inherit;\"><span style=\"vertical-align: inherit;\"><span style=\"vertical-align: inherit;\">La comisi\u00f3n\u00a0 <\/span><\/span><\/span><\/span><\/span><\/span><\/span><\/span><strong><a href=\"https:\/\/www.facebook.com\/fglo324\/?locale=es_ES\"><span style=\"vertical-align: inherit;\"><span style=\"vertical-align: inherit;\"><span style=\"vertical-align: inherit;\"><span style=\"vertical-align: inherit;\"><span style=\"vertical-align: inherit;\"><span style=\"vertical-align: inherit;\"><span style=\"vertical-align: inherit;\"><span style=\"vertical-align: inherit;\">Garc\u00eda Lorca-Olt\u00e1<\/span><\/span><\/span><\/span><\/span><\/span><\/span><\/span><\/a><\/strong><span style=\"vertical-align: inherit;\"><span style=\"vertical-align: inherit;\"><span style=\"vertical-align: inherit;\"><span style=\"vertical-align: inherit;\"><span style=\"vertical-align: inherit;\"><span style=\"vertical-align: inherit;\"><span style=\"vertical-align: inherit;\"><span style=\"vertical-align: inherit;\"> \u00a0presenta as\u00ed, con el trabajo del artista fallero <\/span><\/span><\/span><\/span><\/span><\/span><\/span><\/span><strong><a href=\"https:\/\/www.facebook.com\/estudiochuky\/?locale=es_ES\"><span style=\"vertical-align: inherit;\"><span style=\"vertical-align: inherit;\"><span style=\"vertical-align: inherit;\"><span style=\"vertical-align: inherit;\"><span style=\"vertical-align: inherit;\"><span style=\"vertical-align: inherit;\"><span style=\"vertical-align: inherit;\"><span style=\"vertical-align: inherit;\">\u00a0Ra\u00fal Mart\u00ednez \u201cChuky\u201d,<\/span><\/span><\/span><\/span><\/span><\/span><\/span><\/span><\/a><\/strong><span style=\"vertical-align: inherit;\"><span style=\"vertical-align: inherit;\"><span style=\"vertical-align: inherit;\"><span style=\"vertical-align: inherit;\"><span style=\"vertical-align: inherit;\"><span style=\"vertical-align: inherit;\"><span style=\"vertical-align: inherit;\"><span style=\"vertical-align: inherit;\"> \u00a0la falla que visibiliza el c\u00e1ncer de mama a trav\u00e9s de la recreaci\u00f3n de una mujer que ha pasado por una mastectom\u00eda. <\/span><\/span><\/span><span style=\"vertical-align: inherit;\"><span style=\"vertical-align: inherit;\"><span style=\"vertical-align: inherit;\">Es la primera vez en la historia de las fallas, que se da voz a esta enfermedad con el objetivo de sensibilizar.\u00a0<\/span><\/span><\/span><\/span><\/span><\/span><\/span><\/span><\/p><p><span style=\"vertical-align: inherit;\"><span style=\"vertical-align: inherit;\"><span style=\"vertical-align: inherit;\"><span style=\"vertical-align: inherit;\"><span style=\"vertical-align: inherit;\"><span style=\"vertical-align: inherit;\"><span style=\"vertical-align: inherit;\"><span style=\"vertical-align: inherit;\">La imagen de la falla se basa en el cuerpo de <\/span><\/span><\/span><\/span><\/span><\/span><\/span><\/span><strong><a href=\"https:\/\/elpais.com\/espana\/comunidad-valenciana\/2023-03-04\/la-falla-mas-valiente-una-mujer-visibiliza-las-cicatrices-del-cancer-de-mama.html\"><span style=\"vertical-align: inherit;\"><span style=\"vertical-align: inherit;\"><span style=\"vertical-align: inherit;\"><span style=\"vertical-align: inherit;\"><span style=\"vertical-align: inherit;\"><span style=\"vertical-align: inherit;\"><span style=\"vertical-align: inherit;\"><span style=\"vertical-align: inherit;\">Cristina G\u00f3mez<\/span><\/span><\/span><\/span><\/span><\/span><\/span><\/span><\/a><\/strong><span style=\"vertical-align: inherit;\"><span style=\"vertical-align: inherit;\"><span style=\"vertical-align: inherit;\"><span style=\"vertical-align: inherit;\"><span style=\"vertical-align: inherit;\"><span style=\"vertical-align: inherit;\"><span style=\"vertical-align: inherit;\"><span style=\"vertical-align: inherit;\"> , una mujer que se someti\u00f3 a una mastectom\u00eda en 2020 a ra\u00edz de un <\/span><\/span><\/span><\/span><\/span><\/span><\/span><\/span><strong><a href=\"https:\/\/www.contraelcancer.es\/es\/todo-sobre-cancer\/tipos-cancer\/cancer-mama\"><span style=\"vertical-align: inherit;\"><span style=\"vertical-align: inherit;\"><span style=\"vertical-align: inherit;\"><span style=\"vertical-align: inherit;\"><span style=\"vertical-align: inherit;\"><span style=\"vertical-align: inherit;\"><span style=\"vertical-align: inherit;\"><span style=\"vertical-align: inherit;\">c\u00e1ncer de mama<\/span><\/span><\/span><\/span><\/span><\/span><\/span><\/span><\/a><\/strong><span style=\"vertical-align: inherit;\"><span style=\"vertical-align: inherit;\"><span style=\"vertical-align: inherit;\"><span style=\"vertical-align: inherit;\"><span style=\"vertical-align: inherit;\"><span style=\"vertical-align: inherit;\"><span style=\"vertical-align: inherit;\"><span style=\"vertical-align: inherit;\"> y que contact\u00f3 con \u201cChuky\u201d para ofrecer una tem\u00e1tica para su pr\u00f3xima falla. <\/span><\/span><\/span><\/span><\/span><\/span><\/span><span style=\"vertical-align: inherit;\"><span style=\"vertical-align: inherit;\"><span style=\"vertical-align: inherit;\"><span style=\"vertical-align: inherit;\"><span style=\"vertical-align: inherit;\"><span style=\"vertical-align: inherit;\"><span style=\"vertical-align: inherit;\">Un mensaje de concienciacion sobre esta enfermedad.<\/span><\/span><\/span><\/span><\/span><\/span><\/span><\/span><\/p>\t\t\t\t\t\t<\/div>\n\t\t\t\t<\/div>\n\t\t\t\t\t<\/div>\n\t\t<\/div>\n\t\t\t\t\t<\/div>\n\t\t<\/section>\n\t\t\t\t<section class=\"elementor-section elementor-top-section elementor-element elementor-element-4f71d8d elementor-section-boxed elementor-section-height-default elementor-section-height-default\" data-id=\"4f71d8d\" data-element_type=\"section\">\n\t\t\t\t\t\t<div class=\"elementor-container elementor-column-gap-default\">\n\t\t\t\t\t<div class=\"elementor-column elementor-col-100 elementor-top-column elementor-element elementor-element-a477b19\" data-id=\"a477b19\" data-element_type=\"column\">\n\t\t\t<div class=\"elementor-widget-wrap elementor-element-populated\">\n\t\t\t\t\t\t<div class=\"elementor-element elementor-element-34dfb4d elementor-widget elementor-widget-image\" data-id=\"34dfb4d\" data-element_type=\"widget\" data-widget_type=\"image.default\">\n\t\t\t\t<div class=\"elementor-widget-container\">\n\t\t\t\t\t\t\t\t\t\t<figure class=\"wp-caption\">\n\t\t\t\t\t\t\t\t\t\t<img decoding=\"async\" width=\"1440\" height=\"1800\" src=\"https:\/\/vlchost.com\/wp-content\/uploads\/333862210_1388710461877193_8924434356486527532_n.jpg\" class=\"attachment-large size-large wp-image-4215\" alt=\"\" srcset=\"https:\/\/vlchost.com\/wp-content\/uploads\/333862210_1388710461877193_8924434356486527532_n.jpg 1440w, https:\/\/vlchost.com\/wp-content\/uploads\/333862210_1388710461877193_8924434356486527532_n-768x960.jpg 768w, https:\/\/vlchost.com\/wp-content\/uploads\/333862210_1388710461877193_8924434356486527532_n-1229x1536.jpg 1229w\" sizes=\"(max-width: 1440px) 100vw, 1440px\" \/>\t\t\t\t\t\t\t\t\t\t\t<figcaption class=\"widget-image-caption wp-caption-text\">Fotograf\u00eda propiedad de @estudio_chuky. <\/figcaption>\n\t\t\t\t\t\t\t\t\t\t<\/figure>\n\t\t\t\t\t\t\t<\/div>\n\t\t\t\t<\/div>\n\t\t\t\t\t<\/div>\n\t\t<\/div>\n\t\t\t\t\t<\/div>\n\t\t<\/section>\n\t\t\t\t<section class=\"elementor-section elementor-top-section elementor-element elementor-element-a2778ab elementor-section-boxed elementor-section-height-default elementor-section-height-default\" data-id=\"a2778ab\" data-element_type=\"section\">\n\t\t\t\t\t\t<div class=\"elementor-container elementor-column-gap-default\">\n\t\t\t\t\t<div class=\"elementor-column elementor-col-100 elementor-top-column elementor-element elementor-element-65d22a5\" data-id=\"65d22a5\" data-element_type=\"column\">\n\t\t\t<div class=\"elementor-widget-wrap elementor-element-populated\">\n\t\t\t\t\t\t<div class=\"elementor-element elementor-element-f6cc1fe elementor-widget elementor-widget-text-editor\" data-id=\"f6cc1fe\" data-element_type=\"widget\" data-widget_type=\"text-editor.default\">\n\t\t\t\t<div class=\"elementor-widget-container\">\n\t\t\t\t\t\t\t<p><strong><span style=\"vertical-align: inherit;\"><span style=\"vertical-align: inherit;\"><span style=\"vertical-align: inherit;\"><span style=\"vertical-align: inherit;\">Ra\u00fal Mart\u00ednez<\/span><\/span><\/span><\/span><\/strong><span style=\"vertical-align: inherit;\"><span style=\"vertical-align: inherit;\"><span style=\"vertical-align: inherit;\"><span style=\"vertical-align: inherit;\"> es conocido como un artista que siempre expresa y rompe tab\u00faes sobre la enfermedad a trav\u00e9s de su obra. <\/span><\/span><\/span><span style=\"vertical-align: inherit;\"><span style=\"vertical-align: inherit;\"><span style=\"vertical-align: inherit;\">Antes del c\u00e1ncer de mama, visibiliz\u00f3 a trav\u00e9s de sus obras, las enfermedades del\u00a0 <\/span><\/span><\/span><\/span><strong><a href=\"https:\/\/www.alz.org\/alzheimer-demencia\/que-es-la-enfermedad-de-alzheimer\"><span style=\"vertical-align: inherit;\"><span style=\"vertical-align: inherit;\"><span style=\"vertical-align: inherit;\"><span style=\"vertical-align: inherit;\">Alzheimer<\/span><\/span><\/span><\/span><\/a><\/strong><span style=\"vertical-align: inherit;\"><span style=\"vertical-align: inherit;\"><span style=\"vertical-align: inherit;\"><span style=\"vertical-align: inherit;\"> y del\u00a0 <\/span><\/span><\/span><\/span><strong><a href=\"https:\/\/www.esparkinson.es\/espacio-parkinson\/conocer-la-enfermedad\/\"><span style=\"vertical-align: inherit;\"><span style=\"vertical-align: inherit;\"><span style=\"vertical-align: inherit;\"><span style=\"vertical-align: inherit;\">Parkinson.\u00a0<\/span><\/span><\/span><\/span><\/a><\/strong>Tal y como el mismo indica en sus\u00a0 <a href=\"https:\/\/www.facebook.com\/estudiochuky\/?locale=es_ES\">redes sociales,<\/a>\u00a0 &#8220;hay proyectos que tocan directamente al alma y te alimentan como artista. Te dan ganas de continuar trabajando por ellos, le dan sentido a tu trabajo y hacen que la falla traspase fronteras&#8221;.\u00a0<\/p><p><strong><span style=\"vertical-align: inherit;\"><span style=\"vertical-align: inherit;\"><span style=\"vertical-align: inherit;\"><span style=\"vertical-align: inherit;\">Sin duda, la\u00a0 falla de Valencia que visibiliza el\u00a0 <\/span><\/span><\/span><\/span><a href=\"https:\/\/www.contraelcancer.es\/es\/todo-sobre-cancer\/tipos-cancer\/cancer-mama\"><span style=\"vertical-align: inherit;\"><span style=\"vertical-align: inherit;\"><span style=\"vertical-align: inherit;\"><span style=\"vertical-align: inherit;\">c\u00e1ncer de mama<\/span><\/span><\/span><\/span><\/a> <\/strong><span style=\"vertical-align: inherit;\"><span style=\"vertical-align: inherit;\"><span style=\"vertical-align: inherit;\"><span style=\"vertical-align: inherit;\"> ha sido uno de los monumentos que m\u00e1s est\u00e1 llamando la atenci\u00f3n en 2023 y eso que, las fallas, todav\u00eda no han empezado.\u00a0<\/span><\/span><\/span><\/span><\/p><p><span style=\"vertical-align: inherit;\"><span style=\"vertical-align: inherit;\"><span style=\"vertical-align: inherit;\"><span style=\"vertical-align: inherit;\">Desde\u00a0 \u00a0<\/span><\/span><\/span><\/span><strong><a href=\"http:\/\/vlchost.com\/en\/\" target=\"_blank\" rel=\"noopener\"><span style=\"vertical-align: inherit;\"><span style=\"vertical-align: inherit;\"><span style=\"vertical-align: inherit;\"><span style=\"vertical-align: inherit;\">VLC Host<\/span><\/span><\/span><\/span><\/a><\/strong><span style=\"vertical-align: inherit;\"><span style=\"vertical-align: inherit;\"><span style=\"vertical-align: inherit;\"><span style=\"vertical-align: inherit;\"> \u00a0os animamos a disfrutar de las Fallas de Valencia.\u00a0<\/span><\/span><\/span><\/span><\/p><p><span style=\"vertical-align: inherit;\"><span style=\"vertical-align: inherit;\"><span style=\"vertical-align: inherit;\"><span style=\"vertical-align: inherit;\">Si buscas alojamiento escr\u00edbenos a reservas@vlcinvest.com o llama al +34 665 158 187.<\/span><\/span><\/span><\/span><\/p>\t\t\t\t\t\t<\/div>\n\t\t\t\t<\/div>\n\t\t\t\t\t<\/div>\n\t\t<\/div>\n\t\t\t\t\t<\/div>\n\t\t<\/section>\n\t\t\t\t<\/div>","protected":false},"excerpt":{"rendered":"<p>Fotograf\u00eda propiedad de @estudio_chuky. El artista fallero &#8221; Chuky &#8220;, ha creado &#8220;Pit&#8221;, la falla de Valencia que visibiliza el c\u00e1ncer de mama , m\u00e1s concretamente la mastectom\u00eda. El pr\u00f3ximo 15 de marzo se plantar\u00e1 en Valencia una de las fallas m\u00e1s crudas y realistas hasta la fecha. La comisi\u00f3n&nbsp; Garc\u00eda Lorca-Olt\u00e1 &nbsp;presenta as\u00ed, con [&hellip;]<\/p>","protected":false},"author":1,"featured_media":4193,"comment_status":"open","ping_status":"open","sticky":false,"template":"","format":"standard","meta":{"footnotes":""},"categories":[16,14,19,11,18],"tags":[28,74,77,75,76,46,25,29,59],"class_list":["post-4186","post","type-post","status-publish","format-standard","has-post-thumbnail","hentry","category-cultura","category-eventos","category-love-valencia","category-noticias","category-vlc-host-noticias","tag-apartamentosvalencia","tag-cancerdemama","tag-fallacancerdemama","tag-fallachuky","tag-fallas2023","tag-ocio","tag-valencia","tag-visitvalencia","tag-vlchost"],"yoast_head":"<!-- This site is optimized with the Yoast SEO plugin v21.5 - https:\/\/yoast.com\/wordpress\/plugins\/seo\/ -->\n<title>La falla de Valencia que visibiliza el c\u00e1ncer de mama<\/title>\n<meta name=\"description\" content=\"El artista fallero &quot;Chuky&quot;, ha creado &quot;Pit&quot;, La falla de Valencia que visibiliza el c\u00e1ncer de mama, m\u00e1s concretamente la mastectom\u00eda.\" \/>\n<meta name=\"robots\" content=\"index, follow, max-snippet:-1, max-image-preview:large, max-video-preview:-1\" \/>\n<link rel=\"canonical\" href=\"https:\/\/vlchost.com\/en\/noticias\/la-falla-de-valencia-que-visibiliza-el-cancer-de-mama\/\" \/>\n<meta property=\"og:locale\" content=\"en_US\" \/>\n<meta property=\"og:type\" content=\"article\" \/>\n<meta property=\"og:title\" content=\"La falla de Valencia que visibiliza el c\u00e1ncer de mama\" \/>\n<meta property=\"og:description\" content=\"El artista fallero &quot;Chuky&quot;, ha creado &quot;Pit&quot;, La falla de Valencia que visibiliza el c\u00e1ncer de mama, m\u00e1s concretamente la mastectom\u00eda.\" \/>\n<meta property=\"og:url\" content=\"https:\/\/vlchost.com\/en\/noticias\/la-falla-de-valencia-que-visibiliza-el-cancer-de-mama\/\" \/>\n<meta property=\"og:site_name\" content=\"VLC Host\" \/>\n<meta property=\"article:publisher\" content=\"https:\/\/www.facebook.com\/VLCHost.HappyToHostYou\" \/>\n<meta property=\"article:published_time\" content=\"2023-03-08T11:35:21+00:00\" \/>\n<meta property=\"article:modified_time\" content=\"2023-03-28T11:49:28+00:00\" \/>\n<meta property=\"og:image\" content=\"https:\/\/vlchost.com\/wp-content\/uploads\/falla-cancer-mama-1024x683-1.jpg\" \/>\n\t<meta property=\"og:image:width\" content=\"1024\" \/>\n\t<meta property=\"og:image:height\" content=\"683\" \/>\n\t<meta property=\"og:image:type\" content=\"image\/jpeg\" \/>\n<meta name=\"author\" content=\"admin\" \/>\n<meta name=\"twitter:card\" content=\"summary_large_image\" \/>\n<meta name=\"twitter:label1\" content=\"Written by\" \/>\n\t<meta name=\"twitter:data1\" content=\"admin\" \/>\n\t<meta name=\"twitter:label2\" content=\"Est. reading time\" \/>\n\t<meta name=\"twitter:data2\" content=\"2 minutes\" \/>\n<script type=\"application\/ld+json\" class=\"yoast-schema-graph\">{\"@context\":\"https:\/\/schema.org\",\"@graph\":[{\"@type\":\"Article\",\"@id\":\"https:\/\/vlchost.com\/noticias\/la-falla-de-valencia-que-visibiliza-el-cancer-de-mama\/#article\",\"isPartOf\":{\"@id\":\"https:\/\/vlchost.com\/noticias\/la-falla-de-valencia-que-visibiliza-el-cancer-de-mama\/\"},\"author\":{\"name\":\"admin\",\"@id\":\"https:\/\/vlchost.com\/#\/schema\/person\/0c6d7af6ac03a7d1055698ea750b7b92\"},\"headline\":\"La falla de Valencia que visibiliza el c\u00e1ncer de mama\",\"datePublished\":\"2023-03-08T11:35:21+00:00\",\"dateModified\":\"2023-03-28T11:49:28+00:00\",\"mainEntityOfPage\":{\"@id\":\"https:\/\/vlchost.com\/noticias\/la-falla-de-valencia-que-visibiliza-el-cancer-de-mama\/\"},\"wordCount\":358,\"commentCount\":0,\"publisher\":{\"@id\":\"https:\/\/vlchost.com\/#organization\"},\"keywords\":[\"#apartamentosvalencia\",\"#cancerdemama\",\"#fallacancerdemama\",\"#fallachuky\",\"#fallas2023\",\"#ocio\",\"#valencia\",\"#visitvalencia\",\"#vlchost\"],\"articleSection\":[\"Cultura\",\"Eventos\",\"Love Valencia\",\"Noticias\",\"VLC Host\"],\"inLanguage\":\"en-US\"},{\"@type\":\"WebPage\",\"@id\":\"https:\/\/vlchost.com\/noticias\/la-falla-de-valencia-que-visibiliza-el-cancer-de-mama\/\",\"url\":\"https:\/\/vlchost.com\/noticias\/la-falla-de-valencia-que-visibiliza-el-cancer-de-mama\/\",\"name\":\"La falla de Valencia que visibiliza el c\u00e1ncer de mama\",\"isPartOf\":{\"@id\":\"https:\/\/vlchost.com\/#website\"},\"datePublished\":\"2023-03-08T11:35:21+00:00\",\"dateModified\":\"2023-03-28T11:49:28+00:00\",\"description\":\"El artista fallero \\\"Chuky\\\", ha creado \\\"Pit\\\", La falla de Valencia que visibiliza el c\u00e1ncer de mama, m\u00e1s concretamente la mastectom\u00eda.\",\"breadcrumb\":{\"@id\":\"https:\/\/vlchost.com\/noticias\/la-falla-de-valencia-que-visibiliza-el-cancer-de-mama\/#breadcrumb\"},\"inLanguage\":\"en-US\",\"potentialAction\":[{\"@type\":\"ReadAction\",\"target\":[\"https:\/\/vlchost.com\/noticias\/la-falla-de-valencia-que-visibiliza-el-cancer-de-mama\/\"]}]},{\"@type\":\"BreadcrumbList\",\"@id\":\"https:\/\/vlchost.com\/noticias\/la-falla-de-valencia-que-visibiliza-el-cancer-de-mama\/#breadcrumb\",\"itemListElement\":[{\"@type\":\"ListItem\",\"position\":1,\"name\":\"Portada\",\"item\":\"https:\/\/vlchost.com\/\"},{\"@type\":\"ListItem\",\"position\":2,\"name\":\"La falla de Valencia que visibiliza el c\u00e1ncer de mama\"}]},{\"@type\":\"WebSite\",\"@id\":\"https:\/\/vlchost.com\/#website\",\"url\":\"https:\/\/vlchost.com\/\",\"name\":\"VLC Host\",\"description\":\"Alquiler de alojamientos tur\u00edsticos\",\"publisher\":{\"@id\":\"https:\/\/vlchost.com\/#organization\"},\"potentialAction\":[{\"@type\":\"SearchAction\",\"target\":{\"@type\":\"EntryPoint\",\"urlTemplate\":\"https:\/\/vlchost.com\/?s={search_term_string}\"},\"query-input\":\"required name=search_term_string\"}],\"inLanguage\":\"en-US\"},{\"@type\":\"Organization\",\"@id\":\"https:\/\/vlchost.com\/#organization\",\"name\":\"VLC Host - Nomad Life\",\"url\":\"https:\/\/vlchost.com\/\",\"logo\":{\"@type\":\"ImageObject\",\"inLanguage\":\"en-US\",\"@id\":\"https:\/\/vlchost.com\/#\/schema\/logo\/image\/\",\"url\":\"https:\/\/vlchost.com\/wp-content\/uploads\/cropped-alquiler-apartamentos-VLCHOST.png\",\"contentUrl\":\"https:\/\/vlchost.com\/wp-content\/uploads\/cropped-alquiler-apartamentos-VLCHOST.png\",\"width\":512,\"height\":512,\"caption\":\"VLC Host - Nomad Life\"},\"image\":{\"@id\":\"https:\/\/vlchost.com\/#\/schema\/logo\/image\/\"},\"sameAs\":[\"https:\/\/www.facebook.com\/VLCHost.HappyToHostYou\",\"https:\/\/www.instagram.com\/vlchost\/\"]},{\"@type\":\"Person\",\"@id\":\"https:\/\/vlchost.com\/#\/schema\/person\/0c6d7af6ac03a7d1055698ea750b7b92\",\"name\":\"admin\",\"image\":{\"@type\":\"ImageObject\",\"inLanguage\":\"en-US\",\"@id\":\"https:\/\/vlchost.com\/#\/schema\/person\/image\/\",\"url\":\"https:\/\/secure.gravatar.com\/avatar\/7fe4b8b9787e65d03f5c57ab1eb0f2d1adb9a4355fd3e638e47bffd9634ceb73?s=96&d=mm&r=g\",\"contentUrl\":\"https:\/\/secure.gravatar.com\/avatar\/7fe4b8b9787e65d03f5c57ab1eb0f2d1adb9a4355fd3e638e47bffd9634ceb73?s=96&d=mm&r=g\",\"caption\":\"admin\"},\"sameAs\":[\"http:\/\/vlchost.com\"],\"url\":\"https:\/\/vlchost.com\/en\/author\/admin\/\"}]}<\/script>\n<!-- \/ Yoast SEO plugin. -->","yoast_head_json":{"title":"La falla de Valencia que visibiliza el c\u00e1ncer de mama","description":"El artista fallero \"Chuky\", ha creado \"Pit\", La falla de Valencia que visibiliza el c\u00e1ncer de mama, m\u00e1s concretamente la mastectom\u00eda.","robots":{"index":"index","follow":"follow","max-snippet":"max-snippet:-1","max-image-preview":"max-image-preview:large","max-video-preview":"max-video-preview:-1"},"canonical":"https:\/\/vlchost.com\/en\/noticias\/la-falla-de-valencia-que-visibiliza-el-cancer-de-mama\/","og_locale":"en_US","og_type":"article","og_title":"La falla de Valencia que visibiliza el c\u00e1ncer de mama","og_description":"El artista fallero \"Chuky\", ha creado \"Pit\", La falla de Valencia que visibiliza el c\u00e1ncer de mama, m\u00e1s concretamente la mastectom\u00eda.","og_url":"https:\/\/vlchost.com\/en\/noticias\/la-falla-de-valencia-que-visibiliza-el-cancer-de-mama\/","og_site_name":"VLC Host","article_publisher":"https:\/\/www.facebook.com\/VLCHost.HappyToHostYou","article_published_time":"2023-03-08T11:35:21+00:00","article_modified_time":"2023-03-28T11:49:28+00:00","og_image":[{"width":1024,"height":683,"url":"https:\/\/vlchost.com\/wp-content\/uploads\/falla-cancer-mama-1024x683-1.jpg","type":"image\/jpeg"}],"author":"admin","twitter_card":"summary_large_image","twitter_misc":{"Written by":"admin","Est. reading time":"2 minutes"},"schema":{"@context":"https:\/\/schema.org","@graph":[{"@type":"Article","@id":"https:\/\/vlchost.com\/noticias\/la-falla-de-valencia-que-visibiliza-el-cancer-de-mama\/#article","isPartOf":{"@id":"https:\/\/vlchost.com\/noticias\/la-falla-de-valencia-que-visibiliza-el-cancer-de-mama\/"},"author":{"name":"admin","@id":"https:\/\/vlchost.com\/#\/schema\/person\/0c6d7af6ac03a7d1055698ea750b7b92"},"headline":"La falla de Valencia que visibiliza el c\u00e1ncer de mama","datePublished":"2023-03-08T11:35:21+00:00","dateModified":"2023-03-28T11:49:28+00:00","mainEntityOfPage":{"@id":"https:\/\/vlchost.com\/noticias\/la-falla-de-valencia-que-visibiliza-el-cancer-de-mama\/"},"wordCount":358,"commentCount":0,"publisher":{"@id":"https:\/\/vlchost.com\/#organization"},"keywords":["#apartamentosvalencia","#cancerdemama","#fallacancerdemama","#fallachuky","#fallas2023","#ocio","#valencia","#visitvalencia","#vlchost"],"articleSection":["Cultura","Eventos","Love Valencia","Noticias","VLC Host"],"inLanguage":"en-US"},{"@type":"WebPage","@id":"https:\/\/vlchost.com\/noticias\/la-falla-de-valencia-que-visibiliza-el-cancer-de-mama\/","url":"https:\/\/vlchost.com\/noticias\/la-falla-de-valencia-que-visibiliza-el-cancer-de-mama\/","name":"La falla de Valencia que visibiliza el c\u00e1ncer de mama","isPartOf":{"@id":"https:\/\/vlchost.com\/#website"},"datePublished":"2023-03-08T11:35:21+00:00","dateModified":"2023-03-28T11:49:28+00:00","description":"El artista fallero \"Chuky\", ha creado \"Pit\", La falla de Valencia que visibiliza el c\u00e1ncer de mama, m\u00e1s concretamente la mastectom\u00eda.","breadcrumb":{"@id":"https:\/\/vlchost.com\/noticias\/la-falla-de-valencia-que-visibiliza-el-cancer-de-mama\/#breadcrumb"},"inLanguage":"en-US","potentialAction":[{"@type":"ReadAction","target":["https:\/\/vlchost.com\/noticias\/la-falla-de-valencia-que-visibiliza-el-cancer-de-mama\/"]}]},{"@type":"BreadcrumbList","@id":"https:\/\/vlchost.com\/noticias\/la-falla-de-valencia-que-visibiliza-el-cancer-de-mama\/#breadcrumb","itemListElement":[{"@type":"ListItem","position":1,"name":"Portada","item":"https:\/\/vlchost.com\/"},{"@type":"ListItem","position":2,"name":"La falla de Valencia que visibiliza el c\u00e1ncer de mama"}]},{"@type":"WebSite","@id":"https:\/\/vlchost.com\/#website","url":"https:\/\/vlchost.com\/","name":"VLC Host","description":"Alquiler de alojamientos tur\u00edsticos","publisher":{"@id":"https:\/\/vlchost.com\/#organization"},"potentialAction":[{"@type":"SearchAction","target":{"@type":"EntryPoint","urlTemplate":"https:\/\/vlchost.com\/?s={search_term_string}"},"query-input":"required name=search_term_string"}],"inLanguage":"en-US"},{"@type":"Organization","@id":"https:\/\/vlchost.com\/#organization","name":"VLC Host - Nomad Life","url":"https:\/\/vlchost.com\/","logo":{"@type":"ImageObject","inLanguage":"en-US","@id":"https:\/\/vlchost.com\/#\/schema\/logo\/image\/","url":"https:\/\/vlchost.com\/wp-content\/uploads\/cropped-alquiler-apartamentos-VLCHOST.png","contentUrl":"https:\/\/vlchost.com\/wp-content\/uploads\/cropped-alquiler-apartamentos-VLCHOST.png","width":512,"height":512,"caption":"VLC Host - Nomad Life"},"image":{"@id":"https:\/\/vlchost.com\/#\/schema\/logo\/image\/"},"sameAs":["https:\/\/www.facebook.com\/VLCHost.HappyToHostYou","https:\/\/www.instagram.com\/vlchost\/"]},{"@type":"Person","@id":"https:\/\/vlchost.com\/#\/schema\/person\/0c6d7af6ac03a7d1055698ea750b7b92","name":"admin","image":{"@type":"ImageObject","inLanguage":"en-US","@id":"https:\/\/vlchost.com\/#\/schema\/person\/image\/","url":"https:\/\/secure.gravatar.com\/avatar\/7fe4b8b9787e65d03f5c57ab1eb0f2d1adb9a4355fd3e638e47bffd9634ceb73?s=96&d=mm&r=g","contentUrl":"https:\/\/secure.gravatar.com\/avatar\/7fe4b8b9787e65d03f5c57ab1eb0f2d1adb9a4355fd3e638e47bffd9634ceb73?s=96&d=mm&r=g","caption":"admin"},"sameAs":["http:\/\/vlchost.com"],"url":"https:\/\/vlchost.com\/en\/author\/admin\/"}]}},"_links":{"self":[{"href":"https:\/\/vlchost.com\/en\/wp-json\/wp\/v2\/posts\/4186","targetHints":{"allow":["GET"]}}],"collection":[{"href":"https:\/\/vlchost.com\/en\/wp-json\/wp\/v2\/posts"}],"about":[{"href":"https:\/\/vlchost.com\/en\/wp-json\/wp\/v2\/types\/post"}],"author":[{"embeddable":true,"href":"https:\/\/vlchost.com\/en\/wp-json\/wp\/v2\/users\/1"}],"replies":[{"embeddable":true,"href":"https:\/\/vlchost.com\/en\/wp-json\/wp\/v2\/comments?post=4186"}],"version-history":[{"count":75,"href":"https:\/\/vlchost.com\/en\/wp-json\/wp\/v2\/posts\/4186\/revisions"}],"predecessor-version":[{"id":4267,"href":"https:\/\/vlchost.com\/en\/wp-json\/wp\/v2\/posts\/4186\/revisions\/4267"}],"wp:featuredmedia":[{"embeddable":true,"href":"https:\/\/vlchost.com\/en\/wp-json\/wp\/v2\/media\/4193"}],"wp:attachment":[{"href":"https:\/\/vlchost.com\/en\/wp-json\/wp\/v2\/media?parent=4186"}],"wp:term":[{"taxonomy":"category","embeddable":true,"href":"https:\/\/vlchost.com\/en\/wp-json\/wp\/v2\/categories?post=4186"},{"taxonomy":"post_tag","embeddable":true,"href":"https:\/\/vlchost.com\/en\/wp-json\/wp\/v2\/tags?post=4186"}],"curies":[{"name":"wp","href":"https:\/\/api.w.org\/{rel}","templated":true}]}}