{"id":4367,"date":"2023-03-30T12:06:10","date_gmt":"2023-03-30T10:06:10","guid":{"rendered":"http:\/\/vlchost.com\/?p=4367"},"modified":"2023-04-05T14:17:46","modified_gmt":"2023-04-05T12:17:46","slug":"vlc-mercat-central-flats-los-pisos-del-centro-que-te-enamoraran-de-valencia","status":"publish","type":"post","link":"https:\/\/vlchost.com\/en\/noticias\/vlc-host-noticias\/vlc-mercat-central-flats-los-pisos-del-centro-que-te-enamoraran-de-valencia\/","title":{"rendered":"VLC Mercat Central Flats: los alojamientos del centro que te enamorar\u00e1n de Valencia"},"content":{"rendered":"<div data-elementor-type=\"wp-post\" data-elementor-id=\"4367\" class=\"elementor elementor-4367\" data-elementor-post-type=\"post\">\n\t\t\t\t\t\t<section class=\"elementor-section elementor-top-section elementor-element elementor-element-84d6678 elementor-section-boxed elementor-section-height-default elementor-section-height-default\" data-id=\"84d6678\" data-element_type=\"section\">\n\t\t\t\t\t\t<div class=\"elementor-container elementor-column-gap-default\">\n\t\t\t\t\t<div class=\"elementor-column elementor-col-100 elementor-top-column elementor-element elementor-element-ca254d9\" data-id=\"ca254d9\" data-element_type=\"column\">\n\t\t\t<div class=\"elementor-widget-wrap elementor-element-populated\">\n\t\t\t\t\t\t<div class=\"elementor-element elementor-element-23caa5e elementor-widget__width-auto elementor-widget elementor-widget-text-editor\" data-id=\"23caa5e\" data-element_type=\"widget\" data-widget_type=\"text-editor.default\">\n\t\t\t\t<div class=\"elementor-widget-container\">\n\t\t\t<style>\/*! elementor - v3.19.0 - 28-02-2024 *\/\n.elementor-widget-text-editor.elementor-drop-cap-view-stacked .elementor-drop-cap{background-color:#69727d;color:#fff}.elementor-widget-text-editor.elementor-drop-cap-view-framed .elementor-drop-cap{color:#69727d;border:3px solid;background-color:transparent}.elementor-widget-text-editor:not(.elementor-drop-cap-view-default) .elementor-drop-cap{margin-top:8px}.elementor-widget-text-editor:not(.elementor-drop-cap-view-default) .elementor-drop-cap-letter{width:1em;height:1em}.elementor-widget-text-editor .elementor-drop-cap{float:left;text-align:center;line-height:1;font-size:50px}.elementor-widget-text-editor .elementor-drop-cap-letter{display:inline-block}<\/style>\t\t\t\t<p><em><font style=\"vertical-align: inherit;\"><font style=\"vertical-align: inherit;\">Pisos VLC Mercat Central<\/font><\/font><\/em><\/p>\n<p><font style=\"vertical-align: inherit;\"><font style=\"vertical-align: inherit;\">Te ense\u00f1amos un poco m\u00e1s sobre nuestros VLC Mercat Central Flats, recientemente renovados, y te explicamos porque cada uno tiene un estilo \u00fanico.<\/font><\/font><\/p>\n<h4><strong><font style=\"vertical-align: inherit;\"><font style=\"vertical-align: inherit;\">D\u00f3nde est\u00e1n<\/font><\/font><\/strong><\/h4>\n<p><font style=\"vertical-align: inherit;\"><font style=\"vertical-align: inherit;\">El bloque est\u00e1 situado en Carrer d&#8217;Eixarches, muy cerca del <\/font><\/font><a href=\"https:\/\/www.mercadocentralvalencia.es\/\"><font style=\"vertical-align: inherit;\"><font style=\"vertical-align: inherit;\">Mercado Central de Valencia<\/font><\/font><\/a><font style=\"vertical-align: inherit;\"><font style=\"vertical-align: inherit;\"> , en el coraz\u00f3n del barrio del Carmen, uno de los lugares m\u00e1s populares y vibrantes de Valencia, conocido por su arquitectura medieval y su animada vida nocturna.<\/font><\/font><\/p>\n<p><font style=\"vertical-align: inherit;\"><font style=\"vertical-align: inherit;\">Si lo que est\u00e1s buscando es una estancia c\u00f3moda y relajante sin alejarte demasiado del coraz\u00f3n de la ciudad, te recomendamos uno de estos alojamientos.<\/font><\/font><\/p>\n<h4><strong><font style=\"vertical-align: inherit;\"><font style=\"vertical-align: inherit;\">Mucho m\u00e1s que un lugar d\u00f3nde alojarte<\/font><\/font><\/strong><\/h4>\n<p><font style=\"vertical-align: inherit;\"><font style=\"vertical-align: inherit;\">El bloque dispone de varios alojamientos para elegir, dependiendo del estilo personal de cada uno de nuestros hu\u00e9spedes y del n\u00famero de alojados.<\/font><\/font><\/p>\n<p><font style=\"vertical-align: inherit;\"><font style=\"vertical-align: inherit;\">Los alojamientos, recientemente renovados, est\u00e1n todos amueblados con un estilo elegante y moderno.<\/font><\/font><\/p>\n<p><font style=\"vertical-align: inherit;\"><font style=\"vertical-align: inherit;\">En VLC Host somos amantes de lo hecho a mano y de la calidad, y es por eso que, una vez reformados los pisos, nos dedicamos a la b\u00fasqueda de productos y muebles de calidad y fabricaci\u00f3n nacional para ofrecer a nuestros hu\u00e9spedes s\u00f3lo lo mejor.<\/font><\/font><\/p>\n<p><font style=\"vertical-align: inherit;\"><font style=\"vertical-align: inherit;\">Adem\u00e1s, quisimos dar la oportunidad a varios j\u00f3venes artistas valencianos de dise\u00f1ar y decorar las habitaciones, para hacerlas \u00fanicas y originales, combinando elementos antiguos y modernos.<\/font><\/font><\/p>\n<p><font style=\"vertical-align: inherit;\"><font style=\"vertical-align: inherit;\">Por eso, todos nuestros pisos tienen una personalidad est\u00e9tica propia y \u00fanica y son totalmente irrepetibles.<\/font><\/font><\/p>\n<p><font style=\"vertical-align: inherit;\"><font style=\"vertical-align: inherit;\">En todos los alojamientos, los hu\u00e9spedes son recibidos por grandes ventanales que iluminan el interior y les garantizan una excelente vista panor\u00e1mica del barrio hist\u00f3rico, a\u00f1adiendo un toque de encanto y espect\u00e1culo al espacio.<\/font><\/font><\/p>\n<p><font style=\"vertical-align: inherit;\"><font style=\"vertical-align: inherit;\">Todas las habitaciones est\u00e1n completamente equipadas con electrodom\u00e9sticos modernos, incluyendo lavadora, lavavajillas y aire acondicionado. <\/font><font style=\"vertical-align: inherit;\">Esto proporciona a los hu\u00e9spedes total libertad e independencia, pudiendo gestionar su alojamiento de la mejor manera.<\/font><\/font><\/p>\t\t\t\t\t\t<\/div>\n\t\t\t\t<\/div>\n\t\t\t\t<div class=\"elementor-element elementor-element-a8c9854 elementor-widget elementor-widget-image\" data-id=\"a8c9854\" data-element_type=\"widget\" data-widget_type=\"image.default\">\n\t\t\t\t<div class=\"elementor-widget-container\">\n\t\t\t<style>\/*! elementor - v3.19.0 - 28-02-2024 *\/\n.elementor-widget-image{text-align:center}.elementor-widget-image a{display:inline-block}.elementor-widget-image a img[src$=\".svg\"]{width:48px}.elementor-widget-image img{vertical-align:middle;display:inline-block}<\/style>\t\t\t\t\t\t\t\t\t\t<img fetchpriority=\"high\" decoding=\"async\" width=\"2560\" height=\"1707\" src=\"https:\/\/vlchost.com\/wp-content\/uploads\/mercat-central-flats-vlchost-1-scaled.jpg\" class=\"attachment-medium size-medium wp-image-4376\" alt=\"mercat-central-flats-vlchost-1\" srcset=\"https:\/\/vlchost.com\/wp-content\/uploads\/mercat-central-flats-vlchost-1-scaled.jpg 2560w, https:\/\/vlchost.com\/wp-content\/uploads\/mercat-central-flats-vlchost-1-768x512.jpg 768w, https:\/\/vlchost.com\/wp-content\/uploads\/mercat-central-flats-vlchost-1-1536x1024.jpg 1536w, https:\/\/vlchost.com\/wp-content\/uploads\/mercat-central-flats-vlchost-1-2048x1365.jpg 2048w\" sizes=\"(max-width: 2560px) 100vw, 2560px\" \/>\t\t\t\t\t\t\t\t\t\t\t\t\t<\/div>\n\t\t\t\t<\/div>\n\t\t\t\t\t<\/div>\n\t\t<\/div>\n\t\t\t\t\t<\/div>\n\t\t<\/section>\n\t\t\t\t<section class=\"elementor-section elementor-top-section elementor-element elementor-element-59f8cf0 elementor-section-boxed elementor-section-height-default elementor-section-height-default\" data-id=\"59f8cf0\" data-element_type=\"section\">\n\t\t\t\t\t\t<div class=\"elementor-container elementor-column-gap-default\">\n\t\t\t\t\t<div class=\"elementor-column elementor-col-100 elementor-top-column elementor-element elementor-element-c734068\" data-id=\"c734068\" data-element_type=\"column\">\n\t\t\t<div class=\"elementor-widget-wrap elementor-element-populated\">\n\t\t\t\t\t\t<div class=\"elementor-element elementor-element-8caa11f elementor-widget elementor-widget-text-editor\" data-id=\"8caa11f\" data-element_type=\"widget\" data-widget_type=\"text-editor.default\">\n\t\t\t\t<div class=\"elementor-widget-container\">\n\t\t\t\t\t\t\t<h4><strong>Duplex Penthouse, la mejor opci\u00f3n para desconectar<\/strong><\/h4><p>El <a href=\"http:\/\/vlchost.com\/en\/alojamiento\/?start_date&amp;end_date&amp;guests=0&amp;discount_code&amp;id=71535&amp;listing_id=71535\">Duplex Penthouse<\/a> es un \u00e1tico &#8211; d\u00faplex, con 3 dormitorios y 2 ba\u00f1os, ideal para 4 o 6 personas.<\/p><p>El \u00e1tico cuenta con un balc\u00f3n privado que ofrece vistas panor\u00e1micas de todo el barrio y una amplia terraza donde relajarse y disfrutar del sol que calienta la ciudad 300 d\u00edas al a\u00f1o.<\/p><p>Una opci\u00f3n de alojamiento moderno y acogedor, que proporciona a sus hu\u00e9spedes todas las comodidades para una experiencia de lujo sin complicaciones.<\/p><h4><strong>Charming apartment, ideales para una estancia encantadora<\/strong><\/h4><p>VLC Host ofrece dos <a href=\"http:\/\/vlchost.com\/en\/alojamiento\/?start_date&amp;end_date&amp;guests=0&amp;discount_code&amp;id=71453&amp;listing_id=71453\">Charming Apartments<\/a>, cuyo nombre no es casual. Estos dos pisos encantadores son ideales para familias o grupos de amigos de 4 personas, ya que ofrecen dos dormitorios y un ba\u00f1o totalmente equipados para cualquier necesidad.<\/p><p>Un alojamiento que ofrece todas las comodidades para tu estancia en Valencia, incluyendo un balc\u00f3n privado, donde disfrutar de la agradable brisa de la ciudad.<\/p><p>Una opci\u00f3n de alojamiento c\u00f3moda y funcional, que ofrece a sus hu\u00e9spedes unas vacaciones \u00fanicas e irrepetibles.<\/p><h4><strong>Handicap accessible apartment, un alojamiento al alcance de todos<\/strong><\/h4><p>VLC Host no deja nada al azar. Por eso, en sus instalaciones, siempre piensa en la forma ideal de alojar a todos sus hu\u00e9spedes.<\/p><p>El <a href=\"http:\/\/vlchost.com\/en\/alojamiento\/?start_date&amp;end_date&amp;guests=0&amp;discount_code&amp;id=71439&amp;listing_id=71439\">Handicap Accesible Apartment<\/a> es un alojamiento adaptado para personas con movilidad reducida: la entrada no tiene barreras, las puertas son m\u00e1s anchas y el ba\u00f1o est\u00e1 adaptado a todas las necesidades, con el fin de que sea c\u00f3modo para las personas con discapacidad.<\/p><p>Una opci\u00f3n v\u00e1lida y funcional, apta para todas las necesidades.<\/p><h4><strong>Cozy studio, una peque\u00f1a joya en el coraz\u00f3n de la ciudad<\/strong><\/h4><p>Este es el alojamiento m\u00e1s peque\u00f1o que ofrece VLC Host, con una habitaci\u00f3n y un ba\u00f1o.<\/p><p>El <a href=\"http:\/\/vlchost.com\/en\/alojamiento\/?start_date&amp;end_date&amp;guests=0&amp;discount_code&amp;id=71421&amp;listing_id=71421\">Cozy Studio<\/a> ofrece a sus hu\u00e9spedes una estancia c\u00f3moda y despreocupada, gracias a su c\u00e9ntrica ubicaci\u00f3n en la ciudad y a todas las comodidades que ofrece.<\/p><p>Una opci\u00f3n perfecta para todos aquellos que quieran disfrutar del coraz\u00f3n de Valencia y de su vibrante vida nocturna.<\/p><p>Para m\u00e1s informaciones escr\u00edbenos a <a href=\"mailto:reservas@vlcinvest.com\">reservas@vlcinvest.com<\/a> o llama al +34 665 158 187.<\/p>\t\t\t\t\t\t<\/div>\n\t\t\t\t<\/div>\n\t\t\t\t\t<\/div>\n\t\t<\/div>\n\t\t\t\t\t<\/div>\n\t\t<\/section>\n\t\t\t\t<\/div>","protected":false},"excerpt":{"rendered":"<p>Pisos VLC Mercat Central Te ense\u00f1amos un poco m\u00e1s sobre nuestros VLC Mercat Central Flats, recientemente renovados, y te explicamos porque cada uno tiene un estilo \u00fanico. D\u00f3nde est\u00e1n El bloque est\u00e1 situado en Carrer d&#8217;Eixarches, muy cerca del Mercado Central de Valencia , en el coraz\u00f3n del barrio del Carmen, uno de los lugares [&hellip;]<\/p>","protected":false},"author":4,"featured_media":4374,"comment_status":"open","ping_status":"open","sticky":false,"template":"","format":"standard","meta":{"footnotes":""},"categories":[63,18],"tags":[27,28,82,25,29,59],"class_list":["post-4367","post","type-post","status-publish","format-standard","has-post-thumbnail","hentry","category-apartamentos","category-vlc-host-noticias","tag-alquilervalencia","tag-apartamentosvalencia","tag-mercatcentralflats","tag-valencia","tag-visitvalencia","tag-vlchost"],"yoast_head":"<!-- This site is optimized with the Yoast SEO plugin v21.5 - https:\/\/yoast.com\/wordpress\/plugins\/seo\/ -->\n<title>Mercat Central Flats | VLC Host<\/title>\n<meta name=\"description\" content=\"Mercat Central Flats. Descubre y enam\u00f3rate de nuestros encantadores alojamientos en el coraz\u00f3n de Valencia.\" \/>\n<meta name=\"robots\" content=\"index, follow, max-snippet:-1, max-image-preview:large, max-video-preview:-1\" \/>\n<link rel=\"canonical\" href=\"https:\/\/vlchost.com\/en\/noticias\/vlc-host-noticias\/vlc-mercat-central-flats-los-pisos-del-centro-que-te-enamoraran-de-valencia\/\" \/>\n<meta property=\"og:locale\" content=\"en_US\" \/>\n<meta property=\"og:type\" content=\"article\" \/>\n<meta property=\"og:title\" content=\"Mercat Central Flats | VLC Host\" \/>\n<meta property=\"og:description\" content=\"Mercat Central Flats. Descubre y enam\u00f3rate de nuestros encantadores alojamientos en el coraz\u00f3n de Valencia.\" \/>\n<meta property=\"og:url\" content=\"https:\/\/vlchost.com\/en\/noticias\/vlc-host-noticias\/vlc-mercat-central-flats-los-pisos-del-centro-que-te-enamoraran-de-valencia\/\" \/>\n<meta property=\"og:site_name\" content=\"VLC Host\" \/>\n<meta property=\"article:publisher\" content=\"https:\/\/www.facebook.com\/VLCHost.HappyToHostYou\" \/>\n<meta property=\"article:published_time\" content=\"2023-03-30T10:06:10+00:00\" \/>\n<meta property=\"article:modified_time\" content=\"2023-04-05T12:17:46+00:00\" \/>\n<meta property=\"og:image\" content=\"https:\/\/vlchost.com\/wp-content\/uploads\/mercat-central-flats-vlchost.jpg\" \/>\n\t<meta property=\"og:image:width\" content=\"1200\" \/>\n\t<meta property=\"og:image:height\" content=\"800\" \/>\n\t<meta property=\"og:image:type\" content=\"image\/jpeg\" \/>\n<meta name=\"author\" content=\"VCL\" \/>\n<meta name=\"twitter:card\" content=\"summary_large_image\" \/>\n<meta name=\"twitter:label1\" content=\"Written by\" \/>\n\t<meta name=\"twitter:data1\" content=\"VCL\" \/>\n\t<meta name=\"twitter:label2\" content=\"Est. reading time\" \/>\n\t<meta name=\"twitter:data2\" content=\"4 minutes\" \/>\n<script type=\"application\/ld+json\" class=\"yoast-schema-graph\">{\"@context\":\"https:\/\/schema.org\",\"@graph\":[{\"@type\":\"Article\",\"@id\":\"https:\/\/vlchost.com\/noticias\/vlc-host-noticias\/vlc-mercat-central-flats-los-pisos-del-centro-que-te-enamoraran-de-valencia\/#article\",\"isPartOf\":{\"@id\":\"https:\/\/vlchost.com\/noticias\/vlc-host-noticias\/vlc-mercat-central-flats-los-pisos-del-centro-que-te-enamoraran-de-valencia\/\"},\"author\":{\"name\":\"VCL\",\"@id\":\"https:\/\/vlchost.com\/#\/schema\/person\/782a12abb83614fa9849b9497b619679\"},\"headline\":\"VLC Mercat Central Flats: los alojamientos del centro que te enamorar\u00e1n de Valencia\",\"datePublished\":\"2023-03-30T10:06:10+00:00\",\"dateModified\":\"2023-04-05T12:17:46+00:00\",\"mainEntityOfPage\":{\"@id\":\"https:\/\/vlchost.com\/noticias\/vlc-host-noticias\/vlc-mercat-central-flats-los-pisos-del-centro-que-te-enamoraran-de-valencia\/\"},\"wordCount\":706,\"commentCount\":0,\"publisher\":{\"@id\":\"https:\/\/vlchost.com\/#organization\"},\"keywords\":[\"#alquilervalencia\",\"#apartamentosvalencia\",\"#mercatcentralflats\",\"#valencia\",\"#visitvalencia\",\"#vlchost\"],\"articleSection\":[\"Apartamentos\",\"VLC Host\"],\"inLanguage\":\"en-US\"},{\"@type\":\"WebPage\",\"@id\":\"https:\/\/vlchost.com\/noticias\/vlc-host-noticias\/vlc-mercat-central-flats-los-pisos-del-centro-que-te-enamoraran-de-valencia\/\",\"url\":\"https:\/\/vlchost.com\/noticias\/vlc-host-noticias\/vlc-mercat-central-flats-los-pisos-del-centro-que-te-enamoraran-de-valencia\/\",\"name\":\"Mercat Central Flats | VLC Host\",\"isPartOf\":{\"@id\":\"https:\/\/vlchost.com\/#website\"},\"datePublished\":\"2023-03-30T10:06:10+00:00\",\"dateModified\":\"2023-04-05T12:17:46+00:00\",\"description\":\"Mercat Central Flats. Descubre y enam\u00f3rate de nuestros encantadores alojamientos en el coraz\u00f3n de Valencia.\",\"breadcrumb\":{\"@id\":\"https:\/\/vlchost.com\/noticias\/vlc-host-noticias\/vlc-mercat-central-flats-los-pisos-del-centro-que-te-enamoraran-de-valencia\/#breadcrumb\"},\"inLanguage\":\"en-US\",\"potentialAction\":[{\"@type\":\"ReadAction\",\"target\":[\"https:\/\/vlchost.com\/noticias\/vlc-host-noticias\/vlc-mercat-central-flats-los-pisos-del-centro-que-te-enamoraran-de-valencia\/\"]}]},{\"@type\":\"BreadcrumbList\",\"@id\":\"https:\/\/vlchost.com\/noticias\/vlc-host-noticias\/vlc-mercat-central-flats-los-pisos-del-centro-que-te-enamoraran-de-valencia\/#breadcrumb\",\"itemListElement\":[{\"@type\":\"ListItem\",\"position\":1,\"name\":\"Portada\",\"item\":\"https:\/\/vlchost.com\/\"},{\"@type\":\"ListItem\",\"position\":2,\"name\":\"VLC Mercat Central Flats: los alojamientos del centro que te enamorar\u00e1n de Valencia\"}]},{\"@type\":\"WebSite\",\"@id\":\"https:\/\/vlchost.com\/#website\",\"url\":\"https:\/\/vlchost.com\/\",\"name\":\"VLC Host\",\"description\":\"Alquiler de alojamientos tur\u00edsticos\",\"publisher\":{\"@id\":\"https:\/\/vlchost.com\/#organization\"},\"potentialAction\":[{\"@type\":\"SearchAction\",\"target\":{\"@type\":\"EntryPoint\",\"urlTemplate\":\"https:\/\/vlchost.com\/?s={search_term_string}\"},\"query-input\":\"required name=search_term_string\"}],\"inLanguage\":\"en-US\"},{\"@type\":\"Organization\",\"@id\":\"https:\/\/vlchost.com\/#organization\",\"name\":\"VLC Host - Nomad Life\",\"url\":\"https:\/\/vlchost.com\/\",\"logo\":{\"@type\":\"ImageObject\",\"inLanguage\":\"en-US\",\"@id\":\"https:\/\/vlchost.com\/#\/schema\/logo\/image\/\",\"url\":\"https:\/\/vlchost.com\/wp-content\/uploads\/cropped-alquiler-apartamentos-VLCHOST.png\",\"contentUrl\":\"https:\/\/vlchost.com\/wp-content\/uploads\/cropped-alquiler-apartamentos-VLCHOST.png\",\"width\":512,\"height\":512,\"caption\":\"VLC Host - Nomad Life\"},\"image\":{\"@id\":\"https:\/\/vlchost.com\/#\/schema\/logo\/image\/\"},\"sameAs\":[\"https:\/\/www.facebook.com\/VLCHost.HappyToHostYou\",\"https:\/\/www.instagram.com\/vlchost\/\"]},{\"@type\":\"Person\",\"@id\":\"https:\/\/vlchost.com\/#\/schema\/person\/782a12abb83614fa9849b9497b619679\",\"name\":\"VCL\",\"image\":{\"@type\":\"ImageObject\",\"inLanguage\":\"en-US\",\"@id\":\"https:\/\/vlchost.com\/#\/schema\/person\/image\/\",\"url\":\"https:\/\/secure.gravatar.com\/avatar\/e2154249541e31d72b1e613335475cddc540ebd9e29ec5224763cf04738da599?s=96&d=mm&r=g\",\"contentUrl\":\"https:\/\/secure.gravatar.com\/avatar\/e2154249541e31d72b1e613335475cddc540ebd9e29ec5224763cf04738da599?s=96&d=mm&r=g\",\"caption\":\"VCL\"},\"url\":\"https:\/\/vlchost.com\/en\/author\/vlchost-user\/\"}]}<\/script>\n<!-- \/ Yoast SEO plugin. -->","yoast_head_json":{"title":"Mercat Central Flats | VLC Host","description":"Mercat Central Flats. Descubre y enam\u00f3rate de nuestros encantadores alojamientos en el coraz\u00f3n de Valencia.","robots":{"index":"index","follow":"follow","max-snippet":"max-snippet:-1","max-image-preview":"max-image-preview:large","max-video-preview":"max-video-preview:-1"},"canonical":"https:\/\/vlchost.com\/en\/noticias\/vlc-host-noticias\/vlc-mercat-central-flats-los-pisos-del-centro-que-te-enamoraran-de-valencia\/","og_locale":"en_US","og_type":"article","og_title":"Mercat Central Flats | VLC Host","og_description":"Mercat Central Flats. Descubre y enam\u00f3rate de nuestros encantadores alojamientos en el coraz\u00f3n de Valencia.","og_url":"https:\/\/vlchost.com\/en\/noticias\/vlc-host-noticias\/vlc-mercat-central-flats-los-pisos-del-centro-que-te-enamoraran-de-valencia\/","og_site_name":"VLC Host","article_publisher":"https:\/\/www.facebook.com\/VLCHost.HappyToHostYou","article_published_time":"2023-03-30T10:06:10+00:00","article_modified_time":"2023-04-05T12:17:46+00:00","og_image":[{"width":1200,"height":800,"url":"https:\/\/vlchost.com\/wp-content\/uploads\/mercat-central-flats-vlchost.jpg","type":"image\/jpeg"}],"author":"VCL","twitter_card":"summary_large_image","twitter_misc":{"Written by":"VCL","Est. reading time":"4 minutes"},"schema":{"@context":"https:\/\/schema.org","@graph":[{"@type":"Article","@id":"https:\/\/vlchost.com\/noticias\/vlc-host-noticias\/vlc-mercat-central-flats-los-pisos-del-centro-que-te-enamoraran-de-valencia\/#article","isPartOf":{"@id":"https:\/\/vlchost.com\/noticias\/vlc-host-noticias\/vlc-mercat-central-flats-los-pisos-del-centro-que-te-enamoraran-de-valencia\/"},"author":{"name":"VCL","@id":"https:\/\/vlchost.com\/#\/schema\/person\/782a12abb83614fa9849b9497b619679"},"headline":"VLC Mercat Central Flats: los alojamientos del centro que te enamorar\u00e1n de Valencia","datePublished":"2023-03-30T10:06:10+00:00","dateModified":"2023-04-05T12:17:46+00:00","mainEntityOfPage":{"@id":"https:\/\/vlchost.com\/noticias\/vlc-host-noticias\/vlc-mercat-central-flats-los-pisos-del-centro-que-te-enamoraran-de-valencia\/"},"wordCount":706,"commentCount":0,"publisher":{"@id":"https:\/\/vlchost.com\/#organization"},"keywords":["#alquilervalencia","#apartamentosvalencia","#mercatcentralflats","#valencia","#visitvalencia","#vlchost"],"articleSection":["Apartamentos","VLC Host"],"inLanguage":"en-US"},{"@type":"WebPage","@id":"https:\/\/vlchost.com\/noticias\/vlc-host-noticias\/vlc-mercat-central-flats-los-pisos-del-centro-que-te-enamoraran-de-valencia\/","url":"https:\/\/vlchost.com\/noticias\/vlc-host-noticias\/vlc-mercat-central-flats-los-pisos-del-centro-que-te-enamoraran-de-valencia\/","name":"Mercat Central Flats | VLC Host","isPartOf":{"@id":"https:\/\/vlchost.com\/#website"},"datePublished":"2023-03-30T10:06:10+00:00","dateModified":"2023-04-05T12:17:46+00:00","description":"Mercat Central Flats. Descubre y enam\u00f3rate de nuestros encantadores alojamientos en el coraz\u00f3n de Valencia.","breadcrumb":{"@id":"https:\/\/vlchost.com\/noticias\/vlc-host-noticias\/vlc-mercat-central-flats-los-pisos-del-centro-que-te-enamoraran-de-valencia\/#breadcrumb"},"inLanguage":"en-US","potentialAction":[{"@type":"ReadAction","target":["https:\/\/vlchost.com\/noticias\/vlc-host-noticias\/vlc-mercat-central-flats-los-pisos-del-centro-que-te-enamoraran-de-valencia\/"]}]},{"@type":"BreadcrumbList","@id":"https:\/\/vlchost.com\/noticias\/vlc-host-noticias\/vlc-mercat-central-flats-los-pisos-del-centro-que-te-enamoraran-de-valencia\/#breadcrumb","itemListElement":[{"@type":"ListItem","position":1,"name":"Portada","item":"https:\/\/vlchost.com\/"},{"@type":"ListItem","position":2,"name":"VLC Mercat Central Flats: los alojamientos del centro que te enamorar\u00e1n de Valencia"}]},{"@type":"WebSite","@id":"https:\/\/vlchost.com\/#website","url":"https:\/\/vlchost.com\/","name":"VLC Host","description":"Alquiler de alojamientos tur\u00edsticos","publisher":{"@id":"https:\/\/vlchost.com\/#organization"},"potentialAction":[{"@type":"SearchAction","target":{"@type":"EntryPoint","urlTemplate":"https:\/\/vlchost.com\/?s={search_term_string}"},"query-input":"required name=search_term_string"}],"inLanguage":"en-US"},{"@type":"Organization","@id":"https:\/\/vlchost.com\/#organization","name":"VLC Host - Nomad Life","url":"https:\/\/vlchost.com\/","logo":{"@type":"ImageObject","inLanguage":"en-US","@id":"https:\/\/vlchost.com\/#\/schema\/logo\/image\/","url":"https:\/\/vlchost.com\/wp-content\/uploads\/cropped-alquiler-apartamentos-VLCHOST.png","contentUrl":"https:\/\/vlchost.com\/wp-content\/uploads\/cropped-alquiler-apartamentos-VLCHOST.png","width":512,"height":512,"caption":"VLC Host - Nomad Life"},"image":{"@id":"https:\/\/vlchost.com\/#\/schema\/logo\/image\/"},"sameAs":["https:\/\/www.facebook.com\/VLCHost.HappyToHostYou","https:\/\/www.instagram.com\/vlchost\/"]},{"@type":"Person","@id":"https:\/\/vlchost.com\/#\/schema\/person\/782a12abb83614fa9849b9497b619679","name":"VCL","image":{"@type":"ImageObject","inLanguage":"en-US","@id":"https:\/\/vlchost.com\/#\/schema\/person\/image\/","url":"https:\/\/secure.gravatar.com\/avatar\/e2154249541e31d72b1e613335475cddc540ebd9e29ec5224763cf04738da599?s=96&d=mm&r=g","contentUrl":"https:\/\/secure.gravatar.com\/avatar\/e2154249541e31d72b1e613335475cddc540ebd9e29ec5224763cf04738da599?s=96&d=mm&r=g","caption":"VCL"},"url":"https:\/\/vlchost.com\/en\/author\/vlchost-user\/"}]}},"_links":{"self":[{"href":"https:\/\/vlchost.com\/en\/wp-json\/wp\/v2\/posts\/4367","targetHints":{"allow":["GET"]}}],"collection":[{"href":"https:\/\/vlchost.com\/en\/wp-json\/wp\/v2\/posts"}],"about":[{"href":"https:\/\/vlchost.com\/en\/wp-json\/wp\/v2\/types\/post"}],"author":[{"embeddable":true,"href":"https:\/\/vlchost.com\/en\/wp-json\/wp\/v2\/users\/4"}],"replies":[{"embeddable":true,"href":"https:\/\/vlchost.com\/en\/wp-json\/wp\/v2\/comments?post=4367"}],"version-history":[{"count":52,"href":"https:\/\/vlchost.com\/en\/wp-json\/wp\/v2\/posts\/4367\/revisions"}],"predecessor-version":[{"id":4496,"href":"https:\/\/vlchost.com\/en\/wp-json\/wp\/v2\/posts\/4367\/revisions\/4496"}],"wp:featuredmedia":[{"embeddable":true,"href":"https:\/\/vlchost.com\/en\/wp-json\/wp\/v2\/media\/4374"}],"wp:attachment":[{"href":"https:\/\/vlchost.com\/en\/wp-json\/wp\/v2\/media?parent=4367"}],"wp:term":[{"taxonomy":"category","embeddable":true,"href":"https:\/\/vlchost.com\/en\/wp-json\/wp\/v2\/categories?post=4367"},{"taxonomy":"post_tag","embeddable":true,"href":"https:\/\/vlchost.com\/en\/wp-json\/wp\/v2\/tags?post=4367"}],"curies":[{"name":"wp","href":"https:\/\/api.w.org\/{rel}","templated":true}]}}