{"id":4441,"date":"2023-04-05T14:04:53","date_gmt":"2023-04-05T12:04:53","guid":{"rendered":"http:\/\/vlchost.com\/?p=4441"},"modified":"2023-04-05T14:13:17","modified_gmt":"2023-04-05T12:13:17","slug":"que-hacer-en-valencia-en-tres-dias-no-te-pierdas-ni-un-rincon","status":"publish","type":"post","link":"https:\/\/vlchost.com\/en\/noticias\/que-hacer-en-valencia-en-tres-dias-no-te-pierdas-ni-un-rincon\/","title":{"rendered":"Qu\u00e9 hacer en Valencia en tres d\u00edas, \u00a1no te pierdas ni un rinc\u00f3n!"},"content":{"rendered":"<div data-elementor-type=\"wp-post\" data-elementor-id=\"4441\" class=\"elementor elementor-4441\" data-elementor-post-type=\"post\">\n\t\t\t\t\t\t<section class=\"elementor-section elementor-top-section elementor-element elementor-element-84d6678 elementor-section-boxed elementor-section-height-default elementor-section-height-default\" data-id=\"84d6678\" data-element_type=\"section\">\n\t\t\t\t\t\t<div class=\"elementor-container elementor-column-gap-default\">\n\t\t\t\t\t<div class=\"elementor-column elementor-col-100 elementor-top-column elementor-element elementor-element-ca254d9\" data-id=\"ca254d9\" data-element_type=\"column\">\n\t\t\t<div class=\"elementor-widget-wrap elementor-element-populated\">\n\t\t\t\t\t\t<div class=\"elementor-element elementor-element-23caa5e elementor-widget__width-auto elementor-widget elementor-widget-text-editor\" data-id=\"23caa5e\" data-element_type=\"widget\" data-widget_type=\"text-editor.default\">\n\t\t\t\t<div class=\"elementor-widget-container\">\n\t\t\t<style>\/*! elementor - v3.19.0 - 28-02-2024 *\/\n.elementor-widget-text-editor.elementor-drop-cap-view-stacked .elementor-drop-cap{background-color:#69727d;color:#fff}.elementor-widget-text-editor.elementor-drop-cap-view-framed .elementor-drop-cap{color:#69727d;border:3px solid;background-color:transparent}.elementor-widget-text-editor:not(.elementor-drop-cap-view-default) .elementor-drop-cap{margin-top:8px}.elementor-widget-text-editor:not(.elementor-drop-cap-view-default) .elementor-drop-cap-letter{width:1em;height:1em}.elementor-widget-text-editor .elementor-drop-cap{float:left;text-align:center;line-height:1;font-size:50px}.elementor-widget-text-editor .elementor-drop-cap-letter{display:inline-block}<\/style>\t\t\t\t<p><em><span style=\"vertical-align: inherit;\"><span style=\"vertical-align: inherit;\"><span style=\"vertical-align: inherit;\"><span style=\"vertical-align: inherit;\">Valencia en tres d\u00edas.<\/span><\/span><\/span><\/span><\/em><\/p><p><span style=\"vertical-align: inherit;\"><span style=\"vertical-align: inherit;\"><span style=\"vertical-align: inherit;\"><span style=\"vertical-align: inherit;\">Abril es, sin duda, una de las mejores \u00e9pocas del a\u00f1o para viajar a Valencia: la primavera ofrece un clima templado y soleado que permite visitar la ciudad relajada y sin prisas; <\/span><span style=\"vertical-align: inherit;\">\u00a1y con un tiempo incre\u00edble!<\/span><\/span><\/span><\/span><\/p><p><span style=\"vertical-align: inherit;\"><span style=\"vertical-align: inherit;\"><span style=\"vertical-align: inherit;\"><span style=\"vertical-align: inherit;\">Si dispones de unos d\u00edas en abril para escaparte y disfrutar de la primavera, aqu\u00ed tienes una gu\u00eda perfecta sobre qu\u00e9 hacer en Valencia en tres d\u00edas.<\/span><\/span><\/span><\/span><\/p><h4><strong><span style=\"vertical-align: inherit;\"><span style=\"vertical-align: inherit;\"><span style=\"vertical-align: inherit;\"><span style=\"vertical-align: inherit;\">D\u00eda 1, \u00a1b\u00e1\u00f1ate de la cultura valencia en el casco antiguo de la ciudad!<\/span><\/span><\/span><\/span><\/strong><\/h4><p><span style=\"vertical-align: inherit;\"><span style=\"vertical-align: inherit;\"><span style=\"vertical-align: inherit;\"><span style=\"vertical-align: inherit;\">El centro hist\u00f3rico de Valencia est\u00e1 lleno de atracciones concentradas en un espacio relativamente peque\u00f1o.<\/span><\/span><\/span><\/span><\/p><p><span style=\"vertical-align: inherit;\"><span style=\"vertical-align: inherit;\"><span style=\"vertical-align: inherit;\"><span style=\"vertical-align: inherit;\">Te recomendamos entrar en la ciudad por las que fueron las puertas que proteg\u00edan el centro hist\u00f3rico, las Torres de Serrano, las m\u00e1s importantes de las 12 puertas que rodeaban Valencia.<\/span><\/span><\/span><\/span><\/p><p><span style=\"vertical-align: inherit;\"><span style=\"vertical-align: inherit;\"><span style=\"vertical-align: inherit;\"><span style=\"vertical-align: inherit;\">Continuando por las callesjuelas que cruzan la ciudad, llegar\u00e1s a la Plaza de la Virgen, donde se encuentra la Bas\u00edlica de la Virgen de los Desamparados, patrona de la ciudad. <\/span><\/span><\/span><span style=\"vertical-align: inherit;\"><span style=\"vertical-align: inherit;\"><span style=\"vertical-align: inherit;\">En esta plaza, podr\u00e1s ver la Fuente del Turia, que alberga al dios Neptuno rodeado de 8 mujeres desnudas que representan las 8 acequias de la Vega de Valencia, y la Seu, la Catedral de Valencia.<\/span><\/span><\/span><\/span><\/p><p><span style=\"vertical-align: inherit;\"><span style=\"vertical-align: inherit;\"><span style=\"vertical-align: inherit;\"><span style=\"vertical-align: inherit;\">Es a la entrada de la Seu a donde nos dirigimos, situada en la Plaza de la Reina, recientemente reformada, una excelente parada para sentarse a coger fuerzas en uno de los bares de la zona. <\/span><\/span><\/span><\/span><br \/><span style=\"vertical-align: inherit;\"><span style=\"vertical-align: inherit;\"><span style=\"vertical-align: inherit;\"><span style=\"vertical-align: inherit;\">La Seu (&#8216;bas\u00edlica&#8217; en valenciano) es de estilo g\u00f3tico y, si eres deportista, puedes armarte de valor y subir los 207 escalones hasta lo alto del Miguelete, el campanario de la catedral, desde donde la vista de la ciudad te dejar\u00e1 sin aliento.<\/span><\/span><\/span><\/span><\/p><p><span style=\"vertical-align: inherit;\"><span style=\"vertical-align: inherit;\"><span style=\"vertical-align: inherit;\"><span style=\"vertical-align: inherit;\">Despu\u00e9s, una parada en el Mercado Central de Valencia es obligada, para comer algo t\u00edpico y visitar el interior del mercado. <\/span><\/span><\/span><span style=\"vertical-align: inherit;\"><span style=\"vertical-align: inherit;\"><span style=\"vertical-align: inherit;\">Enfrente de este se encuentra la Lonja de la Seda, declarada Patrimonio de la Humanidad por la UNESCO, que te recomendamos visitar.<\/span><\/span><\/span><\/span><\/p><p><span style=\"vertical-align: inherit;\"><span style=\"vertical-align: inherit;\"><span style=\"vertical-align: inherit;\"><span style=\"vertical-align: inherit;\">Continuando nuestro recorrido, nos encontramos en la Plaza del Ayuntamiento, s\u00edmbolo de la ciudad y declarado Conjunto Hist\u00f3rico Art\u00edstico.<\/span><\/span><\/span><\/span><\/p><p><span style=\"vertical-align: inherit;\"><span style=\"vertical-align: inherit;\"><span style=\"vertical-align: inherit;\"><span style=\"vertical-align: inherit;\">Para terminar el d\u00eda, te recomendamos que hagas una \u00faltima parada en la Estaci\u00f3n del Norte, la estaci\u00f3n de ferrocarril de la ciudad, adornada con ornamentos de cer\u00e1mica. <\/span><\/span><\/span><span style=\"vertical-align: inherit;\"><span style=\"vertical-align: inherit;\"><span style=\"vertical-align: inherit;\">Junto a ella se alza la Plaza de Toros, que hoy en d\u00eda sigue cumpliendo su funci\u00f3n original.a<\/span><\/span><\/span><\/span><\/p>\t\t\t\t\t\t<\/div>\n\t\t\t\t<\/div>\n\t\t\t\t<div class=\"elementor-element elementor-element-63dfe17 elementor-widget elementor-widget-image\" data-id=\"63dfe17\" data-element_type=\"widget\" data-widget_type=\"image.default\">\n\t\t\t\t<div class=\"elementor-widget-container\">\n\t\t\t<style>\/*! elementor - v3.19.0 - 28-02-2024 *\/\n.elementor-widget-image{text-align:center}.elementor-widget-image a{display:inline-block}.elementor-widget-image a img[src$=\".svg\"]{width:48px}.elementor-widget-image img{vertical-align:middle;display:inline-block}<\/style>\t\t\t\t\t\t\t\t\t\t<img fetchpriority=\"high\" decoding=\"async\" width=\"2560\" height=\"1702\" src=\"https:\/\/vlchost.com\/wp-content\/uploads\/que-hacer-en-tres-dias-en-valencia-vlchost-scaled.jpg\" class=\"attachment-large size-large wp-image-4448\" alt=\"que-hacer-en-tres-dias-en-valencia-vlchost-1\" srcset=\"https:\/\/vlchost.com\/wp-content\/uploads\/que-hacer-en-tres-dias-en-valencia-vlchost-scaled.jpg 2560w, https:\/\/vlchost.com\/wp-content\/uploads\/que-hacer-en-tres-dias-en-valencia-vlchost-768x511.jpg 768w, https:\/\/vlchost.com\/wp-content\/uploads\/que-hacer-en-tres-dias-en-valencia-vlchost-1536x1021.jpg 1536w, https:\/\/vlchost.com\/wp-content\/uploads\/que-hacer-en-tres-dias-en-valencia-vlchost-2048x1362.jpg 2048w\" sizes=\"(max-width: 2560px) 100vw, 2560px\" \/>\t\t\t\t\t\t\t\t\t\t\t\t\t<\/div>\n\t\t\t\t<\/div>\n\t\t\t\t\t<\/div>\n\t\t<\/div>\n\t\t\t\t\t<\/div>\n\t\t<\/section>\n\t\t\t\t<section class=\"elementor-section elementor-top-section elementor-element elementor-element-59f8cf0 elementor-section-boxed elementor-section-height-default elementor-section-height-default\" data-id=\"59f8cf0\" data-element_type=\"section\">\n\t\t\t\t\t\t<div class=\"elementor-container elementor-column-gap-default\">\n\t\t\t\t\t<div class=\"elementor-column elementor-col-100 elementor-top-column elementor-element elementor-element-c734068\" data-id=\"c734068\" data-element_type=\"column\">\n\t\t\t<div class=\"elementor-widget-wrap elementor-element-populated\">\n\t\t\t\t\t\t<div class=\"elementor-element elementor-element-8caa11f elementor-widget elementor-widget-text-editor\" data-id=\"8caa11f\" data-element_type=\"widget\" data-widget_type=\"text-editor.default\">\n\t\t\t\t<div class=\"elementor-widget-container\">\n\t\t\t\t\t\t\t<h4><strong><span style=\"vertical-align: inherit;\"><span style=\"vertical-align: inherit;\">D\u00eda 2, \u00a1Disfruta de los Jardines m\u00e1s ic\u00f3nicos de Valencia!<\/span><\/span><\/strong><\/h4><p><span style=\"vertical-align: inherit;\"><span style=\"vertical-align: inherit;\">En tu segundo d\u00eda en Valencia, te recomendamos bajar a los Jardines del Turia y recorrerlos por completo hasta llegar a la playa. <\/span><span style=\"vertical-align: inherit;\">Para este d\u00eda, lo ideal es alquilar una bicicleta, con la que podr\u00e1s disfrutar del parque y de sus 9 km de carril bici. <\/span><span style=\"vertical-align: inherit;\">Si recorres todo el parque, de punta a punta, te recomendamos algunas paradas obligatorias para disfrutarlo plenamente.<\/span><\/span><\/p><p><span style=\"vertical-align: inherit;\"><span style=\"vertical-align: inherit;\">El Parque de la Cabecera es el extremo oeste del parque, desde donde puedes iniciar el descenso hacia la playa de Valencia. <\/span><span style=\"vertical-align: inherit;\">Por el camino, pasar\u00e1s bajo nada menos que 18 puentes, de diferentes \u00e9pocas y estilos arquitect\u00f3nicos, que unen el casco antiguo con los barrios perif\u00e9ricos.<\/span><\/span><\/p><p><span style=\"vertical-align: inherit;\"><span style=\"vertical-align: inherit;\">Durante tu trayecto, encontrar\u00e1 atracciones para los m\u00e1s peque\u00f1os, como el <\/span><\/span><a href=\"https:\/\/parcdelturia.es\/actividades\/parque-gulliver\/\"><span style=\"vertical-align: inherit;\"><span style=\"vertical-align: inherit;\">Parque Gulliver<\/span><\/span><\/a><span style=\"vertical-align: inherit;\"><span style=\"vertical-align: inherit;\"> , un enorme parque de toboganes en forma de gigante tumbado, y notables creaciones arquitect\u00f3nicas como el Palau de la M\u00fasica, y, sobre todo, la Ciudad de las Artes y las Ciencias, polo opuesto donde terminan los Jardines del Turia.<\/span><\/span><\/p><p><span style=\"vertical-align: inherit;\"><span style=\"vertical-align: inherit;\">Te permitir\u00e1 que contin\u00faes tu visita y llegues hasta el mar, para visitar la playa valenciana m\u00e1s famosa, la Playa de la Malvarrosa, situada en el Paseo Mar\u00edtimo, donde podr\u00e1s reposar fuerzas en los numerosos bares y restaurantes mientras esperas la cena.<\/span><\/span><\/p><h4><strong><span style=\"vertical-align: inherit;\"><span style=\"vertical-align: inherit;\">D\u00eda 3 &#8211; \u00a1Descubre la Ciudad en la Ciudad!<\/span><\/span><\/strong><\/h4><p><span style=\"vertical-align: inherit;\"><span style=\"vertical-align: inherit;\">En tu \u00faltimo d\u00eda en la ciudad, de tus 3 d\u00edas en Valencia, te recomendamos pasar todo el d\u00eda en la Ciudad de las Artes y las Ciencias, un complejo arquitect\u00f3nico modernista que se ha convertido en el s\u00edmbolo de la ciudad de Valencia.<\/span><\/span><\/p><p><span style=\"vertical-align: inherit;\"><span style=\"vertical-align: inherit;\">Esta ciudad es obra del arquitecto valenciano Santiago Calatrava y est\u00e1 dividida en varios edificios, cada uno de los cuales alberga diferentes exposiciones o atracciones:<\/span><\/span><\/p><ul><li><span style=\"vertical-align: inherit;\"><span style=\"vertical-align: inherit;\">L&#8217;Oceanogr\u00e0fic, el mayor acuario de Europa.<\/span><\/span><\/li><li><span style=\"vertical-align: inherit;\"><span style=\"vertical-align: inherit;\">L&#8217;Hemisf\u00e8ric, teatro con cine digital en 3D cuya pantalla de 900 metros casi envuelve a los espectadores.<\/span><\/span><\/li><li><span style=\"vertical-align: inherit;\"><span style=\"vertical-align: inherit;\">El Museu de les Ci\u00e8ncies, un museo con exposiciones interactivas sobre ciencia y tecnolog\u00eda.<\/span><\/span><\/li><li><span style=\"vertical-align: inherit;\"><span style=\"vertical-align: inherit;\">El Palau de les Arts, que ofrece un programa de \u00f3peras, conciertos, ballet, etc.<\/span><\/span><\/li><li><span style=\"vertical-align: inherit;\"><span style=\"vertical-align: inherit;\">Umbracle, un jard\u00edn con plantas t\u00edpicas mediterr\u00e1neas que se configurar\u00e1n en discoteca por la noche.<\/span><\/span><\/li><li><span style=\"vertical-align: inherit;\"><span style=\"vertical-align: inherit;\">El CaixaForum Val\u00e8ncia, un espacio que ofrece exposiciones temporales, conferencias, espectaculos, etc.<\/span><\/span><\/li><li><span style=\"vertical-align: inherit;\"><span style=\"vertical-align: inherit;\">L&#8217;Assut d&#8217;Or, el puente que cruza el cauce del R\u00edo Turia.<\/span><\/span><\/li><\/ul><p><span style=\"vertical-align: inherit;\"><span style=\"vertical-align: inherit;\">Te recomendamos que pases la ma\u00f1ana en el <\/span><\/span><a href=\"https:\/\/www.oceanografic.org\/tickets\/?gclid=Cj0KCQjwuLShBhC_ARIsAFod4fKypqWGNU2wB4p8AaAHVZ9c_iTjw3takYggT5jB0LDTJEDLYU3TjmcaAhrNEALw_wcB&amp;gclsrc=aw.ds\"><span style=\"vertical-align: inherit;\"><span style=\"vertical-align: inherit;\">Oceanogr\u00e0fic<\/span><\/span><\/a><span style=\"vertical-align: inherit;\"><span style=\"vertical-align: inherit;\"> , el mayor acuario de Europa, dividido en diferentes edificios que representan los ecosistemas m\u00e1s importantes de los mares y oc\u00e9anos del mundo.<\/span><\/span><\/p><p><span style=\"vertical-align: inherit;\"><span style=\"vertical-align: inherit;\">El <a href=\"https:\/\/www.oceanografic.org\/\">Oceanogr\u00e0fic<\/a> alberga aproximadamente 45.000 animales de 500 especies diferentes, con el objetivo de concienciar la poblaci\u00f3n sobre la protecci\u00f3n de la fauna y flora marinas.<\/span><\/span><\/p><p><span style=\"vertical-align: inherit;\"><span style=\"vertical-align: inherit;\">Una vez finalizada la visita al acuario, te recomendamos que entres en el <\/span><\/span><a href=\"https:\/\/tickets.cac.es\/internetCAC\/home.do\"><span style=\"vertical-align: inherit;\"><span style=\"vertical-align: inherit;\">Museo de las Ciencias<\/span><\/span><\/a><span style=\"vertical-align: inherit;\"><span style=\"vertical-align: inherit;\"> , un edificio dise\u00f1ado por Santiago Calatrava, cuyo objetivo es dar a conocer de forma did\u00e1ctica e interactiva la ciencia, la tecnolog\u00eda y la evoluci\u00f3n de la vida, como dice su lema: &#8216;prohibido no tocar&#8217;.<\/span><\/span><\/p><p><span style=\"vertical-align: inherit;\"><span style=\"vertical-align: inherit;\">\u00bfTe ha gustado esta gu\u00eda sobre qu\u00e9 hacer en 3 d\u00edas en Valencia?<\/span><\/span><\/p><p><span style=\"vertical-align: inherit;\"><span style=\"vertical-align: inherit;\">\u00bfA qu\u00e9 esperas para visitar todos los atractivos de esta ciudad llena de sorpresas? <\/span><span style=\"vertical-align: inherit;\">Adem\u00e1s,\u00a0 <\/span><\/span><a href=\"http:\/\/vlchost.com\/en\/alojamientos-valencia-reserva\/\"><span style=\"vertical-align: inherit;\"><span style=\"vertical-align: inherit;\">si buscas alojamiento<\/span><\/span><\/a><span style=\"vertical-align: inherit;\"><span style=\"vertical-align: inherit;\"> , escr\u00edbenos a\u00a0 <\/span><\/span><a href=\"mailto:reservas@vlcinvest.com\"><span style=\"vertical-align: inherit;\"><span style=\"vertical-align: inherit;\">reservas@vlcinvest.com<\/span><\/span><\/a><span style=\"vertical-align: inherit;\"><span style=\"vertical-align: inherit;\"> \u00a0o llama al +34 665 158 187.<\/span><\/span><\/p>\t\t\t\t\t\t<\/div>\n\t\t\t\t<\/div>\n\t\t\t\t\t<\/div>\n\t\t<\/div>\n\t\t\t\t\t<\/div>\n\t\t<\/section>\n\t\t\t\t<\/div>","protected":false},"excerpt":{"rendered":"<p>Valencia en tres d\u00edas. Abril es, sin duda, una de las mejores \u00e9pocas del a\u00f1o para viajar a Valencia: la primavera ofrece un clima templado y soleado que permite visitar la ciudad relajada y sin prisas; \u00a1y con un tiempo incre\u00edble! Si dispones de unos d\u00edas en abril para escaparte y disfrutar de la primavera, [&hellip;]<\/p>","protected":false},"author":4,"featured_media":4447,"comment_status":"open","ping_status":"open","sticky":false,"template":"","format":"standard","meta":{"footnotes":""},"categories":[13,16,19,11],"tags":[28,84,25,83,29,59],"class_list":["post-4441","post","type-post","status-publish","format-standard","has-post-thumbnail","hentry","category-actividades","category-cultura","category-love-valencia","category-noticias","tag-apartamentosvalencia","tag-quehacerenvalencia","tag-valencia","tag-valenciaentresdias","tag-visitvalencia","tag-vlchost"],"yoast_head":"<!-- This site is optimized with the Yoast SEO plugin v21.5 - https:\/\/yoast.com\/wordpress\/plugins\/seo\/ -->\n<title>Qu\u00e9 hacer en Valencia en tres d\u00edas | VLC Host<\/title>\n<meta name=\"description\" content=\"Qu\u00e9 hacer en Valencia en tres d\u00edas. Descubre todo lo que puedes hacer y ver en tu escapada a Valencia, sin perderte ni un solo rinc\u00f3n.\" \/>\n<meta name=\"robots\" content=\"index, follow, max-snippet:-1, max-image-preview:large, max-video-preview:-1\" \/>\n<link rel=\"canonical\" href=\"https:\/\/vlchost.com\/en\/noticias\/que-hacer-en-valencia-en-tres-dias-no-te-pierdas-ni-un-rincon\/\" \/>\n<meta property=\"og:locale\" content=\"en_US\" \/>\n<meta property=\"og:type\" content=\"article\" \/>\n<meta property=\"og:title\" content=\"Qu\u00e9 hacer en Valencia en tres d\u00edas | VLC Host\" \/>\n<meta property=\"og:description\" content=\"Qu\u00e9 hacer en Valencia en tres d\u00edas. Descubre todo lo que puedes hacer y ver en tu escapada a Valencia, sin perderte ni un solo rinc\u00f3n.\" \/>\n<meta property=\"og:url\" content=\"https:\/\/vlchost.com\/en\/noticias\/que-hacer-en-valencia-en-tres-dias-no-te-pierdas-ni-un-rincon\/\" \/>\n<meta property=\"og:site_name\" content=\"VLC Host\" \/>\n<meta property=\"article:publisher\" content=\"https:\/\/www.facebook.com\/VLCHost.HappyToHostYou\" \/>\n<meta property=\"article:published_time\" content=\"2023-04-05T12:04:53+00:00\" \/>\n<meta property=\"article:modified_time\" content=\"2023-04-05T12:13:17+00:00\" \/>\n<meta property=\"og:image\" content=\"https:\/\/vlchost.com\/wp-content\/uploads\/que-hacer-en-tres-dias-en-valencia-vlchost-1-scaled.jpg\" \/>\n\t<meta property=\"og:image:width\" content=\"2560\" \/>\n\t<meta property=\"og:image:height\" content=\"1707\" \/>\n\t<meta property=\"og:image:type\" content=\"image\/jpeg\" \/>\n<meta name=\"author\" content=\"VCL\" \/>\n<meta name=\"twitter:card\" content=\"summary_large_image\" \/>\n<meta name=\"twitter:label1\" content=\"Written by\" \/>\n\t<meta name=\"twitter:data1\" content=\"VCL\" \/>\n\t<meta name=\"twitter:label2\" content=\"Est. reading time\" \/>\n\t<meta name=\"twitter:data2\" content=\"5 minutes\" \/>\n<script type=\"application\/ld+json\" class=\"yoast-schema-graph\">{\"@context\":\"https:\/\/schema.org\",\"@graph\":[{\"@type\":\"Article\",\"@id\":\"https:\/\/vlchost.com\/noticias\/que-hacer-en-valencia-en-tres-dias-no-te-pierdas-ni-un-rincon\/#article\",\"isPartOf\":{\"@id\":\"https:\/\/vlchost.com\/noticias\/que-hacer-en-valencia-en-tres-dias-no-te-pierdas-ni-un-rincon\/\"},\"author\":{\"name\":\"VCL\",\"@id\":\"https:\/\/vlchost.com\/#\/schema\/person\/782a12abb83614fa9849b9497b619679\"},\"headline\":\"Qu\u00e9 hacer en Valencia en tres d\u00edas, \u00a1no te pierdas ni un rinc\u00f3n!\",\"datePublished\":\"2023-04-05T12:04:53+00:00\",\"dateModified\":\"2023-04-05T12:13:17+00:00\",\"mainEntityOfPage\":{\"@id\":\"https:\/\/vlchost.com\/noticias\/que-hacer-en-valencia-en-tres-dias-no-te-pierdas-ni-un-rincon\/\"},\"wordCount\":996,\"commentCount\":0,\"publisher\":{\"@id\":\"https:\/\/vlchost.com\/#organization\"},\"keywords\":[\"#apartamentosvalencia\",\"#quehacerenvalencia\",\"#valencia\",\"#valenciaentresdias\",\"#visitvalencia\",\"#vlchost\"],\"articleSection\":[\"Actividades\",\"Cultura\",\"Love Valencia\",\"Noticias\"],\"inLanguage\":\"en-US\"},{\"@type\":\"WebPage\",\"@id\":\"https:\/\/vlchost.com\/noticias\/que-hacer-en-valencia-en-tres-dias-no-te-pierdas-ni-un-rincon\/\",\"url\":\"https:\/\/vlchost.com\/noticias\/que-hacer-en-valencia-en-tres-dias-no-te-pierdas-ni-un-rincon\/\",\"name\":\"Qu\u00e9 hacer en Valencia en tres d\u00edas | VLC Host\",\"isPartOf\":{\"@id\":\"https:\/\/vlchost.com\/#website\"},\"datePublished\":\"2023-04-05T12:04:53+00:00\",\"dateModified\":\"2023-04-05T12:13:17+00:00\",\"description\":\"Qu\u00e9 hacer en Valencia en tres d\u00edas. Descubre todo lo que puedes hacer y ver en tu escapada a Valencia, sin perderte ni un solo rinc\u00f3n.\",\"breadcrumb\":{\"@id\":\"https:\/\/vlchost.com\/noticias\/que-hacer-en-valencia-en-tres-dias-no-te-pierdas-ni-un-rincon\/#breadcrumb\"},\"inLanguage\":\"en-US\",\"potentialAction\":[{\"@type\":\"ReadAction\",\"target\":[\"https:\/\/vlchost.com\/noticias\/que-hacer-en-valencia-en-tres-dias-no-te-pierdas-ni-un-rincon\/\"]}]},{\"@type\":\"BreadcrumbList\",\"@id\":\"https:\/\/vlchost.com\/noticias\/que-hacer-en-valencia-en-tres-dias-no-te-pierdas-ni-un-rincon\/#breadcrumb\",\"itemListElement\":[{\"@type\":\"ListItem\",\"position\":1,\"name\":\"Portada\",\"item\":\"https:\/\/vlchost.com\/\"},{\"@type\":\"ListItem\",\"position\":2,\"name\":\"Qu\u00e9 hacer en Valencia en tres d\u00edas, \u00a1no te pierdas ni un rinc\u00f3n!\"}]},{\"@type\":\"WebSite\",\"@id\":\"https:\/\/vlchost.com\/#website\",\"url\":\"https:\/\/vlchost.com\/\",\"name\":\"VLC Host\",\"description\":\"Alquiler de alojamientos tur\u00edsticos\",\"publisher\":{\"@id\":\"https:\/\/vlchost.com\/#organization\"},\"potentialAction\":[{\"@type\":\"SearchAction\",\"target\":{\"@type\":\"EntryPoint\",\"urlTemplate\":\"https:\/\/vlchost.com\/?s={search_term_string}\"},\"query-input\":\"required name=search_term_string\"}],\"inLanguage\":\"en-US\"},{\"@type\":\"Organization\",\"@id\":\"https:\/\/vlchost.com\/#organization\",\"name\":\"VLC Host - Nomad Life\",\"url\":\"https:\/\/vlchost.com\/\",\"logo\":{\"@type\":\"ImageObject\",\"inLanguage\":\"en-US\",\"@id\":\"https:\/\/vlchost.com\/#\/schema\/logo\/image\/\",\"url\":\"https:\/\/vlchost.com\/wp-content\/uploads\/cropped-alquiler-apartamentos-VLCHOST.png\",\"contentUrl\":\"https:\/\/vlchost.com\/wp-content\/uploads\/cropped-alquiler-apartamentos-VLCHOST.png\",\"width\":512,\"height\":512,\"caption\":\"VLC Host - Nomad Life\"},\"image\":{\"@id\":\"https:\/\/vlchost.com\/#\/schema\/logo\/image\/\"},\"sameAs\":[\"https:\/\/www.facebook.com\/VLCHost.HappyToHostYou\",\"https:\/\/www.instagram.com\/vlchost\/\"]},{\"@type\":\"Person\",\"@id\":\"https:\/\/vlchost.com\/#\/schema\/person\/782a12abb83614fa9849b9497b619679\",\"name\":\"VCL\",\"image\":{\"@type\":\"ImageObject\",\"inLanguage\":\"en-US\",\"@id\":\"https:\/\/vlchost.com\/#\/schema\/person\/image\/\",\"url\":\"https:\/\/secure.gravatar.com\/avatar\/e2154249541e31d72b1e613335475cddc540ebd9e29ec5224763cf04738da599?s=96&d=mm&r=g\",\"contentUrl\":\"https:\/\/secure.gravatar.com\/avatar\/e2154249541e31d72b1e613335475cddc540ebd9e29ec5224763cf04738da599?s=96&d=mm&r=g\",\"caption\":\"VCL\"},\"url\":\"https:\/\/vlchost.com\/en\/author\/vlchost-user\/\"}]}<\/script>\n<!-- \/ Yoast SEO plugin. -->","yoast_head_json":{"title":"Qu\u00e9 hacer en Valencia en tres d\u00edas | VLC Host","description":"Qu\u00e9 hacer en Valencia en tres d\u00edas. Descubre todo lo que puedes hacer y ver en tu escapada a Valencia, sin perderte ni un solo rinc\u00f3n.","robots":{"index":"index","follow":"follow","max-snippet":"max-snippet:-1","max-image-preview":"max-image-preview:large","max-video-preview":"max-video-preview:-1"},"canonical":"https:\/\/vlchost.com\/en\/noticias\/que-hacer-en-valencia-en-tres-dias-no-te-pierdas-ni-un-rincon\/","og_locale":"en_US","og_type":"article","og_title":"Qu\u00e9 hacer en Valencia en tres d\u00edas | VLC Host","og_description":"Qu\u00e9 hacer en Valencia en tres d\u00edas. Descubre todo lo que puedes hacer y ver en tu escapada a Valencia, sin perderte ni un solo rinc\u00f3n.","og_url":"https:\/\/vlchost.com\/en\/noticias\/que-hacer-en-valencia-en-tres-dias-no-te-pierdas-ni-un-rincon\/","og_site_name":"VLC Host","article_publisher":"https:\/\/www.facebook.com\/VLCHost.HappyToHostYou","article_published_time":"2023-04-05T12:04:53+00:00","article_modified_time":"2023-04-05T12:13:17+00:00","og_image":[{"width":2560,"height":1707,"url":"https:\/\/vlchost.com\/wp-content\/uploads\/que-hacer-en-tres-dias-en-valencia-vlchost-1-scaled.jpg","type":"image\/jpeg"}],"author":"VCL","twitter_card":"summary_large_image","twitter_misc":{"Written by":"VCL","Est. reading time":"5 minutes"},"schema":{"@context":"https:\/\/schema.org","@graph":[{"@type":"Article","@id":"https:\/\/vlchost.com\/noticias\/que-hacer-en-valencia-en-tres-dias-no-te-pierdas-ni-un-rincon\/#article","isPartOf":{"@id":"https:\/\/vlchost.com\/noticias\/que-hacer-en-valencia-en-tres-dias-no-te-pierdas-ni-un-rincon\/"},"author":{"name":"VCL","@id":"https:\/\/vlchost.com\/#\/schema\/person\/782a12abb83614fa9849b9497b619679"},"headline":"Qu\u00e9 hacer en Valencia en tres d\u00edas, \u00a1no te pierdas ni un rinc\u00f3n!","datePublished":"2023-04-05T12:04:53+00:00","dateModified":"2023-04-05T12:13:17+00:00","mainEntityOfPage":{"@id":"https:\/\/vlchost.com\/noticias\/que-hacer-en-valencia-en-tres-dias-no-te-pierdas-ni-un-rincon\/"},"wordCount":996,"commentCount":0,"publisher":{"@id":"https:\/\/vlchost.com\/#organization"},"keywords":["#apartamentosvalencia","#quehacerenvalencia","#valencia","#valenciaentresdias","#visitvalencia","#vlchost"],"articleSection":["Actividades","Cultura","Love Valencia","Noticias"],"inLanguage":"en-US"},{"@type":"WebPage","@id":"https:\/\/vlchost.com\/noticias\/que-hacer-en-valencia-en-tres-dias-no-te-pierdas-ni-un-rincon\/","url":"https:\/\/vlchost.com\/noticias\/que-hacer-en-valencia-en-tres-dias-no-te-pierdas-ni-un-rincon\/","name":"Qu\u00e9 hacer en Valencia en tres d\u00edas | VLC Host","isPartOf":{"@id":"https:\/\/vlchost.com\/#website"},"datePublished":"2023-04-05T12:04:53+00:00","dateModified":"2023-04-05T12:13:17+00:00","description":"Qu\u00e9 hacer en Valencia en tres d\u00edas. Descubre todo lo que puedes hacer y ver en tu escapada a Valencia, sin perderte ni un solo rinc\u00f3n.","breadcrumb":{"@id":"https:\/\/vlchost.com\/noticias\/que-hacer-en-valencia-en-tres-dias-no-te-pierdas-ni-un-rincon\/#breadcrumb"},"inLanguage":"en-US","potentialAction":[{"@type":"ReadAction","target":["https:\/\/vlchost.com\/noticias\/que-hacer-en-valencia-en-tres-dias-no-te-pierdas-ni-un-rincon\/"]}]},{"@type":"BreadcrumbList","@id":"https:\/\/vlchost.com\/noticias\/que-hacer-en-valencia-en-tres-dias-no-te-pierdas-ni-un-rincon\/#breadcrumb","itemListElement":[{"@type":"ListItem","position":1,"name":"Portada","item":"https:\/\/vlchost.com\/"},{"@type":"ListItem","position":2,"name":"Qu\u00e9 hacer en Valencia en tres d\u00edas, \u00a1no te pierdas ni un rinc\u00f3n!"}]},{"@type":"WebSite","@id":"https:\/\/vlchost.com\/#website","url":"https:\/\/vlchost.com\/","name":"VLC Host","description":"Alquiler de alojamientos tur\u00edsticos","publisher":{"@id":"https:\/\/vlchost.com\/#organization"},"potentialAction":[{"@type":"SearchAction","target":{"@type":"EntryPoint","urlTemplate":"https:\/\/vlchost.com\/?s={search_term_string}"},"query-input":"required name=search_term_string"}],"inLanguage":"en-US"},{"@type":"Organization","@id":"https:\/\/vlchost.com\/#organization","name":"VLC Host - Nomad Life","url":"https:\/\/vlchost.com\/","logo":{"@type":"ImageObject","inLanguage":"en-US","@id":"https:\/\/vlchost.com\/#\/schema\/logo\/image\/","url":"https:\/\/vlchost.com\/wp-content\/uploads\/cropped-alquiler-apartamentos-VLCHOST.png","contentUrl":"https:\/\/vlchost.com\/wp-content\/uploads\/cropped-alquiler-apartamentos-VLCHOST.png","width":512,"height":512,"caption":"VLC Host - Nomad Life"},"image":{"@id":"https:\/\/vlchost.com\/#\/schema\/logo\/image\/"},"sameAs":["https:\/\/www.facebook.com\/VLCHost.HappyToHostYou","https:\/\/www.instagram.com\/vlchost\/"]},{"@type":"Person","@id":"https:\/\/vlchost.com\/#\/schema\/person\/782a12abb83614fa9849b9497b619679","name":"VCL","image":{"@type":"ImageObject","inLanguage":"en-US","@id":"https:\/\/vlchost.com\/#\/schema\/person\/image\/","url":"https:\/\/secure.gravatar.com\/avatar\/e2154249541e31d72b1e613335475cddc540ebd9e29ec5224763cf04738da599?s=96&d=mm&r=g","contentUrl":"https:\/\/secure.gravatar.com\/avatar\/e2154249541e31d72b1e613335475cddc540ebd9e29ec5224763cf04738da599?s=96&d=mm&r=g","caption":"VCL"},"url":"https:\/\/vlchost.com\/en\/author\/vlchost-user\/"}]}},"_links":{"self":[{"href":"https:\/\/vlchost.com\/en\/wp-json\/wp\/v2\/posts\/4441","targetHints":{"allow":["GET"]}}],"collection":[{"href":"https:\/\/vlchost.com\/en\/wp-json\/wp\/v2\/posts"}],"about":[{"href":"https:\/\/vlchost.com\/en\/wp-json\/wp\/v2\/types\/post"}],"author":[{"embeddable":true,"href":"https:\/\/vlchost.com\/en\/wp-json\/wp\/v2\/users\/4"}],"replies":[{"embeddable":true,"href":"https:\/\/vlchost.com\/en\/wp-json\/wp\/v2\/comments?post=4441"}],"version-history":[{"count":40,"href":"https:\/\/vlchost.com\/en\/wp-json\/wp\/v2\/posts\/4441\/revisions"}],"predecessor-version":[{"id":4486,"href":"https:\/\/vlchost.com\/en\/wp-json\/wp\/v2\/posts\/4441\/revisions\/4486"}],"wp:featuredmedia":[{"embeddable":true,"href":"https:\/\/vlchost.com\/en\/wp-json\/wp\/v2\/media\/4447"}],"wp:attachment":[{"href":"https:\/\/vlchost.com\/en\/wp-json\/wp\/v2\/media?parent=4441"}],"wp:term":[{"taxonomy":"category","embeddable":true,"href":"https:\/\/vlchost.com\/en\/wp-json\/wp\/v2\/categories?post=4441"},{"taxonomy":"post_tag","embeddable":true,"href":"https:\/\/vlchost.com\/en\/wp-json\/wp\/v2\/tags?post=4441"}],"curies":[{"name":"wp","href":"https:\/\/api.w.org\/{rel}","templated":true}]}}