{"id":4586,"date":"2023-04-28T13:09:43","date_gmt":"2023-04-28T11:09:43","guid":{"rendered":"http:\/\/vlchost.com\/?p=4586"},"modified":"2023-05-03T11:28:17","modified_gmt":"2023-05-03T09:28:17","slug":"las-cafeterias-en-valencia-que-no-te-puedes-perder","status":"publish","type":"post","link":"https:\/\/vlchost.com\/en\/noticias\/las-cafeterias-en-valencia-que-no-te-puedes-perder\/","title":{"rendered":"Las cafeter\u00edas de Valencia que no te puedes perder"},"content":{"rendered":"<div data-elementor-type=\"wp-post\" data-elementor-id=\"4586\" class=\"elementor elementor-4586\" data-elementor-post-type=\"post\">\n\t\t\t\t\t\t<section class=\"elementor-section elementor-top-section elementor-element elementor-element-84d6678 elementor-section-boxed elementor-section-height-default elementor-section-height-default\" data-id=\"84d6678\" data-element_type=\"section\">\n\t\t\t\t\t\t<div class=\"elementor-container elementor-column-gap-default\">\n\t\t\t\t\t<div class=\"elementor-column elementor-col-100 elementor-top-column elementor-element elementor-element-ca254d9\" data-id=\"ca254d9\" data-element_type=\"column\">\n\t\t\t<div class=\"elementor-widget-wrap elementor-element-populated\">\n\t\t\t\t\t\t<div class=\"elementor-element elementor-element-23caa5e elementor-widget__width-auto elementor-widget elementor-widget-text-editor\" data-id=\"23caa5e\" data-element_type=\"widget\" data-widget_type=\"text-editor.default\">\n\t\t\t\t<div class=\"elementor-widget-container\">\n\t\t\t<style>\/*! elementor - v3.19.0 - 28-02-2024 *\/\n.elementor-widget-text-editor.elementor-drop-cap-view-stacked .elementor-drop-cap{background-color:#69727d;color:#fff}.elementor-widget-text-editor.elementor-drop-cap-view-framed .elementor-drop-cap{color:#69727d;border:3px solid;background-color:transparent}.elementor-widget-text-editor:not(.elementor-drop-cap-view-default) .elementor-drop-cap{margin-top:8px}.elementor-widget-text-editor:not(.elementor-drop-cap-view-default) .elementor-drop-cap-letter{width:1em;height:1em}.elementor-widget-text-editor .elementor-drop-cap{float:left;text-align:center;line-height:1;font-size:50px}.elementor-widget-text-editor .elementor-drop-cap-letter{display:inline-block}<\/style>\t\t\t\t<p><em><span style=\"vertical-align: inherit;\"><span style=\"vertical-align: inherit;\"><span style=\"vertical-align: inherit;\"><span style=\"vertical-align: inherit;\"><span style=\"vertical-align: inherit;\"><span style=\"vertical-align: inherit;\"><span style=\"vertical-align: inherit;\"><span style=\"vertical-align: inherit;\"><span style=\"vertical-align: inherit;\"><span style=\"vertical-align: inherit;\"><span style=\"vertical-align: inherit;\"><span style=\"vertical-align: inherit;\">Las cafeter\u00edas en Valencia que no te puedes perder.<\/span><\/span><\/span><\/span><\/span><\/span><\/span><\/span><\/span><\/span><\/span><\/span><\/em><\/p><p><span style=\"font-weight: 400;\">Bajar a la calle, sentarse en la terraza de una cafeter\u00eda al sol y pedir un buen caf\u00e9 es una de las alegr\u00edas imprescindibles de la vida, que aligeran nuestras largas jornadas de trabajo.\u00a0<\/span><span style=\"font-weight: 400;\">Pero ya se sabe, un caf\u00e9 no es s\u00f3lo el sabor terroso de sus granos perfectamente mezclados con leche, un caf\u00e9 <strong>es toda esa experiencia que gira en torno al preciso momento en que la taza se acerca a tus labios.\u00a0<\/strong><\/span><\/p><p><span style=\"font-weight: 400;\">Tanto si est\u00e1s en Valencia de vacaciones como si eres un habitante de la ciudad, la experiencia del caf\u00e9 es algo impagable e incomparable. <\/span><span style=\"font-weight: 400;\">Y en VLC Host estamos para recomendarte las cafeter\u00edas en Valencia que no te puedes perder. \u00a1Desc\u00fabrelas!<\/span><\/p><h4><strong><span style=\"vertical-align: inherit;\"><span style=\"vertical-align: inherit;\"><span style=\"vertical-align: inherit;\"><span style=\"vertical-align: inherit;\"><span style=\"vertical-align: inherit;\"><span style=\"vertical-align: inherit;\"><span style=\"vertical-align: inherit;\"><span style=\"vertical-align: inherit;\">Bluebell Coffee Co.<\/span><\/span><\/span><\/span><\/span><\/span><\/span><\/span><\/strong><\/h4><p><span style=\"font-weight: 400;\">Situado en uno de los barrios m\u00e1s animados de la ciudad, Ruzafa, <a href=\"https:\/\/bluebellcoffeeco.com\">Bluebell Coffee Co.<\/a> es un caf\u00e9 luminoso, donde la luz natural acompa\u00f1a la pausa m\u00e1s agradecida del d\u00eda.\u00a0<\/span><\/p><p><span style=\"font-weight: 400;\">La peculiaridad que hace tan especial este lugar es el hecho de que, en esta cafeter\u00eda, son los propios due\u00f1os quienes tuestan el caf\u00e9, controlando el proceso &#8220;para asegurarnos que lo que damos es lo que queremos dar&#8221;, confiesan. Sin duda, uno de los mejores caf\u00e9s de la ciudad y una de las cafeter\u00edas en Valencia que no te puedes perder.<\/span><\/p><h4><strong><span style=\"vertical-align: inherit;\">La m\u00e1s bonita<\/span><\/strong><\/h4><p><span style=\"font-weight: 400;\">No, no est\u00e1s viviendo el <\/span><i><span style=\"font-weight: 400;\">American Dream,<\/span><\/i><span style=\"font-weight: 400;\"> aunque lo creas. El color cian puede hacerte sentir como en una nube, pero est\u00e1s, una vez m\u00e1s, en el barrio de Ruzafa, en uno de los caf\u00e9s m\u00e1s peculiares de la ciudad.<\/span><\/p><p><span style=\"font-weight: 400;\">La verdadera especialidad de esta cafeter\u00eda, adem\u00e1s de la decoraci\u00f3n en madera de pino claro y el delicado color cian, son los grandes ventanales que separan la cocina del sal\u00f3n, desde los que podemos cotillear el proceso de creaci\u00f3n de la verdadera especialidad de esta cafeter\u00eda: las tartas. Te recomendamos encarecidamente que pruebes las tartas de <a href=\"https:\/\/lamasbonita.es\">La m\u00e1s bonita<\/a>: tienen para todos los gustos, aut\u00e9nticas bombas de az\u00facar que te alegrar\u00e1n el d\u00eda con s\u00f3lo verlas acercarse a tu mesa.<\/span><\/p>\t\t\t\t\t\t<\/div>\n\t\t\t\t<\/div>\n\t\t\t\t<div class=\"elementor-element elementor-element-63dfe17 elementor-widget elementor-widget-image\" data-id=\"63dfe17\" data-element_type=\"widget\" data-widget_type=\"image.default\">\n\t\t\t\t<div class=\"elementor-widget-container\">\n\t\t\t<style>\/*! elementor - v3.19.0 - 28-02-2024 *\/\n.elementor-widget-image{text-align:center}.elementor-widget-image a{display:inline-block}.elementor-widget-image a img[src$=\".svg\"]{width:48px}.elementor-widget-image img{vertical-align:middle;display:inline-block}<\/style>\t\t\t\t\t\t\t\t\t\t<img fetchpriority=\"high\" decoding=\"async\" width=\"2560\" height=\"1707\" src=\"https:\/\/vlchost.com\/wp-content\/uploads\/las-cafeterias-en-valencia-que-no-te-puedes-perder-vlc-host-1.jpg-scaled.jpg\" class=\"attachment-large size-large wp-image-4599\" alt=\"las-cafeterias-en-valencia-que-no-te-puedes-perder-vlc-host-1.jpg\" srcset=\"https:\/\/vlchost.com\/wp-content\/uploads\/las-cafeterias-en-valencia-que-no-te-puedes-perder-vlc-host-1.jpg-scaled.jpg 2560w, https:\/\/vlchost.com\/wp-content\/uploads\/las-cafeterias-en-valencia-que-no-te-puedes-perder-vlc-host-1.jpg-768x512.jpg 768w, https:\/\/vlchost.com\/wp-content\/uploads\/las-cafeterias-en-valencia-que-no-te-puedes-perder-vlc-host-1.jpg-1536x1024.jpg 1536w, https:\/\/vlchost.com\/wp-content\/uploads\/las-cafeterias-en-valencia-que-no-te-puedes-perder-vlc-host-1.jpg-2048x1365.jpg 2048w\" sizes=\"(max-width: 2560px) 100vw, 2560px\" \/>\t\t\t\t\t\t\t\t\t\t\t\t\t<\/div>\n\t\t\t\t<\/div>\n\t\t\t\t\t<\/div>\n\t\t<\/div>\n\t\t\t\t\t<\/div>\n\t\t<\/section>\n\t\t\t\t<section class=\"elementor-section elementor-top-section elementor-element elementor-element-59f8cf0 elementor-section-boxed elementor-section-height-default elementor-section-height-default\" data-id=\"59f8cf0\" data-element_type=\"section\">\n\t\t\t\t\t\t<div class=\"elementor-container elementor-column-gap-default\">\n\t\t\t\t\t<div class=\"elementor-column elementor-col-100 elementor-top-column elementor-element elementor-element-c734068\" data-id=\"c734068\" data-element_type=\"column\">\n\t\t\t<div class=\"elementor-widget-wrap elementor-element-populated\">\n\t\t\t\t\t\t<div class=\"elementor-element elementor-element-8caa11f elementor-widget elementor-widget-text-editor\" data-id=\"8caa11f\" data-element_type=\"widget\" data-widget_type=\"text-editor.default\">\n\t\t\t\t<div class=\"elementor-widget-container\">\n\t\t\t\t\t\t\t<h4><strong><span style=\"vertical-align: inherit;\"><span style=\"vertical-align: inherit;\"><span style=\"vertical-align: inherit;\"><span style=\"vertical-align: inherit;\"><span style=\"vertical-align: inherit;\"><span style=\"vertical-align: inherit;\">Retrogusto Coffee Mate<\/span><\/span><\/span><\/span><\/span><\/span><\/strong><\/h4><p><span style=\"font-weight: 400;\">En pleno Mercado Central, en las plazas 169 y 170, se encuentra esta cafeter\u00eda, con uno de los mejores caf\u00e9s de la ciudad, reconocido por locales y turistas. Adi\u00f3s a las c\u00e1psulas: en esta peque\u00f1a joya del mercado m\u00e1s famoso de la ciudad, el caf\u00e9 se hace a la antigua usanza, con una cafetera de cristal fabricada en Florencia, en el pa\u00eds donde el caf\u00e9 es toda una cultura. Las fundadoras son (obviamente) grandes amantes del caf\u00e9 y pretenden que el mundo entero experimente el buen Caf\u00e9, con C may\u00fascula.\u00a0<\/span><\/p><p><span style=\"font-weight: 400;\"><a href=\"http:\/\/retrogustocoffeemates.com\">Su web<\/a> es una declaraci\u00f3n de intenciones muy clara:\u00a0 \u201cEl sabor del caf\u00e9 puede ser sorprendente, inabarcable, y muy, muy excitante. Puede ser amargo, pero tambi\u00e9n \u00e1cido y dulce a la vez. Que puede tener notas a frutos rojos, a chocolate, a nueces o caramelo, sin dejar de ser \u00fanicamente caf\u00e9\u201d. Y este sabor tan cambiante y sorprendente es lo que quieren compartir con toda la ciudad.<\/span><\/p><h4><strong><span style=\"vertical-align: inherit;\"><span style=\"vertical-align: inherit;\"><span style=\"vertical-align: inherit;\"><span style=\"vertical-align: inherit;\"><span style=\"vertical-align: inherit;\"><span style=\"vertical-align: inherit;\">Blackbird<\/span><\/span><\/span><\/span><\/span><\/span><\/strong><\/h4><p><span style=\"font-weight: 400;\">Nos encontramos de nuevo en el barrio de Ruzafa, a 50 metros del mercado. Aqu\u00ed es donde el caf\u00e9 se vive como una religi\u00f3n: antes de venderse al cliente, los granos reposan durante quince d\u00edas, despu\u00e9s de los cuales comienzan las pruebas: ajustar el tiempo de extracci\u00f3n, el grosor de la molienda y la cantidad perfecta de caf\u00e9. &#8220;Si lo vamos a ofrecer, lo vamos a hacer bien&#8221;, nos dice la fundadora. Pero la experiencia en <a href=\"https:\/\/www.facebook.com\/blackbirdcafevalencia\/?paipv=0&amp;eav=AfZq-NXZmAimf1TgD9JmpGlD8k5RmG3hvH0YdaTG9Q_nm3QfqZbLqU8ATvHPNlyVkfY&amp;_rdr\">Blackbird<\/a> no acaba ah\u00ed: esta cafeter\u00eda es pionera en Valencia en combinar el caf\u00e9 con la boller\u00eda, estrictamente artesanal. Una experiencia que no querr\u00e1s perderte.\u00a0<\/span><span style=\"font-weight: 400;\">Si pasas por all\u00ed, te recomendamos que pruebes el Cold Brew, un caf\u00e9 infusionado en fr\u00edo durante 16 horas que te refrescar\u00e1 en los calurosos d\u00edas de verano.<\/span><\/p><p><span style=\"font-weight: 400;\">\u00bfTe ha gustado leer este recorrido por las cafeter\u00edas en Valencia que no te puedes perder? Entonces, te sugerimos que las pruebes&#8230; \u00a1disfrutar\u00e1s a\u00fan m\u00e1s de la experiencia!<\/span><\/p><p><span style=\"font-weight: 400;\">En VLC Host estamos deseando hospedarte durante tu estancia en Valencia, para que te dejes encantar por la ciudad y pruebes todas las especialidades que puede ofrecerte. Adem\u00e1s, <\/span><a href=\"http:\/\/vlchost.com\/en\/alojamientos-valencia-reserva\/\"><span style=\"font-weight: 400;\">si buscas alojamiento<\/span><\/a><span style=\"font-weight: 400;\">, escr\u00edbenos a\u00a0 reservas@vlcinvest.com o llama al +34 665 158 187.<\/span><\/p>\t\t\t\t\t\t<\/div>\n\t\t\t\t<\/div>\n\t\t\t\t\t<\/div>\n\t\t<\/div>\n\t\t\t\t\t<\/div>\n\t\t<\/section>\n\t\t\t\t<\/div>","protected":false},"excerpt":{"rendered":"<p>Las cafeter\u00edas en Valencia que no te puedes perder. Bajar a la calle, sentarse en la terraza de una cafeter\u00eda al sol y pedir un buen caf\u00e9 es una de las alegr\u00edas imprescindibles de la vida, que aligeran nuestras largas jornadas de trabajo.&nbsp;Pero ya se sabe, un caf\u00e9 no es s\u00f3lo el sabor terroso de [&hellip;]<\/p>","protected":false},"author":4,"featured_media":4597,"comment_status":"open","ping_status":"open","sticky":false,"template":"","format":"standard","meta":{"footnotes":""},"categories":[13,19,11,12],"tags":[28,94,95,96,25,29,59],"class_list":["post-4586","post","type-post","status-publish","format-standard","has-post-thumbnail","hentry","category-actividades","category-love-valencia","category-noticias","category-restauracion","tag-apartamentosvalencia","tag-cafeenvalencia","tag-cafeterias-2","tag-cafeteriasvalencia","tag-valencia","tag-visitvalencia","tag-vlchost"],"yoast_head":"<!-- This site is optimized with the Yoast SEO plugin v21.5 - https:\/\/yoast.com\/wordpress\/plugins\/seo\/ -->\n<title>Las cafeter\u00edas en Valencia que no te puedes perder | VLC Host<\/title>\n<meta name=\"description\" content=\"El caf\u00e9 es una de las alegr\u00edas imprescindibles de la vida: te recomendamos las cafeter\u00edas en Valencia que no te puedes perder.\" \/>\n<meta name=\"robots\" content=\"index, follow, max-snippet:-1, max-image-preview:large, max-video-preview:-1\" \/>\n<link rel=\"canonical\" href=\"https:\/\/vlchost.com\/en\/noticias\/las-cafeterias-en-valencia-que-no-te-puedes-perder\/\" \/>\n<meta property=\"og:locale\" content=\"en_US\" \/>\n<meta property=\"og:type\" content=\"article\" \/>\n<meta property=\"og:title\" content=\"Las cafeter\u00edas en Valencia que no te puedes perder | VLC Host\" \/>\n<meta property=\"og:description\" content=\"El caf\u00e9 es una de las alegr\u00edas imprescindibles de la vida: te recomendamos las cafeter\u00edas en Valencia que no te puedes perder.\" \/>\n<meta property=\"og:url\" content=\"https:\/\/vlchost.com\/en\/noticias\/las-cafeterias-en-valencia-que-no-te-puedes-perder\/\" \/>\n<meta property=\"og:site_name\" content=\"VLC Host\" \/>\n<meta property=\"article:publisher\" content=\"https:\/\/www.facebook.com\/VLCHost.HappyToHostYou\" \/>\n<meta property=\"article:published_time\" content=\"2023-04-28T11:09:43+00:00\" \/>\n<meta property=\"article:modified_time\" content=\"2023-05-03T09:28:17+00:00\" \/>\n<meta property=\"og:image\" content=\"https:\/\/vlchost.com\/wp-content\/uploads\/las-cafeterias-en-valencia-que-no-te-puedes-perder-vlc-host-scaled.jpg\" \/>\n\t<meta property=\"og:image:width\" content=\"2560\" \/>\n\t<meta property=\"og:image:height\" content=\"1707\" \/>\n\t<meta property=\"og:image:type\" content=\"image\/jpeg\" \/>\n<meta name=\"author\" content=\"VCL\" \/>\n<meta name=\"twitter:card\" content=\"summary_large_image\" \/>\n<meta name=\"twitter:label1\" content=\"Written by\" \/>\n\t<meta name=\"twitter:data1\" content=\"VCL\" \/>\n\t<meta name=\"twitter:label2\" content=\"Est. reading time\" \/>\n\t<meta name=\"twitter:data2\" content=\"4 minutes\" \/>\n<script type=\"application\/ld+json\" class=\"yoast-schema-graph\">{\"@context\":\"https:\/\/schema.org\",\"@graph\":[{\"@type\":\"Article\",\"@id\":\"https:\/\/vlchost.com\/noticias\/las-cafeterias-en-valencia-que-no-te-puedes-perder\/#article\",\"isPartOf\":{\"@id\":\"https:\/\/vlchost.com\/noticias\/las-cafeterias-en-valencia-que-no-te-puedes-perder\/\"},\"author\":{\"name\":\"VCL\",\"@id\":\"https:\/\/vlchost.com\/#\/schema\/person\/782a12abb83614fa9849b9497b619679\"},\"headline\":\"Las cafeter\u00edas de Valencia que no te puedes perder\",\"datePublished\":\"2023-04-28T11:09:43+00:00\",\"dateModified\":\"2023-05-03T09:28:17+00:00\",\"mainEntityOfPage\":{\"@id\":\"https:\/\/vlchost.com\/noticias\/las-cafeterias-en-valencia-que-no-te-puedes-perder\/\"},\"wordCount\":770,\"commentCount\":0,\"publisher\":{\"@id\":\"https:\/\/vlchost.com\/#organization\"},\"keywords\":[\"#apartamentosvalencia\",\"#caf\u00e9enValencia\",\"#cafeter\u00edas\",\"#cafeter\u00edasValencia\",\"#valencia\",\"#visitvalencia\",\"#vlchost\"],\"articleSection\":[\"Actividades\",\"Love Valencia\",\"Noticias\",\"Restauraci\u00f3n\"],\"inLanguage\":\"en-US\"},{\"@type\":\"WebPage\",\"@id\":\"https:\/\/vlchost.com\/noticias\/las-cafeterias-en-valencia-que-no-te-puedes-perder\/\",\"url\":\"https:\/\/vlchost.com\/noticias\/las-cafeterias-en-valencia-que-no-te-puedes-perder\/\",\"name\":\"Las cafeter\u00edas en Valencia que no te puedes perder | VLC Host\",\"isPartOf\":{\"@id\":\"https:\/\/vlchost.com\/#website\"},\"datePublished\":\"2023-04-28T11:09:43+00:00\",\"dateModified\":\"2023-05-03T09:28:17+00:00\",\"description\":\"El caf\u00e9 es una de las alegr\u00edas imprescindibles de la vida: te recomendamos las cafeter\u00edas en Valencia que no te puedes perder.\",\"breadcrumb\":{\"@id\":\"https:\/\/vlchost.com\/noticias\/las-cafeterias-en-valencia-que-no-te-puedes-perder\/#breadcrumb\"},\"inLanguage\":\"en-US\",\"potentialAction\":[{\"@type\":\"ReadAction\",\"target\":[\"https:\/\/vlchost.com\/noticias\/las-cafeterias-en-valencia-que-no-te-puedes-perder\/\"]}]},{\"@type\":\"BreadcrumbList\",\"@id\":\"https:\/\/vlchost.com\/noticias\/las-cafeterias-en-valencia-que-no-te-puedes-perder\/#breadcrumb\",\"itemListElement\":[{\"@type\":\"ListItem\",\"position\":1,\"name\":\"Portada\",\"item\":\"https:\/\/vlchost.com\/\"},{\"@type\":\"ListItem\",\"position\":2,\"name\":\"Las cafeter\u00edas de Valencia que no te puedes perder\"}]},{\"@type\":\"WebSite\",\"@id\":\"https:\/\/vlchost.com\/#website\",\"url\":\"https:\/\/vlchost.com\/\",\"name\":\"VLC Host\",\"description\":\"Alquiler de alojamientos tur\u00edsticos\",\"publisher\":{\"@id\":\"https:\/\/vlchost.com\/#organization\"},\"potentialAction\":[{\"@type\":\"SearchAction\",\"target\":{\"@type\":\"EntryPoint\",\"urlTemplate\":\"https:\/\/vlchost.com\/?s={search_term_string}\"},\"query-input\":\"required name=search_term_string\"}],\"inLanguage\":\"en-US\"},{\"@type\":\"Organization\",\"@id\":\"https:\/\/vlchost.com\/#organization\",\"name\":\"VLC Host - Nomad Life\",\"url\":\"https:\/\/vlchost.com\/\",\"logo\":{\"@type\":\"ImageObject\",\"inLanguage\":\"en-US\",\"@id\":\"https:\/\/vlchost.com\/#\/schema\/logo\/image\/\",\"url\":\"https:\/\/vlchost.com\/wp-content\/uploads\/cropped-alquiler-apartamentos-VLCHOST.png\",\"contentUrl\":\"https:\/\/vlchost.com\/wp-content\/uploads\/cropped-alquiler-apartamentos-VLCHOST.png\",\"width\":512,\"height\":512,\"caption\":\"VLC Host - Nomad Life\"},\"image\":{\"@id\":\"https:\/\/vlchost.com\/#\/schema\/logo\/image\/\"},\"sameAs\":[\"https:\/\/www.facebook.com\/VLCHost.HappyToHostYou\",\"https:\/\/www.instagram.com\/vlchost\/\"]},{\"@type\":\"Person\",\"@id\":\"https:\/\/vlchost.com\/#\/schema\/person\/782a12abb83614fa9849b9497b619679\",\"name\":\"VCL\",\"image\":{\"@type\":\"ImageObject\",\"inLanguage\":\"en-US\",\"@id\":\"https:\/\/vlchost.com\/#\/schema\/person\/image\/\",\"url\":\"https:\/\/secure.gravatar.com\/avatar\/e2154249541e31d72b1e613335475cddc540ebd9e29ec5224763cf04738da599?s=96&d=mm&r=g\",\"contentUrl\":\"https:\/\/secure.gravatar.com\/avatar\/e2154249541e31d72b1e613335475cddc540ebd9e29ec5224763cf04738da599?s=96&d=mm&r=g\",\"caption\":\"VCL\"},\"url\":\"https:\/\/vlchost.com\/en\/author\/vlchost-user\/\"}]}<\/script>\n<!-- \/ Yoast SEO plugin. -->","yoast_head_json":{"title":"Las cafeter\u00edas en Valencia que no te puedes perder | VLC Host","description":"El caf\u00e9 es una de las alegr\u00edas imprescindibles de la vida: te recomendamos las cafeter\u00edas en Valencia que no te puedes perder.","robots":{"index":"index","follow":"follow","max-snippet":"max-snippet:-1","max-image-preview":"max-image-preview:large","max-video-preview":"max-video-preview:-1"},"canonical":"https:\/\/vlchost.com\/en\/noticias\/las-cafeterias-en-valencia-que-no-te-puedes-perder\/","og_locale":"en_US","og_type":"article","og_title":"Las cafeter\u00edas en Valencia que no te puedes perder | VLC Host","og_description":"El caf\u00e9 es una de las alegr\u00edas imprescindibles de la vida: te recomendamos las cafeter\u00edas en Valencia que no te puedes perder.","og_url":"https:\/\/vlchost.com\/en\/noticias\/las-cafeterias-en-valencia-que-no-te-puedes-perder\/","og_site_name":"VLC Host","article_publisher":"https:\/\/www.facebook.com\/VLCHost.HappyToHostYou","article_published_time":"2023-04-28T11:09:43+00:00","article_modified_time":"2023-05-03T09:28:17+00:00","og_image":[{"width":2560,"height":1707,"url":"https:\/\/vlchost.com\/wp-content\/uploads\/las-cafeterias-en-valencia-que-no-te-puedes-perder-vlc-host-scaled.jpg","type":"image\/jpeg"}],"author":"VCL","twitter_card":"summary_large_image","twitter_misc":{"Written by":"VCL","Est. reading time":"4 minutes"},"schema":{"@context":"https:\/\/schema.org","@graph":[{"@type":"Article","@id":"https:\/\/vlchost.com\/noticias\/las-cafeterias-en-valencia-que-no-te-puedes-perder\/#article","isPartOf":{"@id":"https:\/\/vlchost.com\/noticias\/las-cafeterias-en-valencia-que-no-te-puedes-perder\/"},"author":{"name":"VCL","@id":"https:\/\/vlchost.com\/#\/schema\/person\/782a12abb83614fa9849b9497b619679"},"headline":"Las cafeter\u00edas de Valencia que no te puedes perder","datePublished":"2023-04-28T11:09:43+00:00","dateModified":"2023-05-03T09:28:17+00:00","mainEntityOfPage":{"@id":"https:\/\/vlchost.com\/noticias\/las-cafeterias-en-valencia-que-no-te-puedes-perder\/"},"wordCount":770,"commentCount":0,"publisher":{"@id":"https:\/\/vlchost.com\/#organization"},"keywords":["#apartamentosvalencia","#caf\u00e9enValencia","#cafeter\u00edas","#cafeter\u00edasValencia","#valencia","#visitvalencia","#vlchost"],"articleSection":["Actividades","Love Valencia","Noticias","Restauraci\u00f3n"],"inLanguage":"en-US"},{"@type":"WebPage","@id":"https:\/\/vlchost.com\/noticias\/las-cafeterias-en-valencia-que-no-te-puedes-perder\/","url":"https:\/\/vlchost.com\/noticias\/las-cafeterias-en-valencia-que-no-te-puedes-perder\/","name":"Las cafeter\u00edas en Valencia que no te puedes perder | VLC Host","isPartOf":{"@id":"https:\/\/vlchost.com\/#website"},"datePublished":"2023-04-28T11:09:43+00:00","dateModified":"2023-05-03T09:28:17+00:00","description":"El caf\u00e9 es una de las alegr\u00edas imprescindibles de la vida: te recomendamos las cafeter\u00edas en Valencia que no te puedes perder.","breadcrumb":{"@id":"https:\/\/vlchost.com\/noticias\/las-cafeterias-en-valencia-que-no-te-puedes-perder\/#breadcrumb"},"inLanguage":"en-US","potentialAction":[{"@type":"ReadAction","target":["https:\/\/vlchost.com\/noticias\/las-cafeterias-en-valencia-que-no-te-puedes-perder\/"]}]},{"@type":"BreadcrumbList","@id":"https:\/\/vlchost.com\/noticias\/las-cafeterias-en-valencia-que-no-te-puedes-perder\/#breadcrumb","itemListElement":[{"@type":"ListItem","position":1,"name":"Portada","item":"https:\/\/vlchost.com\/"},{"@type":"ListItem","position":2,"name":"Las cafeter\u00edas de Valencia que no te puedes perder"}]},{"@type":"WebSite","@id":"https:\/\/vlchost.com\/#website","url":"https:\/\/vlchost.com\/","name":"VLC Host","description":"Alquiler de alojamientos tur\u00edsticos","publisher":{"@id":"https:\/\/vlchost.com\/#organization"},"potentialAction":[{"@type":"SearchAction","target":{"@type":"EntryPoint","urlTemplate":"https:\/\/vlchost.com\/?s={search_term_string}"},"query-input":"required name=search_term_string"}],"inLanguage":"en-US"},{"@type":"Organization","@id":"https:\/\/vlchost.com\/#organization","name":"VLC Host - Nomad Life","url":"https:\/\/vlchost.com\/","logo":{"@type":"ImageObject","inLanguage":"en-US","@id":"https:\/\/vlchost.com\/#\/schema\/logo\/image\/","url":"https:\/\/vlchost.com\/wp-content\/uploads\/cropped-alquiler-apartamentos-VLCHOST.png","contentUrl":"https:\/\/vlchost.com\/wp-content\/uploads\/cropped-alquiler-apartamentos-VLCHOST.png","width":512,"height":512,"caption":"VLC Host - Nomad Life"},"image":{"@id":"https:\/\/vlchost.com\/#\/schema\/logo\/image\/"},"sameAs":["https:\/\/www.facebook.com\/VLCHost.HappyToHostYou","https:\/\/www.instagram.com\/vlchost\/"]},{"@type":"Person","@id":"https:\/\/vlchost.com\/#\/schema\/person\/782a12abb83614fa9849b9497b619679","name":"VCL","image":{"@type":"ImageObject","inLanguage":"en-US","@id":"https:\/\/vlchost.com\/#\/schema\/person\/image\/","url":"https:\/\/secure.gravatar.com\/avatar\/e2154249541e31d72b1e613335475cddc540ebd9e29ec5224763cf04738da599?s=96&d=mm&r=g","contentUrl":"https:\/\/secure.gravatar.com\/avatar\/e2154249541e31d72b1e613335475cddc540ebd9e29ec5224763cf04738da599?s=96&d=mm&r=g","caption":"VCL"},"url":"https:\/\/vlchost.com\/en\/author\/vlchost-user\/"}]}},"_links":{"self":[{"href":"https:\/\/vlchost.com\/en\/wp-json\/wp\/v2\/posts\/4586","targetHints":{"allow":["GET"]}}],"collection":[{"href":"https:\/\/vlchost.com\/en\/wp-json\/wp\/v2\/posts"}],"about":[{"href":"https:\/\/vlchost.com\/en\/wp-json\/wp\/v2\/types\/post"}],"author":[{"embeddable":true,"href":"https:\/\/vlchost.com\/en\/wp-json\/wp\/v2\/users\/4"}],"replies":[{"embeddable":true,"href":"https:\/\/vlchost.com\/en\/wp-json\/wp\/v2\/comments?post=4586"}],"version-history":[{"count":24,"href":"https:\/\/vlchost.com\/en\/wp-json\/wp\/v2\/posts\/4586\/revisions"}],"predecessor-version":[{"id":4638,"href":"https:\/\/vlchost.com\/en\/wp-json\/wp\/v2\/posts\/4586\/revisions\/4638"}],"wp:featuredmedia":[{"embeddable":true,"href":"https:\/\/vlchost.com\/en\/wp-json\/wp\/v2\/media\/4597"}],"wp:attachment":[{"href":"https:\/\/vlchost.com\/en\/wp-json\/wp\/v2\/media?parent=4586"}],"wp:term":[{"taxonomy":"category","embeddable":true,"href":"https:\/\/vlchost.com\/en\/wp-json\/wp\/v2\/categories?post=4586"},{"taxonomy":"post_tag","embeddable":true,"href":"https:\/\/vlchost.com\/en\/wp-json\/wp\/v2\/tags?post=4586"}],"curies":[{"name":"wp","href":"https:\/\/api.w.org\/{rel}","templated":true}]}}