{"id":4970,"date":"2023-06-26T11:55:07","date_gmt":"2023-06-26T09:55:07","guid":{"rendered":"http:\/\/vlchost.com\/?p=4970"},"modified":"2023-07-18T10:56:33","modified_gmt":"2023-07-18T08:56:33","slug":"viaja-comodamente-con-consigna-de-maletas-en-valencia","status":"publish","type":"post","link":"https:\/\/vlchost.com\/en\/noticias\/viaja-comodamente-con-consigna-de-maletas-en-valencia\/","title":{"rendered":"Viaja c\u00f3modamente con consigna de maletas en Valencia"},"content":{"rendered":"<div data-elementor-type=\"wp-post\" data-elementor-id=\"4970\" class=\"elementor elementor-4970\" data-elementor-post-type=\"post\">\n\t\t\t\t\t\t<section class=\"elementor-section elementor-top-section elementor-element elementor-element-84d6678 elementor-section-boxed elementor-section-height-default elementor-section-height-default\" data-id=\"84d6678\" data-element_type=\"section\">\n\t\t\t\t\t\t<div class=\"elementor-container elementor-column-gap-default\">\n\t\t\t\t\t<div class=\"elementor-column elementor-col-100 elementor-top-column elementor-element elementor-element-ca254d9\" data-id=\"ca254d9\" data-element_type=\"column\">\n\t\t\t<div class=\"elementor-widget-wrap elementor-element-populated\">\n\t\t\t\t\t\t<div class=\"elementor-element elementor-element-23caa5e elementor-widget__width-auto elementor-widget elementor-widget-text-editor\" data-id=\"23caa5e\" data-element_type=\"widget\" data-widget_type=\"text-editor.default\">\n\t\t\t\t<div class=\"elementor-widget-container\">\n\t\t\t<style>\/*! elementor - v3.19.0 - 28-02-2024 *\/\n.elementor-widget-text-editor.elementor-drop-cap-view-stacked .elementor-drop-cap{background-color:#69727d;color:#fff}.elementor-widget-text-editor.elementor-drop-cap-view-framed .elementor-drop-cap{color:#69727d;border:3px solid;background-color:transparent}.elementor-widget-text-editor:not(.elementor-drop-cap-view-default) .elementor-drop-cap{margin-top:8px}.elementor-widget-text-editor:not(.elementor-drop-cap-view-default) .elementor-drop-cap-letter{width:1em;height:1em}.elementor-widget-text-editor .elementor-drop-cap{float:left;text-align:center;line-height:1;font-size:50px}.elementor-widget-text-editor .elementor-drop-cap-letter{display:inline-block}<\/style>\t\t\t\t<p><i>La consigna de maletas, una comodidad en todos tus viajes<\/i><\/p><p>Viajas a Valencia, quieres aprovechar al m\u00e1ximo tu estancia, pero debes dejar la habitaci\u00f3n de tu alojamiento pronto. Tu tren no sale hasta la tarde y quieres dar una \u00faltima vuelta por la ciudad. \u00bfPero c\u00f3mo vas a cargar con todo tu equipaje? Y ah\u00ed te das cuenta de que deber\u00edas haber contratado un servicio de consigna de maletas.<\/p><p>Si te alojas en <span style=\"text-decoration: underline;\"><a href=\"http:\/\/vlchost.com\/en\/\"><strong>VLC Host<\/strong><\/a><\/span> eso no ser\u00e1 un problema, ya que colaboramos con empresas que guardan tu equipaje para que puedas aprovechar hasta el \u00faltimo minuto de tus vacaciones.<\/p><h3>\u00bfQu\u00e9 incluye el servicio de consigna de maletas?<\/h3><p>Colaboramos con dos empresas:<\/p><ul><li><a href=\"https:\/\/lockandbefree.com\/\"><strong><span style=\"text-decoration: underline;\">Lock and Be Free<\/span><\/strong><\/a> que se encarga de guardar tu equipaje tanto para estancias cortas como largas. Disponen de un punto de recogida <strong>ubicado en el Carrer de les Carabasses (Valencia)<\/strong>, un lugar estrat\u00e9gico muy cerca del Mercado Central y la Estaci\u00f3n del Norte. Podr\u00e1s dejar tu maleta en sus lockers (taquillas) todos los d\u00edas de la semana desde las 10:00 h hasta las 20:00 h. Adem\u00e1s, disponen de cupones descuento especiales.<\/li><li><span style=\"text-decoration: underline;\"><a href=\"https:\/\/stasher.com\/es\"><strong>Stasher<\/strong><\/a><\/span> ofrece un servicio de consigna econ\u00f3mico, pr\u00e1ctico y \u00fatil. Tienen varios puntos de recogida distribuidos por toda la ciudad, aunque los m\u00e1s solicitados son los ubicados cerca del <strong>Puerto de Valencia, de la Estaci\u00f3n del Nord y de Joaqu\u00edn Sorolla.<\/strong><\/li><\/ul>\t\t\t\t\t\t<\/div>\n\t\t\t\t<\/div>\n\t\t\t\t<div class=\"elementor-element elementor-element-63dfe17 elementor-widget elementor-widget-image\" data-id=\"63dfe17\" data-element_type=\"widget\" data-widget_type=\"image.default\">\n\t\t\t\t<div class=\"elementor-widget-container\">\n\t\t\t<style>\/*! elementor - v3.19.0 - 28-02-2024 *\/\n.elementor-widget-image{text-align:center}.elementor-widget-image a{display:inline-block}.elementor-widget-image a img[src$=\".svg\"]{width:48px}.elementor-widget-image img{vertical-align:middle;display:inline-block}<\/style>\t\t\t\t\t\t\t\t\t\t<img fetchpriority=\"high\" decoding=\"async\" width=\"1200\" height=\"800\" src=\"https:\/\/vlchost.com\/wp-content\/uploads\/consigna-de-maletas-vlc-host-apartamentos-turisticos.jpg\" class=\"attachment-large size-large wp-image-4978\" alt=\"persona-preparando-maleta-para-llevarla-a-la-consigna-de-maletas\" srcset=\"https:\/\/vlchost.com\/wp-content\/uploads\/consigna-de-maletas-vlc-host-apartamentos-turisticos.jpg 1200w, https:\/\/vlchost.com\/wp-content\/uploads\/consigna-de-maletas-vlc-host-apartamentos-turisticos-768x512.jpg 768w\" sizes=\"(max-width: 1200px) 100vw, 1200px\" \/>\t\t\t\t\t\t\t\t\t\t\t\t\t<\/div>\n\t\t\t\t<\/div>\n\t\t\t\t\t<\/div>\n\t\t<\/div>\n\t\t\t\t\t<\/div>\n\t\t<\/section>\n\t\t\t\t<section class=\"elementor-section elementor-top-section elementor-element elementor-element-59f8cf0 elementor-section-boxed elementor-section-height-default elementor-section-height-default\" data-id=\"59f8cf0\" data-element_type=\"section\">\n\t\t\t\t\t\t<div class=\"elementor-container elementor-column-gap-default\">\n\t\t\t\t\t<div class=\"elementor-column elementor-col-100 elementor-top-column elementor-element elementor-element-c734068\" data-id=\"c734068\" data-element_type=\"column\">\n\t\t\t<div class=\"elementor-widget-wrap elementor-element-populated\">\n\t\t\t\t\t\t<div class=\"elementor-element elementor-element-8caa11f elementor-widget elementor-widget-text-editor\" data-id=\"8caa11f\" data-element_type=\"widget\" data-widget_type=\"text-editor.default\">\n\t\t\t\t<div class=\"elementor-widget-container\">\n\t\t\t\t\t\t\t<h3>Ventajas de utilizar el servicio de consigna<\/h3><p>Utilizar este servicio son todo ventajas y nosotros queremos ofrecerlas a nuestros hu\u00e9spedes para que su estancia sea mucho m\u00e1s c\u00f3moda y satisfactoria:<\/p><p><strong>1. Libertad de movimiento:<\/strong> Al dejar tu equipaje en una consigna, te liberar\u00e1s de la carga de llevar tus maletas contigo a todas partes. Esto te dar\u00e1 mayor libertad para explorar la ciudad y aprovechar al m\u00e1ximo tu viaje.<\/p><p><strong>2. Mayor flexibilidad y comodidad en las conexiones:<\/strong> Si tienes un vuelo a la tarde o un horario de check-out temprano por la ma\u00f1ana, la consigna de maletas te permite disfrutar de tu viaje sin preocupaciones. Adem\u00e1s, utilizar este servicio puede ayudarte a moverte de manera m\u00e1s c\u00f3moda y eficiente.<\/p><p><strong>3. Seguridad de tus pertenencias: <\/strong>Sentir\u00e1s que tu equipaje est\u00e1 a buen recaudo y con posibilidad de acceder a \u00e9l en cualquier momento. Las taquillas suelen disponer de cierres o candados que aportan un extra de seguridad.<\/p><p><strong>4. Ahorro de tiempo y estr\u00e9s:<\/strong> Al dejar tus maletas en una consigna, te ahorras el tiempo y el estr\u00e9s de tener que cargar y arrastrar tus maletas por la ciudad. Esto es especialmente \u00fatil si tienes un itinerario ajustado, quieres aprovechar al m\u00e1ximo tu tiempo o si tus opciones de transporte no tienen mucho espacio para equipaje.<\/p><p>Si deseas alojarte en uno de nuestros apartamentos puedes contactar a trav\u00e9s del correo electr\u00f3nico <strong>reservas@vlcinvest.com<\/strong> o llamando al <strong>+34 665 158 187. <\/strong>Preg\u00fantanos sobre el servicio de consigna y te ofreceremos toda la informaci\u00f3n que necesites.<\/p><p>\u00bfA qu\u00e9 esperas para disfrutar de tu viaje de una manera mucho m\u00e1s c\u00f3moda y flexible?<\/p><p><strong>\u00a0<\/strong><\/p>\t\t\t\t\t\t<\/div>\n\t\t\t\t<\/div>\n\t\t\t\t\t<\/div>\n\t\t<\/div>\n\t\t\t\t\t<\/div>\n\t\t<\/section>\n\t\t\t\t<\/div>","protected":false},"excerpt":{"rendered":"<p>La consigna de maletas, una comodidad en todos tus viajes Viajas a Valencia, quieres aprovechar al m\u00e1ximo tu estancia, pero debes dejar la habitaci\u00f3n de tu alojamiento pronto. Tu tren no sale hasta la tarde y quieres dar una \u00faltima vuelta por la ciudad. \u00bfPero c\u00f3mo vas a cargar con todo tu equipaje? Y ah\u00ed [&hellip;]<\/p>","protected":false},"author":4,"featured_media":4984,"comment_status":"open","ping_status":"open","sticky":false,"template":"","format":"standard","meta":{"footnotes":""},"categories":[11,18],"tags":[27,28,121,123,25,122,29,59],"class_list":["post-4970","post","type-post","status-publish","format-standard","has-post-thumbnail","hentry","category-noticias","category-vlc-host-noticias","tag-alquilervalencia","tag-apartamentosvalencia","tag-consignademaletas","tag-equipaje","tag-valencia","tag-viajar","tag-visitvalencia","tag-vlchost"],"yoast_head":"<!-- This site is optimized with the Yoast SEO plugin v21.5 - https:\/\/yoast.com\/wordpress\/plugins\/seo\/ -->\n<title>Viaja c\u00f3modamente con consigna de maletas | VLC Host<\/title>\n<meta name=\"description\" content=\"\u2708 Si vas a viajar a Valencia no debes perderte el siguiente art\u00edculo en el que te contamos todo lo que debes saber de la consigna de maletas.\" \/>\n<meta name=\"robots\" content=\"index, follow, max-snippet:-1, max-image-preview:large, max-video-preview:-1\" \/>\n<link rel=\"canonical\" href=\"https:\/\/vlchost.com\/en\/noticias\/viaja-comodamente-con-consigna-de-maletas-en-valencia\/\" \/>\n<meta property=\"og:locale\" content=\"en_US\" \/>\n<meta property=\"og:type\" content=\"article\" \/>\n<meta property=\"og:title\" content=\"Viaja c\u00f3modamente con consigna de maletas | VLC Host\" \/>\n<meta property=\"og:description\" content=\"\u2708 Si vas a viajar a Valencia no debes perderte el siguiente art\u00edculo en el que te contamos todo lo que debes saber de la consigna de maletas.\" \/>\n<meta property=\"og:url\" content=\"https:\/\/vlchost.com\/en\/noticias\/viaja-comodamente-con-consigna-de-maletas-en-valencia\/\" \/>\n<meta property=\"og:site_name\" content=\"VLC Host\" \/>\n<meta property=\"article:publisher\" content=\"https:\/\/www.facebook.com\/VLCHost.HappyToHostYou\" \/>\n<meta property=\"article:published_time\" content=\"2023-06-26T09:55:07+00:00\" \/>\n<meta property=\"article:modified_time\" content=\"2023-07-18T08:56:33+00:00\" \/>\n<meta property=\"og:image\" content=\"https:\/\/vlchost.com\/wp-content\/uploads\/vlc-host-consigna-de-maletas-viajar-comodidad-1.jpg\" \/>\n\t<meta property=\"og:image:width\" content=\"1200\" \/>\n\t<meta property=\"og:image:height\" content=\"800\" \/>\n\t<meta property=\"og:image:type\" content=\"image\/jpeg\" \/>\n<meta name=\"author\" content=\"VCL\" \/>\n<meta name=\"twitter:card\" content=\"summary_large_image\" \/>\n<meta name=\"twitter:label1\" content=\"Written by\" \/>\n\t<meta name=\"twitter:data1\" content=\"VCL\" \/>\n\t<meta name=\"twitter:label2\" content=\"Est. reading time\" \/>\n\t<meta name=\"twitter:data2\" content=\"3 minutes\" \/>\n<script type=\"application\/ld+json\" class=\"yoast-schema-graph\">{\"@context\":\"https:\/\/schema.org\",\"@graph\":[{\"@type\":\"Article\",\"@id\":\"https:\/\/vlchost.com\/noticias\/viaja-comodamente-con-consigna-de-maletas-en-valencia\/#article\",\"isPartOf\":{\"@id\":\"https:\/\/vlchost.com\/noticias\/viaja-comodamente-con-consigna-de-maletas-en-valencia\/\"},\"author\":{\"name\":\"VCL\",\"@id\":\"https:\/\/vlchost.com\/#\/schema\/person\/782a12abb83614fa9849b9497b619679\"},\"headline\":\"Viaja c\u00f3modamente con consigna de maletas en Valencia\",\"datePublished\":\"2023-06-26T09:55:07+00:00\",\"dateModified\":\"2023-07-18T08:56:33+00:00\",\"mainEntityOfPage\":{\"@id\":\"https:\/\/vlchost.com\/noticias\/viaja-comodamente-con-consigna-de-maletas-en-valencia\/\"},\"wordCount\":526,\"commentCount\":0,\"publisher\":{\"@id\":\"https:\/\/vlchost.com\/#organization\"},\"keywords\":[\"#alquilervalencia\",\"#apartamentosvalencia\",\"#consignademaletas\",\"#equipaje\",\"#valencia\",\"#viajar\",\"#visitvalencia\",\"#vlchost\"],\"articleSection\":[\"Noticias\",\"VLC Host\"],\"inLanguage\":\"en-US\"},{\"@type\":\"WebPage\",\"@id\":\"https:\/\/vlchost.com\/noticias\/viaja-comodamente-con-consigna-de-maletas-en-valencia\/\",\"url\":\"https:\/\/vlchost.com\/noticias\/viaja-comodamente-con-consigna-de-maletas-en-valencia\/\",\"name\":\"Viaja c\u00f3modamente con consigna de maletas | VLC Host\",\"isPartOf\":{\"@id\":\"https:\/\/vlchost.com\/#website\"},\"datePublished\":\"2023-06-26T09:55:07+00:00\",\"dateModified\":\"2023-07-18T08:56:33+00:00\",\"description\":\"\u2708 Si vas a viajar a Valencia no debes perderte el siguiente art\u00edculo en el que te contamos todo lo que debes saber de la consigna de maletas.\",\"breadcrumb\":{\"@id\":\"https:\/\/vlchost.com\/noticias\/viaja-comodamente-con-consigna-de-maletas-en-valencia\/#breadcrumb\"},\"inLanguage\":\"en-US\",\"potentialAction\":[{\"@type\":\"ReadAction\",\"target\":[\"https:\/\/vlchost.com\/noticias\/viaja-comodamente-con-consigna-de-maletas-en-valencia\/\"]}]},{\"@type\":\"BreadcrumbList\",\"@id\":\"https:\/\/vlchost.com\/noticias\/viaja-comodamente-con-consigna-de-maletas-en-valencia\/#breadcrumb\",\"itemListElement\":[{\"@type\":\"ListItem\",\"position\":1,\"name\":\"Portada\",\"item\":\"https:\/\/vlchost.com\/\"},{\"@type\":\"ListItem\",\"position\":2,\"name\":\"Viaja c\u00f3modamente con consigna de maletas en Valencia\"}]},{\"@type\":\"WebSite\",\"@id\":\"https:\/\/vlchost.com\/#website\",\"url\":\"https:\/\/vlchost.com\/\",\"name\":\"VLC Host\",\"description\":\"Alquiler de alojamientos tur\u00edsticos\",\"publisher\":{\"@id\":\"https:\/\/vlchost.com\/#organization\"},\"potentialAction\":[{\"@type\":\"SearchAction\",\"target\":{\"@type\":\"EntryPoint\",\"urlTemplate\":\"https:\/\/vlchost.com\/?s={search_term_string}\"},\"query-input\":\"required name=search_term_string\"}],\"inLanguage\":\"en-US\"},{\"@type\":\"Organization\",\"@id\":\"https:\/\/vlchost.com\/#organization\",\"name\":\"VLC Host - Nomad Life\",\"url\":\"https:\/\/vlchost.com\/\",\"logo\":{\"@type\":\"ImageObject\",\"inLanguage\":\"en-US\",\"@id\":\"https:\/\/vlchost.com\/#\/schema\/logo\/image\/\",\"url\":\"https:\/\/vlchost.com\/wp-content\/uploads\/cropped-alquiler-apartamentos-VLCHOST.png\",\"contentUrl\":\"https:\/\/vlchost.com\/wp-content\/uploads\/cropped-alquiler-apartamentos-VLCHOST.png\",\"width\":512,\"height\":512,\"caption\":\"VLC Host - Nomad Life\"},\"image\":{\"@id\":\"https:\/\/vlchost.com\/#\/schema\/logo\/image\/\"},\"sameAs\":[\"https:\/\/www.facebook.com\/VLCHost.HappyToHostYou\",\"https:\/\/www.instagram.com\/vlchost\/\"]},{\"@type\":\"Person\",\"@id\":\"https:\/\/vlchost.com\/#\/schema\/person\/782a12abb83614fa9849b9497b619679\",\"name\":\"VCL\",\"image\":{\"@type\":\"ImageObject\",\"inLanguage\":\"en-US\",\"@id\":\"https:\/\/vlchost.com\/#\/schema\/person\/image\/\",\"url\":\"https:\/\/secure.gravatar.com\/avatar\/e2154249541e31d72b1e613335475cddc540ebd9e29ec5224763cf04738da599?s=96&d=mm&r=g\",\"contentUrl\":\"https:\/\/secure.gravatar.com\/avatar\/e2154249541e31d72b1e613335475cddc540ebd9e29ec5224763cf04738da599?s=96&d=mm&r=g\",\"caption\":\"VCL\"},\"url\":\"https:\/\/vlchost.com\/en\/author\/vlchost-user\/\"}]}<\/script>\n<!-- \/ Yoast SEO plugin. -->","yoast_head_json":{"title":"Viaja c\u00f3modamente con consigna de maletas | VLC Host","description":"\u2708 Si vas a viajar a Valencia no debes perderte el siguiente art\u00edculo en el que te contamos todo lo que debes saber de la consigna de maletas.","robots":{"index":"index","follow":"follow","max-snippet":"max-snippet:-1","max-image-preview":"max-image-preview:large","max-video-preview":"max-video-preview:-1"},"canonical":"https:\/\/vlchost.com\/en\/noticias\/viaja-comodamente-con-consigna-de-maletas-en-valencia\/","og_locale":"en_US","og_type":"article","og_title":"Viaja c\u00f3modamente con consigna de maletas | VLC Host","og_description":"\u2708 Si vas a viajar a Valencia no debes perderte el siguiente art\u00edculo en el que te contamos todo lo que debes saber de la consigna de maletas.","og_url":"https:\/\/vlchost.com\/en\/noticias\/viaja-comodamente-con-consigna-de-maletas-en-valencia\/","og_site_name":"VLC Host","article_publisher":"https:\/\/www.facebook.com\/VLCHost.HappyToHostYou","article_published_time":"2023-06-26T09:55:07+00:00","article_modified_time":"2023-07-18T08:56:33+00:00","og_image":[{"width":1200,"height":800,"url":"https:\/\/vlchost.com\/wp-content\/uploads\/vlc-host-consigna-de-maletas-viajar-comodidad-1.jpg","type":"image\/jpeg"}],"author":"VCL","twitter_card":"summary_large_image","twitter_misc":{"Written by":"VCL","Est. reading time":"3 minutes"},"schema":{"@context":"https:\/\/schema.org","@graph":[{"@type":"Article","@id":"https:\/\/vlchost.com\/noticias\/viaja-comodamente-con-consigna-de-maletas-en-valencia\/#article","isPartOf":{"@id":"https:\/\/vlchost.com\/noticias\/viaja-comodamente-con-consigna-de-maletas-en-valencia\/"},"author":{"name":"VCL","@id":"https:\/\/vlchost.com\/#\/schema\/person\/782a12abb83614fa9849b9497b619679"},"headline":"Viaja c\u00f3modamente con consigna de maletas en Valencia","datePublished":"2023-06-26T09:55:07+00:00","dateModified":"2023-07-18T08:56:33+00:00","mainEntityOfPage":{"@id":"https:\/\/vlchost.com\/noticias\/viaja-comodamente-con-consigna-de-maletas-en-valencia\/"},"wordCount":526,"commentCount":0,"publisher":{"@id":"https:\/\/vlchost.com\/#organization"},"keywords":["#alquilervalencia","#apartamentosvalencia","#consignademaletas","#equipaje","#valencia","#viajar","#visitvalencia","#vlchost"],"articleSection":["Noticias","VLC Host"],"inLanguage":"en-US"},{"@type":"WebPage","@id":"https:\/\/vlchost.com\/noticias\/viaja-comodamente-con-consigna-de-maletas-en-valencia\/","url":"https:\/\/vlchost.com\/noticias\/viaja-comodamente-con-consigna-de-maletas-en-valencia\/","name":"Viaja c\u00f3modamente con consigna de maletas | VLC Host","isPartOf":{"@id":"https:\/\/vlchost.com\/#website"},"datePublished":"2023-06-26T09:55:07+00:00","dateModified":"2023-07-18T08:56:33+00:00","description":"\u2708 Si vas a viajar a Valencia no debes perderte el siguiente art\u00edculo en el que te contamos todo lo que debes saber de la consigna de maletas.","breadcrumb":{"@id":"https:\/\/vlchost.com\/noticias\/viaja-comodamente-con-consigna-de-maletas-en-valencia\/#breadcrumb"},"inLanguage":"en-US","potentialAction":[{"@type":"ReadAction","target":["https:\/\/vlchost.com\/noticias\/viaja-comodamente-con-consigna-de-maletas-en-valencia\/"]}]},{"@type":"BreadcrumbList","@id":"https:\/\/vlchost.com\/noticias\/viaja-comodamente-con-consigna-de-maletas-en-valencia\/#breadcrumb","itemListElement":[{"@type":"ListItem","position":1,"name":"Portada","item":"https:\/\/vlchost.com\/"},{"@type":"ListItem","position":2,"name":"Viaja c\u00f3modamente con consigna de maletas en Valencia"}]},{"@type":"WebSite","@id":"https:\/\/vlchost.com\/#website","url":"https:\/\/vlchost.com\/","name":"VLC Host","description":"Alquiler de alojamientos tur\u00edsticos","publisher":{"@id":"https:\/\/vlchost.com\/#organization"},"potentialAction":[{"@type":"SearchAction","target":{"@type":"EntryPoint","urlTemplate":"https:\/\/vlchost.com\/?s={search_term_string}"},"query-input":"required name=search_term_string"}],"inLanguage":"en-US"},{"@type":"Organization","@id":"https:\/\/vlchost.com\/#organization","name":"VLC Host - Nomad Life","url":"https:\/\/vlchost.com\/","logo":{"@type":"ImageObject","inLanguage":"en-US","@id":"https:\/\/vlchost.com\/#\/schema\/logo\/image\/","url":"https:\/\/vlchost.com\/wp-content\/uploads\/cropped-alquiler-apartamentos-VLCHOST.png","contentUrl":"https:\/\/vlchost.com\/wp-content\/uploads\/cropped-alquiler-apartamentos-VLCHOST.png","width":512,"height":512,"caption":"VLC Host - Nomad Life"},"image":{"@id":"https:\/\/vlchost.com\/#\/schema\/logo\/image\/"},"sameAs":["https:\/\/www.facebook.com\/VLCHost.HappyToHostYou","https:\/\/www.instagram.com\/vlchost\/"]},{"@type":"Person","@id":"https:\/\/vlchost.com\/#\/schema\/person\/782a12abb83614fa9849b9497b619679","name":"VCL","image":{"@type":"ImageObject","inLanguage":"en-US","@id":"https:\/\/vlchost.com\/#\/schema\/person\/image\/","url":"https:\/\/secure.gravatar.com\/avatar\/e2154249541e31d72b1e613335475cddc540ebd9e29ec5224763cf04738da599?s=96&d=mm&r=g","contentUrl":"https:\/\/secure.gravatar.com\/avatar\/e2154249541e31d72b1e613335475cddc540ebd9e29ec5224763cf04738da599?s=96&d=mm&r=g","caption":"VCL"},"url":"https:\/\/vlchost.com\/en\/author\/vlchost-user\/"}]}},"_links":{"self":[{"href":"https:\/\/vlchost.com\/en\/wp-json\/wp\/v2\/posts\/4970","targetHints":{"allow":["GET"]}}],"collection":[{"href":"https:\/\/vlchost.com\/en\/wp-json\/wp\/v2\/posts"}],"about":[{"href":"https:\/\/vlchost.com\/en\/wp-json\/wp\/v2\/types\/post"}],"author":[{"embeddable":true,"href":"https:\/\/vlchost.com\/en\/wp-json\/wp\/v2\/users\/4"}],"replies":[{"embeddable":true,"href":"https:\/\/vlchost.com\/en\/wp-json\/wp\/v2\/comments?post=4970"}],"version-history":[{"count":31,"href":"https:\/\/vlchost.com\/en\/wp-json\/wp\/v2\/posts\/4970\/revisions"}],"predecessor-version":[{"id":5296,"href":"https:\/\/vlchost.com\/en\/wp-json\/wp\/v2\/posts\/4970\/revisions\/5296"}],"wp:featuredmedia":[{"embeddable":true,"href":"https:\/\/vlchost.com\/en\/wp-json\/wp\/v2\/media\/4984"}],"wp:attachment":[{"href":"https:\/\/vlchost.com\/en\/wp-json\/wp\/v2\/media?parent=4970"}],"wp:term":[{"taxonomy":"category","embeddable":true,"href":"https:\/\/vlchost.com\/en\/wp-json\/wp\/v2\/categories?post=4970"},{"taxonomy":"post_tag","embeddable":true,"href":"https:\/\/vlchost.com\/en\/wp-json\/wp\/v2\/tags?post=4970"}],"curies":[{"name":"wp","href":"https:\/\/api.w.org\/{rel}","templated":true}]}}