{"id":5208,"date":"2023-08-10T10:28:00","date_gmt":"2023-08-10T08:28:00","guid":{"rendered":"http:\/\/vlchost.com\/?p=5208"},"modified":"2023-08-01T11:47:34","modified_gmt":"2023-08-01T09:47:34","slug":"los-mejores-planes-en-valencia-para-acabar-el-verano","status":"publish","type":"post","link":"https:\/\/vlchost.com\/en\/noticias\/los-mejores-planes-en-valencia-para-acabar-el-verano\/","title":{"rendered":"Los mejores planes en Valencia para acabar el verano"},"content":{"rendered":"<div data-elementor-type=\"wp-post\" data-elementor-id=\"5208\" class=\"elementor elementor-5208\" data-elementor-post-type=\"post\">\n\t\t\t\t\t\t<section class=\"elementor-section elementor-top-section elementor-element elementor-element-84d6678 elementor-section-boxed elementor-section-height-default elementor-section-height-default\" data-id=\"84d6678\" data-element_type=\"section\">\n\t\t\t\t\t\t<div class=\"elementor-container elementor-column-gap-default\">\n\t\t\t\t\t<div class=\"elementor-column elementor-col-100 elementor-top-column elementor-element elementor-element-ca254d9\" data-id=\"ca254d9\" data-element_type=\"column\">\n\t\t\t<div class=\"elementor-widget-wrap elementor-element-populated\">\n\t\t\t\t\t\t<div class=\"elementor-element elementor-element-23caa5e elementor-widget__width-auto elementor-widget elementor-widget-text-editor\" data-id=\"23caa5e\" data-element_type=\"widget\" data-widget_type=\"text-editor.default\">\n\t\t\t\t<div class=\"elementor-widget-container\">\n\t\t\t<style>\/*! elementor - v3.19.0 - 28-02-2024 *\/\n.elementor-widget-text-editor.elementor-drop-cap-view-stacked .elementor-drop-cap{background-color:#69727d;color:#fff}.elementor-widget-text-editor.elementor-drop-cap-view-framed .elementor-drop-cap{color:#69727d;border:3px solid;background-color:transparent}.elementor-widget-text-editor:not(.elementor-drop-cap-view-default) .elementor-drop-cap{margin-top:8px}.elementor-widget-text-editor:not(.elementor-drop-cap-view-default) .elementor-drop-cap-letter{width:1em;height:1em}.elementor-widget-text-editor .elementor-drop-cap{float:left;text-align:center;line-height:1;font-size:50px}.elementor-widget-text-editor .elementor-drop-cap-letter{display:inline-block}<\/style>\t\t\t\t<p><em>Descubre qu\u00e9 hacer para exprimir al m\u00e1ximo lo que queda de verano<\/em><\/p><p>Las vacaciones de verano van llegando a su fin y las ideas de qu\u00e9 hacer o d\u00f3nde ir se van acabando. Todav\u00eda hace calor y las ganas de pasarlo bien y disfrutar de las vacaciones aumentan todav\u00eda m\u00e1s. Por eso, desde <a href=\"http:\/\/vlchost.com\/en\/\"><strong><span style=\"text-decoration: underline;\">VLC Host<\/span><\/strong><\/a> te mostramos los mejores planes en Valencia para acabar el verano de la mejor forma posible.<\/p><h3><strong>Mejores planes en Valencia para acabar el verano <\/strong><\/h3><div><h3>\u00a0<\/h3><p><strong>1. <\/strong><strong>Ir al autocine: <\/strong>Como si de la propia peli de <em>Grease <\/em>se tratara, no puedes acabar tu verano sin vivir una experiencia al m\u00e1s puro estilo americano. <span style=\"text-decoration: underline;\"><a href=\"https:\/\/www.autocinestar.com\/\"><strong>Autocine Star<\/strong><\/a><\/span> es uno de los pocos autocines al aire libre que quedan en la Comunidad Valenciana. Se trata de un recinto situado en Pinedo donde puedes acceder con tu coche y visionar dos pel\u00edculas seguidas al precio de una. Podr\u00e1s llevarte tu mesita de camping y cenar a la fresca mientras disfrutas de una peli de estreno. Si eres de los que prefiere saborear un hot dog, una deliciosa hamburguesa o comprar palomitas, puedes pasarte por su bar.<\/p><p><strong>2. <\/strong><strong>Participar en la Tomatina: <\/strong>Una fiesta mundialmente famosa a pocos kil\u00f3metros de Valencia que debes presenciar es la <strong>\u201c<em>Tomatina\u201d<\/em><\/strong>. Un plan superdivertido para desestresarse d\u00f3nde los asistentes demuestran su gran habilidad para \u201ctirarse tomatazos\u201d. Esta gran batalla, en la cual se lanzan alrededor de 150.000 kilos de tomates, tiene lugar en el municipio valenciano de Bu\u00f1ol el \u00faltimo mi\u00e9rcoles de agosto. Sin embargo, debes tener en cuenta que, aunque tradicionalmente era de acceso libre, ahora es necesario <span style=\"text-decoration: underline;\"><a href=\"https:\/\/tomatina.es\/\"><strong>comprar una entrada<\/strong><\/a><\/span> para poder participar.<\/p><p><strong>3. <\/strong><strong>Visitar las fiestas de los pueblos: <\/strong>En muchos pueblos de los alrededores de la ciudad, se celebran las tradicionales fiestas patronales cargadas de verbenas, ferias, carreras populares y festejos taurinos que despiden el verano por todo lo alto. Municipios como <strong>Chiva<\/strong> (con las fiestas del Torico), <strong>Bu\u00f1ol<\/strong> (con su fiesta de la Tomatina y su semana de ferias y conciertos), <strong>Requena y Utiel<\/strong> (famosos por la fiesta de la vendimia), <strong>Paterna<\/strong> (Fiestas Mayores) y muchos m\u00e1s.<\/p><\/div>\t\t\t\t\t\t<\/div>\n\t\t\t\t<\/div>\n\t\t\t\t<div class=\"elementor-element elementor-element-63dfe17 elementor-widget elementor-widget-image\" data-id=\"63dfe17\" data-element_type=\"widget\" data-widget_type=\"image.default\">\n\t\t\t\t<div class=\"elementor-widget-container\">\n\t\t\t<style>\/*! elementor - v3.19.0 - 28-02-2024 *\/\n.elementor-widget-image{text-align:center}.elementor-widget-image a{display:inline-block}.elementor-widget-image a img[src$=\".svg\"]{width:48px}.elementor-widget-image img{vertical-align:middle;display:inline-block}<\/style>\t\t\t\t\t\t\t\t\t\t<img fetchpriority=\"high\" decoding=\"async\" width=\"1200\" height=\"800\" src=\"https:\/\/vlchost.com\/wp-content\/uploads\/planes-en-valencia-para-acabar-el-verano-las-fiestas-de-los-pueblos.png\" class=\"attachment-large size-large wp-image-5222\" alt=\"fiestas-de-los-pueblos-uno-de-los-planes-en-valencia-para-acabar-el-verano\" srcset=\"https:\/\/vlchost.com\/wp-content\/uploads\/planes-en-valencia-para-acabar-el-verano-las-fiestas-de-los-pueblos.png 1200w, https:\/\/vlchost.com\/wp-content\/uploads\/planes-en-valencia-para-acabar-el-verano-las-fiestas-de-los-pueblos-768x512.png 768w\" sizes=\"(max-width: 1200px) 100vw, 1200px\" \/>\t\t\t\t\t\t\t\t\t\t\t\t\t<\/div>\n\t\t\t\t<\/div>\n\t\t\t\t<div class=\"elementor-element elementor-element-f9597da elementor-widget__width-auto elementor-widget elementor-widget-text-editor\" data-id=\"f9597da\" data-element_type=\"widget\" data-widget_type=\"text-editor.default\">\n\t\t\t\t<div class=\"elementor-widget-container\">\n\t\t\t\t\t\t\t<p><strong>4. <\/strong><strong>Tomarte un coctel en un Chiringuito: <\/strong>Si todav\u00eda no has hecho este plan, te recomendamos uno de los que consideramos los chiringuitos de valencia con el mejor ambiente. Uno que no te puedes perder es <a href=\"https:\/\/lamasbonita.es\/\"><strong><em><span style=\"text-decoration: underline;\">La m\u00e1s bonita<\/span><\/em><\/strong><\/a>, un lugar con buena m\u00fasica y deliciosos aperitivos con una decoraci\u00f3n de lo m\u00e1s <em>instagrameable<\/em>. Adem\u00e1s, tiene servicio de tumbonas con camarero d\u00f3nde vienen a tomar nota y te sirven sin que tengas que levantarte.<\/p><p><strong>5.<\/strong> <strong>B\u00e1\u00f1ate en las mejores piscinas naturales: <\/strong>Puedes combatir el calor remoj\u00e1ndote en las mejores piscinas naturales de la provincia. Te recomendamos algunos lugares incre\u00edbles que es posible que todav\u00eda no hayas visitado como la <strong>Cueva del Turche<\/strong> (Bu\u00f1ol), el <strong>Gorgo de la Escalera de Anna<\/strong> (Anna), <strong>La Playeta<\/strong> (Pedralba) y <strong>La Cueva de las Palomas<\/strong> (Y\u00e1tova).<\/p><p>El verano no ha terminado y todav\u00eda queda mucho por hacer. Un \u00faltimo plan imprescindible que te recomendamos es hacer una escapada a uno de nuestros modernos apartamentos distribuidos por toda la ciudad de Valencia. \u00bfTodav\u00eda no has vivido esta experiencia?<\/p><p>\u00a1Al\u00f3jate en VLC Host y aprovecha los \u00faltimos d\u00edas de vacaciones!<\/p>\t\t\t\t\t\t<\/div>\n\t\t\t\t<\/div>\n\t\t\t\t\t<\/div>\n\t\t<\/div>\n\t\t\t\t\t<\/div>\n\t\t<\/section>\n\t\t\t\t<section class=\"elementor-section elementor-top-section elementor-element elementor-element-6d6b143 elementor-section-boxed elementor-section-height-default elementor-section-height-default\" data-id=\"6d6b143\" data-element_type=\"section\">\n\t\t\t\t\t\t<div class=\"elementor-container elementor-column-gap-default\">\n\t\t\t\t\t<div class=\"elementor-column elementor-col-100 elementor-top-column elementor-element elementor-element-66da99d\" data-id=\"66da99d\" data-element_type=\"column\">\n\t\t\t<div class=\"elementor-widget-wrap elementor-element-populated\">\n\t\t\t\t\t\t<div class=\"elementor-element elementor-element-3649851 elementor-button-success elementor-align-center elementor-widget elementor-widget-button\" data-id=\"3649851\" data-element_type=\"widget\" data-widget_type=\"button.default\">\n\t\t\t\t<div class=\"elementor-widget-container\">\n\t\t\t\t\t<div class=\"elementor-button-wrapper\">\n\t\t\t<a class=\"elementor-button elementor-button-link elementor-size-md\" href=\"http:\/\/vlchost.com\/en\/alojamientos-valencia-reserva\/\">\n\t\t\t\t\t\t<span class=\"elementor-button-content-wrapper\">\n\t\t\t\t\t\t<span class=\"elementor-button-text\">Reserva tu experiencia<\/span>\n\t\t<\/span>\n\t\t\t\t\t<\/a>\n\t\t<\/div>\n\t\t\t\t<\/div>\n\t\t\t\t<\/div>\n\t\t\t\t\t<\/div>\n\t\t<\/div>\n\t\t\t\t\t<\/div>\n\t\t<\/section>\n\t\t\t\t<\/div>","protected":false},"excerpt":{"rendered":"<p>Descubre qu\u00e9 hacer para exprimir al m\u00e1ximo lo que queda de verano Las vacaciones de verano van llegando a su fin y las ideas de qu\u00e9 hacer o d\u00f3nde ir se van acabando. Todav\u00eda hace calor y las ganas de pasarlo bien y disfrutar de las vacaciones aumentan todav\u00eda m\u00e1s. Por eso, desde VLC Host [&hellip;]<\/p>","protected":false},"author":4,"featured_media":5226,"comment_status":"open","ping_status":"open","sticky":false,"template":"","format":"standard","meta":{"footnotes":""},"categories":[13,11],"tags":[27,28,135,46,136,131,25,138,29,59],"class_list":["post-5208","post","type-post","status-publish","format-standard","has-post-thumbnail","hentry","category-actividades","category-noticias","tag-alquilervalencia","tag-apartamentosvalencia","tag-mejoresplanesenvalencia","tag-ocio","tag-planesenagosto","tag-planesenvalencia","tag-valencia","tag-verano2023","tag-visitvalencia","tag-vlchost"],"yoast_head":"<!-- This site is optimized with the Yoast SEO plugin v21.5 - https:\/\/yoast.com\/wordpress\/plugins\/seo\/ -->\n<title>Los mejores planes en Valencia para acabar el verano| VLC Host<\/title>\n<meta name=\"description\" content=\"\u00bfQuieres aprovechar al m\u00e1ximo tus vacaciones? Conoce algunos de los mejores planes en Valencia para acabar el verano.\" \/>\n<meta name=\"robots\" content=\"index, follow, max-snippet:-1, max-image-preview:large, max-video-preview:-1\" \/>\n<link rel=\"canonical\" href=\"https:\/\/vlchost.com\/en\/noticias\/los-mejores-planes-en-valencia-para-acabar-el-verano\/\" \/>\n<meta property=\"og:locale\" content=\"en_US\" \/>\n<meta property=\"og:type\" content=\"article\" \/>\n<meta property=\"og:title\" content=\"Los mejores planes en Valencia para acabar el verano| VLC Host\" \/>\n<meta property=\"og:description\" content=\"\u00bfQuieres aprovechar al m\u00e1ximo tus vacaciones? Conoce algunos de los mejores planes en Valencia para acabar el verano.\" \/>\n<meta property=\"og:url\" content=\"https:\/\/vlchost.com\/en\/noticias\/los-mejores-planes-en-valencia-para-acabar-el-verano\/\" \/>\n<meta property=\"og:site_name\" content=\"VLC Host\" \/>\n<meta property=\"article:publisher\" content=\"https:\/\/www.facebook.com\/VLCHost.HappyToHostYou\" \/>\n<meta property=\"article:published_time\" content=\"2023-08-10T08:28:00+00:00\" \/>\n<meta property=\"article:modified_time\" content=\"2023-08-01T09:47:34+00:00\" \/>\n<meta property=\"og:image\" content=\"https:\/\/vlchost.com\/wp-content\/uploads\/planes-en-valencia-para-acabar-el-verano-chiringuito.png\" \/>\n\t<meta property=\"og:image:width\" content=\"1200\" \/>\n\t<meta property=\"og:image:height\" content=\"800\" \/>\n\t<meta property=\"og:image:type\" content=\"image\/png\" \/>\n<meta name=\"author\" content=\"VCL\" \/>\n<meta name=\"twitter:card\" content=\"summary_large_image\" \/>\n<meta name=\"twitter:label1\" content=\"Written by\" \/>\n\t<meta name=\"twitter:data1\" content=\"VCL\" \/>\n\t<meta name=\"twitter:label2\" content=\"Est. reading time\" \/>\n\t<meta name=\"twitter:data2\" content=\"3 minutes\" \/>\n<script type=\"application\/ld+json\" class=\"yoast-schema-graph\">{\"@context\":\"https:\/\/schema.org\",\"@graph\":[{\"@type\":\"Article\",\"@id\":\"https:\/\/vlchost.com\/noticias\/los-mejores-planes-en-valencia-para-acabar-el-verano\/#article\",\"isPartOf\":{\"@id\":\"https:\/\/vlchost.com\/noticias\/los-mejores-planes-en-valencia-para-acabar-el-verano\/\"},\"author\":{\"name\":\"VCL\",\"@id\":\"https:\/\/vlchost.com\/#\/schema\/person\/782a12abb83614fa9849b9497b619679\"},\"headline\":\"Los mejores planes en Valencia para acabar el verano\",\"datePublished\":\"2023-08-10T08:28:00+00:00\",\"dateModified\":\"2023-08-01T09:47:34+00:00\",\"mainEntityOfPage\":{\"@id\":\"https:\/\/vlchost.com\/noticias\/los-mejores-planes-en-valencia-para-acabar-el-verano\/\"},\"wordCount\":568,\"commentCount\":0,\"publisher\":{\"@id\":\"https:\/\/vlchost.com\/#organization\"},\"keywords\":[\"#alquilervalencia\",\"#apartamentosvalencia\",\"#mejoresplanesenvalencia\",\"#ocio\",\"#planesenagosto\",\"#planesenvalencia\",\"#valencia\",\"#verano2023\",\"#visitvalencia\",\"#vlchost\"],\"articleSection\":[\"Actividades\",\"Noticias\"],\"inLanguage\":\"en-US\"},{\"@type\":\"WebPage\",\"@id\":\"https:\/\/vlchost.com\/noticias\/los-mejores-planes-en-valencia-para-acabar-el-verano\/\",\"url\":\"https:\/\/vlchost.com\/noticias\/los-mejores-planes-en-valencia-para-acabar-el-verano\/\",\"name\":\"Los mejores planes en Valencia para acabar el verano| VLC Host\",\"isPartOf\":{\"@id\":\"https:\/\/vlchost.com\/#website\"},\"datePublished\":\"2023-08-10T08:28:00+00:00\",\"dateModified\":\"2023-08-01T09:47:34+00:00\",\"description\":\"\u00bfQuieres aprovechar al m\u00e1ximo tus vacaciones? Conoce algunos de los mejores planes en Valencia para acabar el verano.\",\"breadcrumb\":{\"@id\":\"https:\/\/vlchost.com\/noticias\/los-mejores-planes-en-valencia-para-acabar-el-verano\/#breadcrumb\"},\"inLanguage\":\"en-US\",\"potentialAction\":[{\"@type\":\"ReadAction\",\"target\":[\"https:\/\/vlchost.com\/noticias\/los-mejores-planes-en-valencia-para-acabar-el-verano\/\"]}]},{\"@type\":\"BreadcrumbList\",\"@id\":\"https:\/\/vlchost.com\/noticias\/los-mejores-planes-en-valencia-para-acabar-el-verano\/#breadcrumb\",\"itemListElement\":[{\"@type\":\"ListItem\",\"position\":1,\"name\":\"Portada\",\"item\":\"https:\/\/vlchost.com\/\"},{\"@type\":\"ListItem\",\"position\":2,\"name\":\"Los mejores planes en Valencia para acabar el verano\"}]},{\"@type\":\"WebSite\",\"@id\":\"https:\/\/vlchost.com\/#website\",\"url\":\"https:\/\/vlchost.com\/\",\"name\":\"VLC Host\",\"description\":\"Alquiler de alojamientos tur\u00edsticos\",\"publisher\":{\"@id\":\"https:\/\/vlchost.com\/#organization\"},\"potentialAction\":[{\"@type\":\"SearchAction\",\"target\":{\"@type\":\"EntryPoint\",\"urlTemplate\":\"https:\/\/vlchost.com\/?s={search_term_string}\"},\"query-input\":\"required name=search_term_string\"}],\"inLanguage\":\"en-US\"},{\"@type\":\"Organization\",\"@id\":\"https:\/\/vlchost.com\/#organization\",\"name\":\"VLC Host - Nomad Life\",\"url\":\"https:\/\/vlchost.com\/\",\"logo\":{\"@type\":\"ImageObject\",\"inLanguage\":\"en-US\",\"@id\":\"https:\/\/vlchost.com\/#\/schema\/logo\/image\/\",\"url\":\"https:\/\/vlchost.com\/wp-content\/uploads\/cropped-alquiler-apartamentos-VLCHOST.png\",\"contentUrl\":\"https:\/\/vlchost.com\/wp-content\/uploads\/cropped-alquiler-apartamentos-VLCHOST.png\",\"width\":512,\"height\":512,\"caption\":\"VLC Host - Nomad Life\"},\"image\":{\"@id\":\"https:\/\/vlchost.com\/#\/schema\/logo\/image\/\"},\"sameAs\":[\"https:\/\/www.facebook.com\/VLCHost.HappyToHostYou\",\"https:\/\/www.instagram.com\/vlchost\/\"]},{\"@type\":\"Person\",\"@id\":\"https:\/\/vlchost.com\/#\/schema\/person\/782a12abb83614fa9849b9497b619679\",\"name\":\"VCL\",\"image\":{\"@type\":\"ImageObject\",\"inLanguage\":\"en-US\",\"@id\":\"https:\/\/vlchost.com\/#\/schema\/person\/image\/\",\"url\":\"https:\/\/secure.gravatar.com\/avatar\/e2154249541e31d72b1e613335475cddc540ebd9e29ec5224763cf04738da599?s=96&d=mm&r=g\",\"contentUrl\":\"https:\/\/secure.gravatar.com\/avatar\/e2154249541e31d72b1e613335475cddc540ebd9e29ec5224763cf04738da599?s=96&d=mm&r=g\",\"caption\":\"VCL\"},\"url\":\"https:\/\/vlchost.com\/en\/author\/vlchost-user\/\"}]}<\/script>\n<!-- \/ Yoast SEO plugin. -->","yoast_head_json":{"title":"Los mejores planes en Valencia para acabar el verano| VLC Host","description":"\u00bfQuieres aprovechar al m\u00e1ximo tus vacaciones? Conoce algunos de los mejores planes en Valencia para acabar el verano.","robots":{"index":"index","follow":"follow","max-snippet":"max-snippet:-1","max-image-preview":"max-image-preview:large","max-video-preview":"max-video-preview:-1"},"canonical":"https:\/\/vlchost.com\/en\/noticias\/los-mejores-planes-en-valencia-para-acabar-el-verano\/","og_locale":"en_US","og_type":"article","og_title":"Los mejores planes en Valencia para acabar el verano| VLC Host","og_description":"\u00bfQuieres aprovechar al m\u00e1ximo tus vacaciones? Conoce algunos de los mejores planes en Valencia para acabar el verano.","og_url":"https:\/\/vlchost.com\/en\/noticias\/los-mejores-planes-en-valencia-para-acabar-el-verano\/","og_site_name":"VLC Host","article_publisher":"https:\/\/www.facebook.com\/VLCHost.HappyToHostYou","article_published_time":"2023-08-10T08:28:00+00:00","article_modified_time":"2023-08-01T09:47:34+00:00","og_image":[{"width":1200,"height":800,"url":"https:\/\/vlchost.com\/wp-content\/uploads\/planes-en-valencia-para-acabar-el-verano-chiringuito.png","type":"image\/png"}],"author":"VCL","twitter_card":"summary_large_image","twitter_misc":{"Written by":"VCL","Est. reading time":"3 minutes"},"schema":{"@context":"https:\/\/schema.org","@graph":[{"@type":"Article","@id":"https:\/\/vlchost.com\/noticias\/los-mejores-planes-en-valencia-para-acabar-el-verano\/#article","isPartOf":{"@id":"https:\/\/vlchost.com\/noticias\/los-mejores-planes-en-valencia-para-acabar-el-verano\/"},"author":{"name":"VCL","@id":"https:\/\/vlchost.com\/#\/schema\/person\/782a12abb83614fa9849b9497b619679"},"headline":"Los mejores planes en Valencia para acabar el verano","datePublished":"2023-08-10T08:28:00+00:00","dateModified":"2023-08-01T09:47:34+00:00","mainEntityOfPage":{"@id":"https:\/\/vlchost.com\/noticias\/los-mejores-planes-en-valencia-para-acabar-el-verano\/"},"wordCount":568,"commentCount":0,"publisher":{"@id":"https:\/\/vlchost.com\/#organization"},"keywords":["#alquilervalencia","#apartamentosvalencia","#mejoresplanesenvalencia","#ocio","#planesenagosto","#planesenvalencia","#valencia","#verano2023","#visitvalencia","#vlchost"],"articleSection":["Actividades","Noticias"],"inLanguage":"en-US"},{"@type":"WebPage","@id":"https:\/\/vlchost.com\/noticias\/los-mejores-planes-en-valencia-para-acabar-el-verano\/","url":"https:\/\/vlchost.com\/noticias\/los-mejores-planes-en-valencia-para-acabar-el-verano\/","name":"Los mejores planes en Valencia para acabar el verano| VLC Host","isPartOf":{"@id":"https:\/\/vlchost.com\/#website"},"datePublished":"2023-08-10T08:28:00+00:00","dateModified":"2023-08-01T09:47:34+00:00","description":"\u00bfQuieres aprovechar al m\u00e1ximo tus vacaciones? Conoce algunos de los mejores planes en Valencia para acabar el verano.","breadcrumb":{"@id":"https:\/\/vlchost.com\/noticias\/los-mejores-planes-en-valencia-para-acabar-el-verano\/#breadcrumb"},"inLanguage":"en-US","potentialAction":[{"@type":"ReadAction","target":["https:\/\/vlchost.com\/noticias\/los-mejores-planes-en-valencia-para-acabar-el-verano\/"]}]},{"@type":"BreadcrumbList","@id":"https:\/\/vlchost.com\/noticias\/los-mejores-planes-en-valencia-para-acabar-el-verano\/#breadcrumb","itemListElement":[{"@type":"ListItem","position":1,"name":"Portada","item":"https:\/\/vlchost.com\/"},{"@type":"ListItem","position":2,"name":"Los mejores planes en Valencia para acabar el verano"}]},{"@type":"WebSite","@id":"https:\/\/vlchost.com\/#website","url":"https:\/\/vlchost.com\/","name":"VLC Host","description":"Alquiler de alojamientos tur\u00edsticos","publisher":{"@id":"https:\/\/vlchost.com\/#organization"},"potentialAction":[{"@type":"SearchAction","target":{"@type":"EntryPoint","urlTemplate":"https:\/\/vlchost.com\/?s={search_term_string}"},"query-input":"required name=search_term_string"}],"inLanguage":"en-US"},{"@type":"Organization","@id":"https:\/\/vlchost.com\/#organization","name":"VLC Host - Nomad Life","url":"https:\/\/vlchost.com\/","logo":{"@type":"ImageObject","inLanguage":"en-US","@id":"https:\/\/vlchost.com\/#\/schema\/logo\/image\/","url":"https:\/\/vlchost.com\/wp-content\/uploads\/cropped-alquiler-apartamentos-VLCHOST.png","contentUrl":"https:\/\/vlchost.com\/wp-content\/uploads\/cropped-alquiler-apartamentos-VLCHOST.png","width":512,"height":512,"caption":"VLC Host - Nomad Life"},"image":{"@id":"https:\/\/vlchost.com\/#\/schema\/logo\/image\/"},"sameAs":["https:\/\/www.facebook.com\/VLCHost.HappyToHostYou","https:\/\/www.instagram.com\/vlchost\/"]},{"@type":"Person","@id":"https:\/\/vlchost.com\/#\/schema\/person\/782a12abb83614fa9849b9497b619679","name":"VCL","image":{"@type":"ImageObject","inLanguage":"en-US","@id":"https:\/\/vlchost.com\/#\/schema\/person\/image\/","url":"https:\/\/secure.gravatar.com\/avatar\/e2154249541e31d72b1e613335475cddc540ebd9e29ec5224763cf04738da599?s=96&d=mm&r=g","contentUrl":"https:\/\/secure.gravatar.com\/avatar\/e2154249541e31d72b1e613335475cddc540ebd9e29ec5224763cf04738da599?s=96&d=mm&r=g","caption":"VCL"},"url":"https:\/\/vlchost.com\/en\/author\/vlchost-user\/"}]}},"_links":{"self":[{"href":"https:\/\/vlchost.com\/en\/wp-json\/wp\/v2\/posts\/5208","targetHints":{"allow":["GET"]}}],"collection":[{"href":"https:\/\/vlchost.com\/en\/wp-json\/wp\/v2\/posts"}],"about":[{"href":"https:\/\/vlchost.com\/en\/wp-json\/wp\/v2\/types\/post"}],"author":[{"embeddable":true,"href":"https:\/\/vlchost.com\/en\/wp-json\/wp\/v2\/users\/4"}],"replies":[{"embeddable":true,"href":"https:\/\/vlchost.com\/en\/wp-json\/wp\/v2\/comments?post=5208"}],"version-history":[{"count":27,"href":"https:\/\/vlchost.com\/en\/wp-json\/wp\/v2\/posts\/5208\/revisions"}],"predecessor-version":[{"id":5402,"href":"https:\/\/vlchost.com\/en\/wp-json\/wp\/v2\/posts\/5208\/revisions\/5402"}],"wp:featuredmedia":[{"embeddable":true,"href":"https:\/\/vlchost.com\/en\/wp-json\/wp\/v2\/media\/5226"}],"wp:attachment":[{"href":"https:\/\/vlchost.com\/en\/wp-json\/wp\/v2\/media?parent=5208"}],"wp:term":[{"taxonomy":"category","embeddable":true,"href":"https:\/\/vlchost.com\/en\/wp-json\/wp\/v2\/categories?post=5208"},{"taxonomy":"post_tag","embeddable":true,"href":"https:\/\/vlchost.com\/en\/wp-json\/wp\/v2\/tags?post=5208"}],"curies":[{"name":"wp","href":"https:\/\/api.w.org\/{rel}","templated":true}]}}