{"id":6406,"date":"2024-01-23T10:16:00","date_gmt":"2024-01-23T09:16:00","guid":{"rendered":"https:\/\/vlchost.com\/?p=6406"},"modified":"2024-01-16T13:18:56","modified_gmt":"2024-01-16T12:18:56","slug":"transporte-publico-en-valencia-una-alternativa-para-desplazarte","status":"publish","type":"post","link":"https:\/\/vlchost.com\/en\/noticias\/transporte-publico-en-valencia-una-alternativa-para-desplazarte\/","title":{"rendered":"Transporte p\u00fablico en Valencia, una alternativa para desplazarte"},"content":{"rendered":"<div data-elementor-type=\"wp-post\" data-elementor-id=\"6406\" class=\"elementor elementor-6406\" data-elementor-post-type=\"post\">\n\t\t\t\t\t\t<section class=\"elementor-section elementor-top-section elementor-element elementor-element-84d6678 elementor-section-boxed elementor-section-height-default elementor-section-height-default\" data-id=\"84d6678\" data-element_type=\"section\">\n\t\t\t\t\t\t<div class=\"elementor-container elementor-column-gap-default\">\n\t\t\t\t\t<div class=\"elementor-column elementor-col-100 elementor-top-column elementor-element elementor-element-ca254d9\" data-id=\"ca254d9\" data-element_type=\"column\">\n\t\t\t<div class=\"elementor-widget-wrap elementor-element-populated\">\n\t\t\t\t\t\t<div class=\"elementor-element elementor-element-23caa5e elementor-widget__width-auto elementor-widget elementor-widget-text-editor\" data-id=\"23caa5e\" data-element_type=\"widget\" data-widget_type=\"text-editor.default\">\n\t\t\t\t<div class=\"elementor-widget-container\">\n\t\t\t<style>\/*! elementor - v3.19.0 - 28-02-2024 *\/\n.elementor-widget-text-editor.elementor-drop-cap-view-stacked .elementor-drop-cap{background-color:#69727d;color:#fff}.elementor-widget-text-editor.elementor-drop-cap-view-framed .elementor-drop-cap{color:#69727d;border:3px solid;background-color:transparent}.elementor-widget-text-editor:not(.elementor-drop-cap-view-default) .elementor-drop-cap{margin-top:8px}.elementor-widget-text-editor:not(.elementor-drop-cap-view-default) .elementor-drop-cap-letter{width:1em;height:1em}.elementor-widget-text-editor .elementor-drop-cap{float:left;text-align:center;line-height:1;font-size:50px}.elementor-widget-text-editor .elementor-drop-cap-letter{display:inline-block}<\/style>\t\t\t\t<p>Sabemos que viajar en transporte p\u00fablico en Valencia puede ser toda una odisea si no conoces la ciudad. Por eso, desde <a href=\"https:\/\/vlchost.com\/en\/\"><strong>VLC Host<\/strong><\/a> te explicamos los tipos de transporte que tienes disponible, las conexiones y cu\u00e1l puede ser la mejor opci\u00f3n en funci\u00f3n de la zona que quieras visitar.<\/p><h2><strong>Viajar en metro, la mejor opci\u00f3n para llegar al centro<\/strong><\/h2><p>Valencia dispone de una <strong>red de v\u00edas subterr\u00e1neas ideales<\/strong> si quieres desplazarte hasta el centro de la ciudad r\u00e1pidamente desde pr\u00e1cticamente cualquier parte.<\/p><p>Esta red se compone <strong>de 6 l\u00edneas de metro <\/strong>que pasan por el centro de la ciudad (paradas \u00c1ngel Guimer\u00e1, X\u00e0tiva y Col\u00f3n):<\/p><ul><li>L\u00ednea 1 (B\u00e9tera \u2013 Villanueva Castell\u00f3n).<\/li><li>L\u00ednea 2 (Ll\u00edria \u2013 Torrent Avinguda).<\/li><li>L\u00ednea 3 (Rafelbunyol \u2013 Aeroport).<\/li><li>L\u00ednea 5 (Mar\u00edtim Serrer\u00eda \u2013 Aeroport).<\/li><li>L\u00ednea 7 (Mar\u00edtim Serrer\u00eda \u2013 Torrent Avinguda).<\/li><li>L\u00ednea 9 (Alboraya Peris Arag\u00f3- Riba-roja de Turia).<\/li><\/ul><p>La frecuencia media de espera es de unos <strong>10 minutos,<\/strong> aunque esto puede variar dependiendo de la franja horaria y d\u00eda de la semana en la que vayas a usar el metro.<\/p><p>Por ello, te recomendamos que consultes los <a href=\"https:\/\/www.metrovalencia.es\/ca\/consulta-horaris-i-planificador\/\"><strong>horarios<\/strong><\/a> y <a href=\"https:\/\/www.metrovalencia.es\/ca\/les-nostres-tarifes-temporals\/\"><strong>tarifas<\/strong><\/a> visitando la web de <a href=\"https:\/\/www.metrovalencia.es\/ca\/\"><strong>Metrovalencia.<\/strong><\/a><\/p><h2><strong>Viajar en autob\u00fas, una elecci\u00f3n m\u00e1s lenta pero efectiva<\/strong><\/h2><p>Si quieres desplazarte desde cualquier zona a la vez que conoces partes de Valencia, quiz\u00e1 el<strong> autob\u00fas urbano <\/strong>sea la opci\u00f3n perfecta para ti.<\/p><p>Existen <strong>23 l\u00edneas de autobuses<\/strong> (4, 6, 7, 8, 9, 10, 11, 12, 14, 16, 18, 19, 23, 24, 25, 26, 27, 28, 30, 31, 32, 40, 60, 62, 63, 67, 70, 71, 72, 73, 81, 92, 93, 95, 98, 99, C1, C2 y C3) repartidas por toda la ciudad funcionando desde <strong>las 6:00 hasta las 22:00 horas<\/strong>. Adem\u00e1s, la frecuencia media de espera es de aproximadamente <strong>12 minutos<\/strong>.<\/p><p>Tienes que saber que tardar\u00e1s un poco m\u00e1s en llegar a tu destino debido al tr\u00e1fico y sem\u00e1foros que hacen la circulaci\u00f3n algo m\u00e1s lenta, pero las vistas privilegiadas que podr\u00e1s descubrir desde la ventana pueden equilibrar la balanza.<\/p><p>Como hemos recomendado anteriormente, puedes consultar horarios y tarifas entrando en <a href=\"https:\/\/www.emtvalencia.es\/ciudadano\/index.php\"><strong>EMT Valencia<\/strong><\/a>.<\/p><h2><strong>El tranv\u00eda, la mejor opci\u00f3n para visitar la zona del Puerto<\/strong><\/h2><p>Uno de los problemas que puedes encontrar en tu visita a Valencia son las conexiones desde el centro de la ciudad hasta el Puerto Mar\u00edtimo. La opci\u00f3n ideal para llegar de forma r\u00e1pida es mediante el tranv\u00eda.<\/p><p>Tambi\u00e9n puedes utilizar este medio para llegar hasta la zona de las universidades o la Ciudad de las Artes y las ciencias.<\/p><p>Actualmente existen 3 l\u00edneas:<\/p><ul><li>L\u00ednea 4 tranv\u00eda (Mas del Rosari \u2013 Dr. Lluch)<\/li><li>L\u00ednea 6 tranv\u00eda (Tossal del Rei \u2013 Mar\u00edtim Serrer\u00eda)<\/li><li>L\u00ednea 8 tranv\u00eda (Mar\u00edtim Serrer\u00eda \u2013 Marina Reial Joan Carles I).<\/li><\/ul><p>\u00a0<\/p><p>No te olvides de consultar los horarios y las tarifas en <a href=\"https:\/\/www.metrovalencia.es\/es\/consulta-de-horarios-y-planificador\/\"><strong>Metrovalencia<\/strong><\/a>.<\/p>\t\t\t\t\t\t<\/div>\n\t\t\t\t<\/div>\n\t\t\t\t<div class=\"elementor-element elementor-element-63dfe17 elementor-widget elementor-widget-image\" data-id=\"63dfe17\" data-element_type=\"widget\" data-widget_type=\"image.default\">\n\t\t\t\t<div class=\"elementor-widget-container\">\n\t\t\t<style>\/*! elementor - v3.19.0 - 28-02-2024 *\/\n.elementor-widget-image{text-align:center}.elementor-widget-image a{display:inline-block}.elementor-widget-image a img[src$=\".svg\"]{width:48px}.elementor-widget-image img{vertical-align:middle;display:inline-block}<\/style>\t\t\t\t\t\t\t\t\t\t<img fetchpriority=\"high\" decoding=\"async\" width=\"1200\" height=\"800\" src=\"https:\/\/vlchost.com\/wp-content\/uploads\/vlc-host-tranvia-valencia.jpg\" class=\"attachment-large size-large wp-image-6410\" alt=\"\" srcset=\"https:\/\/vlchost.com\/wp-content\/uploads\/vlc-host-tranvia-valencia.jpg 1200w, https:\/\/vlchost.com\/wp-content\/uploads\/vlc-host-tranvia-valencia-768x512.jpg 768w, https:\/\/vlchost.com\/wp-content\/uploads\/vlc-host-tranvia-valencia-18x12.jpg 18w\" sizes=\"(max-width: 1200px) 100vw, 1200px\" \/>\t\t\t\t\t\t\t\t\t\t\t\t\t<\/div>\n\t\t\t\t<\/div>\n\t\t\t\t<div class=\"elementor-element elementor-element-f9597da elementor-widget__width-auto elementor-widget elementor-widget-text-editor\" data-id=\"f9597da\" data-element_type=\"widget\" data-widget_type=\"text-editor.default\">\n\t\t\t\t<div class=\"elementor-widget-container\">\n\t\t\t\t\t\t\t<h2>\u00a0<\/h2><h2><strong>Todo lo que debes saber sobre el transporte p\u00fablico en Valencia<\/strong><\/h2><p>Si vas a quedarte varios d\u00edas, te recomendamos que adquieras tu<a href=\"https:\/\/www.visitvalencia.com\/shop\/valencia-tourist-card\"> <strong>Val\u00e8ncia Tourist Card<\/strong><\/a> donde te incluye t\u00edtulos de metro, tren, tranv\u00eda y autob\u00fas urbano y metropolitano durante 1, 2 o 3 d\u00edas, seg\u00fan la opci\u00f3n que elijas. Igualmente, puedes adquirir la <a href=\"https:\/\/atmv.gva.es\/es\/titols-i-tarifes\/titols-i-tarifes\"><strong>tarjeta SUMA<\/strong><\/a> en la que tambi\u00e9n se incluye todo tipo de transportes p\u00fablicos de la ciudad.<\/p><p>Por \u00faltimo, actualmente existe una opci\u00f3n interesante disponible hasta el <strong>31 de julio de 2024,<\/strong> en la cual se obtiene una<strong> reducci\u00f3n parcial temporal del 50%<\/strong> en el importe de los t\u00edtulos de transporte <strong>SUMA 10, SUMA Mensual, SUMA Mensual Jove, t\u00edtulos TuiN y abonos temporales de Metrovalencia<\/strong> que podr\u00e1s adquirir en cualquier centro de <a href=\"https:\/\/www.metrovalencia.es\/es\/atencion-al-cliente\/\"><strong>Atenci\u00f3n al Cliente<\/strong><\/a><strong>.<\/strong><\/p><p>No te olvides de reservar tu estancia con nosotros a trav\u00e9s del +<strong>34 665 158 187<\/strong> o <strong>reservas@vlcinvest.com<\/strong>.<\/p>\t\t\t\t\t\t<\/div>\n\t\t\t\t<\/div>\n\t\t\t\t\t<\/div>\n\t\t<\/div>\n\t\t\t\t\t<\/div>\n\t\t<\/section>\n\t\t\t\t<\/div>","protected":false},"excerpt":{"rendered":"<p>Sabemos que viajar en transporte p\u00fablico en Valencia puede ser toda una odisea si no conoces la ciudad. Por eso, desde VLC Host te explicamos los tipos de transporte que tienes disponible, las conexiones y cu\u00e1l puede ser la mejor opci\u00f3n en funci\u00f3n de la zona que quieras visitar. Viajar en metro, la mejor opci\u00f3n [&hellip;]<\/p>","protected":false},"author":9,"featured_media":6407,"comment_status":"open","ping_status":"open","sticky":false,"template":"","format":"standard","meta":{"footnotes":""},"categories":[16,11],"tags":[27,28,191,190,189,164,29],"class_list":["post-6406","post","type-post","status-publish","format-standard","has-post-thumbnail","hentry","category-cultura","category-noticias","tag-alquilervalencia","tag-apartamentosvalencia","tag-metrovalencia","tag-transportepublico","tag-transportepublicoenvalencia","tag-valenciabonita","tag-visitvalencia"],"yoast_head":"<!-- This site is optimized with the Yoast SEO plugin v21.5 - https:\/\/yoast.com\/wordpress\/plugins\/seo\/ -->\n<title>Transporte p\u00fablico en Valencia, una alternativa para desplazarte<\/title>\n<meta name=\"description\" content=\"\ud83d\ude8e\ud83d\ude86Sabemos que viajar en transporte p\u00fablico en Valencia puede ser toda una aventura si no conoces la ciudad. Conoce la mejor opci\u00f3n para ti.\" \/>\n<meta name=\"robots\" content=\"index, follow, max-snippet:-1, max-image-preview:large, max-video-preview:-1\" \/>\n<link rel=\"canonical\" href=\"https:\/\/vlchost.com\/en\/noticias\/transporte-publico-en-valencia-una-alternativa-para-desplazarte\/\" \/>\n<meta property=\"og:locale\" content=\"en_US\" \/>\n<meta property=\"og:type\" content=\"article\" \/>\n<meta property=\"og:title\" content=\"Transporte p\u00fablico en Valencia, una alternativa para desplazarte\" \/>\n<meta property=\"og:description\" content=\"\ud83d\ude8e\ud83d\ude86Sabemos que viajar en transporte p\u00fablico en Valencia puede ser toda una aventura si no conoces la ciudad. Conoce la mejor opci\u00f3n para ti.\" \/>\n<meta property=\"og:url\" content=\"https:\/\/vlchost.com\/en\/noticias\/transporte-publico-en-valencia-una-alternativa-para-desplazarte\/\" \/>\n<meta property=\"og:site_name\" content=\"VLC Host\" \/>\n<meta property=\"article:publisher\" content=\"https:\/\/www.facebook.com\/VLCHost.HappyToHostYou\" \/>\n<meta property=\"article:published_time\" content=\"2024-01-23T09:16:00+00:00\" \/>\n<meta property=\"article:modified_time\" content=\"2024-01-16T12:18:56+00:00\" \/>\n<meta property=\"og:image\" content=\"https:\/\/vlchost.com\/wp-content\/uploads\/transporte-publico-en-valencia-vlc-host.jpg\" \/>\n\t<meta property=\"og:image:width\" content=\"1200\" \/>\n\t<meta property=\"og:image:height\" content=\"800\" \/>\n\t<meta property=\"og:image:type\" content=\"image\/jpeg\" \/>\n<meta name=\"author\" content=\"Enrique Alfonso\" \/>\n<meta name=\"twitter:card\" content=\"summary_large_image\" \/>\n<meta name=\"twitter:label1\" content=\"Written by\" \/>\n\t<meta name=\"twitter:data1\" content=\"Enrique Alfonso\" \/>\n\t<meta name=\"twitter:label2\" content=\"Est. reading time\" \/>\n\t<meta name=\"twitter:data2\" content=\"3 minutes\" \/>\n<script type=\"application\/ld+json\" class=\"yoast-schema-graph\">{\"@context\":\"https:\/\/schema.org\",\"@graph\":[{\"@type\":\"Article\",\"@id\":\"https:\/\/vlchost.com\/noticias\/transporte-publico-en-valencia-una-alternativa-para-desplazarte\/#article\",\"isPartOf\":{\"@id\":\"https:\/\/vlchost.com\/noticias\/transporte-publico-en-valencia-una-alternativa-para-desplazarte\/\"},\"author\":{\"name\":\"Enrique Alfonso\",\"@id\":\"https:\/\/vlchost.com\/#\/schema\/person\/f349f0d5e759cf4d4d4bad7af06dbb3b\"},\"headline\":\"Transporte p\u00fablico en Valencia, una alternativa para desplazarte\",\"datePublished\":\"2024-01-23T09:16:00+00:00\",\"dateModified\":\"2024-01-16T12:18:56+00:00\",\"mainEntityOfPage\":{\"@id\":\"https:\/\/vlchost.com\/noticias\/transporte-publico-en-valencia-una-alternativa-para-desplazarte\/\"},\"wordCount\":621,\"commentCount\":0,\"publisher\":{\"@id\":\"https:\/\/vlchost.com\/#organization\"},\"keywords\":[\"#alquilervalencia\",\"#apartamentosvalencia\",\"#metrovalencia\",\"#transportep\u00fablico\",\"#transportep\u00fablicoenvalencia\",\"#valenciabonita\",\"#visitvalencia\"],\"articleSection\":[\"Cultura\",\"Noticias\"],\"inLanguage\":\"en-US\"},{\"@type\":\"WebPage\",\"@id\":\"https:\/\/vlchost.com\/noticias\/transporte-publico-en-valencia-una-alternativa-para-desplazarte\/\",\"url\":\"https:\/\/vlchost.com\/noticias\/transporte-publico-en-valencia-una-alternativa-para-desplazarte\/\",\"name\":\"Transporte p\u00fablico en Valencia, una alternativa para desplazarte\",\"isPartOf\":{\"@id\":\"https:\/\/vlchost.com\/#website\"},\"datePublished\":\"2024-01-23T09:16:00+00:00\",\"dateModified\":\"2024-01-16T12:18:56+00:00\",\"description\":\"\ud83d\ude8e\ud83d\ude86Sabemos que viajar en transporte p\u00fablico en Valencia puede ser toda una aventura si no conoces la ciudad. Conoce la mejor opci\u00f3n para ti.\",\"breadcrumb\":{\"@id\":\"https:\/\/vlchost.com\/noticias\/transporte-publico-en-valencia-una-alternativa-para-desplazarte\/#breadcrumb\"},\"inLanguage\":\"en-US\",\"potentialAction\":[{\"@type\":\"ReadAction\",\"target\":[\"https:\/\/vlchost.com\/noticias\/transporte-publico-en-valencia-una-alternativa-para-desplazarte\/\"]}]},{\"@type\":\"BreadcrumbList\",\"@id\":\"https:\/\/vlchost.com\/noticias\/transporte-publico-en-valencia-una-alternativa-para-desplazarte\/#breadcrumb\",\"itemListElement\":[{\"@type\":\"ListItem\",\"position\":1,\"name\":\"Portada\",\"item\":\"https:\/\/vlchost.com\/\"},{\"@type\":\"ListItem\",\"position\":2,\"name\":\"Transporte p\u00fablico en Valencia, una alternativa para desplazarte\"}]},{\"@type\":\"WebSite\",\"@id\":\"https:\/\/vlchost.com\/#website\",\"url\":\"https:\/\/vlchost.com\/\",\"name\":\"VLC Host\",\"description\":\"Alquiler de alojamientos tur\u00edsticos\",\"publisher\":{\"@id\":\"https:\/\/vlchost.com\/#organization\"},\"potentialAction\":[{\"@type\":\"SearchAction\",\"target\":{\"@type\":\"EntryPoint\",\"urlTemplate\":\"https:\/\/vlchost.com\/?s={search_term_string}\"},\"query-input\":\"required name=search_term_string\"}],\"inLanguage\":\"en-US\"},{\"@type\":\"Organization\",\"@id\":\"https:\/\/vlchost.com\/#organization\",\"name\":\"VLC Host - Nomad Life\",\"url\":\"https:\/\/vlchost.com\/\",\"logo\":{\"@type\":\"ImageObject\",\"inLanguage\":\"en-US\",\"@id\":\"https:\/\/vlchost.com\/#\/schema\/logo\/image\/\",\"url\":\"https:\/\/vlchost.com\/wp-content\/uploads\/cropped-alquiler-apartamentos-VLCHOST.png\",\"contentUrl\":\"https:\/\/vlchost.com\/wp-content\/uploads\/cropped-alquiler-apartamentos-VLCHOST.png\",\"width\":512,\"height\":512,\"caption\":\"VLC Host - Nomad Life\"},\"image\":{\"@id\":\"https:\/\/vlchost.com\/#\/schema\/logo\/image\/\"},\"sameAs\":[\"https:\/\/www.facebook.com\/VLCHost.HappyToHostYou\",\"https:\/\/www.instagram.com\/vlchost\/\"]},{\"@type\":\"Person\",\"@id\":\"https:\/\/vlchost.com\/#\/schema\/person\/f349f0d5e759cf4d4d4bad7af06dbb3b\",\"name\":\"Enrique Alfonso\",\"image\":{\"@type\":\"ImageObject\",\"inLanguage\":\"en-US\",\"@id\":\"https:\/\/vlchost.com\/#\/schema\/person\/image\/\",\"url\":\"https:\/\/secure.gravatar.com\/avatar\/650d8b6f04ac734b6c9f43969e515dac790cc8b20fd299d2ca715bbc654ac4dc?s=96&d=mm&r=g\",\"contentUrl\":\"https:\/\/secure.gravatar.com\/avatar\/650d8b6f04ac734b6c9f43969e515dac790cc8b20fd299d2ca715bbc654ac4dc?s=96&d=mm&r=g\",\"caption\":\"Enrique Alfonso\"},\"url\":\"https:\/\/vlchost.com\/en\/author\/enrique\/\"}]}<\/script>\n<!-- \/ Yoast SEO plugin. -->","yoast_head_json":{"title":"Transporte p\u00fablico en Valencia, una alternativa para desplazarte","description":"\ud83d\ude8e\ud83d\ude86Sabemos que viajar en transporte p\u00fablico en Valencia puede ser toda una aventura si no conoces la ciudad. Conoce la mejor opci\u00f3n para ti.","robots":{"index":"index","follow":"follow","max-snippet":"max-snippet:-1","max-image-preview":"max-image-preview:large","max-video-preview":"max-video-preview:-1"},"canonical":"https:\/\/vlchost.com\/en\/noticias\/transporte-publico-en-valencia-una-alternativa-para-desplazarte\/","og_locale":"en_US","og_type":"article","og_title":"Transporte p\u00fablico en Valencia, una alternativa para desplazarte","og_description":"\ud83d\ude8e\ud83d\ude86Sabemos que viajar en transporte p\u00fablico en Valencia puede ser toda una aventura si no conoces la ciudad. Conoce la mejor opci\u00f3n para ti.","og_url":"https:\/\/vlchost.com\/en\/noticias\/transporte-publico-en-valencia-una-alternativa-para-desplazarte\/","og_site_name":"VLC Host","article_publisher":"https:\/\/www.facebook.com\/VLCHost.HappyToHostYou","article_published_time":"2024-01-23T09:16:00+00:00","article_modified_time":"2024-01-16T12:18:56+00:00","og_image":[{"width":1200,"height":800,"url":"https:\/\/vlchost.com\/wp-content\/uploads\/transporte-publico-en-valencia-vlc-host.jpg","type":"image\/jpeg"}],"author":"Enrique Alfonso","twitter_card":"summary_large_image","twitter_misc":{"Written by":"Enrique Alfonso","Est. reading time":"3 minutes"},"schema":{"@context":"https:\/\/schema.org","@graph":[{"@type":"Article","@id":"https:\/\/vlchost.com\/noticias\/transporte-publico-en-valencia-una-alternativa-para-desplazarte\/#article","isPartOf":{"@id":"https:\/\/vlchost.com\/noticias\/transporte-publico-en-valencia-una-alternativa-para-desplazarte\/"},"author":{"name":"Enrique Alfonso","@id":"https:\/\/vlchost.com\/#\/schema\/person\/f349f0d5e759cf4d4d4bad7af06dbb3b"},"headline":"Transporte p\u00fablico en Valencia, una alternativa para desplazarte","datePublished":"2024-01-23T09:16:00+00:00","dateModified":"2024-01-16T12:18:56+00:00","mainEntityOfPage":{"@id":"https:\/\/vlchost.com\/noticias\/transporte-publico-en-valencia-una-alternativa-para-desplazarte\/"},"wordCount":621,"commentCount":0,"publisher":{"@id":"https:\/\/vlchost.com\/#organization"},"keywords":["#alquilervalencia","#apartamentosvalencia","#metrovalencia","#transportep\u00fablico","#transportep\u00fablicoenvalencia","#valenciabonita","#visitvalencia"],"articleSection":["Cultura","Noticias"],"inLanguage":"en-US"},{"@type":"WebPage","@id":"https:\/\/vlchost.com\/noticias\/transporte-publico-en-valencia-una-alternativa-para-desplazarte\/","url":"https:\/\/vlchost.com\/noticias\/transporte-publico-en-valencia-una-alternativa-para-desplazarte\/","name":"Transporte p\u00fablico en Valencia, una alternativa para desplazarte","isPartOf":{"@id":"https:\/\/vlchost.com\/#website"},"datePublished":"2024-01-23T09:16:00+00:00","dateModified":"2024-01-16T12:18:56+00:00","description":"\ud83d\ude8e\ud83d\ude86Sabemos que viajar en transporte p\u00fablico en Valencia puede ser toda una aventura si no conoces la ciudad. Conoce la mejor opci\u00f3n para ti.","breadcrumb":{"@id":"https:\/\/vlchost.com\/noticias\/transporte-publico-en-valencia-una-alternativa-para-desplazarte\/#breadcrumb"},"inLanguage":"en-US","potentialAction":[{"@type":"ReadAction","target":["https:\/\/vlchost.com\/noticias\/transporte-publico-en-valencia-una-alternativa-para-desplazarte\/"]}]},{"@type":"BreadcrumbList","@id":"https:\/\/vlchost.com\/noticias\/transporte-publico-en-valencia-una-alternativa-para-desplazarte\/#breadcrumb","itemListElement":[{"@type":"ListItem","position":1,"name":"Portada","item":"https:\/\/vlchost.com\/"},{"@type":"ListItem","position":2,"name":"Transporte p\u00fablico en Valencia, una alternativa para desplazarte"}]},{"@type":"WebSite","@id":"https:\/\/vlchost.com\/#website","url":"https:\/\/vlchost.com\/","name":"VLC Host","description":"Alquiler de alojamientos tur\u00edsticos","publisher":{"@id":"https:\/\/vlchost.com\/#organization"},"potentialAction":[{"@type":"SearchAction","target":{"@type":"EntryPoint","urlTemplate":"https:\/\/vlchost.com\/?s={search_term_string}"},"query-input":"required name=search_term_string"}],"inLanguage":"en-US"},{"@type":"Organization","@id":"https:\/\/vlchost.com\/#organization","name":"VLC Host - Nomad Life","url":"https:\/\/vlchost.com\/","logo":{"@type":"ImageObject","inLanguage":"en-US","@id":"https:\/\/vlchost.com\/#\/schema\/logo\/image\/","url":"https:\/\/vlchost.com\/wp-content\/uploads\/cropped-alquiler-apartamentos-VLCHOST.png","contentUrl":"https:\/\/vlchost.com\/wp-content\/uploads\/cropped-alquiler-apartamentos-VLCHOST.png","width":512,"height":512,"caption":"VLC Host - Nomad Life"},"image":{"@id":"https:\/\/vlchost.com\/#\/schema\/logo\/image\/"},"sameAs":["https:\/\/www.facebook.com\/VLCHost.HappyToHostYou","https:\/\/www.instagram.com\/vlchost\/"]},{"@type":"Person","@id":"https:\/\/vlchost.com\/#\/schema\/person\/f349f0d5e759cf4d4d4bad7af06dbb3b","name":"Enrique Alfonso","image":{"@type":"ImageObject","inLanguage":"en-US","@id":"https:\/\/vlchost.com\/#\/schema\/person\/image\/","url":"https:\/\/secure.gravatar.com\/avatar\/650d8b6f04ac734b6c9f43969e515dac790cc8b20fd299d2ca715bbc654ac4dc?s=96&d=mm&r=g","contentUrl":"https:\/\/secure.gravatar.com\/avatar\/650d8b6f04ac734b6c9f43969e515dac790cc8b20fd299d2ca715bbc654ac4dc?s=96&d=mm&r=g","caption":"Enrique Alfonso"},"url":"https:\/\/vlchost.com\/en\/author\/enrique\/"}]}},"_links":{"self":[{"href":"https:\/\/vlchost.com\/en\/wp-json\/wp\/v2\/posts\/6406","targetHints":{"allow":["GET"]}}],"collection":[{"href":"https:\/\/vlchost.com\/en\/wp-json\/wp\/v2\/posts"}],"about":[{"href":"https:\/\/vlchost.com\/en\/wp-json\/wp\/v2\/types\/post"}],"author":[{"embeddable":true,"href":"https:\/\/vlchost.com\/en\/wp-json\/wp\/v2\/users\/9"}],"replies":[{"embeddable":true,"href":"https:\/\/vlchost.com\/en\/wp-json\/wp\/v2\/comments?post=6406"}],"version-history":[{"count":5,"href":"https:\/\/vlchost.com\/en\/wp-json\/wp\/v2\/posts\/6406\/revisions"}],"predecessor-version":[{"id":6413,"href":"https:\/\/vlchost.com\/en\/wp-json\/wp\/v2\/posts\/6406\/revisions\/6413"}],"wp:featuredmedia":[{"embeddable":true,"href":"https:\/\/vlchost.com\/en\/wp-json\/wp\/v2\/media\/6407"}],"wp:attachment":[{"href":"https:\/\/vlchost.com\/en\/wp-json\/wp\/v2\/media?parent=6406"}],"wp:term":[{"taxonomy":"category","embeddable":true,"href":"https:\/\/vlchost.com\/en\/wp-json\/wp\/v2\/categories?post=6406"},{"taxonomy":"post_tag","embeddable":true,"href":"https:\/\/vlchost.com\/en\/wp-json\/wp\/v2\/tags?post=6406"}],"curies":[{"name":"wp","href":"https:\/\/api.w.org\/{rel}","templated":true}]}}