{"id":6474,"date":"2024-02-13T10:00:00","date_gmt":"2024-02-13T09:00:00","guid":{"rendered":"https:\/\/vlchost.com\/?p=6474"},"modified":"2024-03-11T19:09:27","modified_gmt":"2024-03-11T18:09:27","slug":"5-terrazas-para-ver-la-mascleta-estas-fallas","status":"publish","type":"post","link":"https:\/\/vlchost.com\/en\/noticias\/5-terrazas-para-ver-la-mascleta-estas-fallas\/","title":{"rendered":"5 terrazas para ver la Mascleta estas fallas"},"content":{"rendered":"<div data-elementor-type=\"wp-post\" data-elementor-id=\"6474\" class=\"elementor elementor-6474\" data-elementor-post-type=\"post\">\n\t\t\t\t\t\t<section class=\"elementor-section elementor-top-section elementor-element elementor-element-84d6678 elementor-section-boxed elementor-section-height-default elementor-section-height-default\" data-id=\"84d6678\" data-element_type=\"section\">\n\t\t\t\t\t\t<div class=\"elementor-container elementor-column-gap-default\">\n\t\t\t\t\t<div class=\"elementor-column elementor-col-100 elementor-top-column elementor-element elementor-element-ca254d9\" data-id=\"ca254d9\" data-element_type=\"column\">\n\t\t\t<div class=\"elementor-widget-wrap elementor-element-populated\">\n\t\t\t\t\t\t<div class=\"elementor-element elementor-element-23caa5e elementor-widget__width-auto elementor-widget elementor-widget-text-editor\" data-id=\"23caa5e\" data-element_type=\"widget\" data-widget_type=\"text-editor.default\">\n\t\t\t\t<div class=\"elementor-widget-container\">\n\t\t\t<style>\/*! elementor - v3.19.0 - 28-02-2024 *\/\n.elementor-widget-text-editor.elementor-drop-cap-view-stacked .elementor-drop-cap{background-color:#69727d;color:#fff}.elementor-widget-text-editor.elementor-drop-cap-view-framed .elementor-drop-cap{color:#69727d;border:3px solid;background-color:transparent}.elementor-widget-text-editor:not(.elementor-drop-cap-view-default) .elementor-drop-cap{margin-top:8px}.elementor-widget-text-editor:not(.elementor-drop-cap-view-default) .elementor-drop-cap-letter{width:1em;height:1em}.elementor-widget-text-editor .elementor-drop-cap{float:left;text-align:center;line-height:1;font-size:50px}.elementor-widget-text-editor .elementor-drop-cap-letter{display:inline-block}<\/style>\t\t\t\t<p>\u00bfVas a pasar tus vacaciones en Valencia y quieres reservar en alguna de las mejores terrazas para ver la mascleta estas fallas? Entonces puede que este art\u00edculo te interese. Descubre los lugares m\u00e1s top para disfrutar del espect\u00e1culo de pirotecnia m\u00e1s emocionante de Espa\u00f1a.\u00a0<\/p><div><h2><strong>Mirador Plaza del Ayuntamiento<\/strong><\/h2><p>Podr\u00e1s disfrutar de las masclet\u00e0s valencianas desde el <a href=\"https:\/\/visitvalencia.tixalia.com\/balcon-mascleta-ayuntamiento-2\"><strong>Mirador de la Plaza del Ayuntamiento<\/strong><\/a>, un enclave maravilloso situado en el edificio n\u00ba8 de la Plaza del Ayuntamiento disponible desde las 12:30 h hasta las 14:30 h. Disfruta de una amplia variedad de sabores con su <strong>rico catering<\/strong> mientras presencias el espect\u00e1culo pirot\u00e9cnico.<\/p><p>\u00a1No te quedes sin tu entrada para asistir a uno de los actos m\u00e1s esperados por los valencianos!<\/p><p>\ud83d\udccd Plaza Ayuntamiento 2, Piso n\u00ba8 puerta 18\u00aa.<\/p><h2><strong>Atenea Sky, una de las terrazas para ver la Mascelta<\/strong><\/h2><p><a href=\"https:\/\/ateneasky.com\/fallas24\/#calendar@2024-03\"><strong>Atenea Sky<\/strong><\/a> te invita a disfrutar de las fallas desde el cielo. La \u00faltima planta del edificio <strong>Ateneo Mercantil<\/strong> se transforma, del 1 al 19 de marzo, en un balc\u00f3n ideal para ver la masclet\u00e0. Con m\u00e1s de <strong>400 m2<\/strong> de espacio al aire libre y zona interior, Atenea Sky ofrece una localizaci\u00f3n \u00fanica con vistas 360.<\/p><p>Consulta en su web horarios y precios y reserva tu entrada.<\/p><p>\ud83d\udccd C\/ de Morat\u00edn, 12, Ciutat Vella, 46002 Val\u00e8ncia, Valencia.<\/p><h2><strong>Espacio Naranja<\/strong><\/h2><p>Durante el mes de marzo podr\u00e1s alquilar <a href=\"https:\/\/balconesmascletas.com\/producto\/espacio-naranja-a\/\"><strong>Espacio Naranja<\/strong><\/a>, un despacho exclusivo de <strong>60 m2 <\/strong>compuesto por dos salas (A y B) y una <strong>zona com\u00fan <\/strong>con una capacidad m\u00e1xima de unas 15 personas por sala. \u00a0Adem\u00e1s, puedes alquilar las dos zonas (A y B) conjuntamente o por separado, en funci\u00f3n de la cantidad de espacio que necesites.<\/p><p>Lo mejor de este lugar son sus amplios ventanales con espectaculares vistas a la Plaza del Ayuntamiento que te ofrecer\u00e1n una imagen privilegiada de la Masclet\u00e0.<\/p><p>\ud83d\udccd Plaza del Ayuntamiento.<\/p><\/div>\t\t\t\t\t\t<\/div>\n\t\t\t\t<\/div>\n\t\t\t\t<div class=\"elementor-element elementor-element-63dfe17 elementor-widget elementor-widget-image\" data-id=\"63dfe17\" data-element_type=\"widget\" data-widget_type=\"image.default\">\n\t\t\t\t<div class=\"elementor-widget-container\">\n\t\t\t<style>\/*! elementor - v3.19.0 - 28-02-2024 *\/\n.elementor-widget-image{text-align:center}.elementor-widget-image a{display:inline-block}.elementor-widget-image a img[src$=\".svg\"]{width:48px}.elementor-widget-image img{vertical-align:middle;display:inline-block}<\/style>\t\t\t\t\t\t\t\t\t\t<img fetchpriority=\"high\" decoding=\"async\" width=\"1200\" height=\"800\" src=\"https:\/\/vlchost.com\/wp-content\/uploads\/vlc-host-mascleta-fallas-valencia.jpg\" class=\"attachment-large size-large wp-image-6481\" alt=\"mascleta-en-valencia-vlc-host\" srcset=\"https:\/\/vlchost.com\/wp-content\/uploads\/vlc-host-mascleta-fallas-valencia.jpg 1200w, https:\/\/vlchost.com\/wp-content\/uploads\/vlc-host-mascleta-fallas-valencia-768x512.jpg 768w, https:\/\/vlchost.com\/wp-content\/uploads\/vlc-host-mascleta-fallas-valencia-18x12.jpg 18w\" sizes=\"(max-width: 1200px) 100vw, 1200px\" \/>\t\t\t\t\t\t\t\t\t\t\t\t\t<\/div>\n\t\t\t\t<\/div>\n\t\t\t\t<div class=\"elementor-element elementor-element-f9597da elementor-widget__width-auto elementor-widget elementor-widget-text-editor\" data-id=\"f9597da\" data-element_type=\"widget\" data-widget_type=\"text-editor.default\">\n\t\t\t\t<div class=\"elementor-widget-container\">\n\t\t\t\t\t\t\t<h2>\u00a0<\/h2><h2><strong>Espacio L\u2019Alqueria <\/strong><\/h2><p>Otro lugar que puedes reservar durante las fallas es <a href=\"https:\/\/balconesmascletas.com\/producto\/espacio-lalqueria-sala-balcon\/\"><strong>Espacio L\u2019Alqueria<\/strong><\/a>, una amplia y elegante sala con techos altos, suelos de cer\u00e1mica valenciana tradicional y un amplio balc\u00f3n con una capacidad total de entre <strong>40 y 45 plazas. <\/strong><\/p><p>\u00a1Reserva ya este espacio y acude a uno de los actos m\u00e1s multitudinarios y emocionantes de Valencia!<\/p><p>\ud83d\udccd Plaza del Ayuntamiento n\u00ba 2 Piso 3.<\/p><p><strong>\u00a0<\/strong><\/p><h2><strong>Espacio El Cielo<\/strong><\/h2><p>\u00bfQuieres disfrutar de la mascleta \u00fanica en un lugar privilegiado? Reserva en <a href=\"https:\/\/balconesmascletas.com\/producto\/espacio-el-cielo\/\"><strong>Espacio El Cielo<\/strong><\/a>, un lugar reci\u00e9n reformado con un aire moderno que dispone de un hall de entrada, una amplia zona luminosa y una terraza exterior. Este espacio tiene un total de <strong>80 m2<\/strong> y puede albergar hasta <strong>22 personas<\/strong>.<\/p><p>Qu\u00e9 mejor lugar para escuchar la esperada frase<em> \u201csenyor pirot\u00e8cnic\u2026 pot comen\u00e7ar la masclet\u00e0\u201d<\/em>, que en este lugar exclusivo.<\/p><p>\ud83d\udccd Plaza del Ayuntamiento.<\/p><h2>Vive las fallas en VLC Host<\/h2><p>\u00bfHas alquilado una terraza para ver la masclet\u00e0 y necesitas un lugar donde alojarte estas Fallas? Reserva con <a href=\"https:\/\/vlchost.com\/en\/\"><strong>VLC Host<\/strong><\/a> llamando al <strong>+34 665 158 187<\/strong> o escribiendo a <strong><a href=\"mailto:reservas@vlcinvest.com\">reservas@vlcinvest.com.<\/a>\u00a0<\/strong><\/p>\t\t\t\t\t\t<\/div>\n\t\t\t\t<\/div>\n\t\t\t\t\t<\/div>\n\t\t<\/div>\n\t\t\t\t\t<\/div>\n\t\t<\/section>\n\t\t\t\t<\/div>","protected":false},"excerpt":{"rendered":"<p>\u00bfVas a pasar tus vacaciones en Valencia y quieres reservar en alguna de las mejores terrazas para ver la mascleta estas fallas? Entonces puede que este art\u00edculo te interese. Descubre los lugares m\u00e1s top para disfrutar del espect\u00e1culo de pirotecnia m\u00e1s emocionante de Espa\u00f1a.\u00a0 Mirador Plaza del Ayuntamiento Podr\u00e1s disfrutar de las masclet\u00e0s valencianas desde [&hellip;]<\/p>","protected":false},"author":9,"featured_media":6475,"comment_status":"open","ping_status":"open","sticky":false,"template":"","format":"standard","meta":{"footnotes":""},"categories":[16,11],"tags":[27,28,205,208,207,164,206,29,59],"class_list":["post-6474","post","type-post","status-publish","format-standard","has-post-thumbnail","hentry","category-cultura","category-noticias","tag-alquilervalencia","tag-apartamentosvalencia","tag-fallas2024","tag-mascleta","tag-terrazasparaverlamascleta","tag-valenciabonita","tag-valenciaenfallas","tag-visitvalencia","tag-vlchost"],"yoast_head":"<!-- This site is optimized with the Yoast SEO plugin v21.5 - https:\/\/yoast.com\/wordpress\/plugins\/seo\/ -->\n<title>5 terrazas para ver la Mascleta estas fallas<\/title>\n<meta name=\"description\" content=\"\ud83e\udde8Conoce las mejores terrazas para ver la Mascleta estas fallas en Valencia. Disfruta del espect\u00e1culo pirot\u00e9cnico m\u00e1s emocionante de Espa\u00f1a.\" \/>\n<meta name=\"robots\" content=\"index, follow, max-snippet:-1, max-image-preview:large, max-video-preview:-1\" \/>\n<link rel=\"canonical\" href=\"https:\/\/vlchost.com\/en\/noticias\/5-terrazas-para-ver-la-mascleta-estas-fallas\/\" \/>\n<meta property=\"og:locale\" content=\"en_US\" \/>\n<meta property=\"og:type\" content=\"article\" \/>\n<meta property=\"og:title\" content=\"5 terrazas para ver la Mascleta estas fallas\" \/>\n<meta property=\"og:description\" content=\"\ud83e\udde8Conoce las mejores terrazas para ver la Mascleta estas fallas en Valencia. Disfruta del espect\u00e1culo pirot\u00e9cnico m\u00e1s emocionante de Espa\u00f1a.\" \/>\n<meta property=\"og:url\" content=\"https:\/\/vlchost.com\/en\/noticias\/5-terrazas-para-ver-la-mascleta-estas-fallas\/\" \/>\n<meta property=\"og:site_name\" content=\"VLC Host\" \/>\n<meta property=\"article:publisher\" content=\"https:\/\/www.facebook.com\/VLCHost.HappyToHostYou\" \/>\n<meta property=\"article:published_time\" content=\"2024-02-13T09:00:00+00:00\" \/>\n<meta property=\"article:modified_time\" content=\"2024-03-11T18:09:27+00:00\" \/>\n<meta property=\"og:image\" content=\"https:\/\/vlchost.com\/wp-content\/uploads\/vlc-host-terrazas-para-ver-la-mascleta-valencia.jpg\" \/>\n\t<meta property=\"og:image:width\" content=\"1200\" \/>\n\t<meta property=\"og:image:height\" content=\"800\" \/>\n\t<meta property=\"og:image:type\" content=\"image\/jpeg\" \/>\n<meta name=\"author\" content=\"Enrique Alfonso\" \/>\n<meta name=\"twitter:card\" content=\"summary_large_image\" \/>\n<meta name=\"twitter:label1\" content=\"Written by\" \/>\n\t<meta name=\"twitter:data1\" content=\"Enrique Alfonso\" \/>\n\t<meta name=\"twitter:label2\" content=\"Est. reading time\" \/>\n\t<meta name=\"twitter:data2\" content=\"4 minutes\" \/>\n<script type=\"application\/ld+json\" class=\"yoast-schema-graph\">{\"@context\":\"https:\/\/schema.org\",\"@graph\":[{\"@type\":\"Article\",\"@id\":\"https:\/\/vlchost.com\/noticias\/5-terrazas-para-ver-la-mascleta-estas-fallas\/#article\",\"isPartOf\":{\"@id\":\"https:\/\/vlchost.com\/noticias\/5-terrazas-para-ver-la-mascleta-estas-fallas\/\"},\"author\":{\"name\":\"Enrique Alfonso\",\"@id\":\"https:\/\/vlchost.com\/#\/schema\/person\/f349f0d5e759cf4d4d4bad7af06dbb3b\"},\"headline\":\"5 terrazas para ver la Mascleta estas fallas\",\"datePublished\":\"2024-02-13T09:00:00+00:00\",\"dateModified\":\"2024-03-11T18:09:27+00:00\",\"mainEntityOfPage\":{\"@id\":\"https:\/\/vlchost.com\/noticias\/5-terrazas-para-ver-la-mascleta-estas-fallas\/\"},\"wordCount\":494,\"commentCount\":0,\"publisher\":{\"@id\":\"https:\/\/vlchost.com\/#organization\"},\"keywords\":[\"#alquilervalencia\",\"#apartamentosvalencia\",\"#fallas2024\",\"#masclet\u00e0\",\"#terrazasparaverlamascleta\",\"#valenciabonita\",\"#valenciaenfallas\",\"#visitvalencia\",\"#vlchost\"],\"articleSection\":[\"Cultura\",\"Noticias\"],\"inLanguage\":\"en-US\"},{\"@type\":\"WebPage\",\"@id\":\"https:\/\/vlchost.com\/noticias\/5-terrazas-para-ver-la-mascleta-estas-fallas\/\",\"url\":\"https:\/\/vlchost.com\/noticias\/5-terrazas-para-ver-la-mascleta-estas-fallas\/\",\"name\":\"5 terrazas para ver la Mascleta estas fallas\",\"isPartOf\":{\"@id\":\"https:\/\/vlchost.com\/#website\"},\"datePublished\":\"2024-02-13T09:00:00+00:00\",\"dateModified\":\"2024-03-11T18:09:27+00:00\",\"description\":\"\ud83e\udde8Conoce las mejores terrazas para ver la Mascleta estas fallas en Valencia. Disfruta del espect\u00e1culo pirot\u00e9cnico m\u00e1s emocionante de Espa\u00f1a.\",\"breadcrumb\":{\"@id\":\"https:\/\/vlchost.com\/noticias\/5-terrazas-para-ver-la-mascleta-estas-fallas\/#breadcrumb\"},\"inLanguage\":\"en-US\",\"potentialAction\":[{\"@type\":\"ReadAction\",\"target\":[\"https:\/\/vlchost.com\/noticias\/5-terrazas-para-ver-la-mascleta-estas-fallas\/\"]}]},{\"@type\":\"BreadcrumbList\",\"@id\":\"https:\/\/vlchost.com\/noticias\/5-terrazas-para-ver-la-mascleta-estas-fallas\/#breadcrumb\",\"itemListElement\":[{\"@type\":\"ListItem\",\"position\":1,\"name\":\"Portada\",\"item\":\"https:\/\/vlchost.com\/\"},{\"@type\":\"ListItem\",\"position\":2,\"name\":\"5 terrazas para ver la Mascleta estas fallas\"}]},{\"@type\":\"WebSite\",\"@id\":\"https:\/\/vlchost.com\/#website\",\"url\":\"https:\/\/vlchost.com\/\",\"name\":\"VLC Host\",\"description\":\"Alquiler de alojamientos tur\u00edsticos\",\"publisher\":{\"@id\":\"https:\/\/vlchost.com\/#organization\"},\"potentialAction\":[{\"@type\":\"SearchAction\",\"target\":{\"@type\":\"EntryPoint\",\"urlTemplate\":\"https:\/\/vlchost.com\/?s={search_term_string}\"},\"query-input\":\"required name=search_term_string\"}],\"inLanguage\":\"en-US\"},{\"@type\":\"Organization\",\"@id\":\"https:\/\/vlchost.com\/#organization\",\"name\":\"VLC Host - Nomad Life\",\"url\":\"https:\/\/vlchost.com\/\",\"logo\":{\"@type\":\"ImageObject\",\"inLanguage\":\"en-US\",\"@id\":\"https:\/\/vlchost.com\/#\/schema\/logo\/image\/\",\"url\":\"https:\/\/vlchost.com\/wp-content\/uploads\/cropped-alquiler-apartamentos-VLCHOST.png\",\"contentUrl\":\"https:\/\/vlchost.com\/wp-content\/uploads\/cropped-alquiler-apartamentos-VLCHOST.png\",\"width\":512,\"height\":512,\"caption\":\"VLC Host - Nomad Life\"},\"image\":{\"@id\":\"https:\/\/vlchost.com\/#\/schema\/logo\/image\/\"},\"sameAs\":[\"https:\/\/www.facebook.com\/VLCHost.HappyToHostYou\",\"https:\/\/www.instagram.com\/vlchost\/\"]},{\"@type\":\"Person\",\"@id\":\"https:\/\/vlchost.com\/#\/schema\/person\/f349f0d5e759cf4d4d4bad7af06dbb3b\",\"name\":\"Enrique Alfonso\",\"image\":{\"@type\":\"ImageObject\",\"inLanguage\":\"en-US\",\"@id\":\"https:\/\/vlchost.com\/#\/schema\/person\/image\/\",\"url\":\"https:\/\/secure.gravatar.com\/avatar\/650d8b6f04ac734b6c9f43969e515dac790cc8b20fd299d2ca715bbc654ac4dc?s=96&d=mm&r=g\",\"contentUrl\":\"https:\/\/secure.gravatar.com\/avatar\/650d8b6f04ac734b6c9f43969e515dac790cc8b20fd299d2ca715bbc654ac4dc?s=96&d=mm&r=g\",\"caption\":\"Enrique Alfonso\"},\"url\":\"https:\/\/vlchost.com\/en\/author\/enrique\/\"}]}<\/script>\n<!-- \/ Yoast SEO plugin. -->","yoast_head_json":{"title":"5 terrazas para ver la Mascleta estas fallas","description":"\ud83e\udde8Conoce las mejores terrazas para ver la Mascleta estas fallas en Valencia. Disfruta del espect\u00e1culo pirot\u00e9cnico m\u00e1s emocionante de Espa\u00f1a.","robots":{"index":"index","follow":"follow","max-snippet":"max-snippet:-1","max-image-preview":"max-image-preview:large","max-video-preview":"max-video-preview:-1"},"canonical":"https:\/\/vlchost.com\/en\/noticias\/5-terrazas-para-ver-la-mascleta-estas-fallas\/","og_locale":"en_US","og_type":"article","og_title":"5 terrazas para ver la Mascleta estas fallas","og_description":"\ud83e\udde8Conoce las mejores terrazas para ver la Mascleta estas fallas en Valencia. Disfruta del espect\u00e1culo pirot\u00e9cnico m\u00e1s emocionante de Espa\u00f1a.","og_url":"https:\/\/vlchost.com\/en\/noticias\/5-terrazas-para-ver-la-mascleta-estas-fallas\/","og_site_name":"VLC Host","article_publisher":"https:\/\/www.facebook.com\/VLCHost.HappyToHostYou","article_published_time":"2024-02-13T09:00:00+00:00","article_modified_time":"2024-03-11T18:09:27+00:00","og_image":[{"width":1200,"height":800,"url":"https:\/\/vlchost.com\/wp-content\/uploads\/vlc-host-terrazas-para-ver-la-mascleta-valencia.jpg","type":"image\/jpeg"}],"author":"Enrique Alfonso","twitter_card":"summary_large_image","twitter_misc":{"Written by":"Enrique Alfonso","Est. reading time":"4 minutes"},"schema":{"@context":"https:\/\/schema.org","@graph":[{"@type":"Article","@id":"https:\/\/vlchost.com\/noticias\/5-terrazas-para-ver-la-mascleta-estas-fallas\/#article","isPartOf":{"@id":"https:\/\/vlchost.com\/noticias\/5-terrazas-para-ver-la-mascleta-estas-fallas\/"},"author":{"name":"Enrique Alfonso","@id":"https:\/\/vlchost.com\/#\/schema\/person\/f349f0d5e759cf4d4d4bad7af06dbb3b"},"headline":"5 terrazas para ver la Mascleta estas fallas","datePublished":"2024-02-13T09:00:00+00:00","dateModified":"2024-03-11T18:09:27+00:00","mainEntityOfPage":{"@id":"https:\/\/vlchost.com\/noticias\/5-terrazas-para-ver-la-mascleta-estas-fallas\/"},"wordCount":494,"commentCount":0,"publisher":{"@id":"https:\/\/vlchost.com\/#organization"},"keywords":["#alquilervalencia","#apartamentosvalencia","#fallas2024","#masclet\u00e0","#terrazasparaverlamascleta","#valenciabonita","#valenciaenfallas","#visitvalencia","#vlchost"],"articleSection":["Cultura","Noticias"],"inLanguage":"en-US"},{"@type":"WebPage","@id":"https:\/\/vlchost.com\/noticias\/5-terrazas-para-ver-la-mascleta-estas-fallas\/","url":"https:\/\/vlchost.com\/noticias\/5-terrazas-para-ver-la-mascleta-estas-fallas\/","name":"5 terrazas para ver la Mascleta estas fallas","isPartOf":{"@id":"https:\/\/vlchost.com\/#website"},"datePublished":"2024-02-13T09:00:00+00:00","dateModified":"2024-03-11T18:09:27+00:00","description":"\ud83e\udde8Conoce las mejores terrazas para ver la Mascleta estas fallas en Valencia. Disfruta del espect\u00e1culo pirot\u00e9cnico m\u00e1s emocionante de Espa\u00f1a.","breadcrumb":{"@id":"https:\/\/vlchost.com\/noticias\/5-terrazas-para-ver-la-mascleta-estas-fallas\/#breadcrumb"},"inLanguage":"en-US","potentialAction":[{"@type":"ReadAction","target":["https:\/\/vlchost.com\/noticias\/5-terrazas-para-ver-la-mascleta-estas-fallas\/"]}]},{"@type":"BreadcrumbList","@id":"https:\/\/vlchost.com\/noticias\/5-terrazas-para-ver-la-mascleta-estas-fallas\/#breadcrumb","itemListElement":[{"@type":"ListItem","position":1,"name":"Portada","item":"https:\/\/vlchost.com\/"},{"@type":"ListItem","position":2,"name":"5 terrazas para ver la Mascleta estas fallas"}]},{"@type":"WebSite","@id":"https:\/\/vlchost.com\/#website","url":"https:\/\/vlchost.com\/","name":"VLC Host","description":"Alquiler de alojamientos tur\u00edsticos","publisher":{"@id":"https:\/\/vlchost.com\/#organization"},"potentialAction":[{"@type":"SearchAction","target":{"@type":"EntryPoint","urlTemplate":"https:\/\/vlchost.com\/?s={search_term_string}"},"query-input":"required name=search_term_string"}],"inLanguage":"en-US"},{"@type":"Organization","@id":"https:\/\/vlchost.com\/#organization","name":"VLC Host - Nomad Life","url":"https:\/\/vlchost.com\/","logo":{"@type":"ImageObject","inLanguage":"en-US","@id":"https:\/\/vlchost.com\/#\/schema\/logo\/image\/","url":"https:\/\/vlchost.com\/wp-content\/uploads\/cropped-alquiler-apartamentos-VLCHOST.png","contentUrl":"https:\/\/vlchost.com\/wp-content\/uploads\/cropped-alquiler-apartamentos-VLCHOST.png","width":512,"height":512,"caption":"VLC Host - Nomad Life"},"image":{"@id":"https:\/\/vlchost.com\/#\/schema\/logo\/image\/"},"sameAs":["https:\/\/www.facebook.com\/VLCHost.HappyToHostYou","https:\/\/www.instagram.com\/vlchost\/"]},{"@type":"Person","@id":"https:\/\/vlchost.com\/#\/schema\/person\/f349f0d5e759cf4d4d4bad7af06dbb3b","name":"Enrique Alfonso","image":{"@type":"ImageObject","inLanguage":"en-US","@id":"https:\/\/vlchost.com\/#\/schema\/person\/image\/","url":"https:\/\/secure.gravatar.com\/avatar\/650d8b6f04ac734b6c9f43969e515dac790cc8b20fd299d2ca715bbc654ac4dc?s=96&d=mm&r=g","contentUrl":"https:\/\/secure.gravatar.com\/avatar\/650d8b6f04ac734b6c9f43969e515dac790cc8b20fd299d2ca715bbc654ac4dc?s=96&d=mm&r=g","caption":"Enrique Alfonso"},"url":"https:\/\/vlchost.com\/en\/author\/enrique\/"}]}},"_links":{"self":[{"href":"https:\/\/vlchost.com\/en\/wp-json\/wp\/v2\/posts\/6474","targetHints":{"allow":["GET"]}}],"collection":[{"href":"https:\/\/vlchost.com\/en\/wp-json\/wp\/v2\/posts"}],"about":[{"href":"https:\/\/vlchost.com\/en\/wp-json\/wp\/v2\/types\/post"}],"author":[{"embeddable":true,"href":"https:\/\/vlchost.com\/en\/wp-json\/wp\/v2\/users\/9"}],"replies":[{"embeddable":true,"href":"https:\/\/vlchost.com\/en\/wp-json\/wp\/v2\/comments?post=6474"}],"version-history":[{"count":15,"href":"https:\/\/vlchost.com\/en\/wp-json\/wp\/v2\/posts\/6474\/revisions"}],"predecessor-version":[{"id":6815,"href":"https:\/\/vlchost.com\/en\/wp-json\/wp\/v2\/posts\/6474\/revisions\/6815"}],"wp:featuredmedia":[{"embeddable":true,"href":"https:\/\/vlchost.com\/en\/wp-json\/wp\/v2\/media\/6475"}],"wp:attachment":[{"href":"https:\/\/vlchost.com\/en\/wp-json\/wp\/v2\/media?parent=6474"}],"wp:term":[{"taxonomy":"category","embeddable":true,"href":"https:\/\/vlchost.com\/en\/wp-json\/wp\/v2\/categories?post=6474"},{"taxonomy":"post_tag","embeddable":true,"href":"https:\/\/vlchost.com\/en\/wp-json\/wp\/v2\/tags?post=6474"}],"curies":[{"name":"wp","href":"https:\/\/api.w.org\/{rel}","templated":true}]}}