{"id":6493,"date":"2024-02-27T10:00:00","date_gmt":"2024-02-27T09:00:00","guid":{"rendered":"https:\/\/vlchost.com\/?p=6493"},"modified":"2024-02-12T10:48:28","modified_gmt":"2024-02-12T09:48:28","slug":"fallas-en-valencia-guia-practica","status":"publish","type":"post","link":"https:\/\/vlchost.com\/en\/noticias\/fallas-en-valencia-guia-practica\/","title":{"rendered":"Fallas en Valencia: Gu\u00eda pr\u00e1ctica"},"content":{"rendered":"<div data-elementor-type=\"wp-post\" data-elementor-id=\"6493\" class=\"elementor elementor-6493\" data-elementor-post-type=\"post\">\n\t\t\t\t\t\t<section class=\"elementor-section elementor-top-section elementor-element elementor-element-84d6678 elementor-section-boxed elementor-section-height-default elementor-section-height-default\" data-id=\"84d6678\" data-element_type=\"section\">\n\t\t\t\t\t\t<div class=\"elementor-container elementor-column-gap-default\">\n\t\t\t\t\t<div class=\"elementor-column elementor-col-100 elementor-top-column elementor-element elementor-element-ca254d9\" data-id=\"ca254d9\" data-element_type=\"column\">\n\t\t\t<div class=\"elementor-widget-wrap elementor-element-populated\">\n\t\t\t\t\t\t<div class=\"elementor-element elementor-element-23caa5e elementor-widget__width-auto elementor-widget elementor-widget-text-editor\" data-id=\"23caa5e\" data-element_type=\"widget\" data-widget_type=\"text-editor.default\">\n\t\t\t\t<div class=\"elementor-widget-container\">\n\t\t\t<style>\/*! elementor - v3.19.0 - 28-02-2024 *\/\n.elementor-widget-text-editor.elementor-drop-cap-view-stacked .elementor-drop-cap{background-color:#69727d;color:#fff}.elementor-widget-text-editor.elementor-drop-cap-view-framed .elementor-drop-cap{color:#69727d;border:3px solid;background-color:transparent}.elementor-widget-text-editor:not(.elementor-drop-cap-view-default) .elementor-drop-cap{margin-top:8px}.elementor-widget-text-editor:not(.elementor-drop-cap-view-default) .elementor-drop-cap-letter{width:1em;height:1em}.elementor-widget-text-editor .elementor-drop-cap{float:left;text-align:center;line-height:1;font-size:50px}.elementor-widget-text-editor .elementor-drop-cap-letter{display:inline-block}<\/style>\t\t\t\t<p>Prep\u00e1rate para una explosi\u00f3n de cultura, tradici\u00f3n y diversi\u00f3n desbordante en el maravilloso mundo de las Fallas de Valencia. En esta tierra ba\u00f1ada por el sol y abrazada por el Mediterr\u00e1neo, cada a\u00f1o, durante el mes de marzo, se desata una fiesta como ninguna otra, donde las calles se convierten en un lienzo gigante y los monumentos ef\u00edmeros desaf\u00edan la imaginaci\u00f3n.<\/p><p>Si vas a pasar una temporada en la ciudad desde el d\u00eda 1 al 19 de marzo, no te puedes perder esta gu\u00eda pr\u00e1ctica con los acontecimientos m\u00e1s importantes de esta festividad valenciana.<\/p><div><p>\u00a0<\/p><h2>Exposici\u00f3n del \u201cNinot\u201d<\/h2><p>Desde el <strong>2 de febrero hasta el 14 de marzo<\/strong> podr\u00e1s disfrutar de un pedacito de las fallas con la <a href=\"https:\/\/cac.es\/exposiciones\/ninot_2024\/\"><strong>\u201cExposici\u00f3n del ninot\u201d<\/strong><\/a> en el Museo de las Ciencias de la <em>Ciutat de les Arts i les Ci\u00e8ncies<\/em>. Los horarios son de lunes a jueves de 10 a 20 h y de viernes a domingo, de 10 a 21 h.<\/p><h2>Masclet\u00e0s<\/h2><p>Del <strong>1 al 19 de marzo a las 14:00 h<\/strong> tendr\u00e1 lugar en la Plaza del Ayuntamiento el espect\u00e1culo de pirotecnia m\u00e1s esperado por los valencianos. Podr\u00e1s asistir de forma gratuita acerc\u00e1ndote por cualquiera de las calles colindantes a la plaza. Si quieres disponer de una vista privilegiada, te recomendamos que acudas con 1 hora de antelaci\u00f3n.<\/p><h2>Plant\u00e0 falla infantil<\/h2><p>El <strong>viernes 15 de marzo<\/strong> tendr\u00e1 lugar la famosa <strong>\u201cplant\u00e0 infantil\u201d<\/strong> de todas las fallas infantiles de Valencia. A partir de este d\u00eda se inaugurar\u00e1n oficialmente para que todos los visitantes puedan acudir a verlas antes de que sean quemadas el d\u00eda 19 de marzo.<\/p><h2>Plant\u00e0<\/h2><p>Al igual que con las fallas infantiles, el <strong>s\u00e1bado 16 de marzo<\/strong> se har\u00e1 oficial la <strong>\u201cPlant\u00e0\u201d<\/strong>. Podr\u00e1s hacer un recorrido por las calles de Valencia visitando las fallas expuestas hasta el d\u00eda 19 de marzo.<\/p><h2>Castillo de Fuegos Artificiales<\/h2><p>Al igual que con las fallas infantiles, el <strong>s\u00e1bado 16 de marzo<\/strong> se har\u00e1 oficial la <strong>\u201cPlant\u00e0\u201d<\/strong>. Podr\u00e1s hacer un recorrido por las calles de Valencia visitando las fallas expuestas hasta el d\u00eda 19 de marzo.<\/p><p>El <strong>18 de marzo<\/strong> se clausurar\u00e1n estos castillos con la famosa \u201c<strong>Nit del Foc\u201d<\/strong> concluyendo la \u00faltima noche de las fallas antes de la \u201cCrem\u00e0\u201d.<\/p><h2>Entrega de Premios<\/h2><p>En la tribuna instalada en el Ayuntamiento tendr\u00e1 lugar el reparto de premios de las Fallas en las diferentes secciones y categor\u00edas, as\u00ed como el de los concursos de calles iluminadas, presentaciones y llibrets de falla.<\/p><h2>Ofrenda de flores<\/h2><p>Durante el d\u00eda<strong> 17 y 18 de marzo<\/strong> se realizar\u00e1n las <strong>famosas \u201cofrendas de flores a la Mare de Deu\u201d<\/strong> de las Falleras Mayores de Valencia y sus Cortes hacia la Plaza de la Virgen.<\/p><p>Durante los dos d\u00edas se ir\u00e1 completando con las flores de las ofrendas el manto de una representaci\u00f3n de 15 metros de la Virgen de los Desamparados.<\/p><\/div>\t\t\t\t\t\t<\/div>\n\t\t\t\t<\/div>\n\t\t\t\t<div class=\"elementor-element elementor-element-63dfe17 elementor-widget elementor-widget-image\" data-id=\"63dfe17\" data-element_type=\"widget\" data-widget_type=\"image.default\">\n\t\t\t\t<div class=\"elementor-widget-container\">\n\t\t\t<style>\/*! elementor - v3.19.0 - 28-02-2024 *\/\n.elementor-widget-image{text-align:center}.elementor-widget-image a{display:inline-block}.elementor-widget-image a img[src$=\".svg\"]{width:48px}.elementor-widget-image img{vertical-align:middle;display:inline-block}<\/style>\t\t\t\t\t\t\t\t\t\t<img fetchpriority=\"high\" decoding=\"async\" width=\"1200\" height=\"800\" src=\"https:\/\/vlchost.com\/wp-content\/uploads\/vlc-host-ofrenda-de-flores-fallas.jpg\" class=\"attachment-large size-large wp-image-6503\" alt=\"\" srcset=\"https:\/\/vlchost.com\/wp-content\/uploads\/vlc-host-ofrenda-de-flores-fallas.jpg 1200w, https:\/\/vlchost.com\/wp-content\/uploads\/vlc-host-ofrenda-de-flores-fallas-768x512.jpg 768w, https:\/\/vlchost.com\/wp-content\/uploads\/vlc-host-ofrenda-de-flores-fallas-18x12.jpg 18w\" sizes=\"(max-width: 1200px) 100vw, 1200px\" \/>\t\t\t\t\t\t\t\t\t\t\t\t\t<\/div>\n\t\t\t\t<\/div>\n\t\t\t\t<div class=\"elementor-element elementor-element-f9597da elementor-widget__width-auto elementor-widget elementor-widget-text-editor\" data-id=\"f9597da\" data-element_type=\"widget\" data-widget_type=\"text-editor.default\">\n\t\t\t\t<div class=\"elementor-widget-container\">\n\t\t\t\t\t\t\t<h2>Cabalgata del fuego y Crem\u00e0<\/h2><p>El d\u00eda <strong>19 de marzo<\/strong> tendr\u00e1 lugar a las 19:00 h la famosa <strong>\u201cCabalgata del fuego\u201d<\/strong>, que celebra el momento m\u00e1s esperado por los falleros \u201cLa Crem\u00e0\u201d.<\/p><p>En esta cabalgata participan pirot\u00e9cnicos, actores y figurantes vestidos de demonios y personajes fant\u00e1sticos con fuegos artificiales y luces que iluminar\u00e1n las calles de Valencia, desde la <strong>Calle de la Paz hasta la Plaza de la Porta la Mar.<\/strong><\/p><p>Para concluir esta noche, se proceder\u00e1 a la quema (crem\u00e0 en valenciano) de las fallas, empezando por las infantiles y terminando por la de la Plaza del Ayuntamiento.<\/p><p>Reserva tu estancia con <a href=\"https:\/\/vlchost.com\/en\/\"><strong>VLC Host<\/strong><\/a> llamando al <strong>+34 665 158 187<\/strong> o escribiendo a <a href=\"mailto:reservas@vlcinvest.com\"><strong>reservas@vlcinvest.com<\/strong><\/a> y disfruta de las fallas en Valencia, <em>\u201cla millor festa del mon\u201d.<\/em><\/p><p>\u00a0<\/p>\t\t\t\t\t\t<\/div>\n\t\t\t\t<\/div>\n\t\t\t\t\t<\/div>\n\t\t<\/div>\n\t\t\t\t\t<\/div>\n\t\t<\/section>\n\t\t\t\t<\/div>","protected":false},"excerpt":{"rendered":"<p>Prep\u00e1rate para una explosi\u00f3n de cultura, tradici\u00f3n y diversi\u00f3n desbordante en el maravilloso mundo de las Fallas de Valencia. En esta tierra ba\u00f1ada por el sol y abrazada por el Mediterr\u00e1neo, cada a\u00f1o, durante el mes de marzo, se desata una fiesta como ninguna otra, donde las calles se convierten en un lienzo gigante y [&hellip;]<\/p>","protected":false},"author":9,"featured_media":6495,"comment_status":"open","ping_status":"open","sticky":false,"template":"","format":"standard","meta":{"footnotes":""},"categories":[16,11],"tags":[27,28,205,208,164,206,29,59],"class_list":["post-6493","post","type-post","status-publish","format-standard","has-post-thumbnail","hentry","category-cultura","category-noticias","tag-alquilervalencia","tag-apartamentosvalencia","tag-fallas2024","tag-mascleta","tag-valenciabonita","tag-valenciaenfallas","tag-visitvalencia","tag-vlchost"],"yoast_head":"<!-- This site is optimized with the Yoast SEO plugin v21.5 - https:\/\/yoast.com\/wordpress\/plugins\/seo\/ -->\n<title>Fallas en Valencia: Gu\u00eda pr\u00e1ctica<\/title>\n<meta name=\"description\" content=\"\ud83d\udd25Prep\u00e1rate para las fallas en Valencia con esta gu\u00eda pr\u00e1ctica con los acontecimientos m\u00e1s importantes de esta famosa festividad.\" \/>\n<meta name=\"robots\" content=\"index, follow, max-snippet:-1, max-image-preview:large, max-video-preview:-1\" \/>\n<link rel=\"canonical\" href=\"https:\/\/vlchost.com\/en\/noticias\/fallas-en-valencia-guia-practica\/\" \/>\n<meta property=\"og:locale\" content=\"en_US\" \/>\n<meta property=\"og:type\" content=\"article\" \/>\n<meta property=\"og:title\" content=\"Fallas en Valencia: Gu\u00eda pr\u00e1ctica\" \/>\n<meta property=\"og:description\" content=\"\ud83d\udd25Prep\u00e1rate para las fallas en Valencia con esta gu\u00eda pr\u00e1ctica con los acontecimientos m\u00e1s importantes de esta famosa festividad.\" \/>\n<meta property=\"og:url\" content=\"https:\/\/vlchost.com\/en\/noticias\/fallas-en-valencia-guia-practica\/\" \/>\n<meta property=\"og:site_name\" content=\"VLC Host\" \/>\n<meta property=\"article:publisher\" content=\"https:\/\/www.facebook.com\/VLCHost.HappyToHostYou\" \/>\n<meta property=\"article:published_time\" content=\"2024-02-27T09:00:00+00:00\" \/>\n<meta property=\"article:modified_time\" content=\"2024-02-12T09:48:28+00:00\" \/>\n<meta property=\"og:image\" content=\"https:\/\/vlchost.com\/wp-content\/uploads\/vlc-host-fallas-en-valencia.jpg\" \/>\n\t<meta property=\"og:image:width\" content=\"1200\" \/>\n\t<meta property=\"og:image:height\" content=\"800\" \/>\n\t<meta property=\"og:image:type\" content=\"image\/jpeg\" \/>\n<meta name=\"author\" content=\"Enrique Alfonso\" \/>\n<meta name=\"twitter:card\" content=\"summary_large_image\" \/>\n<meta name=\"twitter:label1\" content=\"Written by\" \/>\n\t<meta name=\"twitter:data1\" content=\"Enrique Alfonso\" \/>\n\t<meta name=\"twitter:label2\" content=\"Est. reading time\" \/>\n\t<meta name=\"twitter:data2\" content=\"3 minutes\" \/>\n<script type=\"application\/ld+json\" class=\"yoast-schema-graph\">{\"@context\":\"https:\/\/schema.org\",\"@graph\":[{\"@type\":\"Article\",\"@id\":\"https:\/\/vlchost.com\/noticias\/fallas-en-valencia-guia-practica\/#article\",\"isPartOf\":{\"@id\":\"https:\/\/vlchost.com\/noticias\/fallas-en-valencia-guia-practica\/\"},\"author\":{\"name\":\"Enrique Alfonso\",\"@id\":\"https:\/\/vlchost.com\/#\/schema\/person\/f349f0d5e759cf4d4d4bad7af06dbb3b\"},\"headline\":\"Fallas en Valencia: Gu\u00eda pr\u00e1ctica\",\"datePublished\":\"2024-02-27T09:00:00+00:00\",\"dateModified\":\"2024-02-12T09:48:28+00:00\",\"mainEntityOfPage\":{\"@id\":\"https:\/\/vlchost.com\/noticias\/fallas-en-valencia-guia-practica\/\"},\"wordCount\":621,\"commentCount\":0,\"publisher\":{\"@id\":\"https:\/\/vlchost.com\/#organization\"},\"keywords\":[\"#alquilervalencia\",\"#apartamentosvalencia\",\"#fallas2024\",\"#masclet\u00e0\",\"#valenciabonita\",\"#valenciaenfallas\",\"#visitvalencia\",\"#vlchost\"],\"articleSection\":[\"Cultura\",\"Noticias\"],\"inLanguage\":\"en-US\"},{\"@type\":\"WebPage\",\"@id\":\"https:\/\/vlchost.com\/noticias\/fallas-en-valencia-guia-practica\/\",\"url\":\"https:\/\/vlchost.com\/noticias\/fallas-en-valencia-guia-practica\/\",\"name\":\"Fallas en Valencia: Gu\u00eda pr\u00e1ctica\",\"isPartOf\":{\"@id\":\"https:\/\/vlchost.com\/#website\"},\"datePublished\":\"2024-02-27T09:00:00+00:00\",\"dateModified\":\"2024-02-12T09:48:28+00:00\",\"description\":\"\ud83d\udd25Prep\u00e1rate para las fallas en Valencia con esta gu\u00eda pr\u00e1ctica con los acontecimientos m\u00e1s importantes de esta famosa festividad.\",\"breadcrumb\":{\"@id\":\"https:\/\/vlchost.com\/noticias\/fallas-en-valencia-guia-practica\/#breadcrumb\"},\"inLanguage\":\"en-US\",\"potentialAction\":[{\"@type\":\"ReadAction\",\"target\":[\"https:\/\/vlchost.com\/noticias\/fallas-en-valencia-guia-practica\/\"]}]},{\"@type\":\"BreadcrumbList\",\"@id\":\"https:\/\/vlchost.com\/noticias\/fallas-en-valencia-guia-practica\/#breadcrumb\",\"itemListElement\":[{\"@type\":\"ListItem\",\"position\":1,\"name\":\"Portada\",\"item\":\"https:\/\/vlchost.com\/\"},{\"@type\":\"ListItem\",\"position\":2,\"name\":\"Fallas en Valencia: Gu\u00eda pr\u00e1ctica\"}]},{\"@type\":\"WebSite\",\"@id\":\"https:\/\/vlchost.com\/#website\",\"url\":\"https:\/\/vlchost.com\/\",\"name\":\"VLC Host\",\"description\":\"Alquiler de alojamientos tur\u00edsticos\",\"publisher\":{\"@id\":\"https:\/\/vlchost.com\/#organization\"},\"potentialAction\":[{\"@type\":\"SearchAction\",\"target\":{\"@type\":\"EntryPoint\",\"urlTemplate\":\"https:\/\/vlchost.com\/?s={search_term_string}\"},\"query-input\":\"required name=search_term_string\"}],\"inLanguage\":\"en-US\"},{\"@type\":\"Organization\",\"@id\":\"https:\/\/vlchost.com\/#organization\",\"name\":\"VLC Host - Nomad Life\",\"url\":\"https:\/\/vlchost.com\/\",\"logo\":{\"@type\":\"ImageObject\",\"inLanguage\":\"en-US\",\"@id\":\"https:\/\/vlchost.com\/#\/schema\/logo\/image\/\",\"url\":\"https:\/\/vlchost.com\/wp-content\/uploads\/cropped-alquiler-apartamentos-VLCHOST.png\",\"contentUrl\":\"https:\/\/vlchost.com\/wp-content\/uploads\/cropped-alquiler-apartamentos-VLCHOST.png\",\"width\":512,\"height\":512,\"caption\":\"VLC Host - Nomad Life\"},\"image\":{\"@id\":\"https:\/\/vlchost.com\/#\/schema\/logo\/image\/\"},\"sameAs\":[\"https:\/\/www.facebook.com\/VLCHost.HappyToHostYou\",\"https:\/\/www.instagram.com\/vlchost\/\"]},{\"@type\":\"Person\",\"@id\":\"https:\/\/vlchost.com\/#\/schema\/person\/f349f0d5e759cf4d4d4bad7af06dbb3b\",\"name\":\"Enrique Alfonso\",\"image\":{\"@type\":\"ImageObject\",\"inLanguage\":\"en-US\",\"@id\":\"https:\/\/vlchost.com\/#\/schema\/person\/image\/\",\"url\":\"https:\/\/secure.gravatar.com\/avatar\/650d8b6f04ac734b6c9f43969e515dac790cc8b20fd299d2ca715bbc654ac4dc?s=96&d=mm&r=g\",\"contentUrl\":\"https:\/\/secure.gravatar.com\/avatar\/650d8b6f04ac734b6c9f43969e515dac790cc8b20fd299d2ca715bbc654ac4dc?s=96&d=mm&r=g\",\"caption\":\"Enrique Alfonso\"},\"url\":\"https:\/\/vlchost.com\/en\/author\/enrique\/\"}]}<\/script>\n<!-- \/ Yoast SEO plugin. -->","yoast_head_json":{"title":"Fallas en Valencia: Gu\u00eda pr\u00e1ctica","description":"\ud83d\udd25Prep\u00e1rate para las fallas en Valencia con esta gu\u00eda pr\u00e1ctica con los acontecimientos m\u00e1s importantes de esta famosa festividad.","robots":{"index":"index","follow":"follow","max-snippet":"max-snippet:-1","max-image-preview":"max-image-preview:large","max-video-preview":"max-video-preview:-1"},"canonical":"https:\/\/vlchost.com\/en\/noticias\/fallas-en-valencia-guia-practica\/","og_locale":"en_US","og_type":"article","og_title":"Fallas en Valencia: Gu\u00eda pr\u00e1ctica","og_description":"\ud83d\udd25Prep\u00e1rate para las fallas en Valencia con esta gu\u00eda pr\u00e1ctica con los acontecimientos m\u00e1s importantes de esta famosa festividad.","og_url":"https:\/\/vlchost.com\/en\/noticias\/fallas-en-valencia-guia-practica\/","og_site_name":"VLC Host","article_publisher":"https:\/\/www.facebook.com\/VLCHost.HappyToHostYou","article_published_time":"2024-02-27T09:00:00+00:00","article_modified_time":"2024-02-12T09:48:28+00:00","og_image":[{"width":1200,"height":800,"url":"https:\/\/vlchost.com\/wp-content\/uploads\/vlc-host-fallas-en-valencia.jpg","type":"image\/jpeg"}],"author":"Enrique Alfonso","twitter_card":"summary_large_image","twitter_misc":{"Written by":"Enrique Alfonso","Est. reading time":"3 minutes"},"schema":{"@context":"https:\/\/schema.org","@graph":[{"@type":"Article","@id":"https:\/\/vlchost.com\/noticias\/fallas-en-valencia-guia-practica\/#article","isPartOf":{"@id":"https:\/\/vlchost.com\/noticias\/fallas-en-valencia-guia-practica\/"},"author":{"name":"Enrique Alfonso","@id":"https:\/\/vlchost.com\/#\/schema\/person\/f349f0d5e759cf4d4d4bad7af06dbb3b"},"headline":"Fallas en Valencia: Gu\u00eda pr\u00e1ctica","datePublished":"2024-02-27T09:00:00+00:00","dateModified":"2024-02-12T09:48:28+00:00","mainEntityOfPage":{"@id":"https:\/\/vlchost.com\/noticias\/fallas-en-valencia-guia-practica\/"},"wordCount":621,"commentCount":0,"publisher":{"@id":"https:\/\/vlchost.com\/#organization"},"keywords":["#alquilervalencia","#apartamentosvalencia","#fallas2024","#masclet\u00e0","#valenciabonita","#valenciaenfallas","#visitvalencia","#vlchost"],"articleSection":["Cultura","Noticias"],"inLanguage":"en-US"},{"@type":"WebPage","@id":"https:\/\/vlchost.com\/noticias\/fallas-en-valencia-guia-practica\/","url":"https:\/\/vlchost.com\/noticias\/fallas-en-valencia-guia-practica\/","name":"Fallas en Valencia: Gu\u00eda pr\u00e1ctica","isPartOf":{"@id":"https:\/\/vlchost.com\/#website"},"datePublished":"2024-02-27T09:00:00+00:00","dateModified":"2024-02-12T09:48:28+00:00","description":"\ud83d\udd25Prep\u00e1rate para las fallas en Valencia con esta gu\u00eda pr\u00e1ctica con los acontecimientos m\u00e1s importantes de esta famosa festividad.","breadcrumb":{"@id":"https:\/\/vlchost.com\/noticias\/fallas-en-valencia-guia-practica\/#breadcrumb"},"inLanguage":"en-US","potentialAction":[{"@type":"ReadAction","target":["https:\/\/vlchost.com\/noticias\/fallas-en-valencia-guia-practica\/"]}]},{"@type":"BreadcrumbList","@id":"https:\/\/vlchost.com\/noticias\/fallas-en-valencia-guia-practica\/#breadcrumb","itemListElement":[{"@type":"ListItem","position":1,"name":"Portada","item":"https:\/\/vlchost.com\/"},{"@type":"ListItem","position":2,"name":"Fallas en Valencia: Gu\u00eda pr\u00e1ctica"}]},{"@type":"WebSite","@id":"https:\/\/vlchost.com\/#website","url":"https:\/\/vlchost.com\/","name":"VLC Host","description":"Alquiler de alojamientos tur\u00edsticos","publisher":{"@id":"https:\/\/vlchost.com\/#organization"},"potentialAction":[{"@type":"SearchAction","target":{"@type":"EntryPoint","urlTemplate":"https:\/\/vlchost.com\/?s={search_term_string}"},"query-input":"required name=search_term_string"}],"inLanguage":"en-US"},{"@type":"Organization","@id":"https:\/\/vlchost.com\/#organization","name":"VLC Host - Nomad Life","url":"https:\/\/vlchost.com\/","logo":{"@type":"ImageObject","inLanguage":"en-US","@id":"https:\/\/vlchost.com\/#\/schema\/logo\/image\/","url":"https:\/\/vlchost.com\/wp-content\/uploads\/cropped-alquiler-apartamentos-VLCHOST.png","contentUrl":"https:\/\/vlchost.com\/wp-content\/uploads\/cropped-alquiler-apartamentos-VLCHOST.png","width":512,"height":512,"caption":"VLC Host - Nomad Life"},"image":{"@id":"https:\/\/vlchost.com\/#\/schema\/logo\/image\/"},"sameAs":["https:\/\/www.facebook.com\/VLCHost.HappyToHostYou","https:\/\/www.instagram.com\/vlchost\/"]},{"@type":"Person","@id":"https:\/\/vlchost.com\/#\/schema\/person\/f349f0d5e759cf4d4d4bad7af06dbb3b","name":"Enrique Alfonso","image":{"@type":"ImageObject","inLanguage":"en-US","@id":"https:\/\/vlchost.com\/#\/schema\/person\/image\/","url":"https:\/\/secure.gravatar.com\/avatar\/650d8b6f04ac734b6c9f43969e515dac790cc8b20fd299d2ca715bbc654ac4dc?s=96&d=mm&r=g","contentUrl":"https:\/\/secure.gravatar.com\/avatar\/650d8b6f04ac734b6c9f43969e515dac790cc8b20fd299d2ca715bbc654ac4dc?s=96&d=mm&r=g","caption":"Enrique Alfonso"},"url":"https:\/\/vlchost.com\/en\/author\/enrique\/"}]}},"_links":{"self":[{"href":"https:\/\/vlchost.com\/en\/wp-json\/wp\/v2\/posts\/6493","targetHints":{"allow":["GET"]}}],"collection":[{"href":"https:\/\/vlchost.com\/en\/wp-json\/wp\/v2\/posts"}],"about":[{"href":"https:\/\/vlchost.com\/en\/wp-json\/wp\/v2\/types\/post"}],"author":[{"embeddable":true,"href":"https:\/\/vlchost.com\/en\/wp-json\/wp\/v2\/users\/9"}],"replies":[{"embeddable":true,"href":"https:\/\/vlchost.com\/en\/wp-json\/wp\/v2\/comments?post=6493"}],"version-history":[{"count":10,"href":"https:\/\/vlchost.com\/en\/wp-json\/wp\/v2\/posts\/6493\/revisions"}],"predecessor-version":[{"id":6506,"href":"https:\/\/vlchost.com\/en\/wp-json\/wp\/v2\/posts\/6493\/revisions\/6506"}],"wp:featuredmedia":[{"embeddable":true,"href":"https:\/\/vlchost.com\/en\/wp-json\/wp\/v2\/media\/6495"}],"wp:attachment":[{"href":"https:\/\/vlchost.com\/en\/wp-json\/wp\/v2\/media?parent=6493"}],"wp:term":[{"taxonomy":"category","embeddable":true,"href":"https:\/\/vlchost.com\/en\/wp-json\/wp\/v2\/categories?post=6493"},{"taxonomy":"post_tag","embeddable":true,"href":"https:\/\/vlchost.com\/en\/wp-json\/wp\/v2\/tags?post=6493"}],"curies":[{"name":"wp","href":"https:\/\/api.w.org\/{rel}","templated":true}]}}