{"id":6717,"date":"2024-03-19T09:44:00","date_gmt":"2024-03-19T08:44:00","guid":{"rendered":"https:\/\/vlchost.com\/?p=6717"},"modified":"2024-02-28T09:45:25","modified_gmt":"2024-02-28T08:45:25","slug":"la-albufera-de-valencia-un-rincon-gastronomico-unico","status":"publish","type":"post","link":"https:\/\/vlchost.com\/en\/noticias\/la-albufera-de-valencia-un-rincon-gastronomico-unico\/","title":{"rendered":"La Albufera de Valencia, un rinc\u00f3n gastron\u00f3mico \u00fanico"},"content":{"rendered":"<div data-elementor-type=\"wp-post\" data-elementor-id=\"6717\" class=\"elementor elementor-6717\" data-elementor-post-type=\"post\">\n\t\t\t\t\t\t<section class=\"elementor-section elementor-top-section elementor-element elementor-element-84d6678 elementor-section-boxed elementor-section-height-default elementor-section-height-default\" data-id=\"84d6678\" data-element_type=\"section\">\n\t\t\t\t\t\t<div class=\"elementor-container elementor-column-gap-default\">\n\t\t\t\t\t<div class=\"elementor-column elementor-col-100 elementor-top-column elementor-element elementor-element-ca254d9\" data-id=\"ca254d9\" data-element_type=\"column\">\n\t\t\t<div class=\"elementor-widget-wrap elementor-element-populated\">\n\t\t\t\t\t\t<div class=\"elementor-element elementor-element-23caa5e elementor-widget__width-auto elementor-widget elementor-widget-text-editor\" data-id=\"23caa5e\" data-element_type=\"widget\" data-widget_type=\"text-editor.default\">\n\t\t\t\t<div class=\"elementor-widget-container\">\n\t\t\t<style>\/*! elementor - v3.19.0 - 28-02-2024 *\/\n.elementor-widget-text-editor.elementor-drop-cap-view-stacked .elementor-drop-cap{background-color:#69727d;color:#fff}.elementor-widget-text-editor.elementor-drop-cap-view-framed .elementor-drop-cap{color:#69727d;border:3px solid;background-color:transparent}.elementor-widget-text-editor:not(.elementor-drop-cap-view-default) .elementor-drop-cap{margin-top:8px}.elementor-widget-text-editor:not(.elementor-drop-cap-view-default) .elementor-drop-cap-letter{width:1em;height:1em}.elementor-widget-text-editor .elementor-drop-cap{float:left;text-align:center;line-height:1;font-size:50px}.elementor-widget-text-editor .elementor-drop-cap-letter{display:inline-block}<\/style>\t\t\t\t<p>La Albufera de Valencia se ha convertido en uno de los atractivos tur\u00edsticos m\u00e1s importantes de la ciudad debido a su incre\u00edble belleza paisaj\u00edstica de lo m\u00e1s peculiar. Lo que pocos saben, es que, adem\u00e1s de ofrecer un paraje de ensue\u00f1o, en este lugar podr\u00e1s descubrir una gastronom\u00eda de calidad que te acercar\u00e1 a la historia y la cultura de los pescadores valencianos.<\/p><h2><strong>Todo lo que debes saber de la Albufera de Valencia<\/strong><\/h2><p>A tan solo 10 kil\u00f3metros de la ciudad se encuentra el <strong>Parque Natural de La Albufera,<\/strong> donde la naturaleza se despliega en su estado m\u00e1s puro, ofreciendo atardeceres m\u00e1gicos, paseos en barca y una desconexi\u00f3n total.<\/p><p>Si deseas comprender el origen de la gastronom\u00eda valenciana, no hay mejor lugar que este, <strong>donde se invent\u00f3 la paella<\/strong>. Ac\u00e9rcate al pintoresco poblado de <strong>El Palmar<\/strong> y saborea sus platos t\u00edpicos, como el <strong>all-i-pebre<\/strong> o la <strong>llisa adobada<\/strong>. A continuaci\u00f3n, te mostramos algunos de los mejores restaurantes en los que podr\u00e1s degustar aut\u00e9ntica comida valenciana.<\/p>\t\t\t\t\t\t<\/div>\n\t\t\t\t<\/div>\n\t\t\t\t\t<\/div>\n\t\t<\/div>\n\t\t\t\t\t<\/div>\n\t\t<\/section>\n\t\t\t\t<section class=\"elementor-section elementor-top-section elementor-element elementor-element-d40323a elementor-section-boxed elementor-section-height-default elementor-section-height-default\" data-id=\"d40323a\" data-element_type=\"section\">\n\t\t\t\t\t\t<div class=\"elementor-container elementor-column-gap-default\">\n\t\t\t\t\t<div class=\"elementor-column elementor-col-100 elementor-top-column elementor-element elementor-element-24da8c3\" data-id=\"24da8c3\" data-element_type=\"column\">\n\t\t\t<div class=\"elementor-widget-wrap elementor-element-populated\">\n\t\t\t\t\t\t<div class=\"elementor-element elementor-element-e435a53 elementor-widget elementor-widget-image\" data-id=\"e435a53\" data-element_type=\"widget\" data-widget_type=\"image.default\">\n\t\t\t\t<div class=\"elementor-widget-container\">\n\t\t\t<style>\/*! elementor - v3.19.0 - 28-02-2024 *\/\n.elementor-widget-image{text-align:center}.elementor-widget-image a{display:inline-block}.elementor-widget-image a img[src$=\".svg\"]{width:48px}.elementor-widget-image img{vertical-align:middle;display:inline-block}<\/style>\t\t\t\t\t\t\t\t\t\t<img fetchpriority=\"high\" decoding=\"async\" width=\"1200\" height=\"800\" src=\"https:\/\/vlchost.com\/wp-content\/uploads\/vlc-host-paella-en-el-palmar.jpg\" class=\"attachment-large size-large wp-image-6723\" alt=\"vlc-host-paella-en-el-palmar\" srcset=\"https:\/\/vlchost.com\/wp-content\/uploads\/vlc-host-paella-en-el-palmar.jpg 1200w, https:\/\/vlchost.com\/wp-content\/uploads\/vlc-host-paella-en-el-palmar-768x512.jpg 768w, https:\/\/vlchost.com\/wp-content\/uploads\/vlc-host-paella-en-el-palmar-18x12.jpg 18w\" sizes=\"(max-width: 1200px) 100vw, 1200px\" \/>\t\t\t\t\t\t\t\t\t\t\t\t\t<\/div>\n\t\t\t\t<\/div>\n\t\t\t\t\t<\/div>\n\t\t<\/div>\n\t\t\t\t\t<\/div>\n\t\t<\/section>\n\t\t\t\t<section class=\"elementor-section elementor-top-section elementor-element elementor-element-4c313ca elementor-section-boxed elementor-section-height-default elementor-section-height-default\" data-id=\"4c313ca\" data-element_type=\"section\">\n\t\t\t\t\t\t<div class=\"elementor-container elementor-column-gap-default\">\n\t\t\t\t\t<div class=\"elementor-column elementor-col-100 elementor-top-column elementor-element elementor-element-701b80e\" data-id=\"701b80e\" data-element_type=\"column\">\n\t\t\t<div class=\"elementor-widget-wrap elementor-element-populated\">\n\t\t\t\t\t\t<div class=\"elementor-element elementor-element-e5037bb elementor-widget__width-auto elementor-widget elementor-widget-text-editor\" data-id=\"e5037bb\" data-element_type=\"widget\" data-widget_type=\"text-editor.default\">\n\t\t\t\t<div class=\"elementor-widget-container\">\n\t\t\t\t\t\t\t<h2><strong>Planta Azul<\/strong><\/h2><p>Si est\u00e1s en busca de un lugar en El Palmar que ofrezca una amplia variedad y exquisitez en su men\u00fa, sin perder el encanto hogare\u00f1o, el <a href=\"https:\/\/plantaazul.com\/\"><strong>&#8220;Restaurante Planta Azul&#8221;<\/strong><\/a> es la elecci\u00f3n perfecta.<\/p><p>Este establecimiento, elegido en 2023 como <strong>Travelers Choice por Tripadvisor<\/strong>, ofrece una cocina que fusiona lo tradicional con toques inspirados en diferentes regiones de Espa\u00f1a. Por ello, te recomendamos explorar detenidamente su men\u00fa para encontrar todas las delicias que te apetezcan. Y, por supuesto, no te pierdas la oportunidad de deleitarte con sus irresistibles postres.<\/p><p>\ud83d\udccd Calle Francisco Monle\u00f3n, 29, 46012, El Palmar.<\/p><p><strong>\u00a0<\/strong><\/p><h2><strong>Arrocer\u00eda Maribel<\/strong><\/h2><p>\u00bfAnsioso por degustar uno de los platos cl\u00e1sicos de El Palmar? Entonces no puedes dejar de visitar la <a href=\"https:\/\/www.arroceriamaribel.com\/\"><strong>&#8220;Arrocer\u00eda Maribel&#8221;<\/strong><\/a> un establecimiento, elogiado por la <strong>Gu\u00eda Michelin<\/strong> de Espa\u00f1a-Portugal, que destaca por su excelente relaci\u00f3n calidad-precio en cada uno de sus platos.<\/p><p>La cocina de este restaurante combina la autenticidad de los platos t\u00edpicos locales con toques modernos y refinados, ofreciendo una experiencia gastron\u00f3mica \u00fanica. Adem\u00e1s de sus renombrados arroces y exquisitas paellas, podr\u00e1s disfrutar de una variedad de opciones en su sal\u00f3n o su incre\u00edble terraza con vistas al canal. Tambi\u00e9n dispone de un <strong>parking gratuito<\/strong> para todos sus clientes.<\/p><p>\ud83d\udccd C\/ Fco. Monle\u00f3n, 5, El Palmar, 46012, Valencia.<\/p><p>\u00a0<\/p><h2><strong>Restaurante Bon Aire<\/strong><\/h2><p><a href=\"https:\/\/restaurantebonaire.com\/\"><strong>Bon Aire<\/strong><\/a> lleva desde 1982 acercando la huerta valenciana a todos sus comensales que buscan sensaciones \u00fanicas que ponen a prueba los cinco sentidos.<\/p><p>En su variada carta, se encuentran platos con una rica historia, los cuales son recuperados con gran orgullo. Adem\u00e1s, la innovaci\u00f3n ocupa un lugar destacado, ya que adaptan la riqueza de la tradici\u00f3n que defienden a nuevos formatos y presentaciones.<\/p><p>\ud83d\udccd Carrer de Cabdet, 41, Pobles del Sud, 46012, Val\u00e8ncia, Valencia.<\/p><p>\u00a0<\/p><p>Si deseas degustar la gastronom\u00eda de Valencia en un entorno \u00fanico y necesitas alojarte, puedes llamar al <strong>+34 665 158 187<\/strong> o escribir a <strong>reservas@vlcinvest.com.<\/strong><\/p>\t\t\t\t\t\t<\/div>\n\t\t\t\t<\/div>\n\t\t\t\t\t<\/div>\n\t\t<\/div>\n\t\t\t\t\t<\/div>\n\t\t<\/section>\n\t\t<div class=\"elementor-element elementor-element-5bc140d e-flex e-con-boxed e-con e-parent\" data-id=\"5bc140d\" data-element_type=\"container\" data-settings=\"{&quot;container_type&quot;:&quot;flex&quot;,&quot;content_width&quot;:&quot;boxed&quot;}\" data-core-v316-plus=\"true\">\n\t\t\t\t\t<div class=\"e-con-inner\">\n\t\t\t\t<div class=\"elementor-element elementor-element-b88f1ad elementor-align-center elementor-widget elementor-widget-button\" data-id=\"b88f1ad\" data-element_type=\"widget\" data-widget_type=\"button.default\">\n\t\t\t\t<div class=\"elementor-widget-container\">\n\t\t\t\t\t<div class=\"elementor-button-wrapper\">\n\t\t\t<a class=\"elementor-button elementor-button-link elementor-size-sm\" href=\"https:\/\/vlchost.com\/en\/\" target=\"_blank\">\n\t\t\t\t\t\t<span class=\"elementor-button-content-wrapper\">\n\t\t\t\t\t\t<span class=\"elementor-button-text\">RESERVAR <\/span>\n\t\t<\/span>\n\t\t\t\t\t<\/a>\n\t\t<\/div>\n\t\t\t\t<\/div>\n\t\t\t\t<\/div>\n\t\t\t\t\t<\/div>\n\t\t\t\t<\/div>\n\t\t\t\t<\/div>","protected":false},"excerpt":{"rendered":"<p>La Albufera de Valencia se ha convertido en uno de los atractivos tur\u00edsticos m\u00e1s importantes de la ciudad debido a su incre\u00edble belleza paisaj\u00edstica de lo m\u00e1s peculiar. Lo que pocos saben, es que, adem\u00e1s de ofrecer un paraje de ensue\u00f1o, en este lugar podr\u00e1s descubrir una gastronom\u00eda de calidad que te acercar\u00e1 a la [&hellip;]<\/p>","protected":false},"author":9,"featured_media":6718,"comment_status":"open","ping_status":"open","sticky":false,"template":"","format":"standard","meta":{"footnotes":""},"categories":[11,12],"tags":[27,28,221,222,90,164,29],"class_list":["post-6717","post","type-post","status-publish","format-standard","has-post-thumbnail","hentry","category-noticias","category-restauracion","tag-alquilervalencia","tag-apartamentosvalencia","tag-elpalmar","tag-laalbuferadevalencia","tag-restaurantesvalencia","tag-valenciabonita","tag-visitvalencia"],"yoast_head":"<!-- This site is optimized with the Yoast SEO plugin v21.5 - https:\/\/yoast.com\/wordpress\/plugins\/seo\/ -->\n<title>La Albufera de Valencia, un rinc\u00f3n gastron\u00f3mico \u00fanico<\/title>\n<meta name=\"description\" content=\"No te puedes ir de la ciudad sin visitar la Albufera de Valencia, un lugar \u00fanico donde podr\u00e1s deleitar la verdadera gastronom\u00eda valenciana.\" \/>\n<meta name=\"robots\" content=\"index, follow, max-snippet:-1, max-image-preview:large, max-video-preview:-1\" \/>\n<link rel=\"canonical\" href=\"https:\/\/vlchost.com\/en\/noticias\/la-albufera-de-valencia-un-rincon-gastronomico-unico\/\" \/>\n<meta property=\"og:locale\" content=\"en_US\" \/>\n<meta property=\"og:type\" content=\"article\" \/>\n<meta property=\"og:title\" content=\"La Albufera de Valencia, un rinc\u00f3n gastron\u00f3mico \u00fanico\" \/>\n<meta property=\"og:description\" content=\"No te puedes ir de la ciudad sin visitar la Albufera de Valencia, un lugar \u00fanico donde podr\u00e1s deleitar la verdadera gastronom\u00eda valenciana.\" \/>\n<meta property=\"og:url\" content=\"https:\/\/vlchost.com\/en\/noticias\/la-albufera-de-valencia-un-rincon-gastronomico-unico\/\" \/>\n<meta property=\"og:site_name\" content=\"VLC Host\" \/>\n<meta property=\"article:publisher\" content=\"https:\/\/www.facebook.com\/VLCHost.HappyToHostYou\" \/>\n<meta property=\"article:published_time\" content=\"2024-03-19T08:44:00+00:00\" \/>\n<meta property=\"article:modified_time\" content=\"2024-02-28T08:45:25+00:00\" \/>\n<meta property=\"og:image\" content=\"https:\/\/vlchost.com\/wp-content\/uploads\/vlc-host-albufera-de-valencia.jpg\" \/>\n\t<meta property=\"og:image:width\" content=\"1200\" \/>\n\t<meta property=\"og:image:height\" content=\"800\" \/>\n\t<meta property=\"og:image:type\" content=\"image\/jpeg\" \/>\n<meta name=\"author\" content=\"Enrique Alfonso\" \/>\n<meta name=\"twitter:card\" content=\"summary_large_image\" \/>\n<meta name=\"twitter:label1\" content=\"Written by\" \/>\n\t<meta name=\"twitter:data1\" content=\"Enrique Alfonso\" \/>\n\t<meta name=\"twitter:label2\" content=\"Est. reading time\" \/>\n\t<meta name=\"twitter:data2\" content=\"3 minutes\" \/>\n<script type=\"application\/ld+json\" class=\"yoast-schema-graph\">{\"@context\":\"https:\/\/schema.org\",\"@graph\":[{\"@type\":\"Article\",\"@id\":\"https:\/\/vlchost.com\/noticias\/la-albufera-de-valencia-un-rincon-gastronomico-unico\/#article\",\"isPartOf\":{\"@id\":\"https:\/\/vlchost.com\/noticias\/la-albufera-de-valencia-un-rincon-gastronomico-unico\/\"},\"author\":{\"name\":\"Enrique Alfonso\",\"@id\":\"https:\/\/vlchost.com\/#\/schema\/person\/f349f0d5e759cf4d4d4bad7af06dbb3b\"},\"headline\":\"La Albufera de Valencia, un rinc\u00f3n gastron\u00f3mico \u00fanico\",\"datePublished\":\"2024-03-19T08:44:00+00:00\",\"dateModified\":\"2024-02-28T08:45:25+00:00\",\"mainEntityOfPage\":{\"@id\":\"https:\/\/vlchost.com\/noticias\/la-albufera-de-valencia-un-rincon-gastronomico-unico\/\"},\"wordCount\":518,\"commentCount\":0,\"publisher\":{\"@id\":\"https:\/\/vlchost.com\/#organization\"},\"keywords\":[\"#alquilervalencia\",\"#apartamentosvalencia\",\"#elpalmar\",\"#laalbuferadevalencia\",\"#restaurantesvalencia\",\"#valenciabonita\",\"#visitvalencia\"],\"articleSection\":[\"Noticias\",\"Restauraci\u00f3n\"],\"inLanguage\":\"en-US\"},{\"@type\":\"WebPage\",\"@id\":\"https:\/\/vlchost.com\/noticias\/la-albufera-de-valencia-un-rincon-gastronomico-unico\/\",\"url\":\"https:\/\/vlchost.com\/noticias\/la-albufera-de-valencia-un-rincon-gastronomico-unico\/\",\"name\":\"La Albufera de Valencia, un rinc\u00f3n gastron\u00f3mico \u00fanico\",\"isPartOf\":{\"@id\":\"https:\/\/vlchost.com\/#website\"},\"datePublished\":\"2024-03-19T08:44:00+00:00\",\"dateModified\":\"2024-02-28T08:45:25+00:00\",\"description\":\"No te puedes ir de la ciudad sin visitar la Albufera de Valencia, un lugar \u00fanico donde podr\u00e1s deleitar la verdadera gastronom\u00eda valenciana.\",\"breadcrumb\":{\"@id\":\"https:\/\/vlchost.com\/noticias\/la-albufera-de-valencia-un-rincon-gastronomico-unico\/#breadcrumb\"},\"inLanguage\":\"en-US\",\"potentialAction\":[{\"@type\":\"ReadAction\",\"target\":[\"https:\/\/vlchost.com\/noticias\/la-albufera-de-valencia-un-rincon-gastronomico-unico\/\"]}]},{\"@type\":\"BreadcrumbList\",\"@id\":\"https:\/\/vlchost.com\/noticias\/la-albufera-de-valencia-un-rincon-gastronomico-unico\/#breadcrumb\",\"itemListElement\":[{\"@type\":\"ListItem\",\"position\":1,\"name\":\"Portada\",\"item\":\"https:\/\/vlchost.com\/\"},{\"@type\":\"ListItem\",\"position\":2,\"name\":\"La Albufera de Valencia, un rinc\u00f3n gastron\u00f3mico \u00fanico\"}]},{\"@type\":\"WebSite\",\"@id\":\"https:\/\/vlchost.com\/#website\",\"url\":\"https:\/\/vlchost.com\/\",\"name\":\"VLC Host\",\"description\":\"Alquiler de alojamientos tur\u00edsticos\",\"publisher\":{\"@id\":\"https:\/\/vlchost.com\/#organization\"},\"potentialAction\":[{\"@type\":\"SearchAction\",\"target\":{\"@type\":\"EntryPoint\",\"urlTemplate\":\"https:\/\/vlchost.com\/?s={search_term_string}\"},\"query-input\":\"required name=search_term_string\"}],\"inLanguage\":\"en-US\"},{\"@type\":\"Organization\",\"@id\":\"https:\/\/vlchost.com\/#organization\",\"name\":\"VLC Host - Nomad Life\",\"url\":\"https:\/\/vlchost.com\/\",\"logo\":{\"@type\":\"ImageObject\",\"inLanguage\":\"en-US\",\"@id\":\"https:\/\/vlchost.com\/#\/schema\/logo\/image\/\",\"url\":\"https:\/\/vlchost.com\/wp-content\/uploads\/cropped-alquiler-apartamentos-VLCHOST.png\",\"contentUrl\":\"https:\/\/vlchost.com\/wp-content\/uploads\/cropped-alquiler-apartamentos-VLCHOST.png\",\"width\":512,\"height\":512,\"caption\":\"VLC Host - Nomad Life\"},\"image\":{\"@id\":\"https:\/\/vlchost.com\/#\/schema\/logo\/image\/\"},\"sameAs\":[\"https:\/\/www.facebook.com\/VLCHost.HappyToHostYou\",\"https:\/\/www.instagram.com\/vlchost\/\"]},{\"@type\":\"Person\",\"@id\":\"https:\/\/vlchost.com\/#\/schema\/person\/f349f0d5e759cf4d4d4bad7af06dbb3b\",\"name\":\"Enrique Alfonso\",\"image\":{\"@type\":\"ImageObject\",\"inLanguage\":\"en-US\",\"@id\":\"https:\/\/vlchost.com\/#\/schema\/person\/image\/\",\"url\":\"https:\/\/secure.gravatar.com\/avatar\/650d8b6f04ac734b6c9f43969e515dac790cc8b20fd299d2ca715bbc654ac4dc?s=96&d=mm&r=g\",\"contentUrl\":\"https:\/\/secure.gravatar.com\/avatar\/650d8b6f04ac734b6c9f43969e515dac790cc8b20fd299d2ca715bbc654ac4dc?s=96&d=mm&r=g\",\"caption\":\"Enrique Alfonso\"},\"url\":\"https:\/\/vlchost.com\/en\/author\/enrique\/\"}]}<\/script>\n<!-- \/ Yoast SEO plugin. -->","yoast_head_json":{"title":"La Albufera de Valencia, un rinc\u00f3n gastron\u00f3mico \u00fanico","description":"No te puedes ir de la ciudad sin visitar la Albufera de Valencia, un lugar \u00fanico donde podr\u00e1s deleitar la verdadera gastronom\u00eda valenciana.","robots":{"index":"index","follow":"follow","max-snippet":"max-snippet:-1","max-image-preview":"max-image-preview:large","max-video-preview":"max-video-preview:-1"},"canonical":"https:\/\/vlchost.com\/en\/noticias\/la-albufera-de-valencia-un-rincon-gastronomico-unico\/","og_locale":"en_US","og_type":"article","og_title":"La Albufera de Valencia, un rinc\u00f3n gastron\u00f3mico \u00fanico","og_description":"No te puedes ir de la ciudad sin visitar la Albufera de Valencia, un lugar \u00fanico donde podr\u00e1s deleitar la verdadera gastronom\u00eda valenciana.","og_url":"https:\/\/vlchost.com\/en\/noticias\/la-albufera-de-valencia-un-rincon-gastronomico-unico\/","og_site_name":"VLC Host","article_publisher":"https:\/\/www.facebook.com\/VLCHost.HappyToHostYou","article_published_time":"2024-03-19T08:44:00+00:00","article_modified_time":"2024-02-28T08:45:25+00:00","og_image":[{"width":1200,"height":800,"url":"https:\/\/vlchost.com\/wp-content\/uploads\/vlc-host-albufera-de-valencia.jpg","type":"image\/jpeg"}],"author":"Enrique Alfonso","twitter_card":"summary_large_image","twitter_misc":{"Written by":"Enrique Alfonso","Est. reading time":"3 minutes"},"schema":{"@context":"https:\/\/schema.org","@graph":[{"@type":"Article","@id":"https:\/\/vlchost.com\/noticias\/la-albufera-de-valencia-un-rincon-gastronomico-unico\/#article","isPartOf":{"@id":"https:\/\/vlchost.com\/noticias\/la-albufera-de-valencia-un-rincon-gastronomico-unico\/"},"author":{"name":"Enrique Alfonso","@id":"https:\/\/vlchost.com\/#\/schema\/person\/f349f0d5e759cf4d4d4bad7af06dbb3b"},"headline":"La Albufera de Valencia, un rinc\u00f3n gastron\u00f3mico \u00fanico","datePublished":"2024-03-19T08:44:00+00:00","dateModified":"2024-02-28T08:45:25+00:00","mainEntityOfPage":{"@id":"https:\/\/vlchost.com\/noticias\/la-albufera-de-valencia-un-rincon-gastronomico-unico\/"},"wordCount":518,"commentCount":0,"publisher":{"@id":"https:\/\/vlchost.com\/#organization"},"keywords":["#alquilervalencia","#apartamentosvalencia","#elpalmar","#laalbuferadevalencia","#restaurantesvalencia","#valenciabonita","#visitvalencia"],"articleSection":["Noticias","Restauraci\u00f3n"],"inLanguage":"en-US"},{"@type":"WebPage","@id":"https:\/\/vlchost.com\/noticias\/la-albufera-de-valencia-un-rincon-gastronomico-unico\/","url":"https:\/\/vlchost.com\/noticias\/la-albufera-de-valencia-un-rincon-gastronomico-unico\/","name":"La Albufera de Valencia, un rinc\u00f3n gastron\u00f3mico \u00fanico","isPartOf":{"@id":"https:\/\/vlchost.com\/#website"},"datePublished":"2024-03-19T08:44:00+00:00","dateModified":"2024-02-28T08:45:25+00:00","description":"No te puedes ir de la ciudad sin visitar la Albufera de Valencia, un lugar \u00fanico donde podr\u00e1s deleitar la verdadera gastronom\u00eda valenciana.","breadcrumb":{"@id":"https:\/\/vlchost.com\/noticias\/la-albufera-de-valencia-un-rincon-gastronomico-unico\/#breadcrumb"},"inLanguage":"en-US","potentialAction":[{"@type":"ReadAction","target":["https:\/\/vlchost.com\/noticias\/la-albufera-de-valencia-un-rincon-gastronomico-unico\/"]}]},{"@type":"BreadcrumbList","@id":"https:\/\/vlchost.com\/noticias\/la-albufera-de-valencia-un-rincon-gastronomico-unico\/#breadcrumb","itemListElement":[{"@type":"ListItem","position":1,"name":"Portada","item":"https:\/\/vlchost.com\/"},{"@type":"ListItem","position":2,"name":"La Albufera de Valencia, un rinc\u00f3n gastron\u00f3mico \u00fanico"}]},{"@type":"WebSite","@id":"https:\/\/vlchost.com\/#website","url":"https:\/\/vlchost.com\/","name":"VLC Host","description":"Alquiler de alojamientos tur\u00edsticos","publisher":{"@id":"https:\/\/vlchost.com\/#organization"},"potentialAction":[{"@type":"SearchAction","target":{"@type":"EntryPoint","urlTemplate":"https:\/\/vlchost.com\/?s={search_term_string}"},"query-input":"required name=search_term_string"}],"inLanguage":"en-US"},{"@type":"Organization","@id":"https:\/\/vlchost.com\/#organization","name":"VLC Host - Nomad Life","url":"https:\/\/vlchost.com\/","logo":{"@type":"ImageObject","inLanguage":"en-US","@id":"https:\/\/vlchost.com\/#\/schema\/logo\/image\/","url":"https:\/\/vlchost.com\/wp-content\/uploads\/cropped-alquiler-apartamentos-VLCHOST.png","contentUrl":"https:\/\/vlchost.com\/wp-content\/uploads\/cropped-alquiler-apartamentos-VLCHOST.png","width":512,"height":512,"caption":"VLC Host - Nomad Life"},"image":{"@id":"https:\/\/vlchost.com\/#\/schema\/logo\/image\/"},"sameAs":["https:\/\/www.facebook.com\/VLCHost.HappyToHostYou","https:\/\/www.instagram.com\/vlchost\/"]},{"@type":"Person","@id":"https:\/\/vlchost.com\/#\/schema\/person\/f349f0d5e759cf4d4d4bad7af06dbb3b","name":"Enrique Alfonso","image":{"@type":"ImageObject","inLanguage":"en-US","@id":"https:\/\/vlchost.com\/#\/schema\/person\/image\/","url":"https:\/\/secure.gravatar.com\/avatar\/650d8b6f04ac734b6c9f43969e515dac790cc8b20fd299d2ca715bbc654ac4dc?s=96&d=mm&r=g","contentUrl":"https:\/\/secure.gravatar.com\/avatar\/650d8b6f04ac734b6c9f43969e515dac790cc8b20fd299d2ca715bbc654ac4dc?s=96&d=mm&r=g","caption":"Enrique Alfonso"},"url":"https:\/\/vlchost.com\/en\/author\/enrique\/"}]}},"_links":{"self":[{"href":"https:\/\/vlchost.com\/en\/wp-json\/wp\/v2\/posts\/6717","targetHints":{"allow":["GET"]}}],"collection":[{"href":"https:\/\/vlchost.com\/en\/wp-json\/wp\/v2\/posts"}],"about":[{"href":"https:\/\/vlchost.com\/en\/wp-json\/wp\/v2\/types\/post"}],"author":[{"embeddable":true,"href":"https:\/\/vlchost.com\/en\/wp-json\/wp\/v2\/users\/9"}],"replies":[{"embeddable":true,"href":"https:\/\/vlchost.com\/en\/wp-json\/wp\/v2\/comments?post=6717"}],"version-history":[{"count":25,"href":"https:\/\/vlchost.com\/en\/wp-json\/wp\/v2\/posts\/6717\/revisions"}],"predecessor-version":[{"id":6768,"href":"https:\/\/vlchost.com\/en\/wp-json\/wp\/v2\/posts\/6717\/revisions\/6768"}],"wp:featuredmedia":[{"embeddable":true,"href":"https:\/\/vlchost.com\/en\/wp-json\/wp\/v2\/media\/6718"}],"wp:attachment":[{"href":"https:\/\/vlchost.com\/en\/wp-json\/wp\/v2\/media?parent=6717"}],"wp:term":[{"taxonomy":"category","embeddable":true,"href":"https:\/\/vlchost.com\/en\/wp-json\/wp\/v2\/categories?post=6717"},{"taxonomy":"post_tag","embeddable":true,"href":"https:\/\/vlchost.com\/en\/wp-json\/wp\/v2\/tags?post=6717"}],"curies":[{"name":"wp","href":"https:\/\/api.w.org\/{rel}","templated":true}]}}