{"id":6816,"date":"2024-03-14T12:11:56","date_gmt":"2024-03-14T11:11:56","guid":{"rendered":"https:\/\/vlchost.com\/?p=6816"},"modified":"2024-03-14T12:15:58","modified_gmt":"2024-03-14T11:15:58","slug":"lo-que-no-sabias-del-origen-de-las-fallas","status":"publish","type":"post","link":"https:\/\/vlchost.com\/en\/noticias\/lo-que-no-sabias-del-origen-de-las-fallas\/","title":{"rendered":"Lo que no sab\u00edas del origen de las fallas"},"content":{"rendered":"<div data-elementor-type=\"wp-post\" data-elementor-id=\"6816\" class=\"elementor elementor-6816\" data-elementor-post-type=\"post\">\n\t\t\t\t\t\t<section class=\"elementor-section elementor-top-section elementor-element elementor-element-84d6678 elementor-section-boxed elementor-section-height-default elementor-section-height-default\" data-id=\"84d6678\" data-element_type=\"section\">\n\t\t\t\t\t\t<div class=\"elementor-container elementor-column-gap-default\">\n\t\t\t\t\t<div class=\"elementor-column elementor-col-100 elementor-top-column elementor-element elementor-element-ca254d9\" data-id=\"ca254d9\" data-element_type=\"column\">\n\t\t\t<div class=\"elementor-widget-wrap elementor-element-populated\">\n\t\t\t\t\t\t<div class=\"elementor-element elementor-element-23caa5e elementor-widget__width-auto elementor-widget elementor-widget-text-editor\" data-id=\"23caa5e\" data-element_type=\"widget\" data-widget_type=\"text-editor.default\">\n\t\t\t\t<div class=\"elementor-widget-container\">\n\t\t\t<style>\/*! elementor - v3.19.0 - 28-02-2024 *\/\n.elementor-widget-text-editor.elementor-drop-cap-view-stacked .elementor-drop-cap{background-color:#69727d;color:#fff}.elementor-widget-text-editor.elementor-drop-cap-view-framed .elementor-drop-cap{color:#69727d;border:3px solid;background-color:transparent}.elementor-widget-text-editor:not(.elementor-drop-cap-view-default) .elementor-drop-cap{margin-top:8px}.elementor-widget-text-editor:not(.elementor-drop-cap-view-default) .elementor-drop-cap-letter{width:1em;height:1em}.elementor-widget-text-editor .elementor-drop-cap{float:left;text-align:center;line-height:1;font-size:50px}.elementor-widget-text-editor .elementor-drop-cap-letter{display:inline-block}<\/style>\t\t\t\t<p>Es muy probable que ya sepas todos los detalles sobre la fiesta m\u00e1s popular de Valencia, pero es posible que no conozcas el verdadero origen de las fallas. En este art\u00edculo te contamos la historia y las ra\u00edces de las famosas fiestas josefinas valencianas.<\/p><div><h2><strong>Patrimonio Inmaterial de la Humanidad<\/strong><\/h2><p><strong>El 30 de noviembre de 2016, las Fallas de Valencia fueron declaradas como Patrimonio Cultural Inmaterial de la Humanidad por la UNESCO. <\/strong>Desde ese momento, su popularidad se extendi\u00f3 por todo el mundo, atrayendo a millones de visitantes cada a\u00f1o durante todo el mes de marzo. Pero estas festividades no siempre fueron exactamente como lo son ahora, pues sus or\u00edgenes se remontan siglos atr\u00e1s.<\/p><h2><strong>Significado etimol\u00f3gico<\/strong><\/h2><p>Antes de adentrarnos en la historia de esta festividad, debemos tener en cuenta el significado etimol\u00f3gico que se le ha adjudicado a la palabra valenciana \u201cfalla\u201d.<\/p><p>Esta palabra deriva del lat\u00edn <em>facula<\/em>, que quiere decir &#8220;antorcha&#8221; por lo que nos da una idea de que el fuego ser\u00e1 un elemento protagonista en su significado.<\/p><p>As\u00ed pues, originariamente este t\u00e9rmino se utiliz\u00f3 para denominar precisamente las antorchas que se colocaban en lo alto de las torres de vigilancia romanas.<\/p><h2><strong>Historia del origen de las fallas<\/strong><\/h2><p>Algunas fuentes aseguran que la festividad de las Fallas tiene sus ra\u00edces en una pr\u00e1ctica ancestral llevada a cabo por los carpinteros de la ciudad. Antes de la celebraci\u00f3n en honor a su patr\u00f3n, San Jos\u00e9, estos artesanos sol\u00edan deshacerse de trastos viejos y herramientas de madera utilizadas para sostener los candiles que los iluminaban durante los meses m\u00e1s oscuros del invierno. Este acto se realizaba en las calles y plazas p\u00fablicas, convirti\u00e9ndose con el tiempo en una tradici\u00f3n muy arraigada. Es por esta raz\u00f3n que el d\u00eda de <strong>la crem\u00e0<\/strong>, coincide siempre con el 19 de marzo, d\u00eda de San Jos\u00e9.<\/p><p>Esta tradici\u00f3n aparece por primera vez en la Gu\u00eda urbana de Valencia escrita por el marqu\u00e9s de Cruilles en 1876.<\/p><\/div>\t\t\t\t\t\t<\/div>\n\t\t\t\t<\/div>\n\t\t\t\t\t<\/div>\n\t\t<\/div>\n\t\t\t\t\t<\/div>\n\t\t<\/section>\n\t\t\t\t<section class=\"elementor-section elementor-top-section elementor-element elementor-element-c876546 elementor-section-boxed elementor-section-height-default elementor-section-height-default\" data-id=\"c876546\" data-element_type=\"section\">\n\t\t\t\t\t\t<div class=\"elementor-container elementor-column-gap-default\">\n\t\t\t\t\t<div class=\"elementor-column elementor-col-100 elementor-top-column elementor-element elementor-element-792a7d7\" data-id=\"792a7d7\" data-element_type=\"column\">\n\t\t\t<div class=\"elementor-widget-wrap elementor-element-populated\">\n\t\t\t\t\t\t<div class=\"elementor-element elementor-element-003cf4a elementor-widget elementor-widget-image\" data-id=\"003cf4a\" data-element_type=\"widget\" data-widget_type=\"image.default\">\n\t\t\t\t<div class=\"elementor-widget-container\">\n\t\t\t<style>\/*! elementor - v3.19.0 - 28-02-2024 *\/\n.elementor-widget-image{text-align:center}.elementor-widget-image a{display:inline-block}.elementor-widget-image a img[src$=\".svg\"]{width:48px}.elementor-widget-image img{vertical-align:middle;display:inline-block}<\/style>\t\t\t\t\t\t\t\t\t\t<img fetchpriority=\"high\" decoding=\"async\" width=\"1200\" height=\"800\" src=\"https:\/\/vlchost.com\/wp-content\/uploads\/vlc-host-origen-de-las-fallas-ninots.jpg\" class=\"attachment-large size-large wp-image-6748\" alt=\"vlc-host-origen-de-las-fallas-ninots\" srcset=\"https:\/\/vlchost.com\/wp-content\/uploads\/vlc-host-origen-de-las-fallas-ninots.jpg 1200w, https:\/\/vlchost.com\/wp-content\/uploads\/vlc-host-origen-de-las-fallas-ninots-768x512.jpg 768w, https:\/\/vlchost.com\/wp-content\/uploads\/vlc-host-origen-de-las-fallas-ninots-18x12.jpg 18w\" sizes=\"(max-width: 1200px) 100vw, 1200px\" \/>\t\t\t\t\t\t\t\t\t\t\t\t\t<\/div>\n\t\t\t\t<\/div>\n\t\t\t\t\t<\/div>\n\t\t<\/div>\n\t\t\t\t\t<\/div>\n\t\t<\/section>\n\t\t\t\t<section class=\"elementor-section elementor-top-section elementor-element elementor-element-dd61d33 elementor-section-boxed elementor-section-height-default elementor-section-height-default\" data-id=\"dd61d33\" data-element_type=\"section\">\n\t\t\t\t\t\t<div class=\"elementor-container elementor-column-gap-default\">\n\t\t\t\t\t<div class=\"elementor-column elementor-col-100 elementor-top-column elementor-element elementor-element-dacb4ed\" data-id=\"dacb4ed\" data-element_type=\"column\">\n\t\t\t<div class=\"elementor-widget-wrap elementor-element-populated\">\n\t\t\t\t\t\t<div class=\"elementor-element elementor-element-adbded5 elementor-widget__width-auto elementor-widget elementor-widget-text-editor\" data-id=\"adbded5\" data-element_type=\"widget\" data-widget_type=\"text-editor.default\">\n\t\t\t\t<div class=\"elementor-widget-container\">\n\t\t\t\t\t\t\t<h2><strong>Evoluci\u00f3n de las fallas<\/strong><\/h2><p>En el siglo XVIII, las Fallas eran simples pilas construidas con materiales inflamables que simulaban una antorcha y que eran encendidas en la v\u00edspera de San Jos\u00e9, dando as\u00ed al inicio a las festividades.<\/p><p>Con el tiempo, estas estructuras evolucionaron y adquirieron un <strong>car\u00e1cter cr\u00edtico e ir\u00f3nico<\/strong> que representaban mediante \u201cninots\u201d escenas sat\u00edricas de la sociedad y cr\u00edticas sociales con un toque de humor.<\/p><p>Alrededor de 1870, las autoridades comenzaron a reprimir duramente las celebraciones populares, incluyendo las Fallas. Sin embargo, esta presi\u00f3n desencaden\u00f3 un movimiento de defensa de las tradiciones t\u00edpicas. En 1885, la revista &#8220;La Traca&#8221; comenz\u00f3 a otorgar premios a los mejores monumentos falleros, lo que foment\u00f3 la competencia entre los vecinos y dio lugar al surgimiento de la falla art\u00edstica, donde la est\u00e9tica se volvi\u00f3 m\u00e1s importante, aunque la cr\u00edtica social segu\u00eda presente.<\/p><p>El <strong>Ayuntamiento de Valencia<\/strong>, en 1901, otorg\u00f3 los <strong>primeros premios municipales<\/strong> a las mejores Fallas, marcando as\u00ed el inicio de una mayor colaboraci\u00f3n entre el pueblo y el poder pol\u00edtico.<\/p><p>A d\u00eda de hoy, las fallas forman parte de un movimiento art\u00edstico libre de expresi\u00f3n donde el humor y la cr\u00edtica social se unen con la belleza del arte. Estas festividades se han convertido en un ritual lleno de m\u00fasica, p\u00f3lvora, gastronom\u00eda y tradici\u00f3n que atrae a personas de todos los rincones del planeta.<\/p><p>Si deseas alojarte en nuestros apartamentos y celebrar con <strong><a href=\"https:\/\/vlchost.com\/en\/\">VLC Host<\/a>,<\/strong> estas fiestas populares valencianas puedes llamar al <strong>+34 665 158 187<\/strong> o escribir a <a href=\"mailto:reservas@vlcinvest.com\"><strong>reservas@vlcinvest.com<\/strong><\/a><strong>.<\/strong><\/p><p>\u00a1Vive las Fallas con VLC Host!<\/p>\t\t\t\t\t\t<\/div>\n\t\t\t\t<\/div>\n\t\t\t\t\t<\/div>\n\t\t<\/div>\n\t\t\t\t\t<\/div>\n\t\t<\/section>\n\t\t<div class=\"elementor-element elementor-element-2456613 e-flex e-con-boxed e-con e-parent\" data-id=\"2456613\" data-element_type=\"container\" data-settings=\"{&quot;container_type&quot;:&quot;flex&quot;,&quot;content_width&quot;:&quot;boxed&quot;}\" data-core-v316-plus=\"true\">\n\t\t\t\t\t<div class=\"e-con-inner\">\n\t\t\t\t\t<\/div>\n\t\t\t\t<\/div>\n\t\t\t\t<\/div>","protected":false},"excerpt":{"rendered":"<p>Es muy probable que ya sepas todos los detalles sobre la fiesta m\u00e1s popular de Valencia, pero es posible que no conozcas el verdadero origen de las fallas. En este art\u00edculo te contamos la historia y las ra\u00edces de las famosas fiestas josefinas valencianas. Patrimonio Inmaterial de la Humanidad El 30 de noviembre de 2016, [&hellip;]<\/p>","protected":false},"author":9,"featured_media":6740,"comment_status":"open","ping_status":"open","sticky":false,"template":"","format":"standard","meta":{"footnotes":""},"categories":[16,11],"tags":[27,28,205,223,224,164,29],"class_list":["post-6816","post","type-post","status-publish","format-standard","has-post-thumbnail","hentry","category-cultura","category-noticias","tag-alquilervalencia","tag-apartamentosvalencia","tag-fallas2024","tag-fallasenvalencia","tag-origendelasfallas","tag-valenciabonita","tag-visitvalencia"],"yoast_head":"<!-- This site is optimized with the Yoast SEO plugin v21.5 - https:\/\/yoast.com\/wordpress\/plugins\/seo\/ -->\n<title>Lo que no sab\u00edas del origen de las fallas<\/title>\n<meta name=\"description\" content=\"\ud83e\udde8\u00bfConoces el verdadero origen de las fallas? Descubre todo lo no sab\u00edas de una de las fiestas m\u00e1s populares de Espa\u00f1a.\" \/>\n<meta name=\"robots\" content=\"index, follow, max-snippet:-1, max-image-preview:large, max-video-preview:-1\" \/>\n<link rel=\"canonical\" href=\"https:\/\/vlchost.com\/en\/noticias\/lo-que-no-sabias-del-origen-de-las-fallas\/\" \/>\n<meta property=\"og:locale\" content=\"en_US\" \/>\n<meta property=\"og:type\" content=\"article\" \/>\n<meta property=\"og:title\" content=\"Lo que no sab\u00edas del origen de las fallas\" \/>\n<meta property=\"og:description\" content=\"\ud83e\udde8\u00bfConoces el verdadero origen de las fallas? Descubre todo lo no sab\u00edas de una de las fiestas m\u00e1s populares de Espa\u00f1a.\" \/>\n<meta property=\"og:url\" content=\"https:\/\/vlchost.com\/en\/noticias\/lo-que-no-sabias-del-origen-de-las-fallas\/\" \/>\n<meta property=\"og:site_name\" content=\"VLC Host\" \/>\n<meta property=\"article:publisher\" content=\"https:\/\/www.facebook.com\/VLCHost.HappyToHostYou\" \/>\n<meta property=\"article:published_time\" content=\"2024-03-14T11:11:56+00:00\" \/>\n<meta property=\"article:modified_time\" content=\"2024-03-14T11:15:58+00:00\" \/>\n<meta property=\"og:image\" content=\"https:\/\/vlchost.com\/wp-content\/uploads\/vlc-host-origen-de-las-fallas.jpg\" \/>\n\t<meta property=\"og:image:width\" content=\"1200\" \/>\n\t<meta property=\"og:image:height\" content=\"800\" \/>\n\t<meta property=\"og:image:type\" content=\"image\/jpeg\" \/>\n<meta name=\"author\" content=\"Enrique Alfonso\" \/>\n<meta name=\"twitter:card\" content=\"summary_large_image\" \/>\n<meta name=\"twitter:label1\" content=\"Written by\" \/>\n\t<meta name=\"twitter:data1\" content=\"Enrique Alfonso\" \/>\n\t<meta name=\"twitter:label2\" content=\"Est. reading time\" \/>\n\t<meta name=\"twitter:data2\" content=\"3 minutes\" \/>\n<script type=\"application\/ld+json\" class=\"yoast-schema-graph\">{\"@context\":\"https:\/\/schema.org\",\"@graph\":[{\"@type\":\"Article\",\"@id\":\"https:\/\/vlchost.com\/noticias\/lo-que-no-sabias-del-origen-de-las-fallas\/#article\",\"isPartOf\":{\"@id\":\"https:\/\/vlchost.com\/noticias\/lo-que-no-sabias-del-origen-de-las-fallas\/\"},\"author\":{\"name\":\"Enrique Alfonso\",\"@id\":\"https:\/\/vlchost.com\/#\/schema\/person\/f349f0d5e759cf4d4d4bad7af06dbb3b\"},\"headline\":\"Lo que no sab\u00edas del origen de las fallas\",\"datePublished\":\"2024-03-14T11:11:56+00:00\",\"dateModified\":\"2024-03-14T11:15:58+00:00\",\"mainEntityOfPage\":{\"@id\":\"https:\/\/vlchost.com\/noticias\/lo-que-no-sabias-del-origen-de-las-fallas\/\"},\"wordCount\":628,\"commentCount\":0,\"publisher\":{\"@id\":\"https:\/\/vlchost.com\/#organization\"},\"keywords\":[\"#alquilervalencia\",\"#apartamentosvalencia\",\"#fallas2024\",\"#fallasenvalencia\",\"#origendelasfallas\",\"#valenciabonita\",\"#visitvalencia\"],\"articleSection\":[\"Cultura\",\"Noticias\"],\"inLanguage\":\"en-US\"},{\"@type\":\"WebPage\",\"@id\":\"https:\/\/vlchost.com\/noticias\/lo-que-no-sabias-del-origen-de-las-fallas\/\",\"url\":\"https:\/\/vlchost.com\/noticias\/lo-que-no-sabias-del-origen-de-las-fallas\/\",\"name\":\"Lo que no sab\u00edas del origen de las fallas\",\"isPartOf\":{\"@id\":\"https:\/\/vlchost.com\/#website\"},\"datePublished\":\"2024-03-14T11:11:56+00:00\",\"dateModified\":\"2024-03-14T11:15:58+00:00\",\"description\":\"\ud83e\udde8\u00bfConoces el verdadero origen de las fallas? Descubre todo lo no sab\u00edas de una de las fiestas m\u00e1s populares de Espa\u00f1a.\",\"breadcrumb\":{\"@id\":\"https:\/\/vlchost.com\/noticias\/lo-que-no-sabias-del-origen-de-las-fallas\/#breadcrumb\"},\"inLanguage\":\"en-US\",\"potentialAction\":[{\"@type\":\"ReadAction\",\"target\":[\"https:\/\/vlchost.com\/noticias\/lo-que-no-sabias-del-origen-de-las-fallas\/\"]}]},{\"@type\":\"BreadcrumbList\",\"@id\":\"https:\/\/vlchost.com\/noticias\/lo-que-no-sabias-del-origen-de-las-fallas\/#breadcrumb\",\"itemListElement\":[{\"@type\":\"ListItem\",\"position\":1,\"name\":\"Portada\",\"item\":\"https:\/\/vlchost.com\/\"},{\"@type\":\"ListItem\",\"position\":2,\"name\":\"Lo que no sab\u00edas del origen de las fallas\"}]},{\"@type\":\"WebSite\",\"@id\":\"https:\/\/vlchost.com\/#website\",\"url\":\"https:\/\/vlchost.com\/\",\"name\":\"VLC Host\",\"description\":\"Alquiler de alojamientos tur\u00edsticos\",\"publisher\":{\"@id\":\"https:\/\/vlchost.com\/#organization\"},\"potentialAction\":[{\"@type\":\"SearchAction\",\"target\":{\"@type\":\"EntryPoint\",\"urlTemplate\":\"https:\/\/vlchost.com\/?s={search_term_string}\"},\"query-input\":\"required name=search_term_string\"}],\"inLanguage\":\"en-US\"},{\"@type\":\"Organization\",\"@id\":\"https:\/\/vlchost.com\/#organization\",\"name\":\"VLC Host - Nomad Life\",\"url\":\"https:\/\/vlchost.com\/\",\"logo\":{\"@type\":\"ImageObject\",\"inLanguage\":\"en-US\",\"@id\":\"https:\/\/vlchost.com\/#\/schema\/logo\/image\/\",\"url\":\"https:\/\/vlchost.com\/wp-content\/uploads\/cropped-alquiler-apartamentos-VLCHOST.png\",\"contentUrl\":\"https:\/\/vlchost.com\/wp-content\/uploads\/cropped-alquiler-apartamentos-VLCHOST.png\",\"width\":512,\"height\":512,\"caption\":\"VLC Host - Nomad Life\"},\"image\":{\"@id\":\"https:\/\/vlchost.com\/#\/schema\/logo\/image\/\"},\"sameAs\":[\"https:\/\/www.facebook.com\/VLCHost.HappyToHostYou\",\"https:\/\/www.instagram.com\/vlchost\/\"]},{\"@type\":\"Person\",\"@id\":\"https:\/\/vlchost.com\/#\/schema\/person\/f349f0d5e759cf4d4d4bad7af06dbb3b\",\"name\":\"Enrique Alfonso\",\"image\":{\"@type\":\"ImageObject\",\"inLanguage\":\"en-US\",\"@id\":\"https:\/\/vlchost.com\/#\/schema\/person\/image\/\",\"url\":\"https:\/\/secure.gravatar.com\/avatar\/650d8b6f04ac734b6c9f43969e515dac790cc8b20fd299d2ca715bbc654ac4dc?s=96&d=mm&r=g\",\"contentUrl\":\"https:\/\/secure.gravatar.com\/avatar\/650d8b6f04ac734b6c9f43969e515dac790cc8b20fd299d2ca715bbc654ac4dc?s=96&d=mm&r=g\",\"caption\":\"Enrique Alfonso\"},\"url\":\"https:\/\/vlchost.com\/en\/author\/enrique\/\"}]}<\/script>\n<!-- \/ Yoast SEO plugin. -->","yoast_head_json":{"title":"Lo que no sab\u00edas del origen de las fallas","description":"\ud83e\udde8\u00bfConoces el verdadero origen de las fallas? Descubre todo lo no sab\u00edas de una de las fiestas m\u00e1s populares de Espa\u00f1a.","robots":{"index":"index","follow":"follow","max-snippet":"max-snippet:-1","max-image-preview":"max-image-preview:large","max-video-preview":"max-video-preview:-1"},"canonical":"https:\/\/vlchost.com\/en\/noticias\/lo-que-no-sabias-del-origen-de-las-fallas\/","og_locale":"en_US","og_type":"article","og_title":"Lo que no sab\u00edas del origen de las fallas","og_description":"\ud83e\udde8\u00bfConoces el verdadero origen de las fallas? Descubre todo lo no sab\u00edas de una de las fiestas m\u00e1s populares de Espa\u00f1a.","og_url":"https:\/\/vlchost.com\/en\/noticias\/lo-que-no-sabias-del-origen-de-las-fallas\/","og_site_name":"VLC Host","article_publisher":"https:\/\/www.facebook.com\/VLCHost.HappyToHostYou","article_published_time":"2024-03-14T11:11:56+00:00","article_modified_time":"2024-03-14T11:15:58+00:00","og_image":[{"width":1200,"height":800,"url":"https:\/\/vlchost.com\/wp-content\/uploads\/vlc-host-origen-de-las-fallas.jpg","type":"image\/jpeg"}],"author":"Enrique Alfonso","twitter_card":"summary_large_image","twitter_misc":{"Written by":"Enrique Alfonso","Est. reading time":"3 minutes"},"schema":{"@context":"https:\/\/schema.org","@graph":[{"@type":"Article","@id":"https:\/\/vlchost.com\/noticias\/lo-que-no-sabias-del-origen-de-las-fallas\/#article","isPartOf":{"@id":"https:\/\/vlchost.com\/noticias\/lo-que-no-sabias-del-origen-de-las-fallas\/"},"author":{"name":"Enrique Alfonso","@id":"https:\/\/vlchost.com\/#\/schema\/person\/f349f0d5e759cf4d4d4bad7af06dbb3b"},"headline":"Lo que no sab\u00edas del origen de las fallas","datePublished":"2024-03-14T11:11:56+00:00","dateModified":"2024-03-14T11:15:58+00:00","mainEntityOfPage":{"@id":"https:\/\/vlchost.com\/noticias\/lo-que-no-sabias-del-origen-de-las-fallas\/"},"wordCount":628,"commentCount":0,"publisher":{"@id":"https:\/\/vlchost.com\/#organization"},"keywords":["#alquilervalencia","#apartamentosvalencia","#fallas2024","#fallasenvalencia","#origendelasfallas","#valenciabonita","#visitvalencia"],"articleSection":["Cultura","Noticias"],"inLanguage":"en-US"},{"@type":"WebPage","@id":"https:\/\/vlchost.com\/noticias\/lo-que-no-sabias-del-origen-de-las-fallas\/","url":"https:\/\/vlchost.com\/noticias\/lo-que-no-sabias-del-origen-de-las-fallas\/","name":"Lo que no sab\u00edas del origen de las fallas","isPartOf":{"@id":"https:\/\/vlchost.com\/#website"},"datePublished":"2024-03-14T11:11:56+00:00","dateModified":"2024-03-14T11:15:58+00:00","description":"\ud83e\udde8\u00bfConoces el verdadero origen de las fallas? Descubre todo lo no sab\u00edas de una de las fiestas m\u00e1s populares de Espa\u00f1a.","breadcrumb":{"@id":"https:\/\/vlchost.com\/noticias\/lo-que-no-sabias-del-origen-de-las-fallas\/#breadcrumb"},"inLanguage":"en-US","potentialAction":[{"@type":"ReadAction","target":["https:\/\/vlchost.com\/noticias\/lo-que-no-sabias-del-origen-de-las-fallas\/"]}]},{"@type":"BreadcrumbList","@id":"https:\/\/vlchost.com\/noticias\/lo-que-no-sabias-del-origen-de-las-fallas\/#breadcrumb","itemListElement":[{"@type":"ListItem","position":1,"name":"Portada","item":"https:\/\/vlchost.com\/"},{"@type":"ListItem","position":2,"name":"Lo que no sab\u00edas del origen de las fallas"}]},{"@type":"WebSite","@id":"https:\/\/vlchost.com\/#website","url":"https:\/\/vlchost.com\/","name":"VLC Host","description":"Alquiler de alojamientos tur\u00edsticos","publisher":{"@id":"https:\/\/vlchost.com\/#organization"},"potentialAction":[{"@type":"SearchAction","target":{"@type":"EntryPoint","urlTemplate":"https:\/\/vlchost.com\/?s={search_term_string}"},"query-input":"required name=search_term_string"}],"inLanguage":"en-US"},{"@type":"Organization","@id":"https:\/\/vlchost.com\/#organization","name":"VLC Host - Nomad Life","url":"https:\/\/vlchost.com\/","logo":{"@type":"ImageObject","inLanguage":"en-US","@id":"https:\/\/vlchost.com\/#\/schema\/logo\/image\/","url":"https:\/\/vlchost.com\/wp-content\/uploads\/cropped-alquiler-apartamentos-VLCHOST.png","contentUrl":"https:\/\/vlchost.com\/wp-content\/uploads\/cropped-alquiler-apartamentos-VLCHOST.png","width":512,"height":512,"caption":"VLC Host - Nomad Life"},"image":{"@id":"https:\/\/vlchost.com\/#\/schema\/logo\/image\/"},"sameAs":["https:\/\/www.facebook.com\/VLCHost.HappyToHostYou","https:\/\/www.instagram.com\/vlchost\/"]},{"@type":"Person","@id":"https:\/\/vlchost.com\/#\/schema\/person\/f349f0d5e759cf4d4d4bad7af06dbb3b","name":"Enrique Alfonso","image":{"@type":"ImageObject","inLanguage":"en-US","@id":"https:\/\/vlchost.com\/#\/schema\/person\/image\/","url":"https:\/\/secure.gravatar.com\/avatar\/650d8b6f04ac734b6c9f43969e515dac790cc8b20fd299d2ca715bbc654ac4dc?s=96&d=mm&r=g","contentUrl":"https:\/\/secure.gravatar.com\/avatar\/650d8b6f04ac734b6c9f43969e515dac790cc8b20fd299d2ca715bbc654ac4dc?s=96&d=mm&r=g","caption":"Enrique Alfonso"},"url":"https:\/\/vlchost.com\/en\/author\/enrique\/"}]}},"_links":{"self":[{"href":"https:\/\/vlchost.com\/en\/wp-json\/wp\/v2\/posts\/6816","targetHints":{"allow":["GET"]}}],"collection":[{"href":"https:\/\/vlchost.com\/en\/wp-json\/wp\/v2\/posts"}],"about":[{"href":"https:\/\/vlchost.com\/en\/wp-json\/wp\/v2\/types\/post"}],"author":[{"embeddable":true,"href":"https:\/\/vlchost.com\/en\/wp-json\/wp\/v2\/users\/9"}],"replies":[{"embeddable":true,"href":"https:\/\/vlchost.com\/en\/wp-json\/wp\/v2\/comments?post=6816"}],"version-history":[{"count":1,"href":"https:\/\/vlchost.com\/en\/wp-json\/wp\/v2\/posts\/6816\/revisions"}],"predecessor-version":[{"id":6818,"href":"https:\/\/vlchost.com\/en\/wp-json\/wp\/v2\/posts\/6816\/revisions\/6818"}],"wp:featuredmedia":[{"embeddable":true,"href":"https:\/\/vlchost.com\/en\/wp-json\/wp\/v2\/media\/6740"}],"wp:attachment":[{"href":"https:\/\/vlchost.com\/en\/wp-json\/wp\/v2\/media?parent=6816"}],"wp:term":[{"taxonomy":"category","embeddable":true,"href":"https:\/\/vlchost.com\/en\/wp-json\/wp\/v2\/categories?post=6816"},{"taxonomy":"post_tag","embeddable":true,"href":"https:\/\/vlchost.com\/en\/wp-json\/wp\/v2\/tags?post=6816"}],"curies":[{"name":"wp","href":"https:\/\/api.w.org\/{rel}","templated":true}]}}