{"id":6852,"date":"2024-04-16T09:48:00","date_gmt":"2024-04-16T07:48:00","guid":{"rendered":"https:\/\/vlchost.com\/?p=6852"},"modified":"2024-03-26T12:13:27","modified_gmt":"2024-03-26T11:13:27","slug":"descubre-el-vibrante-barrio-del-cabanyal","status":"publish","type":"post","link":"https:\/\/vlchost.com\/en\/noticias\/descubre-el-vibrante-barrio-del-cabanyal\/","title":{"rendered":"Descubre el vibrante barrio del Cabanyal"},"content":{"rendered":"<div data-elementor-type=\"wp-post\" data-elementor-id=\"6852\" class=\"elementor elementor-6852\" data-elementor-post-type=\"post\">\n\t\t\t\t\t\t<section class=\"elementor-section elementor-top-section elementor-element elementor-element-84d6678 elementor-section-boxed elementor-section-height-default elementor-section-height-default\" data-id=\"84d6678\" data-element_type=\"section\">\n\t\t\t\t\t\t<div class=\"elementor-container elementor-column-gap-default\">\n\t\t\t\t\t<div class=\"elementor-column elementor-col-100 elementor-top-column elementor-element elementor-element-ca254d9\" data-id=\"ca254d9\" data-element_type=\"column\">\n\t\t\t<div class=\"elementor-widget-wrap elementor-element-populated\">\n\t\t\t\t\t\t<div class=\"elementor-element elementor-element-23caa5e elementor-widget__width-auto elementor-widget elementor-widget-text-editor\" data-id=\"23caa5e\" data-element_type=\"widget\" data-widget_type=\"text-editor.default\">\n\t\t\t\t<div class=\"elementor-widget-container\">\n\t\t\t<style>\/*! elementor - v3.19.0 - 28-02-2024 *\/\n.elementor-widget-text-editor.elementor-drop-cap-view-stacked .elementor-drop-cap{background-color:#69727d;color:#fff}.elementor-widget-text-editor.elementor-drop-cap-view-framed .elementor-drop-cap{color:#69727d;border:3px solid;background-color:transparent}.elementor-widget-text-editor:not(.elementor-drop-cap-view-default) .elementor-drop-cap{margin-top:8px}.elementor-widget-text-editor:not(.elementor-drop-cap-view-default) .elementor-drop-cap-letter{width:1em;height:1em}.elementor-widget-text-editor .elementor-drop-cap{float:left;text-align:center;line-height:1;font-size:50px}.elementor-widget-text-editor .elementor-drop-cap-letter{display:inline-block}<\/style>\t\t\t\t<p>En el entramado de calles empedradas y fachadas que relatan historias centenarias, se encuentra El barrio del Cabanyal, un lugar que respira la brisa del Mediterr\u00e1neo y palpita con la vitalidad \u00fanica de Valencia. A trav\u00e9s de este art\u00edculo, nos sumergiremos en las ra\u00edces profundas de esta vibrante zona, explorando su legado mar\u00edtimo, su arquitectura peculiar y su esp\u00edritu comunitario inquebrantable. Desde sus tabernas tradicionales hasta los murales callejeros que adornan sus paredes, descubriremos c\u00f3mo este barrio ha sabido mantener viva su esencia mientras abraza la modernidad con un abrazo c\u00e1lido y acogedor.<\/p><div><h2><strong>Un barrio de antiguos pescadores<\/strong><\/h2><p>Los or\u00edgenes de este barrio se remontan a la \u00e9poca de los pescadores que habitaron sus costas. El Cabanyal conserva a\u00fan hoy su <strong>esp\u00edritu marinero<\/strong>, palpable en cada esquina donde las fachadas de sus casas, pintadas en tonos vivos que reflejan la luz del sol, narran historias de generaciones pasadas y de un estilo de vida arraigado en la cultura mediterr\u00e1nea.<\/p><p>Pero m\u00e1s all\u00e1 de su legado hist\u00f3rico, El Cabanyal es tambi\u00e9n un hervidero de creatividad y modernidad. Sus calles albergan una ecl\u00e9ctica mezcla de galer\u00edas de arte, estudios de artistas y tiendas de dise\u00f1o, donde la vanguardia se encuentra con la tradici\u00f3n en un abrazo armonioso. Cada rinc\u00f3n ofrece una nueva sorpresa, desde los <strong>murales callejeros<\/strong> que adornan las paredes hasta los mercados de pulgas donde se pueden encontrar tesoros ocultos.<\/p><p>\u00a0<\/p><h2><strong>Gastronom\u00eda tradicional en el barrio del Cabanyal<\/strong><\/h2><p>La gastronom\u00eda es otro de los pilares de este barrio en constante movimiento. Sus tabernas y bares rebosan de vida, ofreciendo una deliciosa variedad de platos tradicionales valencianos y sabores internacionales que reflejan la diversidad de su comunidad. \u00a1Si\u00e9ntate en una terraza al aire libre y disfruta de una <strong>paella con vistas al mar<\/strong>!<\/p><p>\u00a0<\/p><h2><strong>Mucho m\u00e1s que un barrio<\/strong><\/h2><p>Pero quiz\u00e1s lo m\u00e1s cautivador de este barrio sea su esp\u00edritu comunitario. Aqu\u00ed, vecinos y visitantes se mezclan compartiendo risas, historias y la pasi\u00f3n por este lugar tan especial. Los eventos culturales y festivales que animan sus calles durante todo el a\u00f1o son testigos de esta uni\u00f3n, celebrando la riqueza y la diversidad que hacen de El Cabanyal un lugar verdaderamente \u00fanico.<\/p><p>Desde el bullicio del <strong><a href=\"https:\/\/mercadocabanyal.es\/\">Mercado del Caba\u00f1al<\/a><\/strong> hasta la tranquilidad de sus playas, este barrio ofrece una experiencia para todos los gustos. Los aficionados a la historia pueden perderse en las estrechas callejuelas empedradas, mientras que los amantes del arte pueden maravillarse con las obras que adornan sus paredes.<\/p><p>Si deseas sumergirte de lleno en la historia, tradici\u00f3n y costumbre de la costa valenciana, este barrio es el lugar ideal para alojarte en tu visita a la ciudad. Desde VLC Host te recomendamos tres de nuestros c\u00f3modos apartamentos situados en esta zona:<\/p><ul><li><strong><a href=\"https:\/\/vlchost.com\/en\/noticias\/vlc-host-noticias\/alquila-tu-media-estancia-en-el-vlc-ernesto-anastasio\/\">VLC Ernesto Anastasio<\/a><\/strong><\/li><li><strong><a href=\"https:\/\/vlchost.com\/en\/noticias\/vlc-host-noticias\/vlc-vents-de-mar-un-apartamento-para-los-amantes-de-lo-original\/\">VLC Vents de Mar<\/a><\/strong><\/li><li><strong><a href=\"https:\/\/vlchost.com\/en\/noticias\/vlc-host-noticias\/disfruta-de-la-brisa-marina-en-vlc-vels-i-mar\/\">VLC Vels i Mar<\/a><\/strong><\/li><\/ul><p>Reserva tu estancia llamando al <strong>+34 665 158 187<\/strong> o escribiendo a <a href=\"mailto:reservas@vlcinvest.com\"><strong>reservas@vlcinvest.com<\/strong><\/a> y disfruta del vibrante barrio del Cabanyal.<\/p><\/div>\t\t\t\t\t\t<\/div>\n\t\t\t\t<\/div>\n\t\t\t\t\t<\/div>\n\t\t<\/div>\n\t\t\t\t\t<\/div>\n\t\t<\/section>\n\t\t\t\t<\/div>","protected":false},"excerpt":{"rendered":"<p>En el entramado de calles empedradas y fachadas que relatan historias centenarias, se encuentra El barrio del Cabanyal, un lugar que respira la brisa del Mediterr\u00e1neo y palpita con la vitalidad \u00fanica de Valencia. A trav\u00e9s de este art\u00edculo, nos sumergiremos en las ra\u00edces profundas de esta vibrante zona, explorando su legado mar\u00edtimo, su arquitectura [&hellip;]<\/p>","protected":false},"author":9,"featured_media":6854,"comment_status":"open","ping_status":"open","sticky":false,"template":"","format":"standard","meta":{"footnotes":""},"categories":[16,11],"tags":[27,141,28,231,229,230,164,29],"class_list":["post-6852","post","type-post","status-publish","format-standard","has-post-thumbnail","hentry","category-cultura","category-noticias","tag-alquilervalencia","tag-apartamentosturisticos","tag-apartamentosvalencia","tag-barriodelcabanyal","tag-elcabanyal","tag-playavalencia","tag-valenciabonita","tag-visitvalencia"],"yoast_head":"<!-- This site is optimized with the Yoast SEO plugin v21.5 - https:\/\/yoast.com\/wordpress\/plugins\/seo\/ -->\n<title>Descubre el vibrante barrio del Cabanyal<\/title>\n<meta name=\"description\" content=\"Conoce el barrio del Cabanyal, un lugar en el que la tradici\u00f3n, la gastronom\u00eda y el arte se unen en un ambiente de lo m\u00e1s acogedor.\" \/>\n<meta name=\"robots\" content=\"index, follow, max-snippet:-1, max-image-preview:large, max-video-preview:-1\" \/>\n<link rel=\"canonical\" href=\"https:\/\/vlchost.com\/en\/noticias\/descubre-el-vibrante-barrio-del-cabanyal\/\" \/>\n<meta property=\"og:locale\" content=\"en_US\" \/>\n<meta property=\"og:type\" content=\"article\" \/>\n<meta property=\"og:title\" content=\"Descubre el vibrante barrio del Cabanyal\" \/>\n<meta property=\"og:description\" content=\"Conoce el barrio del Cabanyal, un lugar en el que la tradici\u00f3n, la gastronom\u00eda y el arte se unen en un ambiente de lo m\u00e1s acogedor.\" \/>\n<meta property=\"og:url\" content=\"https:\/\/vlchost.com\/en\/noticias\/descubre-el-vibrante-barrio-del-cabanyal\/\" \/>\n<meta property=\"og:site_name\" content=\"VLC Host\" \/>\n<meta property=\"article:publisher\" content=\"https:\/\/www.facebook.com\/VLCHost.HappyToHostYou\" \/>\n<meta property=\"article:published_time\" content=\"2024-04-16T07:48:00+00:00\" \/>\n<meta property=\"article:modified_time\" content=\"2024-03-26T11:13:27+00:00\" \/>\n<meta property=\"og:image\" content=\"https:\/\/vlchost.com\/wp-content\/uploads\/barrio-del-cabanyal-en-valencia-vlc-host.jpg\" \/>\n\t<meta property=\"og:image:width\" content=\"1200\" \/>\n\t<meta property=\"og:image:height\" content=\"800\" \/>\n\t<meta property=\"og:image:type\" content=\"image\/jpeg\" \/>\n<meta name=\"author\" content=\"Enrique Alfonso\" \/>\n<meta name=\"twitter:card\" content=\"summary_large_image\" \/>\n<meta name=\"twitter:label1\" content=\"Written by\" \/>\n\t<meta name=\"twitter:data1\" content=\"Enrique Alfonso\" \/>\n\t<meta name=\"twitter:label2\" content=\"Est. reading time\" \/>\n\t<meta name=\"twitter:data2\" content=\"3 minutes\" \/>\n<script type=\"application\/ld+json\" class=\"yoast-schema-graph\">{\"@context\":\"https:\/\/schema.org\",\"@graph\":[{\"@type\":\"Article\",\"@id\":\"https:\/\/vlchost.com\/noticias\/descubre-el-vibrante-barrio-del-cabanyal\/#article\",\"isPartOf\":{\"@id\":\"https:\/\/vlchost.com\/noticias\/descubre-el-vibrante-barrio-del-cabanyal\/\"},\"author\":{\"name\":\"Enrique Alfonso\",\"@id\":\"https:\/\/vlchost.com\/#\/schema\/person\/f349f0d5e759cf4d4d4bad7af06dbb3b\"},\"headline\":\"Descubre el vibrante barrio del Cabanyal\",\"datePublished\":\"2024-04-16T07:48:00+00:00\",\"dateModified\":\"2024-03-26T11:13:27+00:00\",\"mainEntityOfPage\":{\"@id\":\"https:\/\/vlchost.com\/noticias\/descubre-el-vibrante-barrio-del-cabanyal\/\"},\"wordCount\":518,\"commentCount\":0,\"publisher\":{\"@id\":\"https:\/\/vlchost.com\/#organization\"},\"keywords\":[\"#alquilervalencia\",\"#apartamentostur\u00edsticos\",\"#apartamentosvalencia\",\"#barriodelcabanyal\",\"#elcabanyal\",\"#playavalencia\",\"#valenciabonita\",\"#visitvalencia\"],\"articleSection\":[\"Cultura\",\"Noticias\"],\"inLanguage\":\"en-US\"},{\"@type\":\"WebPage\",\"@id\":\"https:\/\/vlchost.com\/noticias\/descubre-el-vibrante-barrio-del-cabanyal\/\",\"url\":\"https:\/\/vlchost.com\/noticias\/descubre-el-vibrante-barrio-del-cabanyal\/\",\"name\":\"Descubre el vibrante barrio del Cabanyal\",\"isPartOf\":{\"@id\":\"https:\/\/vlchost.com\/#website\"},\"datePublished\":\"2024-04-16T07:48:00+00:00\",\"dateModified\":\"2024-03-26T11:13:27+00:00\",\"description\":\"Conoce el barrio del Cabanyal, un lugar en el que la tradici\u00f3n, la gastronom\u00eda y el arte se unen en un ambiente de lo m\u00e1s acogedor.\",\"breadcrumb\":{\"@id\":\"https:\/\/vlchost.com\/noticias\/descubre-el-vibrante-barrio-del-cabanyal\/#breadcrumb\"},\"inLanguage\":\"en-US\",\"potentialAction\":[{\"@type\":\"ReadAction\",\"target\":[\"https:\/\/vlchost.com\/noticias\/descubre-el-vibrante-barrio-del-cabanyal\/\"]}]},{\"@type\":\"BreadcrumbList\",\"@id\":\"https:\/\/vlchost.com\/noticias\/descubre-el-vibrante-barrio-del-cabanyal\/#breadcrumb\",\"itemListElement\":[{\"@type\":\"ListItem\",\"position\":1,\"name\":\"Portada\",\"item\":\"https:\/\/vlchost.com\/\"},{\"@type\":\"ListItem\",\"position\":2,\"name\":\"Descubre el vibrante barrio del Cabanyal\"}]},{\"@type\":\"WebSite\",\"@id\":\"https:\/\/vlchost.com\/#website\",\"url\":\"https:\/\/vlchost.com\/\",\"name\":\"VLC Host\",\"description\":\"Alquiler de alojamientos tur\u00edsticos\",\"publisher\":{\"@id\":\"https:\/\/vlchost.com\/#organization\"},\"potentialAction\":[{\"@type\":\"SearchAction\",\"target\":{\"@type\":\"EntryPoint\",\"urlTemplate\":\"https:\/\/vlchost.com\/?s={search_term_string}\"},\"query-input\":\"required name=search_term_string\"}],\"inLanguage\":\"en-US\"},{\"@type\":\"Organization\",\"@id\":\"https:\/\/vlchost.com\/#organization\",\"name\":\"VLC Host - Nomad Life\",\"url\":\"https:\/\/vlchost.com\/\",\"logo\":{\"@type\":\"ImageObject\",\"inLanguage\":\"en-US\",\"@id\":\"https:\/\/vlchost.com\/#\/schema\/logo\/image\/\",\"url\":\"https:\/\/vlchost.com\/wp-content\/uploads\/cropped-alquiler-apartamentos-VLCHOST.png\",\"contentUrl\":\"https:\/\/vlchost.com\/wp-content\/uploads\/cropped-alquiler-apartamentos-VLCHOST.png\",\"width\":512,\"height\":512,\"caption\":\"VLC Host - Nomad Life\"},\"image\":{\"@id\":\"https:\/\/vlchost.com\/#\/schema\/logo\/image\/\"},\"sameAs\":[\"https:\/\/www.facebook.com\/VLCHost.HappyToHostYou\",\"https:\/\/www.instagram.com\/vlchost\/\"]},{\"@type\":\"Person\",\"@id\":\"https:\/\/vlchost.com\/#\/schema\/person\/f349f0d5e759cf4d4d4bad7af06dbb3b\",\"name\":\"Enrique Alfonso\",\"image\":{\"@type\":\"ImageObject\",\"inLanguage\":\"en-US\",\"@id\":\"https:\/\/vlchost.com\/#\/schema\/person\/image\/\",\"url\":\"https:\/\/secure.gravatar.com\/avatar\/650d8b6f04ac734b6c9f43969e515dac790cc8b20fd299d2ca715bbc654ac4dc?s=96&d=mm&r=g\",\"contentUrl\":\"https:\/\/secure.gravatar.com\/avatar\/650d8b6f04ac734b6c9f43969e515dac790cc8b20fd299d2ca715bbc654ac4dc?s=96&d=mm&r=g\",\"caption\":\"Enrique Alfonso\"},\"url\":\"https:\/\/vlchost.com\/en\/author\/enrique\/\"}]}<\/script>\n<!-- \/ Yoast SEO plugin. -->","yoast_head_json":{"title":"Descubre el vibrante barrio del Cabanyal","description":"Conoce el barrio del Cabanyal, un lugar en el que la tradici\u00f3n, la gastronom\u00eda y el arte se unen en un ambiente de lo m\u00e1s acogedor.","robots":{"index":"index","follow":"follow","max-snippet":"max-snippet:-1","max-image-preview":"max-image-preview:large","max-video-preview":"max-video-preview:-1"},"canonical":"https:\/\/vlchost.com\/en\/noticias\/descubre-el-vibrante-barrio-del-cabanyal\/","og_locale":"en_US","og_type":"article","og_title":"Descubre el vibrante barrio del Cabanyal","og_description":"Conoce el barrio del Cabanyal, un lugar en el que la tradici\u00f3n, la gastronom\u00eda y el arte se unen en un ambiente de lo m\u00e1s acogedor.","og_url":"https:\/\/vlchost.com\/en\/noticias\/descubre-el-vibrante-barrio-del-cabanyal\/","og_site_name":"VLC Host","article_publisher":"https:\/\/www.facebook.com\/VLCHost.HappyToHostYou","article_published_time":"2024-04-16T07:48:00+00:00","article_modified_time":"2024-03-26T11:13:27+00:00","og_image":[{"width":1200,"height":800,"url":"https:\/\/vlchost.com\/wp-content\/uploads\/barrio-del-cabanyal-en-valencia-vlc-host.jpg","type":"image\/jpeg"}],"author":"Enrique Alfonso","twitter_card":"summary_large_image","twitter_misc":{"Written by":"Enrique Alfonso","Est. reading time":"3 minutes"},"schema":{"@context":"https:\/\/schema.org","@graph":[{"@type":"Article","@id":"https:\/\/vlchost.com\/noticias\/descubre-el-vibrante-barrio-del-cabanyal\/#article","isPartOf":{"@id":"https:\/\/vlchost.com\/noticias\/descubre-el-vibrante-barrio-del-cabanyal\/"},"author":{"name":"Enrique Alfonso","@id":"https:\/\/vlchost.com\/#\/schema\/person\/f349f0d5e759cf4d4d4bad7af06dbb3b"},"headline":"Descubre el vibrante barrio del Cabanyal","datePublished":"2024-04-16T07:48:00+00:00","dateModified":"2024-03-26T11:13:27+00:00","mainEntityOfPage":{"@id":"https:\/\/vlchost.com\/noticias\/descubre-el-vibrante-barrio-del-cabanyal\/"},"wordCount":518,"commentCount":0,"publisher":{"@id":"https:\/\/vlchost.com\/#organization"},"keywords":["#alquilervalencia","#apartamentostur\u00edsticos","#apartamentosvalencia","#barriodelcabanyal","#elcabanyal","#playavalencia","#valenciabonita","#visitvalencia"],"articleSection":["Cultura","Noticias"],"inLanguage":"en-US"},{"@type":"WebPage","@id":"https:\/\/vlchost.com\/noticias\/descubre-el-vibrante-barrio-del-cabanyal\/","url":"https:\/\/vlchost.com\/noticias\/descubre-el-vibrante-barrio-del-cabanyal\/","name":"Descubre el vibrante barrio del Cabanyal","isPartOf":{"@id":"https:\/\/vlchost.com\/#website"},"datePublished":"2024-04-16T07:48:00+00:00","dateModified":"2024-03-26T11:13:27+00:00","description":"Conoce el barrio del Cabanyal, un lugar en el que la tradici\u00f3n, la gastronom\u00eda y el arte se unen en un ambiente de lo m\u00e1s acogedor.","breadcrumb":{"@id":"https:\/\/vlchost.com\/noticias\/descubre-el-vibrante-barrio-del-cabanyal\/#breadcrumb"},"inLanguage":"en-US","potentialAction":[{"@type":"ReadAction","target":["https:\/\/vlchost.com\/noticias\/descubre-el-vibrante-barrio-del-cabanyal\/"]}]},{"@type":"BreadcrumbList","@id":"https:\/\/vlchost.com\/noticias\/descubre-el-vibrante-barrio-del-cabanyal\/#breadcrumb","itemListElement":[{"@type":"ListItem","position":1,"name":"Portada","item":"https:\/\/vlchost.com\/"},{"@type":"ListItem","position":2,"name":"Descubre el vibrante barrio del Cabanyal"}]},{"@type":"WebSite","@id":"https:\/\/vlchost.com\/#website","url":"https:\/\/vlchost.com\/","name":"VLC Host","description":"Alquiler de alojamientos tur\u00edsticos","publisher":{"@id":"https:\/\/vlchost.com\/#organization"},"potentialAction":[{"@type":"SearchAction","target":{"@type":"EntryPoint","urlTemplate":"https:\/\/vlchost.com\/?s={search_term_string}"},"query-input":"required name=search_term_string"}],"inLanguage":"en-US"},{"@type":"Organization","@id":"https:\/\/vlchost.com\/#organization","name":"VLC Host - Nomad Life","url":"https:\/\/vlchost.com\/","logo":{"@type":"ImageObject","inLanguage":"en-US","@id":"https:\/\/vlchost.com\/#\/schema\/logo\/image\/","url":"https:\/\/vlchost.com\/wp-content\/uploads\/cropped-alquiler-apartamentos-VLCHOST.png","contentUrl":"https:\/\/vlchost.com\/wp-content\/uploads\/cropped-alquiler-apartamentos-VLCHOST.png","width":512,"height":512,"caption":"VLC Host - Nomad Life"},"image":{"@id":"https:\/\/vlchost.com\/#\/schema\/logo\/image\/"},"sameAs":["https:\/\/www.facebook.com\/VLCHost.HappyToHostYou","https:\/\/www.instagram.com\/vlchost\/"]},{"@type":"Person","@id":"https:\/\/vlchost.com\/#\/schema\/person\/f349f0d5e759cf4d4d4bad7af06dbb3b","name":"Enrique Alfonso","image":{"@type":"ImageObject","inLanguage":"en-US","@id":"https:\/\/vlchost.com\/#\/schema\/person\/image\/","url":"https:\/\/secure.gravatar.com\/avatar\/650d8b6f04ac734b6c9f43969e515dac790cc8b20fd299d2ca715bbc654ac4dc?s=96&d=mm&r=g","contentUrl":"https:\/\/secure.gravatar.com\/avatar\/650d8b6f04ac734b6c9f43969e515dac790cc8b20fd299d2ca715bbc654ac4dc?s=96&d=mm&r=g","caption":"Enrique Alfonso"},"url":"https:\/\/vlchost.com\/en\/author\/enrique\/"}]}},"_links":{"self":[{"href":"https:\/\/vlchost.com\/en\/wp-json\/wp\/v2\/posts\/6852","targetHints":{"allow":["GET"]}}],"collection":[{"href":"https:\/\/vlchost.com\/en\/wp-json\/wp\/v2\/posts"}],"about":[{"href":"https:\/\/vlchost.com\/en\/wp-json\/wp\/v2\/types\/post"}],"author":[{"embeddable":true,"href":"https:\/\/vlchost.com\/en\/wp-json\/wp\/v2\/users\/9"}],"replies":[{"embeddable":true,"href":"https:\/\/vlchost.com\/en\/wp-json\/wp\/v2\/comments?post=6852"}],"version-history":[{"count":7,"href":"https:\/\/vlchost.com\/en\/wp-json\/wp\/v2\/posts\/6852\/revisions"}],"predecessor-version":[{"id":6860,"href":"https:\/\/vlchost.com\/en\/wp-json\/wp\/v2\/posts\/6852\/revisions\/6860"}],"wp:featuredmedia":[{"embeddable":true,"href":"https:\/\/vlchost.com\/en\/wp-json\/wp\/v2\/media\/6854"}],"wp:attachment":[{"href":"https:\/\/vlchost.com\/en\/wp-json\/wp\/v2\/media?parent=6852"}],"wp:term":[{"taxonomy":"category","embeddable":true,"href":"https:\/\/vlchost.com\/en\/wp-json\/wp\/v2\/categories?post=6852"},{"taxonomy":"post_tag","embeddable":true,"href":"https:\/\/vlchost.com\/en\/wp-json\/wp\/v2\/tags?post=6852"}],"curies":[{"name":"wp","href":"https:\/\/api.w.org\/{rel}","templated":true}]}}