{"id":6871,"date":"2024-04-02T09:09:00","date_gmt":"2024-04-02T07:09:00","guid":{"rendered":"https:\/\/vlchost.com\/?p=6871"},"modified":"2024-03-26T12:10:52","modified_gmt":"2024-03-26T11:10:52","slug":"celebra-el-amor-por-la-lectura-en-la-feria-del-libro-de-valencia","status":"publish","type":"post","link":"https:\/\/vlchost.com\/en\/noticias\/celebra-el-amor-por-la-lectura-en-la-feria-del-libro-de-valencia\/","title":{"rendered":"Celebra el amor por la lectura en la Feria del Libro de Valencia"},"content":{"rendered":"<div data-elementor-type=\"wp-post\" data-elementor-id=\"6871\" class=\"elementor elementor-6871\" data-elementor-post-type=\"post\">\n\t\t\t\t\t\t<section class=\"elementor-section elementor-top-section elementor-element elementor-element-84d6678 elementor-section-boxed elementor-section-height-default elementor-section-height-default\" data-id=\"84d6678\" data-element_type=\"section\">\n\t\t\t\t\t\t<div class=\"elementor-container elementor-column-gap-default\">\n\t\t\t\t\t<div class=\"elementor-column elementor-col-100 elementor-top-column elementor-element elementor-element-ca254d9\" data-id=\"ca254d9\" data-element_type=\"column\">\n\t\t\t<div class=\"elementor-widget-wrap elementor-element-populated\">\n\t\t\t\t\t\t<div class=\"elementor-element elementor-element-23caa5e elementor-widget__width-auto elementor-widget elementor-widget-text-editor\" data-id=\"23caa5e\" data-element_type=\"widget\" data-widget_type=\"text-editor.default\">\n\t\t\t\t<div class=\"elementor-widget-container\">\n\t\t\t<style>\/*! elementor - v3.19.0 - 28-02-2024 *\/\n.elementor-widget-text-editor.elementor-drop-cap-view-stacked .elementor-drop-cap{background-color:#69727d;color:#fff}.elementor-widget-text-editor.elementor-drop-cap-view-framed .elementor-drop-cap{color:#69727d;border:3px solid;background-color:transparent}.elementor-widget-text-editor:not(.elementor-drop-cap-view-default) .elementor-drop-cap{margin-top:8px}.elementor-widget-text-editor:not(.elementor-drop-cap-view-default) .elementor-drop-cap-letter{width:1em;height:1em}.elementor-widget-text-editor .elementor-drop-cap{float:left;text-align:center;line-height:1;font-size:50px}.elementor-widget-text-editor .elementor-drop-cap-letter{display:inline-block}<\/style>\t\t\t\t<p>Si vas a visitar la ciudad en abril no puedes perderte la maravillosa Feria del Libro de Valencia donde podr\u00e1s encontrar las mejores lecturas que te acompa\u00f1ar\u00e1n en tu viaje. Prep\u00e1rate para un fest\u00edn literario lleno de nuevas historias y conocimientos. Si eres un amante incondicional de los libros este art\u00edculo te interesa.<\/p><h2><strong>La lectura, m\u00e1s que una fuente de conocimiento<\/strong><\/h2><p>La lectura no solo es una fuente inagotable de conocimiento y entretenimiento, sino que tambi\u00e9n tiene el poder de transformar nuestras mentes y nuestras emociones. A trav\u00e9s de las p\u00e1ginas de un libro, podemos viajar a tierras lejanas, explorar mundos imaginarios, conocer diferentes culturas y entender mejor nuestra propia realidad.<\/p><p>Adem\u00e1s de expandir nuestros horizontes intelectuales, la lectura tiene numerosos beneficios para nuestra salud mental. Est\u00e1 comprobado que leer de forma regular ayuda a reducir el estr\u00e9s, mejorar la concentraci\u00f3n, estimular la creatividad y fortalecer la empat\u00eda. En un mundo cada vez m\u00e1s acelerado y digitalizado, sumergirse en la lectura nos brinda un refugio tranquilo donde podemos desconectar del ruido externo y conectar con nuestra esencia m\u00e1s profunda.<\/p><p>Desde <strong><a href=\"https:\/\/vlchost.com\/en\/\">VLC Host<\/a><\/strong>, compartimos ese amor por la lectura y es por eso que recomendamos visitar este 2024 la Feria del Libro de Valencia.<\/p><h2><strong>59\u00aa Feria del Libro de Valencia<\/strong><\/h2><p>La <em>Fundaci\u00f3 Fira del Llibre de Val\u00e8ncia<\/em> y <em>el Gremi de Llibrers de Val\u00e8ncia<\/em> se unen nuevamente para organizar la <strong>59\u00aa edici\u00f3n de la Feria del Libro de Valencia<\/strong>.<\/p><p>Durante este evento, se llevar\u00e1n a cabo diversas actividades con el prop\u00f3sito de fomentar la lectura y destacar las librer\u00edas valencianas, que incluyen talleres, recitales, firmas de autores, mesas redondas, y actividades dirigidas a escolares, entre otras.<\/p><p>Todo esto tendr\u00e1 lugar en uno de los lugares m\u00e1s emblem\u00e1ticos de la ciudad, los Jardines del Real. Sin duda, es una oportunidad excepcional no solo para disfrutar de la lectura, sino tambi\u00e9n para explorar este oasis verde en el coraz\u00f3n de Valencia.<\/p><h2><strong>Prepara tu visita <\/strong><\/h2><p><strong>1. Ubicaci\u00f3n: <\/strong>Como todos los a\u00f1os, la Feria del Libro de Valencia tendr\u00e1 lugar en los <strong><a href=\"https:\/\/es.wikipedia.org\/wiki\/Jardines_del_Real\">Jardines del Real<\/a><\/strong> tambi\u00e9n conocidos como Jardines de Viveros. Un espacio ideal rodeado de naturaleza y mucha historia.<\/p><p>\ud83d\udccd Jardines del Real o Viveros, Carrer de Cavanilles, Valencia.<\/p><p><strong>2. C\u00f3mo llegar:<\/strong> Para llegar a la feria del libro puedes utilizar el <strong><a href=\"https:\/\/vlchost.com\/en\/noticias\/transporte-publico-en-valencia-una-alternativa-para-desplazarte\/\">transporte p\u00fablico<\/a><\/strong> mediante las siguientes l\u00edneas:<\/p><ul><li>Metro: L3, L5, L7, L9.<\/li><li>Autob\u00fas: 12, 31, 70, 71, 81, C2.<\/li><\/ul><p><strong>3. Horarios: <\/strong>La feria abrir\u00e1 sus puertas desde el 25 de abril al 5 de mayo de 2024 con el siguiente horario:<\/p><ul><li>De lunes a viernes: 11:00 h a 14:00 h y de 17:00 h a 20:30 h.<\/li><li>Fines de semana y festivos: 11:00 h a 14:30 h y de 16:30 h a 21:00 h.<\/li><\/ul><p><strong>4. Informaci\u00f3n: <\/strong>Podr\u00e1s consultar toda la agenda prevista as\u00ed como la lista de expositores, firmas de escritores y encuentros de clubs de lectura en la <strong><a href=\"https:\/\/firallibre.com\/?lang=es\">p\u00e1gina oficial de la Feria del Libro de Valencia.<\/a><\/strong><\/p><p><strong>5. Precio: <\/strong>Este evento es completamente gratuito.<\/p><p>\u00a1Reserva ya tu estancia en Valencia llamando al <strong>+34 665 158 187<\/strong> o escribir a <a href=\"mailto:reservas@vlcinvest.com\"><strong>reservas@vlcinvest.com<\/strong><\/a> y celebra el amor por la lectura en la Feria del Libro 2024!<\/p>\t\t\t\t\t\t<\/div>\n\t\t\t\t<\/div>\n\t\t\t\t\t<\/div>\n\t\t<\/div>\n\t\t\t\t\t<\/div>\n\t\t<\/section>\n\t\t\t\t<\/div>","protected":false},"excerpt":{"rendered":"<p>Si vas a visitar la ciudad en abril no puedes perderte la maravillosa Feria del Libro de Valencia donde podr\u00e1s encontrar las mejores lecturas que te acompa\u00f1ar\u00e1n en tu viaje. Prep\u00e1rate para un fest\u00edn literario lleno de nuevas historias y conocimientos. Si eres un amante incondicional de los libros este art\u00edculo te interesa. La lectura, [&hellip;]<\/p>","protected":false},"author":9,"featured_media":6873,"comment_status":"open","ping_status":"open","sticky":false,"template":"","format":"standard","meta":{"footnotes":""},"categories":[14,11],"tags":[27,141,28,235,237,236,164,29],"class_list":["post-6871","post","type-post","status-publish","format-standard","has-post-thumbnail","hentry","category-eventos","category-noticias","tag-alquilervalencia","tag-apartamentosturisticos","tag-apartamentosvalencia","tag-diadellibro","tag-feriadellibro","tag-feriadellibrodevalencia","tag-valenciabonita","tag-visitvalencia"],"yoast_head":"<!-- This site is optimized with the Yoast SEO plugin v21.5 - https:\/\/yoast.com\/wordpress\/plugins\/seo\/ -->\n<title>Celebra el amor por la lectura en la Feria del Libro de Valencia<\/title>\n<meta name=\"description\" content=\"\ud83d\udcda Visita la Feria del Libro de Valencia este 2024 desde el 25 de abril al 5 de mayo y encuentra las mejores lecturas para tu viaje.\" \/>\n<meta name=\"robots\" content=\"index, follow, max-snippet:-1, max-image-preview:large, max-video-preview:-1\" \/>\n<link rel=\"canonical\" href=\"https:\/\/vlchost.com\/en\/noticias\/celebra-el-amor-por-la-lectura-en-la-feria-del-libro-de-valencia\/\" \/>\n<meta property=\"og:locale\" content=\"en_US\" \/>\n<meta property=\"og:type\" content=\"article\" \/>\n<meta property=\"og:title\" content=\"Celebra el amor por la lectura en la Feria del Libro de Valencia\" \/>\n<meta property=\"og:description\" content=\"\ud83d\udcda Visita la Feria del Libro de Valencia este 2024 desde el 25 de abril al 5 de mayo y encuentra las mejores lecturas para tu viaje.\" \/>\n<meta property=\"og:url\" content=\"https:\/\/vlchost.com\/en\/noticias\/celebra-el-amor-por-la-lectura-en-la-feria-del-libro-de-valencia\/\" \/>\n<meta property=\"og:site_name\" content=\"VLC Host\" \/>\n<meta property=\"article:publisher\" content=\"https:\/\/www.facebook.com\/VLCHost.HappyToHostYou\" \/>\n<meta property=\"article:published_time\" content=\"2024-04-02T07:09:00+00:00\" \/>\n<meta property=\"article:modified_time\" content=\"2024-03-26T11:10:52+00:00\" \/>\n<meta property=\"og:image\" content=\"https:\/\/vlchost.com\/wp-content\/uploads\/feria-del-libro-de-valencia-vlc-host.jpg\" \/>\n\t<meta property=\"og:image:width\" content=\"1200\" \/>\n\t<meta property=\"og:image:height\" content=\"800\" \/>\n\t<meta property=\"og:image:type\" content=\"image\/jpeg\" \/>\n<meta name=\"author\" content=\"Enrique Alfonso\" \/>\n<meta name=\"twitter:card\" content=\"summary_large_image\" \/>\n<meta name=\"twitter:label1\" content=\"Written by\" \/>\n\t<meta name=\"twitter:data1\" content=\"Enrique Alfonso\" \/>\n\t<meta name=\"twitter:label2\" content=\"Est. reading time\" \/>\n\t<meta name=\"twitter:data2\" content=\"3 minutes\" \/>\n<script type=\"application\/ld+json\" class=\"yoast-schema-graph\">{\"@context\":\"https:\/\/schema.org\",\"@graph\":[{\"@type\":\"Article\",\"@id\":\"https:\/\/vlchost.com\/noticias\/celebra-el-amor-por-la-lectura-en-la-feria-del-libro-de-valencia\/#article\",\"isPartOf\":{\"@id\":\"https:\/\/vlchost.com\/noticias\/celebra-el-amor-por-la-lectura-en-la-feria-del-libro-de-valencia\/\"},\"author\":{\"name\":\"Enrique Alfonso\",\"@id\":\"https:\/\/vlchost.com\/#\/schema\/person\/f349f0d5e759cf4d4d4bad7af06dbb3b\"},\"headline\":\"Celebra el amor por la lectura en la Feria del Libro de Valencia\",\"datePublished\":\"2024-04-02T07:09:00+00:00\",\"dateModified\":\"2024-03-26T11:10:52+00:00\",\"mainEntityOfPage\":{\"@id\":\"https:\/\/vlchost.com\/noticias\/celebra-el-amor-por-la-lectura-en-la-feria-del-libro-de-valencia\/\"},\"wordCount\":542,\"commentCount\":0,\"publisher\":{\"@id\":\"https:\/\/vlchost.com\/#organization\"},\"keywords\":[\"#alquilervalencia\",\"#apartamentostur\u00edsticos\",\"#apartamentosvalencia\",\"#d\u00edadellibro\",\"#feriadellibro\",\"#feriadellibrodevalencia\",\"#valenciabonita\",\"#visitvalencia\"],\"articleSection\":[\"Eventos\",\"Noticias\"],\"inLanguage\":\"en-US\"},{\"@type\":\"WebPage\",\"@id\":\"https:\/\/vlchost.com\/noticias\/celebra-el-amor-por-la-lectura-en-la-feria-del-libro-de-valencia\/\",\"url\":\"https:\/\/vlchost.com\/noticias\/celebra-el-amor-por-la-lectura-en-la-feria-del-libro-de-valencia\/\",\"name\":\"Celebra el amor por la lectura en la Feria del Libro de Valencia\",\"isPartOf\":{\"@id\":\"https:\/\/vlchost.com\/#website\"},\"datePublished\":\"2024-04-02T07:09:00+00:00\",\"dateModified\":\"2024-03-26T11:10:52+00:00\",\"description\":\"\ud83d\udcda Visita la Feria del Libro de Valencia este 2024 desde el 25 de abril al 5 de mayo y encuentra las mejores lecturas para tu viaje.\",\"breadcrumb\":{\"@id\":\"https:\/\/vlchost.com\/noticias\/celebra-el-amor-por-la-lectura-en-la-feria-del-libro-de-valencia\/#breadcrumb\"},\"inLanguage\":\"en-US\",\"potentialAction\":[{\"@type\":\"ReadAction\",\"target\":[\"https:\/\/vlchost.com\/noticias\/celebra-el-amor-por-la-lectura-en-la-feria-del-libro-de-valencia\/\"]}]},{\"@type\":\"BreadcrumbList\",\"@id\":\"https:\/\/vlchost.com\/noticias\/celebra-el-amor-por-la-lectura-en-la-feria-del-libro-de-valencia\/#breadcrumb\",\"itemListElement\":[{\"@type\":\"ListItem\",\"position\":1,\"name\":\"Portada\",\"item\":\"https:\/\/vlchost.com\/\"},{\"@type\":\"ListItem\",\"position\":2,\"name\":\"Celebra el amor por la lectura en la Feria del Libro de Valencia\"}]},{\"@type\":\"WebSite\",\"@id\":\"https:\/\/vlchost.com\/#website\",\"url\":\"https:\/\/vlchost.com\/\",\"name\":\"VLC Host\",\"description\":\"Alquiler de alojamientos tur\u00edsticos\",\"publisher\":{\"@id\":\"https:\/\/vlchost.com\/#organization\"},\"potentialAction\":[{\"@type\":\"SearchAction\",\"target\":{\"@type\":\"EntryPoint\",\"urlTemplate\":\"https:\/\/vlchost.com\/?s={search_term_string}\"},\"query-input\":\"required name=search_term_string\"}],\"inLanguage\":\"en-US\"},{\"@type\":\"Organization\",\"@id\":\"https:\/\/vlchost.com\/#organization\",\"name\":\"VLC Host - Nomad Life\",\"url\":\"https:\/\/vlchost.com\/\",\"logo\":{\"@type\":\"ImageObject\",\"inLanguage\":\"en-US\",\"@id\":\"https:\/\/vlchost.com\/#\/schema\/logo\/image\/\",\"url\":\"https:\/\/vlchost.com\/wp-content\/uploads\/cropped-alquiler-apartamentos-VLCHOST.png\",\"contentUrl\":\"https:\/\/vlchost.com\/wp-content\/uploads\/cropped-alquiler-apartamentos-VLCHOST.png\",\"width\":512,\"height\":512,\"caption\":\"VLC Host - Nomad Life\"},\"image\":{\"@id\":\"https:\/\/vlchost.com\/#\/schema\/logo\/image\/\"},\"sameAs\":[\"https:\/\/www.facebook.com\/VLCHost.HappyToHostYou\",\"https:\/\/www.instagram.com\/vlchost\/\"]},{\"@type\":\"Person\",\"@id\":\"https:\/\/vlchost.com\/#\/schema\/person\/f349f0d5e759cf4d4d4bad7af06dbb3b\",\"name\":\"Enrique Alfonso\",\"image\":{\"@type\":\"ImageObject\",\"inLanguage\":\"en-US\",\"@id\":\"https:\/\/vlchost.com\/#\/schema\/person\/image\/\",\"url\":\"https:\/\/secure.gravatar.com\/avatar\/650d8b6f04ac734b6c9f43969e515dac790cc8b20fd299d2ca715bbc654ac4dc?s=96&d=mm&r=g\",\"contentUrl\":\"https:\/\/secure.gravatar.com\/avatar\/650d8b6f04ac734b6c9f43969e515dac790cc8b20fd299d2ca715bbc654ac4dc?s=96&d=mm&r=g\",\"caption\":\"Enrique Alfonso\"},\"url\":\"https:\/\/vlchost.com\/en\/author\/enrique\/\"}]}<\/script>\n<!-- \/ Yoast SEO plugin. -->","yoast_head_json":{"title":"Celebra el amor por la lectura en la Feria del Libro de Valencia","description":"\ud83d\udcda Visita la Feria del Libro de Valencia este 2024 desde el 25 de abril al 5 de mayo y encuentra las mejores lecturas para tu viaje.","robots":{"index":"index","follow":"follow","max-snippet":"max-snippet:-1","max-image-preview":"max-image-preview:large","max-video-preview":"max-video-preview:-1"},"canonical":"https:\/\/vlchost.com\/en\/noticias\/celebra-el-amor-por-la-lectura-en-la-feria-del-libro-de-valencia\/","og_locale":"en_US","og_type":"article","og_title":"Celebra el amor por la lectura en la Feria del Libro de Valencia","og_description":"\ud83d\udcda Visita la Feria del Libro de Valencia este 2024 desde el 25 de abril al 5 de mayo y encuentra las mejores lecturas para tu viaje.","og_url":"https:\/\/vlchost.com\/en\/noticias\/celebra-el-amor-por-la-lectura-en-la-feria-del-libro-de-valencia\/","og_site_name":"VLC Host","article_publisher":"https:\/\/www.facebook.com\/VLCHost.HappyToHostYou","article_published_time":"2024-04-02T07:09:00+00:00","article_modified_time":"2024-03-26T11:10:52+00:00","og_image":[{"width":1200,"height":800,"url":"https:\/\/vlchost.com\/wp-content\/uploads\/feria-del-libro-de-valencia-vlc-host.jpg","type":"image\/jpeg"}],"author":"Enrique Alfonso","twitter_card":"summary_large_image","twitter_misc":{"Written by":"Enrique Alfonso","Est. reading time":"3 minutes"},"schema":{"@context":"https:\/\/schema.org","@graph":[{"@type":"Article","@id":"https:\/\/vlchost.com\/noticias\/celebra-el-amor-por-la-lectura-en-la-feria-del-libro-de-valencia\/#article","isPartOf":{"@id":"https:\/\/vlchost.com\/noticias\/celebra-el-amor-por-la-lectura-en-la-feria-del-libro-de-valencia\/"},"author":{"name":"Enrique Alfonso","@id":"https:\/\/vlchost.com\/#\/schema\/person\/f349f0d5e759cf4d4d4bad7af06dbb3b"},"headline":"Celebra el amor por la lectura en la Feria del Libro de Valencia","datePublished":"2024-04-02T07:09:00+00:00","dateModified":"2024-03-26T11:10:52+00:00","mainEntityOfPage":{"@id":"https:\/\/vlchost.com\/noticias\/celebra-el-amor-por-la-lectura-en-la-feria-del-libro-de-valencia\/"},"wordCount":542,"commentCount":0,"publisher":{"@id":"https:\/\/vlchost.com\/#organization"},"keywords":["#alquilervalencia","#apartamentostur\u00edsticos","#apartamentosvalencia","#d\u00edadellibro","#feriadellibro","#feriadellibrodevalencia","#valenciabonita","#visitvalencia"],"articleSection":["Eventos","Noticias"],"inLanguage":"en-US"},{"@type":"WebPage","@id":"https:\/\/vlchost.com\/noticias\/celebra-el-amor-por-la-lectura-en-la-feria-del-libro-de-valencia\/","url":"https:\/\/vlchost.com\/noticias\/celebra-el-amor-por-la-lectura-en-la-feria-del-libro-de-valencia\/","name":"Celebra el amor por la lectura en la Feria del Libro de Valencia","isPartOf":{"@id":"https:\/\/vlchost.com\/#website"},"datePublished":"2024-04-02T07:09:00+00:00","dateModified":"2024-03-26T11:10:52+00:00","description":"\ud83d\udcda Visita la Feria del Libro de Valencia este 2024 desde el 25 de abril al 5 de mayo y encuentra las mejores lecturas para tu viaje.","breadcrumb":{"@id":"https:\/\/vlchost.com\/noticias\/celebra-el-amor-por-la-lectura-en-la-feria-del-libro-de-valencia\/#breadcrumb"},"inLanguage":"en-US","potentialAction":[{"@type":"ReadAction","target":["https:\/\/vlchost.com\/noticias\/celebra-el-amor-por-la-lectura-en-la-feria-del-libro-de-valencia\/"]}]},{"@type":"BreadcrumbList","@id":"https:\/\/vlchost.com\/noticias\/celebra-el-amor-por-la-lectura-en-la-feria-del-libro-de-valencia\/#breadcrumb","itemListElement":[{"@type":"ListItem","position":1,"name":"Portada","item":"https:\/\/vlchost.com\/"},{"@type":"ListItem","position":2,"name":"Celebra el amor por la lectura en la Feria del Libro de Valencia"}]},{"@type":"WebSite","@id":"https:\/\/vlchost.com\/#website","url":"https:\/\/vlchost.com\/","name":"VLC Host","description":"Alquiler de alojamientos tur\u00edsticos","publisher":{"@id":"https:\/\/vlchost.com\/#organization"},"potentialAction":[{"@type":"SearchAction","target":{"@type":"EntryPoint","urlTemplate":"https:\/\/vlchost.com\/?s={search_term_string}"},"query-input":"required name=search_term_string"}],"inLanguage":"en-US"},{"@type":"Organization","@id":"https:\/\/vlchost.com\/#organization","name":"VLC Host - Nomad Life","url":"https:\/\/vlchost.com\/","logo":{"@type":"ImageObject","inLanguage":"en-US","@id":"https:\/\/vlchost.com\/#\/schema\/logo\/image\/","url":"https:\/\/vlchost.com\/wp-content\/uploads\/cropped-alquiler-apartamentos-VLCHOST.png","contentUrl":"https:\/\/vlchost.com\/wp-content\/uploads\/cropped-alquiler-apartamentos-VLCHOST.png","width":512,"height":512,"caption":"VLC Host - Nomad Life"},"image":{"@id":"https:\/\/vlchost.com\/#\/schema\/logo\/image\/"},"sameAs":["https:\/\/www.facebook.com\/VLCHost.HappyToHostYou","https:\/\/www.instagram.com\/vlchost\/"]},{"@type":"Person","@id":"https:\/\/vlchost.com\/#\/schema\/person\/f349f0d5e759cf4d4d4bad7af06dbb3b","name":"Enrique Alfonso","image":{"@type":"ImageObject","inLanguage":"en-US","@id":"https:\/\/vlchost.com\/#\/schema\/person\/image\/","url":"https:\/\/secure.gravatar.com\/avatar\/650d8b6f04ac734b6c9f43969e515dac790cc8b20fd299d2ca715bbc654ac4dc?s=96&d=mm&r=g","contentUrl":"https:\/\/secure.gravatar.com\/avatar\/650d8b6f04ac734b6c9f43969e515dac790cc8b20fd299d2ca715bbc654ac4dc?s=96&d=mm&r=g","caption":"Enrique Alfonso"},"url":"https:\/\/vlchost.com\/en\/author\/enrique\/"}]}},"_links":{"self":[{"href":"https:\/\/vlchost.com\/en\/wp-json\/wp\/v2\/posts\/6871","targetHints":{"allow":["GET"]}}],"collection":[{"href":"https:\/\/vlchost.com\/en\/wp-json\/wp\/v2\/posts"}],"about":[{"href":"https:\/\/vlchost.com\/en\/wp-json\/wp\/v2\/types\/post"}],"author":[{"embeddable":true,"href":"https:\/\/vlchost.com\/en\/wp-json\/wp\/v2\/users\/9"}],"replies":[{"embeddable":true,"href":"https:\/\/vlchost.com\/en\/wp-json\/wp\/v2\/comments?post=6871"}],"version-history":[{"count":13,"href":"https:\/\/vlchost.com\/en\/wp-json\/wp\/v2\/posts\/6871\/revisions"}],"predecessor-version":[{"id":6885,"href":"https:\/\/vlchost.com\/en\/wp-json\/wp\/v2\/posts\/6871\/revisions\/6885"}],"wp:featuredmedia":[{"embeddable":true,"href":"https:\/\/vlchost.com\/en\/wp-json\/wp\/v2\/media\/6873"}],"wp:attachment":[{"href":"https:\/\/vlchost.com\/en\/wp-json\/wp\/v2\/media?parent=6871"}],"wp:term":[{"taxonomy":"category","embeddable":true,"href":"https:\/\/vlchost.com\/en\/wp-json\/wp\/v2\/categories?post=6871"},{"taxonomy":"post_tag","embeddable":true,"href":"https:\/\/vlchost.com\/en\/wp-json\/wp\/v2\/tags?post=6871"}],"curies":[{"name":"wp","href":"https:\/\/api.w.org\/{rel}","templated":true}]}}