{"id":6954,"date":"2024-05-21T09:30:00","date_gmt":"2024-05-21T07:30:00","guid":{"rendered":"https:\/\/vlchost.com\/?p=6954"},"modified":"2024-05-08T12:09:28","modified_gmt":"2024-05-08T10:09:28","slug":"disfruta-del-verano-valenciano-en-el-vlc-maritim-grao","status":"publish","type":"post","link":"https:\/\/vlchost.com\/en\/noticias\/vlc-host-noticias\/disfruta-del-verano-valenciano-en-el-vlc-maritim-grao\/","title":{"rendered":"Disfruta del verano valenciano en el VLC Maritim Grao"},"content":{"rendered":"<div data-elementor-type=\"wp-post\" data-elementor-id=\"6954\" class=\"elementor elementor-6954\" data-elementor-post-type=\"post\">\n\t\t\t\t\t\t<section class=\"elementor-section elementor-top-section elementor-element elementor-element-84d6678 elementor-section-boxed elementor-section-height-default elementor-section-height-default\" data-id=\"84d6678\" data-element_type=\"section\">\n\t\t\t\t\t\t<div class=\"elementor-container elementor-column-gap-default\">\n\t\t\t\t\t<div class=\"elementor-column elementor-col-100 elementor-top-column elementor-element elementor-element-ca254d9\" data-id=\"ca254d9\" data-element_type=\"column\">\n\t\t\t<div class=\"elementor-widget-wrap elementor-element-populated\">\n\t\t\t\t\t\t<div class=\"elementor-element elementor-element-23caa5e elementor-widget__width-auto elementor-widget elementor-widget-text-editor\" data-id=\"23caa5e\" data-element_type=\"widget\" data-widget_type=\"text-editor.default\">\n\t\t\t\t<div class=\"elementor-widget-container\">\n\t\t\t<style>\/*! elementor - v3.19.0 - 28-02-2024 *\/\n.elementor-widget-text-editor.elementor-drop-cap-view-stacked .elementor-drop-cap{background-color:#69727d;color:#fff}.elementor-widget-text-editor.elementor-drop-cap-view-framed .elementor-drop-cap{color:#69727d;border:3px solid;background-color:transparent}.elementor-widget-text-editor:not(.elementor-drop-cap-view-default) .elementor-drop-cap{margin-top:8px}.elementor-widget-text-editor:not(.elementor-drop-cap-view-default) .elementor-drop-cap-letter{width:1em;height:1em}.elementor-widget-text-editor .elementor-drop-cap{float:left;text-align:center;line-height:1;font-size:50px}.elementor-widget-text-editor .elementor-drop-cap-letter{display:inline-block}<\/style>\t\t\t\t<p>\u00bfQuieres viajar a Valencia este verano? Entonces no te puedes perder VLC Maritim Grao ubicado en un barrio donde la historia se fusiona con la modernidad en una danza armoniosa. Situado estrat\u00e9gicamente entre el din\u00e1mico puerto mar\u00edtimo y el ic\u00f3nico complejo arquitect\u00f3nico de la Ciudad de las Artes y las Ciencias, este enclave ofrece un reflejo v\u00edvido de la evoluci\u00f3n de la ciudad a lo largo de los siglos. Descubre todos los detalles de este apartamento en el siguiente art\u00edculo.<\/p><h2><strong>El barrio<\/strong><\/h2><p>Ubicado estrat\u00e9gicamente en la soleada ciudad de Valencia, el barrio de <strong>Camins al Grau<\/strong> emerge como una opci\u00f3n privilegiada para aquellos que buscan sumergirse en la esencia mediterr\u00e1nea durante sus vacaciones de verano. Con una combinaci\u00f3n \u00fanica de <strong>historia, cultura, ocio y comodidad<\/strong>, este pintoresco distrito ofrece una experiencia inigualable para quienes eligen alojarse en sus cercan\u00edas durante la estaci\u00f3n estival.<\/p><p>Asimismo, una de las principales ventajas de hospedarse en Camins al Grau durante el verano es su proximidad a algunas de las atracciones m\u00e1s destacadas de Valencia. A pocos pasos de distancia se encuentra la impresionante <strong>Ciudad de las Artes y las Ciencias<\/strong>, un complejo arquitect\u00f3nico de renombre mundial que alberga museos, acuarios y espacios de entretenimiento, perfectos para disfrutar de d\u00edas llenos de diversi\u00f3n cultural y recreativa bajo el c\u00e1lido sol valenciano.<\/p><p>Adem\u00e1s, este barrio ofrece un f\u00e1cil acceso a las hermosas playas de la ciudad. Con solo un breve trayecto en transporte p\u00fablico o incluso a pie, los visitantes pueden llegar a las doradas arenas de la playa de <strong>la<\/strong> <strong>Malvarrosa<\/strong> o la playa de <strong>las Arenas<\/strong>, donde podr\u00e1n relajarse, tomar el sol y disfrutar de refrescantes ba\u00f1os en el Mediterr\u00e1neo.<\/p><h2><strong>VLC Maritim Grao<\/strong><\/h2><p>El alojamiento se sit\u00faa en la Calle\u00a0Francesc de Bellv\u00eds, 40, a 1,7 km de Playa de las Arenas y a 2,2 km de Playa de la Malvarrosa. El aeropuerto m\u00e1s cercano (Aeropuerto de Manises) est\u00e1 a 12 km del alojamiento. Adem\u00e1s, dispones de una <strong>parada de metro (Mar\u00edtim)<\/strong> a escasos metros del edificio.<\/p><p>Este bloque de apartamentos se compone de 6 estudios diferentes que incluyen:<\/p><p>-Aire acondicionado.<\/p><p>-Calefacci\u00f3n.<\/p><p>-Cafetera.<\/p><p>-Ropa de cama y toallas.<\/p><p>-Cocina office totalmente equipada (lavavajillas, nevera, horno y microondas).<\/p><p>-TV de pantalla plana (Smart TV).<\/p><p>-Wifi gratis.<\/p><p>-Ba\u00f1o privado con ducha.<\/p><p>-Gel y champ\u00fa.<\/p><p>-Lavadora.<\/p><p>-Entrada privada.<\/p>\t\t\t\t\t\t<\/div>\n\t\t\t\t<\/div>\n\t\t\t\t\t<\/div>\n\t\t<\/div>\n\t\t\t\t\t<\/div>\n\t\t<\/section>\n\t\t\t\t<section class=\"elementor-section elementor-top-section elementor-element elementor-element-59f8cf0 elementor-section-boxed elementor-section-height-default elementor-section-height-default\" data-id=\"59f8cf0\" data-element_type=\"section\">\n\t\t\t\t\t\t<div class=\"elementor-container elementor-column-gap-default\">\n\t\t\t\t\t<div class=\"elementor-column elementor-col-100 elementor-top-column elementor-element elementor-element-c734068\" data-id=\"c734068\" data-element_type=\"column\">\n\t\t\t<div class=\"elementor-widget-wrap elementor-element-populated\">\n\t\t\t\t\t\t<div class=\"elementor-element elementor-element-90e1497 elementor-arrows-position-inside elementor-pagination-position-outside elementor-widget elementor-widget-image-carousel\" data-id=\"90e1497\" data-element_type=\"widget\" data-settings=\"{&quot;navigation&quot;:&quot;both&quot;,&quot;autoplay&quot;:&quot;yes&quot;,&quot;pause_on_hover&quot;:&quot;yes&quot;,&quot;pause_on_interaction&quot;:&quot;yes&quot;,&quot;autoplay_speed&quot;:5000,&quot;infinite&quot;:&quot;yes&quot;,&quot;speed&quot;:500,&quot;image_spacing_custom&quot;:{&quot;unit&quot;:&quot;px&quot;,&quot;size&quot;:20,&quot;sizes&quot;:[]},&quot;image_spacing_custom_laptop&quot;:{&quot;unit&quot;:&quot;px&quot;,&quot;size&quot;:&quot;&quot;,&quot;sizes&quot;:[]},&quot;image_spacing_custom_tablet&quot;:{&quot;unit&quot;:&quot;px&quot;,&quot;size&quot;:&quot;&quot;,&quot;sizes&quot;:[]},&quot;image_spacing_custom_mobile&quot;:{&quot;unit&quot;:&quot;px&quot;,&quot;size&quot;:&quot;&quot;,&quot;sizes&quot;:[]}}\" data-widget_type=\"image-carousel.default\">\n\t\t\t\t<div class=\"elementor-widget-container\">\n\t\t\t<style>\/*! elementor - v3.19.0 - 28-02-2024 *\/\n.elementor-widget-image-carousel .swiper,.elementor-widget-image-carousel .swiper-container{position:static}.elementor-widget-image-carousel .swiper-container .swiper-slide figure,.elementor-widget-image-carousel .swiper .swiper-slide figure{line-height:inherit}.elementor-widget-image-carousel .swiper-slide{text-align:center}.elementor-image-carousel-wrapper:not(.swiper-container-initialized):not(.swiper-initialized) .swiper-slide{max-width:calc(100% \/ var(--e-image-carousel-slides-to-show, 3))}<\/style>\t\t<div class=\"elementor-image-carousel-wrapper swiper\" dir=\"ltr\">\n\t\t\t<div class=\"elementor-image-carousel swiper-wrapper swiper-image-stretch\" aria-live=\"off\">\n\t\t\t\t\t\t\t\t<div class=\"swiper-slide\" role=\"group\" aria-roledescription=\"slide\" aria-label=\"1 of 5\"><figure class=\"swiper-slide-inner\"><img decoding=\"async\" class=\"swiper-slide-image\" src=\"https:\/\/vlchost.com\/wp-content\/uploads\/vlc-host-estudio-en-el-grau.jpg\" alt=\"vlc-host-estudio-en-el-grau\" \/><\/figure><\/div><div class=\"swiper-slide\" role=\"group\" aria-roledescription=\"slide\" aria-label=\"2 of 5\"><figure class=\"swiper-slide-inner\"><img decoding=\"async\" class=\"swiper-slide-image\" src=\"https:\/\/vlchost.com\/wp-content\/uploads\/vlc-maritim-grao-aseo.png\" alt=\"vlc-maritim-grao-aseo\" \/><\/figure><\/div><div class=\"swiper-slide\" role=\"group\" aria-roledescription=\"slide\" aria-label=\"3 of 5\"><figure class=\"swiper-slide-inner\"><img decoding=\"async\" class=\"swiper-slide-image\" src=\"https:\/\/vlchost.com\/wp-content\/uploads\/vlc-maritim-grao-cocina.png\" alt=\"vlc-maritim-grao-cocina\" \/><\/figure><\/div><div class=\"swiper-slide\" role=\"group\" aria-roledescription=\"slide\" aria-label=\"4 of 5\"><figure class=\"swiper-slide-inner\"><img decoding=\"async\" class=\"swiper-slide-image\" src=\"https:\/\/vlchost.com\/wp-content\/uploads\/vlc-maritim-grao-habitacion.png\" alt=\"vlc-maritim-grao-habitacion\" \/><\/figure><\/div><div class=\"swiper-slide\" role=\"group\" aria-roledescription=\"slide\" aria-label=\"5 of 5\"><figure class=\"swiper-slide-inner\"><img decoding=\"async\" class=\"swiper-slide-image\" src=\"https:\/\/vlchost.com\/wp-content\/uploads\/vlc-maritim-grao-estudio-en-valenciat.jpg\" alt=\"vlc-maritim-grao-estudio-en-valenciat\" \/><\/figure><\/div>\t\t\t<\/div>\n\t\t\t\t\t\t\t\t\t\t\t\t<div class=\"elementor-swiper-button elementor-swiper-button-prev\" role=\"button\" tabindex=\"0\">\n\t\t\t\t\t\t<svg aria-hidden=\"true\" class=\"e-font-icon-svg e-eicon-chevron-left\" viewbox=\"0 0 1000 1000\" xmlns=\"http:\/\/www.w3.org\/2000\/svg\"><path d=\"M646 125C629 125 613 133 604 142L308 442C296 454 292 471 292 487 292 504 296 521 308 533L604 854C617 867 629 875 646 875 663 875 679 871 692 858 704 846 713 829 713 812 713 796 708 779 692 767L438 487 692 225C700 217 708 204 708 187 708 171 704 154 692 142 675 129 663 125 646 125Z\"><\/path><\/svg>\t\t\t\t\t<\/div>\n\t\t\t\t\t<div class=\"elementor-swiper-button elementor-swiper-button-next\" role=\"button\" tabindex=\"0\">\n\t\t\t\t\t\t<svg aria-hidden=\"true\" class=\"e-font-icon-svg e-eicon-chevron-right\" viewbox=\"0 0 1000 1000\" xmlns=\"http:\/\/www.w3.org\/2000\/svg\"><path d=\"M696 533C708 521 713 504 713 487 713 471 708 454 696 446L400 146C388 133 375 125 354 125 338 125 325 129 313 142 300 154 292 171 292 187 292 204 296 221 308 233L563 492 304 771C292 783 288 800 288 817 288 833 296 850 308 863 321 871 338 875 354 875 371 875 388 867 400 854L696 533Z\"><\/path><\/svg>\t\t\t\t\t<\/div>\n\t\t\t\t\n\t\t\t\t\t\t\t\t\t<div class=\"swiper-pagination\"><\/div>\n\t\t\t\t\t\t\t\t\t<\/div>\n\t\t\t\t<\/div>\n\t\t\t\t<\/div>\n\t\t\t\t\t<\/div>\n\t\t<\/div>\n\t\t\t\t\t<\/div>\n\t\t<\/section>\n\t\t\t\t<section class=\"elementor-section elementor-top-section elementor-element elementor-element-a248fe7 elementor-section-boxed elementor-section-height-default elementor-section-height-default\" data-id=\"a248fe7\" data-element_type=\"section\">\n\t\t\t\t\t\t<div class=\"elementor-container elementor-column-gap-default\">\n\t\t\t\t\t<div class=\"elementor-column elementor-col-100 elementor-top-column elementor-element elementor-element-a3c60c1\" data-id=\"a3c60c1\" data-element_type=\"column\">\n\t\t\t<div class=\"elementor-widget-wrap elementor-element-populated\">\n\t\t\t\t\t\t<div class=\"elementor-element elementor-element-c061942 elementor-widget__width-auto elementor-widget elementor-widget-text-editor\" data-id=\"c061942\" data-element_type=\"widget\" data-widget_type=\"text-editor.default\">\n\t\t\t\t<div class=\"elementor-widget-container\">\n\t\t\t\t\t\t\t<h2><strong>\u00bfQu\u00e9 hay cerca del apartamento?<\/strong><\/h2><p>Las opciones de ocio y turismo son muchas en este punto de la ciudad. Desde <strong>VLC Host<\/strong> te recomendamos algunos de los lugares que puedes visitar cerca de este alojamiento y que no te puedes perder:<\/p><p>\u00a0<\/p><p><strong><a href=\"https:\/\/cac.es\/\">-Ciudad de las Artes y las ciencias<\/a> (8 min en coche):<\/strong> Se trata de un complejo arquitect\u00f3nico y cultural de renombre mundial que ha sido categorizado como un s\u00edmbolo ic\u00f3nico de la ciudad de Valencia. Esta ciudad de aspecto \u201cfuturista\u201d fue dise\u00f1ada por el famoso arquitecto Santiago Calatrava y el ingeniero F\u00e9lix Candela. En este complejo podr\u00e1s encontrar varios edificios de visita obligada como el <strong>Hemisf\u00e8ric<\/strong>, un cine IMAX y planetario; el <strong>Museo de las Ciencias Pr\u00edncipe Felipe<\/strong>, un centro interactivo de ciencia; el <strong>Oceanogr\u00e0fic<\/strong>, el mayor acuario de Europa; <strong>el Palau de les Arts Reina Sof\u00eda<\/strong>, un auditorio de \u00f3pera y m\u00fasica; y <strong>el \u00c1gora<\/strong>, un espacio multifuncional.<\/p><p><strong>-Playa de las Arenas (8 min en coche):<\/strong> Esta playa es reconocida por su extensa franja de arena dorada que ofrece el escenario perfecto para disfrutar de d\u00edas de relax bajo el c\u00e1lido sol valenciano. Adem\u00e1s de su belleza natural, la Playa de las Arenas cuenta con una amplia gama de servicios e instalaciones para el disfrute de los ba\u00f1istas, incluyendo <strong>chiringuitos, alquiler de hamacas y sombrillas<\/strong>, <strong>\u00e1reas de juegos para ni\u00f1os y<\/strong> <strong>zonas deportivas<\/strong>.<\/p><p><strong>&#8211;<a href=\"https:\/\/www.museodelarrozdevalencia.com\/\">Museo Del Arroz de Valencia<\/a> (7 min en coche):<\/strong> Este museo es una ventana fascinante al papel crucial que el arroz ha desempe\u00f1ado en la historia, la cultura y la econom\u00eda de la regi\u00f3n valenciana. Adem\u00e1s, ofrece a sus visitantes la oportunidad de explorar el fascinante mundo del arroz a trav\u00e9s de <strong>exposiciones interactivas, audiovisuales y actividades educativas.<\/strong> Desde los or\u00edgenes de la agricultura del arroz en la zona hasta las t\u00e9cnicas de cultivo tradicionales y modernas, el museo ofrece una visi\u00f3n completa de este cultivo tan importante.<\/p><p>Disfruta de tus vacaciones en valencia con <a href=\"https:\/\/vlchost.com\/en\/\"><strong>VLC Host<\/strong><\/a>. Reserva estos magn\u00edficos estudios llamando al <strong>+34 665 158 187<\/strong> o escribiendo a <strong><a href=\"mailto:reservas@vlcinvest.com\">reservas@vlcinvest.com<\/a><\/strong>.<\/p><p>\u00bfA qu\u00e9 esperas para disfrutar de tus vacaciones so\u00f1adas?<\/p>\t\t\t\t\t\t<\/div>\n\t\t\t\t<\/div>\n\t\t\t\t\t<\/div>\n\t\t<\/div>\n\t\t\t\t\t<\/div>\n\t\t<\/section>\n\t\t\t\t<\/div>","protected":false},"excerpt":{"rendered":"<p>\u00bfQuieres viajar a Valencia este verano? Entonces no te puedes perder VLC Maritim Grao ubicado en un barrio donde la historia se fusiona con la modernidad en una danza armoniosa. Situado estrat\u00e9gicamente entre el din\u00e1mico puerto mar\u00edtimo y el ic\u00f3nico complejo arquitect\u00f3nico de la Ciudad de las Artes y las Ciencias, este enclave ofrece un [&hellip;]<\/p>","protected":false},"author":9,"featured_media":6955,"comment_status":"open","ping_status":"open","sticky":false,"template":"","format":"standard","meta":{"footnotes":""},"categories":[63,18],"tags":[147,27,28,252,25,29,59,251],"class_list":["post-6954","post","type-post","status-publish","format-standard","has-post-thumbnail","hentry","category-apartamentos","category-vlc-host-noticias","tag-alquilervacacional","tag-alquilervalencia","tag-apartamentosvalencia","tag-elgrau","tag-valencia","tag-visitvalencia","tag-vlchost","tag-vlcmaritimgrao"],"yoast_head":"<!-- This site is optimized with the Yoast SEO plugin v21.5 - https:\/\/yoast.com\/wordpress\/plugins\/seo\/ -->\n<title>Disfruta del verano valenciano en el VLC Maritim Grao<\/title>\n<meta name=\"description\" content=\"\u00bfQuieres viajar a valencia estas vacaciones? Al\u00f3jate en el VLC Maritim Grao y sum\u00e9rgete en el ambiente m\u00e1s marinero de la ciudad.\" \/>\n<meta name=\"robots\" content=\"index, follow, max-snippet:-1, max-image-preview:large, max-video-preview:-1\" \/>\n<link rel=\"canonical\" href=\"https:\/\/vlchost.com\/en\/noticias\/vlc-host-noticias\/disfruta-del-verano-valenciano-en-el-vlc-maritim-grao\/\" \/>\n<meta property=\"og:locale\" content=\"en_US\" \/>\n<meta property=\"og:type\" content=\"article\" \/>\n<meta property=\"og:title\" content=\"Disfruta del verano valenciano en el VLC Maritim Grao\" \/>\n<meta property=\"og:description\" content=\"\u00bfQuieres viajar a valencia estas vacaciones? Al\u00f3jate en el VLC Maritim Grao y sum\u00e9rgete en el ambiente m\u00e1s marinero de la ciudad.\" \/>\n<meta property=\"og:url\" content=\"https:\/\/vlchost.com\/en\/noticias\/vlc-host-noticias\/disfruta-del-verano-valenciano-en-el-vlc-maritim-grao\/\" \/>\n<meta property=\"og:site_name\" content=\"VLC Host\" \/>\n<meta property=\"article:publisher\" content=\"https:\/\/www.facebook.com\/VLCHost.HappyToHostYou\" \/>\n<meta property=\"article:published_time\" content=\"2024-05-21T07:30:00+00:00\" \/>\n<meta property=\"article:modified_time\" content=\"2024-05-08T10:09:28+00:00\" \/>\n<meta property=\"og:image\" content=\"https:\/\/vlchost.com\/wp-content\/uploads\/vlc-maritim-grao-estudio-en-valenciat.jpg\" \/>\n\t<meta property=\"og:image:width\" content=\"1200\" \/>\n\t<meta property=\"og:image:height\" content=\"800\" \/>\n\t<meta property=\"og:image:type\" content=\"image\/jpeg\" \/>\n<meta name=\"author\" content=\"Enrique Alfonso\" \/>\n<meta name=\"twitter:card\" content=\"summary_large_image\" \/>\n<meta name=\"twitter:label1\" content=\"Written by\" \/>\n\t<meta name=\"twitter:data1\" content=\"Enrique Alfonso\" \/>\n\t<meta name=\"twitter:label2\" content=\"Est. reading time\" \/>\n\t<meta name=\"twitter:data2\" content=\"5 minutes\" \/>\n<script type=\"application\/ld+json\" class=\"yoast-schema-graph\">{\"@context\":\"https:\/\/schema.org\",\"@graph\":[{\"@type\":\"Article\",\"@id\":\"https:\/\/vlchost.com\/noticias\/vlc-host-noticias\/disfruta-del-verano-valenciano-en-el-vlc-maritim-grao\/#article\",\"isPartOf\":{\"@id\":\"https:\/\/vlchost.com\/noticias\/vlc-host-noticias\/disfruta-del-verano-valenciano-en-el-vlc-maritim-grao\/\"},\"author\":{\"name\":\"Enrique Alfonso\",\"@id\":\"https:\/\/vlchost.com\/#\/schema\/person\/f349f0d5e759cf4d4d4bad7af06dbb3b\"},\"headline\":\"Disfruta del verano valenciano en el VLC Maritim Grao\",\"datePublished\":\"2024-05-21T07:30:00+00:00\",\"dateModified\":\"2024-05-08T10:09:28+00:00\",\"mainEntityOfPage\":{\"@id\":\"https:\/\/vlchost.com\/noticias\/vlc-host-noticias\/disfruta-del-verano-valenciano-en-el-vlc-maritim-grao\/\"},\"wordCount\":783,\"commentCount\":0,\"publisher\":{\"@id\":\"https:\/\/vlchost.com\/#organization\"},\"keywords\":[\"#alquilervacacional\",\"#alquilervalencia\",\"#apartamentosvalencia\",\"#elgrau\",\"#valencia\",\"#visitvalencia\",\"#vlchost\",\"#vlcmaritimgrao\"],\"articleSection\":[\"Apartamentos\",\"VLC Host\"],\"inLanguage\":\"en-US\"},{\"@type\":\"WebPage\",\"@id\":\"https:\/\/vlchost.com\/noticias\/vlc-host-noticias\/disfruta-del-verano-valenciano-en-el-vlc-maritim-grao\/\",\"url\":\"https:\/\/vlchost.com\/noticias\/vlc-host-noticias\/disfruta-del-verano-valenciano-en-el-vlc-maritim-grao\/\",\"name\":\"Disfruta del verano valenciano en el VLC Maritim Grao\",\"isPartOf\":{\"@id\":\"https:\/\/vlchost.com\/#website\"},\"datePublished\":\"2024-05-21T07:30:00+00:00\",\"dateModified\":\"2024-05-08T10:09:28+00:00\",\"description\":\"\u00bfQuieres viajar a valencia estas vacaciones? Al\u00f3jate en el VLC Maritim Grao y sum\u00e9rgete en el ambiente m\u00e1s marinero de la ciudad.\",\"breadcrumb\":{\"@id\":\"https:\/\/vlchost.com\/noticias\/vlc-host-noticias\/disfruta-del-verano-valenciano-en-el-vlc-maritim-grao\/#breadcrumb\"},\"inLanguage\":\"en-US\",\"potentialAction\":[{\"@type\":\"ReadAction\",\"target\":[\"https:\/\/vlchost.com\/noticias\/vlc-host-noticias\/disfruta-del-verano-valenciano-en-el-vlc-maritim-grao\/\"]}]},{\"@type\":\"BreadcrumbList\",\"@id\":\"https:\/\/vlchost.com\/noticias\/vlc-host-noticias\/disfruta-del-verano-valenciano-en-el-vlc-maritim-grao\/#breadcrumb\",\"itemListElement\":[{\"@type\":\"ListItem\",\"position\":1,\"name\":\"Portada\",\"item\":\"https:\/\/vlchost.com\/\"},{\"@type\":\"ListItem\",\"position\":2,\"name\":\"Disfruta del verano valenciano en el VLC Maritim Grao\"}]},{\"@type\":\"WebSite\",\"@id\":\"https:\/\/vlchost.com\/#website\",\"url\":\"https:\/\/vlchost.com\/\",\"name\":\"VLC Host\",\"description\":\"Alquiler de alojamientos tur\u00edsticos\",\"publisher\":{\"@id\":\"https:\/\/vlchost.com\/#organization\"},\"potentialAction\":[{\"@type\":\"SearchAction\",\"target\":{\"@type\":\"EntryPoint\",\"urlTemplate\":\"https:\/\/vlchost.com\/?s={search_term_string}\"},\"query-input\":\"required name=search_term_string\"}],\"inLanguage\":\"en-US\"},{\"@type\":\"Organization\",\"@id\":\"https:\/\/vlchost.com\/#organization\",\"name\":\"VLC Host - Nomad Life\",\"url\":\"https:\/\/vlchost.com\/\",\"logo\":{\"@type\":\"ImageObject\",\"inLanguage\":\"en-US\",\"@id\":\"https:\/\/vlchost.com\/#\/schema\/logo\/image\/\",\"url\":\"https:\/\/vlchost.com\/wp-content\/uploads\/cropped-alquiler-apartamentos-VLCHOST.png\",\"contentUrl\":\"https:\/\/vlchost.com\/wp-content\/uploads\/cropped-alquiler-apartamentos-VLCHOST.png\",\"width\":512,\"height\":512,\"caption\":\"VLC Host - Nomad Life\"},\"image\":{\"@id\":\"https:\/\/vlchost.com\/#\/schema\/logo\/image\/\"},\"sameAs\":[\"https:\/\/www.facebook.com\/VLCHost.HappyToHostYou\",\"https:\/\/www.instagram.com\/vlchost\/\"]},{\"@type\":\"Person\",\"@id\":\"https:\/\/vlchost.com\/#\/schema\/person\/f349f0d5e759cf4d4d4bad7af06dbb3b\",\"name\":\"Enrique Alfonso\",\"image\":{\"@type\":\"ImageObject\",\"inLanguage\":\"en-US\",\"@id\":\"https:\/\/vlchost.com\/#\/schema\/person\/image\/\",\"url\":\"https:\/\/secure.gravatar.com\/avatar\/650d8b6f04ac734b6c9f43969e515dac790cc8b20fd299d2ca715bbc654ac4dc?s=96&d=mm&r=g\",\"contentUrl\":\"https:\/\/secure.gravatar.com\/avatar\/650d8b6f04ac734b6c9f43969e515dac790cc8b20fd299d2ca715bbc654ac4dc?s=96&d=mm&r=g\",\"caption\":\"Enrique Alfonso\"},\"url\":\"https:\/\/vlchost.com\/en\/author\/enrique\/\"}]}<\/script>\n<!-- \/ Yoast SEO plugin. -->","yoast_head_json":{"title":"Disfruta del verano valenciano en el VLC Maritim Grao","description":"\u00bfQuieres viajar a valencia estas vacaciones? Al\u00f3jate en el VLC Maritim Grao y sum\u00e9rgete en el ambiente m\u00e1s marinero de la ciudad.","robots":{"index":"index","follow":"follow","max-snippet":"max-snippet:-1","max-image-preview":"max-image-preview:large","max-video-preview":"max-video-preview:-1"},"canonical":"https:\/\/vlchost.com\/en\/noticias\/vlc-host-noticias\/disfruta-del-verano-valenciano-en-el-vlc-maritim-grao\/","og_locale":"en_US","og_type":"article","og_title":"Disfruta del verano valenciano en el VLC Maritim Grao","og_description":"\u00bfQuieres viajar a valencia estas vacaciones? Al\u00f3jate en el VLC Maritim Grao y sum\u00e9rgete en el ambiente m\u00e1s marinero de la ciudad.","og_url":"https:\/\/vlchost.com\/en\/noticias\/vlc-host-noticias\/disfruta-del-verano-valenciano-en-el-vlc-maritim-grao\/","og_site_name":"VLC Host","article_publisher":"https:\/\/www.facebook.com\/VLCHost.HappyToHostYou","article_published_time":"2024-05-21T07:30:00+00:00","article_modified_time":"2024-05-08T10:09:28+00:00","og_image":[{"width":1200,"height":800,"url":"https:\/\/vlchost.com\/wp-content\/uploads\/vlc-maritim-grao-estudio-en-valenciat.jpg","type":"image\/jpeg"}],"author":"Enrique Alfonso","twitter_card":"summary_large_image","twitter_misc":{"Written by":"Enrique Alfonso","Est. reading time":"5 minutes"},"schema":{"@context":"https:\/\/schema.org","@graph":[{"@type":"Article","@id":"https:\/\/vlchost.com\/noticias\/vlc-host-noticias\/disfruta-del-verano-valenciano-en-el-vlc-maritim-grao\/#article","isPartOf":{"@id":"https:\/\/vlchost.com\/noticias\/vlc-host-noticias\/disfruta-del-verano-valenciano-en-el-vlc-maritim-grao\/"},"author":{"name":"Enrique Alfonso","@id":"https:\/\/vlchost.com\/#\/schema\/person\/f349f0d5e759cf4d4d4bad7af06dbb3b"},"headline":"Disfruta del verano valenciano en el VLC Maritim Grao","datePublished":"2024-05-21T07:30:00+00:00","dateModified":"2024-05-08T10:09:28+00:00","mainEntityOfPage":{"@id":"https:\/\/vlchost.com\/noticias\/vlc-host-noticias\/disfruta-del-verano-valenciano-en-el-vlc-maritim-grao\/"},"wordCount":783,"commentCount":0,"publisher":{"@id":"https:\/\/vlchost.com\/#organization"},"keywords":["#alquilervacacional","#alquilervalencia","#apartamentosvalencia","#elgrau","#valencia","#visitvalencia","#vlchost","#vlcmaritimgrao"],"articleSection":["Apartamentos","VLC Host"],"inLanguage":"en-US"},{"@type":"WebPage","@id":"https:\/\/vlchost.com\/noticias\/vlc-host-noticias\/disfruta-del-verano-valenciano-en-el-vlc-maritim-grao\/","url":"https:\/\/vlchost.com\/noticias\/vlc-host-noticias\/disfruta-del-verano-valenciano-en-el-vlc-maritim-grao\/","name":"Disfruta del verano valenciano en el VLC Maritim Grao","isPartOf":{"@id":"https:\/\/vlchost.com\/#website"},"datePublished":"2024-05-21T07:30:00+00:00","dateModified":"2024-05-08T10:09:28+00:00","description":"\u00bfQuieres viajar a valencia estas vacaciones? Al\u00f3jate en el VLC Maritim Grao y sum\u00e9rgete en el ambiente m\u00e1s marinero de la ciudad.","breadcrumb":{"@id":"https:\/\/vlchost.com\/noticias\/vlc-host-noticias\/disfruta-del-verano-valenciano-en-el-vlc-maritim-grao\/#breadcrumb"},"inLanguage":"en-US","potentialAction":[{"@type":"ReadAction","target":["https:\/\/vlchost.com\/noticias\/vlc-host-noticias\/disfruta-del-verano-valenciano-en-el-vlc-maritim-grao\/"]}]},{"@type":"BreadcrumbList","@id":"https:\/\/vlchost.com\/noticias\/vlc-host-noticias\/disfruta-del-verano-valenciano-en-el-vlc-maritim-grao\/#breadcrumb","itemListElement":[{"@type":"ListItem","position":1,"name":"Portada","item":"https:\/\/vlchost.com\/"},{"@type":"ListItem","position":2,"name":"Disfruta del verano valenciano en el VLC Maritim Grao"}]},{"@type":"WebSite","@id":"https:\/\/vlchost.com\/#website","url":"https:\/\/vlchost.com\/","name":"VLC Host","description":"Alquiler de alojamientos tur\u00edsticos","publisher":{"@id":"https:\/\/vlchost.com\/#organization"},"potentialAction":[{"@type":"SearchAction","target":{"@type":"EntryPoint","urlTemplate":"https:\/\/vlchost.com\/?s={search_term_string}"},"query-input":"required name=search_term_string"}],"inLanguage":"en-US"},{"@type":"Organization","@id":"https:\/\/vlchost.com\/#organization","name":"VLC Host - Nomad Life","url":"https:\/\/vlchost.com\/","logo":{"@type":"ImageObject","inLanguage":"en-US","@id":"https:\/\/vlchost.com\/#\/schema\/logo\/image\/","url":"https:\/\/vlchost.com\/wp-content\/uploads\/cropped-alquiler-apartamentos-VLCHOST.png","contentUrl":"https:\/\/vlchost.com\/wp-content\/uploads\/cropped-alquiler-apartamentos-VLCHOST.png","width":512,"height":512,"caption":"VLC Host - Nomad Life"},"image":{"@id":"https:\/\/vlchost.com\/#\/schema\/logo\/image\/"},"sameAs":["https:\/\/www.facebook.com\/VLCHost.HappyToHostYou","https:\/\/www.instagram.com\/vlchost\/"]},{"@type":"Person","@id":"https:\/\/vlchost.com\/#\/schema\/person\/f349f0d5e759cf4d4d4bad7af06dbb3b","name":"Enrique Alfonso","image":{"@type":"ImageObject","inLanguage":"en-US","@id":"https:\/\/vlchost.com\/#\/schema\/person\/image\/","url":"https:\/\/secure.gravatar.com\/avatar\/650d8b6f04ac734b6c9f43969e515dac790cc8b20fd299d2ca715bbc654ac4dc?s=96&d=mm&r=g","contentUrl":"https:\/\/secure.gravatar.com\/avatar\/650d8b6f04ac734b6c9f43969e515dac790cc8b20fd299d2ca715bbc654ac4dc?s=96&d=mm&r=g","caption":"Enrique Alfonso"},"url":"https:\/\/vlchost.com\/en\/author\/enrique\/"}]}},"_links":{"self":[{"href":"https:\/\/vlchost.com\/en\/wp-json\/wp\/v2\/posts\/6954","targetHints":{"allow":["GET"]}}],"collection":[{"href":"https:\/\/vlchost.com\/en\/wp-json\/wp\/v2\/posts"}],"about":[{"href":"https:\/\/vlchost.com\/en\/wp-json\/wp\/v2\/types\/post"}],"author":[{"embeddable":true,"href":"https:\/\/vlchost.com\/en\/wp-json\/wp\/v2\/users\/9"}],"replies":[{"embeddable":true,"href":"https:\/\/vlchost.com\/en\/wp-json\/wp\/v2\/comments?post=6954"}],"version-history":[{"count":10,"href":"https:\/\/vlchost.com\/en\/wp-json\/wp\/v2\/posts\/6954\/revisions"}],"predecessor-version":[{"id":6969,"href":"https:\/\/vlchost.com\/en\/wp-json\/wp\/v2\/posts\/6954\/revisions\/6969"}],"wp:featuredmedia":[{"embeddable":true,"href":"https:\/\/vlchost.com\/en\/wp-json\/wp\/v2\/media\/6955"}],"wp:attachment":[{"href":"https:\/\/vlchost.com\/en\/wp-json\/wp\/v2\/media?parent=6954"}],"wp:term":[{"taxonomy":"category","embeddable":true,"href":"https:\/\/vlchost.com\/en\/wp-json\/wp\/v2\/categories?post=6954"},{"taxonomy":"post_tag","embeddable":true,"href":"https:\/\/vlchost.com\/en\/wp-json\/wp\/v2\/tags?post=6954"}],"curies":[{"name":"wp","href":"https:\/\/api.w.org\/{rel}","templated":true}]}}