{"id":7019,"date":"2024-06-25T09:47:00","date_gmt":"2024-06-25T07:47:00","guid":{"rendered":"https:\/\/vlchost.com\/?p=7019"},"modified":"2024-06-11T11:47:20","modified_gmt":"2024-06-11T09:47:20","slug":"descubre-la-historia-valenciana-en-el-vlc-serrans-gardens","status":"publish","type":"post","link":"https:\/\/vlchost.com\/en\/noticias\/vlc-host-noticias\/descubre-la-historia-valenciana-en-el-vlc-serrans-gardens\/","title":{"rendered":"Descubre la historia valenciana en el VLC Serrans Gardens"},"content":{"rendered":"<p>\u00bfListo para una experiencia que combina lo mejor del encanto hist\u00f3rico y la modernidad? El VLC Serrans Gardens, estrat\u00e9gicamente ubicado a un paso de las emblem\u00e1ticas Torres de Serranos, es el refugio perfecto para tu escapada valenciana. Imagina despertarte cada ma\u00f1ana rodeado de toques contempor\u00e1neos y salir a explorar la riqueza cultural y gastron\u00f3mica que esta ciudad tiene para ofrecer. \u00a0Prep\u00e1rate para vivir momentos inolvidables en este apartamento tur\u00edstico, donde la comodidad y el estilo se unen para crear una estancia que recordar\u00e1s para siempre.<\/p>\n<h2><strong>Las Torres de Serranos<\/strong><\/h2>\n<p>A tan solo unos metros del alojamiento, se encuentra uno de los monumentos m\u00e1s emblem\u00e1ticos e importantes de la ciudad. <strong>Las Torres de Serranos<\/strong>, majestuosas guardianas del pasado de Valencia, son un testimonio imponente de su rico legado hist\u00f3rico. Construidas en el siglo XIV como parte de las antiguas murallas medievales de la ciudad, estas torres han resistido el paso del tiempo, presenciando siglos de historia y transformaci\u00f3n urbana. Su imponente estructura y dise\u00f1o defensivo reflejan el ingenio arquitect\u00f3nico de la \u00e9poca, mientras que su ubicaci\u00f3n estrat\u00e9gica junto al r\u00edo Turia las convierte en un s\u00edmbolo emblem\u00e1tico de Valencia. Las Torres de Serrano son mucho m\u00e1s que monumentos; son testigos vivos de la historia y el orgullo de una ciudad.<\/p>\n<h2><strong>VLC Serrans Gardens<\/strong><\/h2>\n<p>El alojamiento se sit\u00faa en Carrer de Many\u00e0, 3, La Sa\u00efdia, 46009, Val\u00e8ncia. Este estudio tiene una capacidad de 6 personas como m\u00e1ximo y dispone de los siguientes servicios:<\/p>\n<p>-Aire acondicionado.<\/p>\n<p>-Calefacci\u00f3n.<\/p>\n<p>-Cafetera.<\/p>\n<p>-Ropa de cama y toallas.<\/p>\n<p>-Camas extragrandes.<\/p>\n<p>-Cocina office totalmente equipada (lavavajillas, nevera, horno y microondas).<\/p>\n<p>-TV de pantalla plana.<\/p>\n<p>-Wifi gratis.<\/p>\n<p>-Ba\u00f1o privado con ducha.<\/p>\n<p>-Gel y champ\u00fa.<\/p>\n<p>-Lavadora.<\/p>\n<p>-Entrada privada.<\/p>\n<style>\/*! elementor - v3.19.0 - 28-02-2024 *\/<br \/>\n.elementor-widget-image-carousel .swiper,.elementor-widget-image-carousel .swiper-container{position:static}.elementor-widget-image-carousel .swiper-container .swiper-slide figure,.elementor-widget-image-carousel .swiper .swiper-slide figure{line-height:inherit}.elementor-widget-image-carousel .swiper-slide{text-align:center}.elementor-image-carousel-wrapper:not(.swiper-container-initialized):not(.swiper-initialized) .swiper-slide{max-width:calc(100% \/ var(--e-image-carousel-slides-to-show, 3))}<\/style>\n<figure><img decoding=\"async\" src=\"https:\/\/vlchost.com\/wp-content\/uploads\/vlc-serrans-gardens-aseo.jpg\" alt=\"vlc-serrans-gardens-aseo\" \/><\/figure>\n<figure><img decoding=\"async\" src=\"https:\/\/vlchost.com\/wp-content\/uploads\/vlc-serrans-gardens-cocina-vlc-host.jpg\" alt=\"vlc-serrans-gardens-cocina-vlc-host\" \/><\/figure>\n<figure><img decoding=\"async\" src=\"https:\/\/vlchost.com\/wp-content\/uploads\/vlc-serrans-gardens-dormitorio-vlc-host.jpg\" alt=\"vlc-serrans-gardens-dormitorio-vlc-host\" \/><\/figure>\n<figure><img decoding=\"async\" src=\"https:\/\/vlchost.com\/wp-content\/uploads\/vlc-serrans-gardens-entrada.jpg\" alt=\"vlc-serrans-gardens-entrada\" \/><\/figure>\n<h2><strong>\u00bfQu\u00e9 puedes visitar cerca?<\/strong><\/h2>\n<p>Las opciones turismo y ocio son muchas en este punto de la ciudad. Desde VLC Host te recomendamos algunos de los lugares que puedes visitar cerca de este alojamiento y que no te puedes perder:<\/p>\n<p><strong>-Museo de Ciencias Naturales (600 m)<\/strong>: Ofrece una inmersi\u00f3n fascinante en el mundo natural, desde la flora y fauna local hasta descubrimientos globales. Sus exposiciones interactivas, r\u00e9plicas de especies prehist\u00f3ricas y colecciones bot\u00e1nicas dan vida a la evoluci\u00f3n y diversidad de la naturaleza.<\/p>\n<p><strong>-Jardines de Viveros (800 m):<\/strong> Este oasis verde, con m\u00e1s de 140.000 metros cuadrados de extensi\u00f3n, es un escape perfecto de la bulliciosa vida urbana. Con su exuberante vegetaci\u00f3n, estanques serenos y senderos sombreados, el jard\u00edn invita a pasear y explorar la belleza natural. Adem\u00e1s de su valor est\u00e9tico, el Jard\u00edn de Viveros es un importante centro de conservaci\u00f3n bot\u00e1nica y cultural, albergando una amplia variedad de especies vegetales y eventos culturales. Sum\u00e9rgete en la calma y la belleza del Jard\u00edn de Viveros de Valencia.<\/p>\n<p><strong>-Museo Etnol\u00f3gico de Prehistoria y Arquitectura (850 m):<\/strong> Situado en el coraz\u00f3n hist\u00f3rico de la ciudad, este museo ofrece una inmersi\u00f3n fascinante en las ra\u00edces culturales y arquitect\u00f3nicas de la regi\u00f3n. Desde los vestigios prehist\u00f3ricos hasta la riqueza de la arquitectura tradicional valenciana, cada exhibici\u00f3n cuenta una historia de ingenio humano y evoluci\u00f3n. Con colecciones que abarcan artefactos, herramientas y estructuras hist\u00f3ricas, el museo es un testimonio vivo de la herencia cultural de Valencia, inspirando un profundo aprecio por el legado de generaciones pasadas.<\/p>\n<p>Disfruta de tus vacaciones en valencia con <a href=\"https:\/\/vlchost.com\/en\/\"><strong>VLC Host<\/strong><\/a>. Reserva tu alojamiento cerca de todo llamando al <strong>+34 665 158 187<\/strong> o escribiendo a <a href=\"mailto:reservas@vlcinvest.com\"><strong>reservas@vlcinvest.com<\/strong><\/a>.<\/p>","protected":false},"excerpt":{"rendered":"<p>\u00bfListo para una experiencia que combina lo mejor del encanto hist\u00f3rico y la modernidad? El VLC Serrans Gardens, estrat\u00e9gicamente ubicado a un paso de las emblem\u00e1ticas Torres de Serranos, es el refugio perfecto para tu escapada valenciana. Imagina despertarte cada ma\u00f1ana rodeado de toques contempor\u00e1neos y salir a explorar la riqueza cultural y gastron\u00f3mica que [&hellip;]<\/p>","protected":false},"author":9,"featured_media":7021,"comment_status":"open","ping_status":"open","sticky":false,"template":"","format":"standard","meta":{"footnotes":""},"categories":[63,18],"tags":[147,27,28,25,29,59,260],"class_list":["post-7019","post","type-post","status-publish","format-standard","has-post-thumbnail","hentry","category-apartamentos","category-vlc-host-noticias","tag-alquilervacacional","tag-alquilervalencia","tag-apartamentosvalencia","tag-valencia","tag-visitvalencia","tag-vlchost","tag-vlcserransgardens"],"yoast_head":"<!-- This site is optimized with the Yoast SEO plugin v21.5 - https:\/\/yoast.com\/wordpress\/plugins\/seo\/ -->\n<title>Descubre la historia valenciana en el VLC Serrans Gardens<\/title>\n<meta name=\"description\" content=\"\u00bfTe gustar\u00eda alojarte cerca de uno de los monumentos m\u00e1s emblem\u00e1ticos de Valencia? Ahora es posible con VLC Serrans Gardens.\" \/>\n<meta name=\"robots\" content=\"index, follow, max-snippet:-1, max-image-preview:large, max-video-preview:-1\" \/>\n<link rel=\"canonical\" href=\"https:\/\/vlchost.com\/en\/noticias\/vlc-host-noticias\/descubre-la-historia-valenciana-en-el-vlc-serrans-gardens\/\" \/>\n<meta property=\"og:locale\" content=\"en_US\" \/>\n<meta property=\"og:type\" content=\"article\" \/>\n<meta property=\"og:title\" content=\"Descubre la historia valenciana en el VLC Serrans Gardens\" \/>\n<meta property=\"og:description\" content=\"\u00bfTe gustar\u00eda alojarte cerca de uno de los monumentos m\u00e1s emblem\u00e1ticos de Valencia? Ahora es posible con VLC Serrans Gardens.\" \/>\n<meta property=\"og:url\" content=\"https:\/\/vlchost.com\/en\/noticias\/vlc-host-noticias\/descubre-la-historia-valenciana-en-el-vlc-serrans-gardens\/\" \/>\n<meta property=\"og:site_name\" content=\"VLC Host\" \/>\n<meta property=\"article:publisher\" content=\"https:\/\/www.facebook.com\/VLCHost.HappyToHostYou\" \/>\n<meta property=\"article:published_time\" content=\"2024-06-25T07:47:00+00:00\" \/>\n<meta property=\"article:modified_time\" content=\"2024-06-11T09:47:20+00:00\" \/>\n<meta property=\"og:image\" content=\"https:\/\/vlchost.com\/wp-content\/uploads\/vlc-serrans-gardens-vlc-host.jpg\" \/>\n\t<meta property=\"og:image:width\" content=\"1200\" \/>\n\t<meta property=\"og:image:height\" content=\"800\" \/>\n\t<meta property=\"og:image:type\" content=\"image\/jpeg\" \/>\n<meta name=\"author\" content=\"Enrique Alfonso\" \/>\n<meta name=\"twitter:card\" content=\"summary_large_image\" \/>\n<meta name=\"twitter:label1\" content=\"Written by\" \/>\n\t<meta name=\"twitter:data1\" content=\"Enrique Alfonso\" \/>\n\t<meta name=\"twitter:label2\" content=\"Est. reading time\" \/>\n\t<meta name=\"twitter:data2\" content=\"4 minutes\" \/>\n<script type=\"application\/ld+json\" class=\"yoast-schema-graph\">{\"@context\":\"https:\/\/schema.org\",\"@graph\":[{\"@type\":\"Article\",\"@id\":\"https:\/\/vlchost.com\/noticias\/vlc-host-noticias\/descubre-la-historia-valenciana-en-el-vlc-serrans-gardens\/#article\",\"isPartOf\":{\"@id\":\"https:\/\/vlchost.com\/noticias\/vlc-host-noticias\/descubre-la-historia-valenciana-en-el-vlc-serrans-gardens\/\"},\"author\":{\"name\":\"Enrique Alfonso\",\"@id\":\"https:\/\/vlchost.com\/#\/schema\/person\/f349f0d5e759cf4d4d4bad7af06dbb3b\"},\"headline\":\"Descubre la historia valenciana en el VLC Serrans Gardens\",\"datePublished\":\"2024-06-25T07:47:00+00:00\",\"dateModified\":\"2024-06-11T09:47:20+00:00\",\"mainEntityOfPage\":{\"@id\":\"https:\/\/vlchost.com\/noticias\/vlc-host-noticias\/descubre-la-historia-valenciana-en-el-vlc-serrans-gardens\/\"},\"wordCount\":607,\"commentCount\":0,\"publisher\":{\"@id\":\"https:\/\/vlchost.com\/#organization\"},\"keywords\":[\"#alquilervacacional\",\"#alquilervalencia\",\"#apartamentosvalencia\",\"#valencia\",\"#visitvalencia\",\"#vlchost\",\"#vlcserransgardens\"],\"articleSection\":[\"Apartamentos\",\"VLC Host\"],\"inLanguage\":\"en-US\"},{\"@type\":\"WebPage\",\"@id\":\"https:\/\/vlchost.com\/noticias\/vlc-host-noticias\/descubre-la-historia-valenciana-en-el-vlc-serrans-gardens\/\",\"url\":\"https:\/\/vlchost.com\/noticias\/vlc-host-noticias\/descubre-la-historia-valenciana-en-el-vlc-serrans-gardens\/\",\"name\":\"Descubre la historia valenciana en el VLC Serrans Gardens\",\"isPartOf\":{\"@id\":\"https:\/\/vlchost.com\/#website\"},\"datePublished\":\"2024-06-25T07:47:00+00:00\",\"dateModified\":\"2024-06-11T09:47:20+00:00\",\"description\":\"\u00bfTe gustar\u00eda alojarte cerca de uno de los monumentos m\u00e1s emblem\u00e1ticos de Valencia? Ahora es posible con VLC Serrans Gardens.\",\"breadcrumb\":{\"@id\":\"https:\/\/vlchost.com\/noticias\/vlc-host-noticias\/descubre-la-historia-valenciana-en-el-vlc-serrans-gardens\/#breadcrumb\"},\"inLanguage\":\"en-US\",\"potentialAction\":[{\"@type\":\"ReadAction\",\"target\":[\"https:\/\/vlchost.com\/noticias\/vlc-host-noticias\/descubre-la-historia-valenciana-en-el-vlc-serrans-gardens\/\"]}]},{\"@type\":\"BreadcrumbList\",\"@id\":\"https:\/\/vlchost.com\/noticias\/vlc-host-noticias\/descubre-la-historia-valenciana-en-el-vlc-serrans-gardens\/#breadcrumb\",\"itemListElement\":[{\"@type\":\"ListItem\",\"position\":1,\"name\":\"Portada\",\"item\":\"https:\/\/vlchost.com\/\"},{\"@type\":\"ListItem\",\"position\":2,\"name\":\"Descubre la historia valenciana en el VLC Serrans Gardens\"}]},{\"@type\":\"WebSite\",\"@id\":\"https:\/\/vlchost.com\/#website\",\"url\":\"https:\/\/vlchost.com\/\",\"name\":\"VLC Host\",\"description\":\"Alquiler de alojamientos tur\u00edsticos\",\"publisher\":{\"@id\":\"https:\/\/vlchost.com\/#organization\"},\"potentialAction\":[{\"@type\":\"SearchAction\",\"target\":{\"@type\":\"EntryPoint\",\"urlTemplate\":\"https:\/\/vlchost.com\/?s={search_term_string}\"},\"query-input\":\"required name=search_term_string\"}],\"inLanguage\":\"en-US\"},{\"@type\":\"Organization\",\"@id\":\"https:\/\/vlchost.com\/#organization\",\"name\":\"VLC Host - Nomad Life\",\"url\":\"https:\/\/vlchost.com\/\",\"logo\":{\"@type\":\"ImageObject\",\"inLanguage\":\"en-US\",\"@id\":\"https:\/\/vlchost.com\/#\/schema\/logo\/image\/\",\"url\":\"https:\/\/vlchost.com\/wp-content\/uploads\/cropped-alquiler-apartamentos-VLCHOST.png\",\"contentUrl\":\"https:\/\/vlchost.com\/wp-content\/uploads\/cropped-alquiler-apartamentos-VLCHOST.png\",\"width\":512,\"height\":512,\"caption\":\"VLC Host - Nomad Life\"},\"image\":{\"@id\":\"https:\/\/vlchost.com\/#\/schema\/logo\/image\/\"},\"sameAs\":[\"https:\/\/www.facebook.com\/VLCHost.HappyToHostYou\",\"https:\/\/www.instagram.com\/vlchost\/\"]},{\"@type\":\"Person\",\"@id\":\"https:\/\/vlchost.com\/#\/schema\/person\/f349f0d5e759cf4d4d4bad7af06dbb3b\",\"name\":\"Enrique Alfonso\",\"image\":{\"@type\":\"ImageObject\",\"inLanguage\":\"en-US\",\"@id\":\"https:\/\/vlchost.com\/#\/schema\/person\/image\/\",\"url\":\"https:\/\/secure.gravatar.com\/avatar\/650d8b6f04ac734b6c9f43969e515dac790cc8b20fd299d2ca715bbc654ac4dc?s=96&d=mm&r=g\",\"contentUrl\":\"https:\/\/secure.gravatar.com\/avatar\/650d8b6f04ac734b6c9f43969e515dac790cc8b20fd299d2ca715bbc654ac4dc?s=96&d=mm&r=g\",\"caption\":\"Enrique Alfonso\"},\"url\":\"https:\/\/vlchost.com\/en\/author\/enrique\/\"}]}<\/script>\n<!-- \/ Yoast SEO plugin. -->","yoast_head_json":{"title":"Descubre la historia valenciana en el VLC Serrans Gardens","description":"\u00bfTe gustar\u00eda alojarte cerca de uno de los monumentos m\u00e1s emblem\u00e1ticos de Valencia? Ahora es posible con VLC Serrans Gardens.","robots":{"index":"index","follow":"follow","max-snippet":"max-snippet:-1","max-image-preview":"max-image-preview:large","max-video-preview":"max-video-preview:-1"},"canonical":"https:\/\/vlchost.com\/en\/noticias\/vlc-host-noticias\/descubre-la-historia-valenciana-en-el-vlc-serrans-gardens\/","og_locale":"en_US","og_type":"article","og_title":"Descubre la historia valenciana en el VLC Serrans Gardens","og_description":"\u00bfTe gustar\u00eda alojarte cerca de uno de los monumentos m\u00e1s emblem\u00e1ticos de Valencia? Ahora es posible con VLC Serrans Gardens.","og_url":"https:\/\/vlchost.com\/en\/noticias\/vlc-host-noticias\/descubre-la-historia-valenciana-en-el-vlc-serrans-gardens\/","og_site_name":"VLC Host","article_publisher":"https:\/\/www.facebook.com\/VLCHost.HappyToHostYou","article_published_time":"2024-06-25T07:47:00+00:00","article_modified_time":"2024-06-11T09:47:20+00:00","og_image":[{"width":1200,"height":800,"url":"https:\/\/vlchost.com\/wp-content\/uploads\/vlc-serrans-gardens-vlc-host.jpg","type":"image\/jpeg"}],"author":"Enrique Alfonso","twitter_card":"summary_large_image","twitter_misc":{"Written by":"Enrique Alfonso","Est. reading time":"4 minutes"},"schema":{"@context":"https:\/\/schema.org","@graph":[{"@type":"Article","@id":"https:\/\/vlchost.com\/noticias\/vlc-host-noticias\/descubre-la-historia-valenciana-en-el-vlc-serrans-gardens\/#article","isPartOf":{"@id":"https:\/\/vlchost.com\/noticias\/vlc-host-noticias\/descubre-la-historia-valenciana-en-el-vlc-serrans-gardens\/"},"author":{"name":"Enrique Alfonso","@id":"https:\/\/vlchost.com\/#\/schema\/person\/f349f0d5e759cf4d4d4bad7af06dbb3b"},"headline":"Descubre la historia valenciana en el VLC Serrans Gardens","datePublished":"2024-06-25T07:47:00+00:00","dateModified":"2024-06-11T09:47:20+00:00","mainEntityOfPage":{"@id":"https:\/\/vlchost.com\/noticias\/vlc-host-noticias\/descubre-la-historia-valenciana-en-el-vlc-serrans-gardens\/"},"wordCount":607,"commentCount":0,"publisher":{"@id":"https:\/\/vlchost.com\/#organization"},"keywords":["#alquilervacacional","#alquilervalencia","#apartamentosvalencia","#valencia","#visitvalencia","#vlchost","#vlcserransgardens"],"articleSection":["Apartamentos","VLC Host"],"inLanguage":"en-US"},{"@type":"WebPage","@id":"https:\/\/vlchost.com\/noticias\/vlc-host-noticias\/descubre-la-historia-valenciana-en-el-vlc-serrans-gardens\/","url":"https:\/\/vlchost.com\/noticias\/vlc-host-noticias\/descubre-la-historia-valenciana-en-el-vlc-serrans-gardens\/","name":"Descubre la historia valenciana en el VLC Serrans Gardens","isPartOf":{"@id":"https:\/\/vlchost.com\/#website"},"datePublished":"2024-06-25T07:47:00+00:00","dateModified":"2024-06-11T09:47:20+00:00","description":"\u00bfTe gustar\u00eda alojarte cerca de uno de los monumentos m\u00e1s emblem\u00e1ticos de Valencia? Ahora es posible con VLC Serrans Gardens.","breadcrumb":{"@id":"https:\/\/vlchost.com\/noticias\/vlc-host-noticias\/descubre-la-historia-valenciana-en-el-vlc-serrans-gardens\/#breadcrumb"},"inLanguage":"en-US","potentialAction":[{"@type":"ReadAction","target":["https:\/\/vlchost.com\/noticias\/vlc-host-noticias\/descubre-la-historia-valenciana-en-el-vlc-serrans-gardens\/"]}]},{"@type":"BreadcrumbList","@id":"https:\/\/vlchost.com\/noticias\/vlc-host-noticias\/descubre-la-historia-valenciana-en-el-vlc-serrans-gardens\/#breadcrumb","itemListElement":[{"@type":"ListItem","position":1,"name":"Portada","item":"https:\/\/vlchost.com\/"},{"@type":"ListItem","position":2,"name":"Descubre la historia valenciana en el VLC Serrans Gardens"}]},{"@type":"WebSite","@id":"https:\/\/vlchost.com\/#website","url":"https:\/\/vlchost.com\/","name":"VLC Host","description":"Alquiler de alojamientos tur\u00edsticos","publisher":{"@id":"https:\/\/vlchost.com\/#organization"},"potentialAction":[{"@type":"SearchAction","target":{"@type":"EntryPoint","urlTemplate":"https:\/\/vlchost.com\/?s={search_term_string}"},"query-input":"required name=search_term_string"}],"inLanguage":"en-US"},{"@type":"Organization","@id":"https:\/\/vlchost.com\/#organization","name":"VLC Host - Nomad Life","url":"https:\/\/vlchost.com\/","logo":{"@type":"ImageObject","inLanguage":"en-US","@id":"https:\/\/vlchost.com\/#\/schema\/logo\/image\/","url":"https:\/\/vlchost.com\/wp-content\/uploads\/cropped-alquiler-apartamentos-VLCHOST.png","contentUrl":"https:\/\/vlchost.com\/wp-content\/uploads\/cropped-alquiler-apartamentos-VLCHOST.png","width":512,"height":512,"caption":"VLC Host - Nomad Life"},"image":{"@id":"https:\/\/vlchost.com\/#\/schema\/logo\/image\/"},"sameAs":["https:\/\/www.facebook.com\/VLCHost.HappyToHostYou","https:\/\/www.instagram.com\/vlchost\/"]},{"@type":"Person","@id":"https:\/\/vlchost.com\/#\/schema\/person\/f349f0d5e759cf4d4d4bad7af06dbb3b","name":"Enrique Alfonso","image":{"@type":"ImageObject","inLanguage":"en-US","@id":"https:\/\/vlchost.com\/#\/schema\/person\/image\/","url":"https:\/\/secure.gravatar.com\/avatar\/650d8b6f04ac734b6c9f43969e515dac790cc8b20fd299d2ca715bbc654ac4dc?s=96&d=mm&r=g","contentUrl":"https:\/\/secure.gravatar.com\/avatar\/650d8b6f04ac734b6c9f43969e515dac790cc8b20fd299d2ca715bbc654ac4dc?s=96&d=mm&r=g","caption":"Enrique Alfonso"},"url":"https:\/\/vlchost.com\/en\/author\/enrique\/"}]}},"_links":{"self":[{"href":"https:\/\/vlchost.com\/en\/wp-json\/wp\/v2\/posts\/7019","targetHints":{"allow":["GET"]}}],"collection":[{"href":"https:\/\/vlchost.com\/en\/wp-json\/wp\/v2\/posts"}],"about":[{"href":"https:\/\/vlchost.com\/en\/wp-json\/wp\/v2\/types\/post"}],"author":[{"embeddable":true,"href":"https:\/\/vlchost.com\/en\/wp-json\/wp\/v2\/users\/9"}],"replies":[{"embeddable":true,"href":"https:\/\/vlchost.com\/en\/wp-json\/wp\/v2\/comments?post=7019"}],"version-history":[{"count":7,"href":"https:\/\/vlchost.com\/en\/wp-json\/wp\/v2\/posts\/7019\/revisions"}],"predecessor-version":[{"id":7032,"href":"https:\/\/vlchost.com\/en\/wp-json\/wp\/v2\/posts\/7019\/revisions\/7032"}],"wp:featuredmedia":[{"embeddable":true,"href":"https:\/\/vlchost.com\/en\/wp-json\/wp\/v2\/media\/7021"}],"wp:attachment":[{"href":"https:\/\/vlchost.com\/en\/wp-json\/wp\/v2\/media?parent=7019"}],"wp:term":[{"taxonomy":"category","embeddable":true,"href":"https:\/\/vlchost.com\/en\/wp-json\/wp\/v2\/categories?post=7019"},{"taxonomy":"post_tag","embeddable":true,"href":"https:\/\/vlchost.com\/en\/wp-json\/wp\/v2\/tags?post=7019"}],"curies":[{"name":"wp","href":"https:\/\/api.w.org\/{rel}","templated":true}]}}