{"id":7043,"date":"2024-07-25T09:27:03","date_gmt":"2024-07-25T07:27:03","guid":{"rendered":"https:\/\/vlchost.com\/?p=7043"},"modified":"2024-07-25T09:27:04","modified_gmt":"2024-07-25T07:27:04","slug":"los-museos-mas-emblematicos-de-ciutat-vella-valencia","status":"publish","type":"post","link":"https:\/\/vlchost.com\/en\/noticias\/vlc-host-noticias\/los-museos-mas-emblematicos-de-ciutat-vella-valencia\/","title":{"rendered":"Los museos m\u00e1s emblem\u00e1ticos de Ciutat Vella, Valencia"},"content":{"rendered":"<div data-elementor-type=\"wp-post\" data-elementor-id=\"7043\" class=\"elementor elementor-7043\" data-elementor-post-type=\"post\">\n\t\t\t\t\t\t<section class=\"elementor-section elementor-top-section elementor-element elementor-element-84d6678 elementor-section-boxed elementor-section-height-default elementor-section-height-default\" data-id=\"84d6678\" data-element_type=\"section\">\n\t\t\t\t\t\t<div class=\"elementor-container elementor-column-gap-default\">\n\t\t\t\t\t<div class=\"elementor-column elementor-col-100 elementor-top-column elementor-element elementor-element-ca254d9\" data-id=\"ca254d9\" data-element_type=\"column\">\n\t\t\t<div class=\"elementor-widget-wrap elementor-element-populated\">\n\t\t\t\t\t\t<div class=\"elementor-element elementor-element-23caa5e elementor-widget__width-auto elementor-widget elementor-widget-text-editor\" data-id=\"23caa5e\" data-element_type=\"widget\" data-widget_type=\"text-editor.default\">\n\t\t\t\t<div class=\"elementor-widget-container\">\n\t\t\t<style>\/*! elementor - v3.19.0 - 28-02-2024 *\/\n.elementor-widget-text-editor.elementor-drop-cap-view-stacked .elementor-drop-cap{background-color:#69727d;color:#fff}.elementor-widget-text-editor.elementor-drop-cap-view-framed .elementor-drop-cap{color:#69727d;border:3px solid;background-color:transparent}.elementor-widget-text-editor:not(.elementor-drop-cap-view-default) .elementor-drop-cap{margin-top:8px}.elementor-widget-text-editor:not(.elementor-drop-cap-view-default) .elementor-drop-cap-letter{width:1em;height:1em}.elementor-widget-text-editor .elementor-drop-cap{float:left;text-align:center;line-height:1;font-size:50px}.elementor-widget-text-editor .elementor-drop-cap-letter{display:inline-block}<\/style>\t\t\t\t<p><strong>Valencia<\/strong> guarda una amplia variedad de <strong>patrimonio cultural<\/strong> que responde a los intereses culturales y art\u00edsticos de todo aquel que se interese por descubrir m\u00e1s sobre la historia o sobre la propia existencia del ser humano. Los centros culturales de la ciudad no solamente son la muestra viva de la historia de la ciudad, adem\u00e1s, tambi\u00e9n acercan a todo aquel que los visite al conocimiento sobre nuestro pasado y sobre el propio mundo contempor\u00e1neo.<\/p><p>Algunos de los museos y monumentos m\u00e1s interesantes de la ciudad se encuentran en el Barrio de Ciutat Vella. En este art\u00edculo, te contaremos m\u00e1s sobre algunos de los museos y lugares de inter\u00e9s m\u00e1s emblem\u00e1ticos que no te puedes perder durante tu estancia en tu <a href=\"https:\/\/vlchost.com\/en\/alojamiento\/?start_date&amp;end_date&amp;guests=1&amp;adults=1&amp;children=0&amp;infants=0&amp;pets=0&amp;discount_code&amp;id=71439&amp;listing_id=71439\">apartamento cerca de Mercat Central<\/a> .<\/p><p>\u00a0<\/p><h2><strong>El distrito de Ciutat Vella desde dentro<\/strong><\/h2><p>Como su nombre indica, el distrito de <strong>Ciutat Vella<\/strong> est\u00e1 conformado por los barrios m\u00e1s antiguos de la ciudad. Las fronteras de la zona coinciden con la que fuera la antigua muralla de Valencia, que segu\u00eda el recorrido de los que conocemos hoy como los jardines del Turia. De aquella fortificaci\u00f3n medieval tan solo quedan algunos restos y dos de las imponentes puertas a la ciudad, que son <strong>Las Torres de Serrano<\/strong> y las <strong>Torres de Quart.<\/strong><\/p><p>El distrito se compone por seis barrios: La Seu, La Xerea, El Carmen, El Pilar, El Mercat y Sant Francesc.<\/p><p>Actualmente es una zona en la que lo nuevo convive con lo viejo. Podr\u00e1s perderte entre sus callejuelas y descubrir sus plazas y edificios llenos de an\u00e9cdotas que hablan sobre los mil a\u00f1os de historia de la ciudad de Valencia.<\/p><p>Ahora que ya conoces m\u00e1s sobre la historia del distrito y sus barrios, hemos seleccionado algunos edificios interesantes y centros hist\u00f3ricos m\u00e1s relevantes del distrito si eres un amante del arte y de la historia.<\/p><p>\u00a0<\/p><h3><strong>Historia viva de Valencia: Las Torres de Quart<\/strong><\/h3><p><a href=\"https:\/\/www.comunitatvalenciana.com\/es\/valencia\/valencia\/monumentos\/torres-de-quart\">Las <strong>Torres de Quart<\/strong><\/a> son muestra viva de la antigua muralla de Valencia. Fueron construidas durante el siglo XV con el objetivo de proteger a la ciudad y a d\u00eda de hoy siguen en pie. Sirvieron como almac\u00e9n de p\u00f3lvora, como prisi\u00f3n de mujeres y prisi\u00f3n militar. Adem\u00e1s, fueron un punto clave para frenar el avance de las tropas napole\u00f3nicas durante la Guerra de la Independencia contra los franceses. En sus torres todav\u00eda se pueden ver las marcas de los ca\u00f1ones.<\/p><p>No fue hasta el a\u00f1o 2007 que se abrieron sus puertas al p\u00fablico para que turistas y habitantes accedieran a la cima de las torres y disfrutaran de las magn\u00edficas vistas de la ciudad.<\/p><p>\u00a0<\/p><h3><strong>El IVAM<\/strong><\/h3><p>Si lo que est\u00e1s buscando es una experiencia donde impere el arte, el <a href=\"https:\/\/ivam.es\/\">Instituto Valenciano de Arte Moderno (IVAM)<\/a> es el museo perfecto para ti.<\/p><p>El IVAM no solo se ha convertido en el m\u00e1ximo referente de obras art\u00edsticas pertenecientes a las corrientes art\u00edsticas del modernismo y el arte contempor\u00e1neo, sino que tambi\u00e9n fue el primer museo art\u00edstico especializado en arte moderno en Espa\u00f1a.<\/p><p>Sus colecciones art\u00edsticas fijas contienen obras de artistas nacionales e internacionales que exploran las diversas corrientes propias del arte moderno y contempor\u00e1neo. En estas exposiciones se agregan nuevas obras regularmente para ofrecer una mayor experiencia.<\/p><p>Adem\u00e1s, sus amplias salas acogen exposiciones temporales de artistas emergentes que tratan diversas tem\u00e1ticas y permite al p\u00fablico apreciar la evoluci\u00f3n del arte contempor\u00e1neo en s\u00ed mismo.<\/p><p>\u00a0<\/p><h3><strong>La Lonja de la Seda, un edificio \u00fanico<\/strong><\/h3><p><a href=\"https:\/\/www.comunitatvalenciana.com\/es\/valencia\/valencia\/monumentos\/lonja-de-la-seda-1\">La Lonja de la Seda<\/a> es una de las paradas m\u00e1s populares de Valencia. Con m\u00e1s de 600 a\u00f1os de historia, este edificio fue construido para realizar transacciones mercantiles en las que se comercializaba principalmente con la seda.<\/p><p>Convertido en un reconocido monumento a nivel nacional, fue declarado Patrimonio de la Humanidad por la UNESCO en 1996 por ser una excelente representaci\u00f3n del poder comercial que ten\u00eda la ciudad en el S. XV.<\/p><p>Podr\u00e1s visitar La Lonja de lunes a s\u00e1bado de 10:00 a 19:00 por 2 euros y los domingos y festivos de 10:00 a 14:00 con entrada gratuita.<\/p><p>\u00bfEst\u00e1s listo para visitar los centros hist\u00f3ricos m\u00e1s ic\u00f3nicos de Valencia? Reserva tu alojamiento con VLC Host llamando al<strong>\u00a0+34 665 158 187<\/strong>\u00a0o escribiendo a\u00a0<a href=\"https:\/\/vlchost.com\/en\/noticias\/vlc-host-noticias\/3-lugares-que-visitar-en-el-barrio-de-extramurs-en-valencia\/reservas@vlcinvest.com\/\">reservas@vlcinvest.com<\/a>.<\/p>\t\t\t\t\t\t<\/div>\n\t\t\t\t<\/div>\n\t\t\t\t\t<\/div>\n\t\t<\/div>\n\t\t\t\t\t<\/div>\n\t\t<\/section>\n\t\t<div class=\"elementor-element elementor-element-de48074 e-flex e-con-boxed e-con e-parent\" data-id=\"de48074\" data-element_type=\"container\" data-settings=\"{&quot;container_type&quot;:&quot;flex&quot;,&quot;content_width&quot;:&quot;boxed&quot;}\" data-core-v316-plus=\"true\">\n\t\t\t\t\t<div class=\"e-con-inner\">\n\t\t\t\t<div class=\"elementor-element elementor-element-0c673ae elementor-widget elementor-widget-spacer\" data-id=\"0c673ae\" data-element_type=\"widget\" data-widget_type=\"spacer.default\">\n\t\t\t\t<div class=\"elementor-widget-container\">\n\t\t\t<style>\/*! elementor - v3.19.0 - 28-02-2024 *\/\n.elementor-column .elementor-spacer-inner{height:var(--spacer-size)}.e-con{--container-widget-width:100%}.e-con-inner>.elementor-widget-spacer,.e-con>.elementor-widget-spacer{width:var(--container-widget-width,var(--spacer-size));--align-self:var(--container-widget-align-self,initial);--flex-shrink:0}.e-con-inner>.elementor-widget-spacer>.elementor-widget-container,.e-con>.elementor-widget-spacer>.elementor-widget-container{height:100%;width:100%}.e-con-inner>.elementor-widget-spacer>.elementor-widget-container>.elementor-spacer,.e-con>.elementor-widget-spacer>.elementor-widget-container>.elementor-spacer{height:100%}.e-con-inner>.elementor-widget-spacer>.elementor-widget-container>.elementor-spacer>.elementor-spacer-inner,.e-con>.elementor-widget-spacer>.elementor-widget-container>.elementor-spacer>.elementor-spacer-inner{height:var(--container-widget-height,var(--spacer-size))}.e-con-inner>.elementor-widget-spacer.elementor-widget-empty,.e-con>.elementor-widget-spacer.elementor-widget-empty{position:relative;min-height:22px;min-width:22px}.e-con-inner>.elementor-widget-spacer.elementor-widget-empty .elementor-widget-empty-icon,.e-con>.elementor-widget-spacer.elementor-widget-empty .elementor-widget-empty-icon{position:absolute;top:0;bottom:0;left:0;right:0;margin:auto;padding:0;width:22px;height:22px}<\/style>\t\t<div class=\"elementor-spacer\">\n\t\t\t<div class=\"elementor-spacer-inner\"><\/div>\n\t\t<\/div>\n\t\t\t\t<\/div>\n\t\t\t\t<\/div>\n\t\t\t\t\t<\/div>\n\t\t\t\t<\/div>\n\t\t\t\t<\/div>","protected":false},"excerpt":{"rendered":"<p>Valencia guarda una amplia variedad de patrimonio cultural que responde a los intereses culturales y art\u00edsticos de todo aquel que se interese por descubrir m\u00e1s sobre la historia o sobre la propia existencia del ser humano. Los centros culturales de la ciudad no solamente son la muestra viva de la historia de la ciudad, adem\u00e1s, [&hellip;]<\/p>","protected":false},"author":9,"featured_media":7056,"comment_status":"open","ping_status":"open","sticky":false,"template":"","format":"standard","meta":{"footnotes":""},"categories":[63,18],"tags":[147,27,28,25,29,261,59],"class_list":["post-7043","post","type-post","status-publish","format-standard","has-post-thumbnail","hentry","category-apartamentos","category-vlc-host-noticias","tag-alquilervacacional","tag-alquilervalencia","tag-apartamentosvalencia","tag-valencia","tag-visitvalencia","tag-vlcbotanicgarden","tag-vlchost"],"yoast_head":"<!-- This site is optimized with the Yoast SEO plugin v21.5 - https:\/\/yoast.com\/wordpress\/plugins\/seo\/ -->\n<title>Los museos m\u00e1s emblem\u00e1ticos de Ciutat Vella, Valencia<\/title>\n<meta name=\"description\" content=\"Descubre algunos de los museos que no te puedes perder durante tu estancia en tu apartamento de Ciutat Vella, en Valencia.\" \/>\n<meta name=\"robots\" content=\"index, follow, max-snippet:-1, max-image-preview:large, max-video-preview:-1\" \/>\n<link rel=\"canonical\" href=\"https:\/\/vlchost.com\/en\/noticias\/vlc-host-noticias\/los-museos-mas-emblematicos-de-ciutat-vella-valencia\/\" \/>\n<meta property=\"og:locale\" content=\"en_US\" \/>\n<meta property=\"og:type\" content=\"article\" \/>\n<meta property=\"og:title\" content=\"Los museos m\u00e1s emblem\u00e1ticos de Ciutat Vella, Valencia\" \/>\n<meta property=\"og:description\" content=\"Descubre algunos de los museos que no te puedes perder durante tu estancia en tu apartamento de Ciutat Vella, en Valencia.\" \/>\n<meta property=\"og:url\" content=\"https:\/\/vlchost.com\/en\/noticias\/vlc-host-noticias\/los-museos-mas-emblematicos-de-ciutat-vella-valencia\/\" \/>\n<meta property=\"og:site_name\" content=\"VLC Host\" \/>\n<meta property=\"article:publisher\" content=\"https:\/\/www.facebook.com\/VLCHost.HappyToHostYou\" \/>\n<meta property=\"article:published_time\" content=\"2024-07-25T07:27:03+00:00\" \/>\n<meta property=\"article:modified_time\" content=\"2024-07-25T07:27:04+00:00\" \/>\n<meta property=\"og:image\" content=\"https:\/\/vlchost.com\/wp-content\/uploads\/AdobeStock_773058223_Editorial_Use_Only-scaled.jpeg\" \/>\n\t<meta property=\"og:image:width\" content=\"2560\" \/>\n\t<meta property=\"og:image:height\" content=\"1721\" \/>\n\t<meta property=\"og:image:type\" content=\"image\/jpeg\" \/>\n<meta name=\"author\" content=\"Enrique Alfonso\" \/>\n<meta name=\"twitter:card\" content=\"summary_large_image\" \/>\n<meta name=\"twitter:label1\" content=\"Written by\" \/>\n\t<meta name=\"twitter:data1\" content=\"Enrique Alfonso\" \/>\n\t<meta name=\"twitter:label2\" content=\"Est. reading time\" \/>\n\t<meta name=\"twitter:data2\" content=\"4 minutes\" \/>\n<script type=\"application\/ld+json\" class=\"yoast-schema-graph\">{\"@context\":\"https:\/\/schema.org\",\"@graph\":[{\"@type\":\"Article\",\"@id\":\"https:\/\/vlchost.com\/noticias\/vlc-host-noticias\/los-museos-mas-emblematicos-de-ciutat-vella-valencia\/#article\",\"isPartOf\":{\"@id\":\"https:\/\/vlchost.com\/noticias\/vlc-host-noticias\/los-museos-mas-emblematicos-de-ciutat-vella-valencia\/\"},\"author\":{\"name\":\"Enrique Alfonso\",\"@id\":\"https:\/\/vlchost.com\/#\/schema\/person\/f349f0d5e759cf4d4d4bad7af06dbb3b\"},\"headline\":\"Los museos m\u00e1s emblem\u00e1ticos de Ciutat Vella, Valencia\",\"datePublished\":\"2024-07-25T07:27:03+00:00\",\"dateModified\":\"2024-07-25T07:27:04+00:00\",\"mainEntityOfPage\":{\"@id\":\"https:\/\/vlchost.com\/noticias\/vlc-host-noticias\/los-museos-mas-emblematicos-de-ciutat-vella-valencia\/\"},\"wordCount\":748,\"commentCount\":0,\"publisher\":{\"@id\":\"https:\/\/vlchost.com\/#organization\"},\"keywords\":[\"#alquilervacacional\",\"#alquilervalencia\",\"#apartamentosvalencia\",\"#valencia\",\"#visitvalencia\",\"#vlcbotanicgarden\",\"#vlchost\"],\"articleSection\":[\"Apartamentos\",\"VLC Host\"],\"inLanguage\":\"en-US\"},{\"@type\":\"WebPage\",\"@id\":\"https:\/\/vlchost.com\/noticias\/vlc-host-noticias\/los-museos-mas-emblematicos-de-ciutat-vella-valencia\/\",\"url\":\"https:\/\/vlchost.com\/noticias\/vlc-host-noticias\/los-museos-mas-emblematicos-de-ciutat-vella-valencia\/\",\"name\":\"Los museos m\u00e1s emblem\u00e1ticos de Ciutat Vella, Valencia\",\"isPartOf\":{\"@id\":\"https:\/\/vlchost.com\/#website\"},\"datePublished\":\"2024-07-25T07:27:03+00:00\",\"dateModified\":\"2024-07-25T07:27:04+00:00\",\"description\":\"Descubre algunos de los museos que no te puedes perder durante tu estancia en tu apartamento de Ciutat Vella, en Valencia.\",\"breadcrumb\":{\"@id\":\"https:\/\/vlchost.com\/noticias\/vlc-host-noticias\/los-museos-mas-emblematicos-de-ciutat-vella-valencia\/#breadcrumb\"},\"inLanguage\":\"en-US\",\"potentialAction\":[{\"@type\":\"ReadAction\",\"target\":[\"https:\/\/vlchost.com\/noticias\/vlc-host-noticias\/los-museos-mas-emblematicos-de-ciutat-vella-valencia\/\"]}]},{\"@type\":\"BreadcrumbList\",\"@id\":\"https:\/\/vlchost.com\/noticias\/vlc-host-noticias\/los-museos-mas-emblematicos-de-ciutat-vella-valencia\/#breadcrumb\",\"itemListElement\":[{\"@type\":\"ListItem\",\"position\":1,\"name\":\"Portada\",\"item\":\"https:\/\/vlchost.com\/\"},{\"@type\":\"ListItem\",\"position\":2,\"name\":\"Los museos m\u00e1s emblem\u00e1ticos de Ciutat Vella, Valencia\"}]},{\"@type\":\"WebSite\",\"@id\":\"https:\/\/vlchost.com\/#website\",\"url\":\"https:\/\/vlchost.com\/\",\"name\":\"VLC Host\",\"description\":\"Alquiler de alojamientos tur\u00edsticos\",\"publisher\":{\"@id\":\"https:\/\/vlchost.com\/#organization\"},\"potentialAction\":[{\"@type\":\"SearchAction\",\"target\":{\"@type\":\"EntryPoint\",\"urlTemplate\":\"https:\/\/vlchost.com\/?s={search_term_string}\"},\"query-input\":\"required name=search_term_string\"}],\"inLanguage\":\"en-US\"},{\"@type\":\"Organization\",\"@id\":\"https:\/\/vlchost.com\/#organization\",\"name\":\"VLC Host - Nomad Life\",\"url\":\"https:\/\/vlchost.com\/\",\"logo\":{\"@type\":\"ImageObject\",\"inLanguage\":\"en-US\",\"@id\":\"https:\/\/vlchost.com\/#\/schema\/logo\/image\/\",\"url\":\"https:\/\/vlchost.com\/wp-content\/uploads\/cropped-alquiler-apartamentos-VLCHOST.png\",\"contentUrl\":\"https:\/\/vlchost.com\/wp-content\/uploads\/cropped-alquiler-apartamentos-VLCHOST.png\",\"width\":512,\"height\":512,\"caption\":\"VLC Host - Nomad Life\"},\"image\":{\"@id\":\"https:\/\/vlchost.com\/#\/schema\/logo\/image\/\"},\"sameAs\":[\"https:\/\/www.facebook.com\/VLCHost.HappyToHostYou\",\"https:\/\/www.instagram.com\/vlchost\/\"]},{\"@type\":\"Person\",\"@id\":\"https:\/\/vlchost.com\/#\/schema\/person\/f349f0d5e759cf4d4d4bad7af06dbb3b\",\"name\":\"Enrique Alfonso\",\"image\":{\"@type\":\"ImageObject\",\"inLanguage\":\"en-US\",\"@id\":\"https:\/\/vlchost.com\/#\/schema\/person\/image\/\",\"url\":\"https:\/\/secure.gravatar.com\/avatar\/650d8b6f04ac734b6c9f43969e515dac790cc8b20fd299d2ca715bbc654ac4dc?s=96&d=mm&r=g\",\"contentUrl\":\"https:\/\/secure.gravatar.com\/avatar\/650d8b6f04ac734b6c9f43969e515dac790cc8b20fd299d2ca715bbc654ac4dc?s=96&d=mm&r=g\",\"caption\":\"Enrique Alfonso\"},\"url\":\"https:\/\/vlchost.com\/en\/author\/enrique\/\"}]}<\/script>\n<!-- \/ Yoast SEO plugin. -->","yoast_head_json":{"title":"Los museos m\u00e1s emblem\u00e1ticos de Ciutat Vella, Valencia","description":"Descubre algunos de los museos que no te puedes perder durante tu estancia en tu apartamento de Ciutat Vella, en Valencia.","robots":{"index":"index","follow":"follow","max-snippet":"max-snippet:-1","max-image-preview":"max-image-preview:large","max-video-preview":"max-video-preview:-1"},"canonical":"https:\/\/vlchost.com\/en\/noticias\/vlc-host-noticias\/los-museos-mas-emblematicos-de-ciutat-vella-valencia\/","og_locale":"en_US","og_type":"article","og_title":"Los museos m\u00e1s emblem\u00e1ticos de Ciutat Vella, Valencia","og_description":"Descubre algunos de los museos que no te puedes perder durante tu estancia en tu apartamento de Ciutat Vella, en Valencia.","og_url":"https:\/\/vlchost.com\/en\/noticias\/vlc-host-noticias\/los-museos-mas-emblematicos-de-ciutat-vella-valencia\/","og_site_name":"VLC Host","article_publisher":"https:\/\/www.facebook.com\/VLCHost.HappyToHostYou","article_published_time":"2024-07-25T07:27:03+00:00","article_modified_time":"2024-07-25T07:27:04+00:00","og_image":[{"width":2560,"height":1721,"url":"https:\/\/vlchost.com\/wp-content\/uploads\/AdobeStock_773058223_Editorial_Use_Only-scaled.jpeg","type":"image\/jpeg"}],"author":"Enrique Alfonso","twitter_card":"summary_large_image","twitter_misc":{"Written by":"Enrique Alfonso","Est. reading time":"4 minutes"},"schema":{"@context":"https:\/\/schema.org","@graph":[{"@type":"Article","@id":"https:\/\/vlchost.com\/noticias\/vlc-host-noticias\/los-museos-mas-emblematicos-de-ciutat-vella-valencia\/#article","isPartOf":{"@id":"https:\/\/vlchost.com\/noticias\/vlc-host-noticias\/los-museos-mas-emblematicos-de-ciutat-vella-valencia\/"},"author":{"name":"Enrique Alfonso","@id":"https:\/\/vlchost.com\/#\/schema\/person\/f349f0d5e759cf4d4d4bad7af06dbb3b"},"headline":"Los museos m\u00e1s emblem\u00e1ticos de Ciutat Vella, Valencia","datePublished":"2024-07-25T07:27:03+00:00","dateModified":"2024-07-25T07:27:04+00:00","mainEntityOfPage":{"@id":"https:\/\/vlchost.com\/noticias\/vlc-host-noticias\/los-museos-mas-emblematicos-de-ciutat-vella-valencia\/"},"wordCount":748,"commentCount":0,"publisher":{"@id":"https:\/\/vlchost.com\/#organization"},"keywords":["#alquilervacacional","#alquilervalencia","#apartamentosvalencia","#valencia","#visitvalencia","#vlcbotanicgarden","#vlchost"],"articleSection":["Apartamentos","VLC Host"],"inLanguage":"en-US"},{"@type":"WebPage","@id":"https:\/\/vlchost.com\/noticias\/vlc-host-noticias\/los-museos-mas-emblematicos-de-ciutat-vella-valencia\/","url":"https:\/\/vlchost.com\/noticias\/vlc-host-noticias\/los-museos-mas-emblematicos-de-ciutat-vella-valencia\/","name":"Los museos m\u00e1s emblem\u00e1ticos de Ciutat Vella, Valencia","isPartOf":{"@id":"https:\/\/vlchost.com\/#website"},"datePublished":"2024-07-25T07:27:03+00:00","dateModified":"2024-07-25T07:27:04+00:00","description":"Descubre algunos de los museos que no te puedes perder durante tu estancia en tu apartamento de Ciutat Vella, en Valencia.","breadcrumb":{"@id":"https:\/\/vlchost.com\/noticias\/vlc-host-noticias\/los-museos-mas-emblematicos-de-ciutat-vella-valencia\/#breadcrumb"},"inLanguage":"en-US","potentialAction":[{"@type":"ReadAction","target":["https:\/\/vlchost.com\/noticias\/vlc-host-noticias\/los-museos-mas-emblematicos-de-ciutat-vella-valencia\/"]}]},{"@type":"BreadcrumbList","@id":"https:\/\/vlchost.com\/noticias\/vlc-host-noticias\/los-museos-mas-emblematicos-de-ciutat-vella-valencia\/#breadcrumb","itemListElement":[{"@type":"ListItem","position":1,"name":"Portada","item":"https:\/\/vlchost.com\/"},{"@type":"ListItem","position":2,"name":"Los museos m\u00e1s emblem\u00e1ticos de Ciutat Vella, Valencia"}]},{"@type":"WebSite","@id":"https:\/\/vlchost.com\/#website","url":"https:\/\/vlchost.com\/","name":"VLC Host","description":"Alquiler de alojamientos tur\u00edsticos","publisher":{"@id":"https:\/\/vlchost.com\/#organization"},"potentialAction":[{"@type":"SearchAction","target":{"@type":"EntryPoint","urlTemplate":"https:\/\/vlchost.com\/?s={search_term_string}"},"query-input":"required name=search_term_string"}],"inLanguage":"en-US"},{"@type":"Organization","@id":"https:\/\/vlchost.com\/#organization","name":"VLC Host - Nomad Life","url":"https:\/\/vlchost.com\/","logo":{"@type":"ImageObject","inLanguage":"en-US","@id":"https:\/\/vlchost.com\/#\/schema\/logo\/image\/","url":"https:\/\/vlchost.com\/wp-content\/uploads\/cropped-alquiler-apartamentos-VLCHOST.png","contentUrl":"https:\/\/vlchost.com\/wp-content\/uploads\/cropped-alquiler-apartamentos-VLCHOST.png","width":512,"height":512,"caption":"VLC Host - Nomad Life"},"image":{"@id":"https:\/\/vlchost.com\/#\/schema\/logo\/image\/"},"sameAs":["https:\/\/www.facebook.com\/VLCHost.HappyToHostYou","https:\/\/www.instagram.com\/vlchost\/"]},{"@type":"Person","@id":"https:\/\/vlchost.com\/#\/schema\/person\/f349f0d5e759cf4d4d4bad7af06dbb3b","name":"Enrique Alfonso","image":{"@type":"ImageObject","inLanguage":"en-US","@id":"https:\/\/vlchost.com\/#\/schema\/person\/image\/","url":"https:\/\/secure.gravatar.com\/avatar\/650d8b6f04ac734b6c9f43969e515dac790cc8b20fd299d2ca715bbc654ac4dc?s=96&d=mm&r=g","contentUrl":"https:\/\/secure.gravatar.com\/avatar\/650d8b6f04ac734b6c9f43969e515dac790cc8b20fd299d2ca715bbc654ac4dc?s=96&d=mm&r=g","caption":"Enrique Alfonso"},"url":"https:\/\/vlchost.com\/en\/author\/enrique\/"}]}},"_links":{"self":[{"href":"https:\/\/vlchost.com\/en\/wp-json\/wp\/v2\/posts\/7043","targetHints":{"allow":["GET"]}}],"collection":[{"href":"https:\/\/vlchost.com\/en\/wp-json\/wp\/v2\/posts"}],"about":[{"href":"https:\/\/vlchost.com\/en\/wp-json\/wp\/v2\/types\/post"}],"author":[{"embeddable":true,"href":"https:\/\/vlchost.com\/en\/wp-json\/wp\/v2\/users\/9"}],"replies":[{"embeddable":true,"href":"https:\/\/vlchost.com\/en\/wp-json\/wp\/v2\/comments?post=7043"}],"version-history":[{"count":4,"href":"https:\/\/vlchost.com\/en\/wp-json\/wp\/v2\/posts\/7043\/revisions"}],"predecessor-version":[{"id":7055,"href":"https:\/\/vlchost.com\/en\/wp-json\/wp\/v2\/posts\/7043\/revisions\/7055"}],"wp:featuredmedia":[{"embeddable":true,"href":"https:\/\/vlchost.com\/en\/wp-json\/wp\/v2\/media\/7056"}],"wp:attachment":[{"href":"https:\/\/vlchost.com\/en\/wp-json\/wp\/v2\/media?parent=7043"}],"wp:term":[{"taxonomy":"category","embeddable":true,"href":"https:\/\/vlchost.com\/en\/wp-json\/wp\/v2\/categories?post=7043"},{"taxonomy":"post_tag","embeddable":true,"href":"https:\/\/vlchost.com\/en\/wp-json\/wp\/v2\/tags?post=7043"}],"curies":[{"name":"wp","href":"https:\/\/api.w.org\/{rel}","templated":true}]}}