{"id":7058,"date":"2024-07-31T11:18:34","date_gmt":"2024-07-31T09:18:34","guid":{"rendered":"https:\/\/vlchost.com\/?p=7058"},"modified":"2024-07-31T11:18:35","modified_gmt":"2024-07-31T09:18:35","slug":"tiendas-artesanales-mas-antiguas-de-valencia","status":"publish","type":"post","link":"https:\/\/vlchost.com\/en\/noticias\/vlc-host-noticias\/tiendas-artesanales-mas-antiguas-de-valencia\/","title":{"rendered":"Las 3 tiendas artesanales m\u00e1s antiguas de Valencia"},"content":{"rendered":"<div data-elementor-type=\"wp-post\" data-elementor-id=\"7058\" class=\"elementor elementor-7058\" data-elementor-post-type=\"post\">\n\t\t\t\t\t\t<section class=\"elementor-section elementor-top-section elementor-element elementor-element-84d6678 elementor-section-boxed elementor-section-height-default elementor-section-height-default\" data-id=\"84d6678\" data-element_type=\"section\">\n\t\t\t\t\t\t<div class=\"elementor-container elementor-column-gap-default\">\n\t\t\t\t\t<div class=\"elementor-column elementor-col-100 elementor-top-column elementor-element elementor-element-ca254d9\" data-id=\"ca254d9\" data-element_type=\"column\">\n\t\t\t<div class=\"elementor-widget-wrap elementor-element-populated\">\n\t\t\t\t\t\t<div class=\"elementor-element elementor-element-23caa5e elementor-widget__width-auto elementor-widget elementor-widget-text-editor\" data-id=\"23caa5e\" data-element_type=\"widget\" data-widget_type=\"text-editor.default\">\n\t\t\t\t<div class=\"elementor-widget-container\">\n\t\t\t<style>\/*! elementor - v3.19.0 - 28-02-2024 *\/\n.elementor-widget-text-editor.elementor-drop-cap-view-stacked .elementor-drop-cap{background-color:#69727d;color:#fff}.elementor-widget-text-editor.elementor-drop-cap-view-framed .elementor-drop-cap{color:#69727d;border:3px solid;background-color:transparent}.elementor-widget-text-editor:not(.elementor-drop-cap-view-default) .elementor-drop-cap{margin-top:8px}.elementor-widget-text-editor:not(.elementor-drop-cap-view-default) .elementor-drop-cap-letter{width:1em;height:1em}.elementor-widget-text-editor .elementor-drop-cap{float:left;text-align:center;line-height:1;font-size:50px}.elementor-widget-text-editor .elementor-drop-cap-letter{display:inline-block}<\/style>\t\t\t\t<p>Desde anta\u00f1o, muchas familias de <strong>Valencia<\/strong> han vivido de la artesan\u00eda, dejando un gran legado de tiendas artesanales antiguas por toda la ciudad. Por esta raz\u00f3n, muchas calles rinden homenaje a profesiones dedicadas a la manufactura. De hecho, es la ciudad de Espa\u00f1a con m\u00e1s calles dedicadas a los <strong>gremios y a los oficios<\/strong>, con nada m\u00e1s y nada menos que 55 calles.<\/p>\n<p>Si eres de los que les gusta pasear por las callejuelas del casco antiguo y empaparte con las historias que contiene cada una de sus calles, te recomendamos hacer la <strong><a href=\"https:\/\/www.caminart.es\/experiencias\/camins-gremials\/\">Ruta de Camins <\/a><a href=\"https:\/\/www.caminart.es\/experiencias\/camins-gremials\/\">Gremials<\/a><\/strong>. Esta visita guiada es perfecta para explorar la artesan\u00eda tradicional y sus oficios en una visita guiada por las calles y plazas que, a d\u00eda de hoy, conservan su antiguo nombre. Adem\u00e1s, estas nos dan pista sobre lo que alguna vez fue la \u00e9poca dorada del comercio en Valencia .<\/p>\n<p>Hemos seleccionado para ti algunas de las tiendas artesanales \u201cde toda la vida\u201d que no puedes perderte en tus vacaciones en Valencia:<\/p>\n<p><\/p>\n<h2><strong>Tienda de las ollas de hierro<\/strong><\/h2>\n<p><strong>La<\/strong> <strong><a href=\"http:\/\/www.tiendadelasollasdehierro.com\/articulos.htm\">tienda de Las Ollas de Hierro <\/a><\/strong>abri\u00f3 sus puertas en el a\u00f1o 1793 y est\u00e1 situada junto a la <strong>Plaza Redonda<\/strong>, en pleno centro de Valencia. Sus m\u00e1s de doscientos a\u00f1os han hecho que se convierta en la tienda m\u00e1s antigua de la ciudad.<\/p>\n<p>Aunque por su nombre pareciera que se dedica a la venta de ollas de hierro, lo cierto es que no vende ollas, ni ning\u00fan tipo de vasija para cocinar.<\/p>\n<p>Sus fundadores eran una familia francesa que emigr\u00f3 a Valencia huyendo de la Revoluci\u00f3n Francesa. En su huida, trajeron un cargamento de ollas de hierro, muy demandadas en la \u00e9poca. Aunque en su momento s\u00ed se dedic\u00f3 a la venta de ollas, actualmente vende art\u00edculos de mercer\u00eda, bisuter\u00eda, art\u00edculos religiosos, -como figuritas para el Bel\u00e9n hechas artesanalmente. Tambi\u00e9n venden indumentaria valenciana, como aderezos y peinetas de fallera cinceladas a mano.<\/p>\n<p>En la actualidad, este establecimiento ha sido reconocido como <strong>Bien de Inter\u00e9s Cultural<\/strong>, ya que todav\u00eda conserva la decoraci\u00f3n de la \u00e9poca y es historia viva de los antiguos comercios dedicados a la artesan\u00eda local.<\/p>\n<p><\/p>\n<h3><strong>Artesan\u00eda Yuste<\/strong><\/h3>\n<p>Si eres amante de colecciones \u00fanicas de <strong>piezas de cer\u00e1micas<\/strong> hechas a mano, te encantar\u00e1 visitar este lugar.<\/p>\n<p><strong>Artesan\u00eda Yuste<\/strong> es un negocio familiar fundado por Enrique Yuste (padre) durante la d\u00e9cada de los setenta. M\u00e1s tarde, esta pasar\u00eda a su hijo y a su esposa, quienes actualmente se encargan de la tienda.<\/p>\n<p>Los colores vivos de sus piezas atraen a los visitantes hacia sus escaparates, quienes quedan embelesados por los dise\u00f1os tradicionales de sus piezas. Para la elaboraci\u00f3n de sus productos, recurren a un tipo de cer\u00e1mica llamada Socarrat, una variante hecha de ladrillo de barro cocido que solo puede encontrarse en Valencia.<\/p>\n<p><\/p>\n<h3><strong>Sombrerer\u00eda Albero<\/strong><\/h3>\n<p>Esta m\u00edtica firma de<strong> sombreros<\/strong> fue fundada en 1820 por una familia de artesanos valencianos que comenzaron dise\u00f1ando y elaborando sombreros. A d\u00eda de hoy, cuenta con 12 tiendas repartidas por diferentes ciudades de Espa\u00f1a.<\/p>\n<p>Gracias a esta sombrerer\u00eda, se democratiz\u00f3 el uso del sombrero entre las clases m\u00e1s bajas, lo que les confiere un valor hist\u00f3rico de gran valor para la ciudad.<\/p>\n<p>El a\u00f1o pasado cambi\u00f3 su ubicaci\u00f3n, instal\u00e1ndose en la finca conocida como \u201c<strong>La Estrecha<\/strong>\u201d, que es el edificio m\u00e1s estrecho de Espa\u00f1a, ubicado en&nbsp;<a href=\"https:\/\/vlchost.com\/en\/noticias\/conoce-la-magia-del-barrio-del-carmen\/\" target=\"_blank\" rel=\"noopener\">el barrio del Carmen<\/a>. Este edificio tiene tan solo 107 cent\u00edmetros de ancho, lo que lo convierte en un punto de inter\u00e9s tur\u00edstico muy visitado.<\/p>\n<p>Aunque cada vez cuestan m\u00e1s de ver, Valencia todav\u00eda conserva algunos de sus comercios m\u00e1s antiguos, permiti\u00e9ndonos explorar m\u00e1s a fondo las historias pasadas que esconde Valencia. Reserva ya tu estancia llamando al +34 665 158 187 o escribiendo a reservas@vlcinvest.com.<\/p>\t\t\t\t\t\t<\/div>\n\t\t\t\t<\/div>\n\t\t\t\t\t<\/div>\n\t\t<\/div>\n\t\t\t\t\t<\/div>\n\t\t<\/section>\n\t\t<div class=\"elementor-element elementor-element-de48074 e-flex e-con-boxed e-con e-parent\" data-id=\"de48074\" data-element_type=\"container\" data-settings=\"{&quot;container_type&quot;:&quot;flex&quot;,&quot;content_width&quot;:&quot;boxed&quot;}\" data-core-v316-plus=\"true\">\n\t\t\t\t\t<div class=\"e-con-inner\">\n\t\t\t\t<div class=\"elementor-element elementor-element-0c673ae elementor-widget elementor-widget-spacer\" data-id=\"0c673ae\" data-element_type=\"widget\" data-widget_type=\"spacer.default\">\n\t\t\t\t<div class=\"elementor-widget-container\">\n\t\t\t<style>\/*! elementor - v3.19.0 - 28-02-2024 *\/\n.elementor-column .elementor-spacer-inner{height:var(--spacer-size)}.e-con{--container-widget-width:100%}.e-con-inner>.elementor-widget-spacer,.e-con>.elementor-widget-spacer{width:var(--container-widget-width,var(--spacer-size));--align-self:var(--container-widget-align-self,initial);--flex-shrink:0}.e-con-inner>.elementor-widget-spacer>.elementor-widget-container,.e-con>.elementor-widget-spacer>.elementor-widget-container{height:100%;width:100%}.e-con-inner>.elementor-widget-spacer>.elementor-widget-container>.elementor-spacer,.e-con>.elementor-widget-spacer>.elementor-widget-container>.elementor-spacer{height:100%}.e-con-inner>.elementor-widget-spacer>.elementor-widget-container>.elementor-spacer>.elementor-spacer-inner,.e-con>.elementor-widget-spacer>.elementor-widget-container>.elementor-spacer>.elementor-spacer-inner{height:var(--container-widget-height,var(--spacer-size))}.e-con-inner>.elementor-widget-spacer.elementor-widget-empty,.e-con>.elementor-widget-spacer.elementor-widget-empty{position:relative;min-height:22px;min-width:22px}.e-con-inner>.elementor-widget-spacer.elementor-widget-empty .elementor-widget-empty-icon,.e-con>.elementor-widget-spacer.elementor-widget-empty .elementor-widget-empty-icon{position:absolute;top:0;bottom:0;left:0;right:0;margin:auto;padding:0;width:22px;height:22px}<\/style>\t\t<div class=\"elementor-spacer\">\n\t\t\t<div class=\"elementor-spacer-inner\"><\/div>\n\t\t<\/div>\n\t\t\t\t<\/div>\n\t\t\t\t<\/div>\n\t\t\t\t\t<\/div>\n\t\t\t\t<\/div>\n\t\t\t\t<\/div>","protected":false},"excerpt":{"rendered":"<p>Desde anta\u00f1o, muchas familias de Valencia han vivido de la artesan\u00eda, dejando un gran legado de tiendas artesanales antiguas por toda la ciudad. Por esta raz\u00f3n, muchas calles rinden homenaje a profesiones dedicadas a la manufactura. De hecho, es la ciudad de Espa\u00f1a con m\u00e1s calles dedicadas a los gremios y a los oficios, con [&hellip;]<\/p>","protected":false},"author":9,"featured_media":7060,"comment_status":"open","ping_status":"open","sticky":false,"template":"","format":"standard","meta":{"footnotes":""},"categories":[63,18],"tags":[147,27,28,25,29,261,59],"class_list":["post-7058","post","type-post","status-publish","format-standard","has-post-thumbnail","hentry","category-apartamentos","category-vlc-host-noticias","tag-alquilervacacional","tag-alquilervalencia","tag-apartamentosvalencia","tag-valencia","tag-visitvalencia","tag-vlcbotanicgarden","tag-vlchost"],"yoast_head":"<!-- This site is optimized with the Yoast SEO plugin v21.5 - https:\/\/yoast.com\/wordpress\/plugins\/seo\/ -->\n<title>Las 3 tiendas artesanales m\u00e1s antiguas de Valencia<\/title>\n<meta name=\"description\" content=\"Encuentra en las calles del casco antiguo de Valencia las tiendas artesanales m\u00e1s antiguas y descubre comercios llenos de historia.\" \/>\n<meta name=\"robots\" content=\"index, follow, max-snippet:-1, max-image-preview:large, max-video-preview:-1\" \/>\n<link rel=\"canonical\" href=\"https:\/\/vlchost.com\/en\/noticias\/vlc-host-noticias\/tiendas-artesanales-mas-antiguas-de-valencia\/\" \/>\n<meta property=\"og:locale\" content=\"en_US\" \/>\n<meta property=\"og:type\" content=\"article\" \/>\n<meta property=\"og:title\" content=\"Las 3 tiendas artesanales m\u00e1s antiguas de Valencia\" \/>\n<meta property=\"og:description\" content=\"Encuentra en las calles del casco antiguo de Valencia las tiendas artesanales m\u00e1s antiguas y descubre comercios llenos de historia.\" \/>\n<meta property=\"og:url\" content=\"https:\/\/vlchost.com\/en\/noticias\/vlc-host-noticias\/tiendas-artesanales-mas-antiguas-de-valencia\/\" \/>\n<meta property=\"og:site_name\" content=\"VLC Host\" \/>\n<meta property=\"article:publisher\" content=\"https:\/\/www.facebook.com\/VLCHost.HappyToHostYou\" \/>\n<meta property=\"article:published_time\" content=\"2024-07-31T09:18:34+00:00\" \/>\n<meta property=\"article:modified_time\" content=\"2024-07-31T09:18:35+00:00\" \/>\n<meta property=\"og:image\" content=\"https:\/\/vlchost.com\/wp-content\/uploads\/tiendas-artesanales-antiguas-valencia-vlc-host-scaled.jpeg\" \/>\n\t<meta property=\"og:image:width\" content=\"2560\" \/>\n\t<meta property=\"og:image:height\" content=\"1707\" \/>\n\t<meta property=\"og:image:type\" content=\"image\/jpeg\" \/>\n<meta name=\"author\" content=\"Enrique Alfonso\" \/>\n<meta name=\"twitter:card\" content=\"summary_large_image\" \/>\n<meta name=\"twitter:label1\" content=\"Written by\" \/>\n\t<meta name=\"twitter:data1\" content=\"Enrique Alfonso\" \/>\n\t<meta name=\"twitter:label2\" content=\"Est. reading time\" \/>\n\t<meta name=\"twitter:data2\" content=\"3 minutes\" \/>\n<script type=\"application\/ld+json\" class=\"yoast-schema-graph\">{\"@context\":\"https:\/\/schema.org\",\"@graph\":[{\"@type\":\"Article\",\"@id\":\"https:\/\/vlchost.com\/noticias\/vlc-host-noticias\/tiendas-artesanales-mas-antiguas-de-valencia\/#article\",\"isPartOf\":{\"@id\":\"https:\/\/vlchost.com\/noticias\/vlc-host-noticias\/tiendas-artesanales-mas-antiguas-de-valencia\/\"},\"author\":{\"name\":\"Enrique Alfonso\",\"@id\":\"https:\/\/vlchost.com\/#\/schema\/person\/f349f0d5e759cf4d4d4bad7af06dbb3b\"},\"headline\":\"Las 3 tiendas artesanales m\u00e1s antiguas de Valencia\",\"datePublished\":\"2024-07-31T09:18:34+00:00\",\"dateModified\":\"2024-07-31T09:18:35+00:00\",\"mainEntityOfPage\":{\"@id\":\"https:\/\/vlchost.com\/noticias\/vlc-host-noticias\/tiendas-artesanales-mas-antiguas-de-valencia\/\"},\"wordCount\":671,\"commentCount\":0,\"publisher\":{\"@id\":\"https:\/\/vlchost.com\/#organization\"},\"keywords\":[\"#alquilervacacional\",\"#alquilervalencia\",\"#apartamentosvalencia\",\"#valencia\",\"#visitvalencia\",\"#vlcbotanicgarden\",\"#vlchost\"],\"articleSection\":[\"Apartamentos\",\"VLC Host\"],\"inLanguage\":\"en-US\"},{\"@type\":\"WebPage\",\"@id\":\"https:\/\/vlchost.com\/noticias\/vlc-host-noticias\/tiendas-artesanales-mas-antiguas-de-valencia\/\",\"url\":\"https:\/\/vlchost.com\/noticias\/vlc-host-noticias\/tiendas-artesanales-mas-antiguas-de-valencia\/\",\"name\":\"Las 3 tiendas artesanales m\u00e1s antiguas de Valencia\",\"isPartOf\":{\"@id\":\"https:\/\/vlchost.com\/#website\"},\"datePublished\":\"2024-07-31T09:18:34+00:00\",\"dateModified\":\"2024-07-31T09:18:35+00:00\",\"description\":\"Encuentra en las calles del casco antiguo de Valencia las tiendas artesanales m\u00e1s antiguas y descubre comercios llenos de historia.\",\"breadcrumb\":{\"@id\":\"https:\/\/vlchost.com\/noticias\/vlc-host-noticias\/tiendas-artesanales-mas-antiguas-de-valencia\/#breadcrumb\"},\"inLanguage\":\"en-US\",\"potentialAction\":[{\"@type\":\"ReadAction\",\"target\":[\"https:\/\/vlchost.com\/noticias\/vlc-host-noticias\/tiendas-artesanales-mas-antiguas-de-valencia\/\"]}]},{\"@type\":\"BreadcrumbList\",\"@id\":\"https:\/\/vlchost.com\/noticias\/vlc-host-noticias\/tiendas-artesanales-mas-antiguas-de-valencia\/#breadcrumb\",\"itemListElement\":[{\"@type\":\"ListItem\",\"position\":1,\"name\":\"Portada\",\"item\":\"https:\/\/vlchost.com\/\"},{\"@type\":\"ListItem\",\"position\":2,\"name\":\"Las 3 tiendas artesanales m\u00e1s antiguas de Valencia\"}]},{\"@type\":\"WebSite\",\"@id\":\"https:\/\/vlchost.com\/#website\",\"url\":\"https:\/\/vlchost.com\/\",\"name\":\"VLC Host\",\"description\":\"Alquiler de alojamientos tur\u00edsticos\",\"publisher\":{\"@id\":\"https:\/\/vlchost.com\/#organization\"},\"potentialAction\":[{\"@type\":\"SearchAction\",\"target\":{\"@type\":\"EntryPoint\",\"urlTemplate\":\"https:\/\/vlchost.com\/?s={search_term_string}\"},\"query-input\":\"required name=search_term_string\"}],\"inLanguage\":\"en-US\"},{\"@type\":\"Organization\",\"@id\":\"https:\/\/vlchost.com\/#organization\",\"name\":\"VLC Host - Nomad Life\",\"url\":\"https:\/\/vlchost.com\/\",\"logo\":{\"@type\":\"ImageObject\",\"inLanguage\":\"en-US\",\"@id\":\"https:\/\/vlchost.com\/#\/schema\/logo\/image\/\",\"url\":\"https:\/\/vlchost.com\/wp-content\/uploads\/cropped-alquiler-apartamentos-VLCHOST.png\",\"contentUrl\":\"https:\/\/vlchost.com\/wp-content\/uploads\/cropped-alquiler-apartamentos-VLCHOST.png\",\"width\":512,\"height\":512,\"caption\":\"VLC Host - Nomad Life\"},\"image\":{\"@id\":\"https:\/\/vlchost.com\/#\/schema\/logo\/image\/\"},\"sameAs\":[\"https:\/\/www.facebook.com\/VLCHost.HappyToHostYou\",\"https:\/\/www.instagram.com\/vlchost\/\"]},{\"@type\":\"Person\",\"@id\":\"https:\/\/vlchost.com\/#\/schema\/person\/f349f0d5e759cf4d4d4bad7af06dbb3b\",\"name\":\"Enrique Alfonso\",\"image\":{\"@type\":\"ImageObject\",\"inLanguage\":\"en-US\",\"@id\":\"https:\/\/vlchost.com\/#\/schema\/person\/image\/\",\"url\":\"https:\/\/secure.gravatar.com\/avatar\/650d8b6f04ac734b6c9f43969e515dac790cc8b20fd299d2ca715bbc654ac4dc?s=96&d=mm&r=g\",\"contentUrl\":\"https:\/\/secure.gravatar.com\/avatar\/650d8b6f04ac734b6c9f43969e515dac790cc8b20fd299d2ca715bbc654ac4dc?s=96&d=mm&r=g\",\"caption\":\"Enrique Alfonso\"},\"url\":\"https:\/\/vlchost.com\/en\/author\/enrique\/\"}]}<\/script>\n<!-- \/ Yoast SEO plugin. -->","yoast_head_json":{"title":"Las 3 tiendas artesanales m\u00e1s antiguas de Valencia","description":"Encuentra en las calles del casco antiguo de Valencia las tiendas artesanales m\u00e1s antiguas y descubre comercios llenos de historia.","robots":{"index":"index","follow":"follow","max-snippet":"max-snippet:-1","max-image-preview":"max-image-preview:large","max-video-preview":"max-video-preview:-1"},"canonical":"https:\/\/vlchost.com\/en\/noticias\/vlc-host-noticias\/tiendas-artesanales-mas-antiguas-de-valencia\/","og_locale":"en_US","og_type":"article","og_title":"Las 3 tiendas artesanales m\u00e1s antiguas de Valencia","og_description":"Encuentra en las calles del casco antiguo de Valencia las tiendas artesanales m\u00e1s antiguas y descubre comercios llenos de historia.","og_url":"https:\/\/vlchost.com\/en\/noticias\/vlc-host-noticias\/tiendas-artesanales-mas-antiguas-de-valencia\/","og_site_name":"VLC Host","article_publisher":"https:\/\/www.facebook.com\/VLCHost.HappyToHostYou","article_published_time":"2024-07-31T09:18:34+00:00","article_modified_time":"2024-07-31T09:18:35+00:00","og_image":[{"width":2560,"height":1707,"url":"https:\/\/vlchost.com\/wp-content\/uploads\/tiendas-artesanales-antiguas-valencia-vlc-host-scaled.jpeg","type":"image\/jpeg"}],"author":"Enrique Alfonso","twitter_card":"summary_large_image","twitter_misc":{"Written by":"Enrique Alfonso","Est. reading time":"3 minutes"},"schema":{"@context":"https:\/\/schema.org","@graph":[{"@type":"Article","@id":"https:\/\/vlchost.com\/noticias\/vlc-host-noticias\/tiendas-artesanales-mas-antiguas-de-valencia\/#article","isPartOf":{"@id":"https:\/\/vlchost.com\/noticias\/vlc-host-noticias\/tiendas-artesanales-mas-antiguas-de-valencia\/"},"author":{"name":"Enrique Alfonso","@id":"https:\/\/vlchost.com\/#\/schema\/person\/f349f0d5e759cf4d4d4bad7af06dbb3b"},"headline":"Las 3 tiendas artesanales m\u00e1s antiguas de Valencia","datePublished":"2024-07-31T09:18:34+00:00","dateModified":"2024-07-31T09:18:35+00:00","mainEntityOfPage":{"@id":"https:\/\/vlchost.com\/noticias\/vlc-host-noticias\/tiendas-artesanales-mas-antiguas-de-valencia\/"},"wordCount":671,"commentCount":0,"publisher":{"@id":"https:\/\/vlchost.com\/#organization"},"keywords":["#alquilervacacional","#alquilervalencia","#apartamentosvalencia","#valencia","#visitvalencia","#vlcbotanicgarden","#vlchost"],"articleSection":["Apartamentos","VLC Host"],"inLanguage":"en-US"},{"@type":"WebPage","@id":"https:\/\/vlchost.com\/noticias\/vlc-host-noticias\/tiendas-artesanales-mas-antiguas-de-valencia\/","url":"https:\/\/vlchost.com\/noticias\/vlc-host-noticias\/tiendas-artesanales-mas-antiguas-de-valencia\/","name":"Las 3 tiendas artesanales m\u00e1s antiguas de Valencia","isPartOf":{"@id":"https:\/\/vlchost.com\/#website"},"datePublished":"2024-07-31T09:18:34+00:00","dateModified":"2024-07-31T09:18:35+00:00","description":"Encuentra en las calles del casco antiguo de Valencia las tiendas artesanales m\u00e1s antiguas y descubre comercios llenos de historia.","breadcrumb":{"@id":"https:\/\/vlchost.com\/noticias\/vlc-host-noticias\/tiendas-artesanales-mas-antiguas-de-valencia\/#breadcrumb"},"inLanguage":"en-US","potentialAction":[{"@type":"ReadAction","target":["https:\/\/vlchost.com\/noticias\/vlc-host-noticias\/tiendas-artesanales-mas-antiguas-de-valencia\/"]}]},{"@type":"BreadcrumbList","@id":"https:\/\/vlchost.com\/noticias\/vlc-host-noticias\/tiendas-artesanales-mas-antiguas-de-valencia\/#breadcrumb","itemListElement":[{"@type":"ListItem","position":1,"name":"Portada","item":"https:\/\/vlchost.com\/"},{"@type":"ListItem","position":2,"name":"Las 3 tiendas artesanales m\u00e1s antiguas de Valencia"}]},{"@type":"WebSite","@id":"https:\/\/vlchost.com\/#website","url":"https:\/\/vlchost.com\/","name":"VLC Host","description":"Alquiler de alojamientos tur\u00edsticos","publisher":{"@id":"https:\/\/vlchost.com\/#organization"},"potentialAction":[{"@type":"SearchAction","target":{"@type":"EntryPoint","urlTemplate":"https:\/\/vlchost.com\/?s={search_term_string}"},"query-input":"required name=search_term_string"}],"inLanguage":"en-US"},{"@type":"Organization","@id":"https:\/\/vlchost.com\/#organization","name":"VLC Host - Nomad Life","url":"https:\/\/vlchost.com\/","logo":{"@type":"ImageObject","inLanguage":"en-US","@id":"https:\/\/vlchost.com\/#\/schema\/logo\/image\/","url":"https:\/\/vlchost.com\/wp-content\/uploads\/cropped-alquiler-apartamentos-VLCHOST.png","contentUrl":"https:\/\/vlchost.com\/wp-content\/uploads\/cropped-alquiler-apartamentos-VLCHOST.png","width":512,"height":512,"caption":"VLC Host - Nomad Life"},"image":{"@id":"https:\/\/vlchost.com\/#\/schema\/logo\/image\/"},"sameAs":["https:\/\/www.facebook.com\/VLCHost.HappyToHostYou","https:\/\/www.instagram.com\/vlchost\/"]},{"@type":"Person","@id":"https:\/\/vlchost.com\/#\/schema\/person\/f349f0d5e759cf4d4d4bad7af06dbb3b","name":"Enrique Alfonso","image":{"@type":"ImageObject","inLanguage":"en-US","@id":"https:\/\/vlchost.com\/#\/schema\/person\/image\/","url":"https:\/\/secure.gravatar.com\/avatar\/650d8b6f04ac734b6c9f43969e515dac790cc8b20fd299d2ca715bbc654ac4dc?s=96&d=mm&r=g","contentUrl":"https:\/\/secure.gravatar.com\/avatar\/650d8b6f04ac734b6c9f43969e515dac790cc8b20fd299d2ca715bbc654ac4dc?s=96&d=mm&r=g","caption":"Enrique Alfonso"},"url":"https:\/\/vlchost.com\/en\/author\/enrique\/"}]}},"_links":{"self":[{"href":"https:\/\/vlchost.com\/en\/wp-json\/wp\/v2\/posts\/7058","targetHints":{"allow":["GET"]}}],"collection":[{"href":"https:\/\/vlchost.com\/en\/wp-json\/wp\/v2\/posts"}],"about":[{"href":"https:\/\/vlchost.com\/en\/wp-json\/wp\/v2\/types\/post"}],"author":[{"embeddable":true,"href":"https:\/\/vlchost.com\/en\/wp-json\/wp\/v2\/users\/9"}],"replies":[{"embeddable":true,"href":"https:\/\/vlchost.com\/en\/wp-json\/wp\/v2\/comments?post=7058"}],"version-history":[{"count":16,"href":"https:\/\/vlchost.com\/en\/wp-json\/wp\/v2\/posts\/7058\/revisions"}],"predecessor-version":[{"id":7078,"href":"https:\/\/vlchost.com\/en\/wp-json\/wp\/v2\/posts\/7058\/revisions\/7078"}],"wp:featuredmedia":[{"embeddable":true,"href":"https:\/\/vlchost.com\/en\/wp-json\/wp\/v2\/media\/7060"}],"wp:attachment":[{"href":"https:\/\/vlchost.com\/en\/wp-json\/wp\/v2\/media?parent=7058"}],"wp:term":[{"taxonomy":"category","embeddable":true,"href":"https:\/\/vlchost.com\/en\/wp-json\/wp\/v2\/categories?post=7058"},{"taxonomy":"post_tag","embeddable":true,"href":"https:\/\/vlchost.com\/en\/wp-json\/wp\/v2\/tags?post=7058"}],"curies":[{"name":"wp","href":"https:\/\/api.w.org\/{rel}","templated":true}]}}