{"id":7373,"date":"2024-09-27T09:49:43","date_gmt":"2024-09-27T07:49:43","guid":{"rendered":"https:\/\/vlchost.com\/?p=7373"},"modified":"2024-09-27T09:49:44","modified_gmt":"2024-09-27T07:49:44","slug":"como-utilizar-el-transporte-publico-en-valencia","status":"publish","type":"post","link":"https:\/\/vlchost.com\/en\/noticias\/vlc-host-noticias\/como-utilizar-el-transporte-publico-en-valencia\/","title":{"rendered":"C\u00f3mo utilizar el transporte p\u00fablico en Valencia"},"content":{"rendered":"<div data-elementor-type=\"wp-post\" data-elementor-id=\"7373\" class=\"elementor elementor-7373\" data-elementor-post-type=\"post\">\n\t\t\t\t\t\t<section class=\"elementor-section elementor-top-section elementor-element elementor-element-84d6678 elementor-section-boxed elementor-section-height-default elementor-section-height-default\" data-id=\"84d6678\" data-element_type=\"section\">\n\t\t\t\t\t\t<div class=\"elementor-container elementor-column-gap-default\">\n\t\t\t\t\t<div class=\"elementor-column elementor-col-100 elementor-top-column elementor-element elementor-element-ca254d9\" data-id=\"ca254d9\" data-element_type=\"column\">\n\t\t\t<div class=\"elementor-widget-wrap elementor-element-populated\">\n\t\t\t\t\t\t<div class=\"elementor-element elementor-element-23caa5e elementor-widget__width-auto elementor-widget elementor-widget-text-editor\" data-id=\"23caa5e\" data-element_type=\"widget\" data-widget_type=\"text-editor.default\">\n\t\t\t\t<div class=\"elementor-widget-container\">\n\t\t\t<style>\/*! elementor - v3.19.0 - 28-02-2024 *\/\n.elementor-widget-text-editor.elementor-drop-cap-view-stacked .elementor-drop-cap{background-color:#69727d;color:#fff}.elementor-widget-text-editor.elementor-drop-cap-view-framed .elementor-drop-cap{color:#69727d;border:3px solid;background-color:transparent}.elementor-widget-text-editor:not(.elementor-drop-cap-view-default) .elementor-drop-cap{margin-top:8px}.elementor-widget-text-editor:not(.elementor-drop-cap-view-default) .elementor-drop-cap-letter{width:1em;height:1em}.elementor-widget-text-editor .elementor-drop-cap{float:left;text-align:center;line-height:1;font-size:50px}.elementor-widget-text-editor .elementor-drop-cap-letter{display:inline-block}<\/style>\t\t\t\t<p>\u00bfAcabas de aterrizar en Valencia y no sabes c\u00f3mo moverte por ella? Disfrutar de todo lo que la ciudad tiene que ofrecerte es posible si sabes c\u00f3mo desplazarte. Ahorra tiempo y dinero con la red de <strong>transporte p\u00fablico en Valencia<\/strong>. Su amplia red de l\u00edneas de autob\u00fas, metro y tranv\u00eda permite que los puntos m\u00e1s ic\u00f3nicos de la ciudad est\u00e9n conectados entre s\u00ed y, adem\u00e1s, se adentre en sus barrios. En este art\u00edculo, te contamos c\u00f3mo moverte por la ciudad de la manera m\u00e1s eficiente y cu\u00e1les son las l\u00edneas para llegar a los puntos tur\u00edsticos m\u00e1s interesantes.<\/p><p>\u00a0<\/p><h2><strong>L\u00edneas de autob\u00fas para moverte por la ciudad<\/strong><\/h2><p>El sistema de autobuses de Valencia es una opci\u00f3n excelente para moverse por la ciudad y una de las opciones preferidas de los usuarios. A continuaci\u00f3n, te contamos qu\u00e9 l\u00edneas conectan con algunos de los lugares m\u00e1s emblem\u00e1ticos de la ciudad:<\/p><p>\u00a0<\/p><h3><strong>Ciudad de las Artes y las Ciencias.<\/strong><\/h3><ul><li><strong>L\u00ednea 1:<\/strong> Conecta la playa de La Malvarrosa con el centro de la ciudad, pasando por lugar como el Palau de la M\u00fasica, que est\u00e1 a un pase\u00edto de la <a href=\"https:\/\/vlchost.com\/en\/noticias\/vlc-host-noticias\/los-mejores-lugares-para-salir-cerca-de-la-ciudad-de-las-artes-y-las-ciencias\/\">Ciudad de las Artes y las Ciencias<\/a>.<\/li><\/ul><p>\u00a0<\/p><ul><li><strong>L\u00ednea 4:<\/strong> Pasa directamente por la Ciudad de las Artes y las Ciencias y el parque de Gulliver.<\/li><\/ul><p>\u00a0<\/p><ul><li><strong>L\u00ednea 35:<\/strong> \u00bfEst\u00e1s por la zona de Mercado de Col\u00f3n? Con esta l\u00ednea tambi\u00e9n podr\u00e1s llegar hasta la Ciudad de las Artes y las Ciencias.<\/li><\/ul><h3>\u00a0<\/h3><h3><strong>Playa de la Malvarrosa y Arenas<\/strong><\/h3><ul><li><strong>L\u00ednea 19: <\/strong>Conecta la zona del puerto con el centro de la ciudad.<\/li><\/ul><p>\u00a0<\/p><ul><li><strong>L\u00ednea 20: <\/strong>Esta l\u00ednea recorre el Paseo Mar\u00edtimo, pasando por la playa de La Malvarrosa y Arenas, y es especialmente \u00fatil para quienes desean disfrutar del litoral.<\/li><\/ul><p>\u00a0<\/p><h3><strong>C\u00f3mo llegar a la Plaza del Ayuntamiento<\/strong><\/h3><p>Para llegar a la plaza del ayuntamiento tienes varias opciones, las cuales te dejar\u00e1n en la propia plaza o en sus inmediaciones.<\/p><p>\u00a1Te contamos algunas de ellas!<\/p><p>\u00a0<\/p><ul><li><strong>L\u00ednea 60. <\/strong>Esta l\u00ednea pasa por lugares como el Nuevo Centro, Mercado Central y te dejar\u00e1 a unos minutos de la Plaza del Ayuntamiento y la Calle Col\u00f3n.<\/li><\/ul><p>\u00a0<\/p><ul><li><strong>L\u00ednea 26. <\/strong>Esta l\u00ednea conecta con \u00e1reas perif\u00e9ricas como Moncada y Alfara del Patriarca (paradas a tener en cuenta, especialmente, en sus fiestas patronales) con lugares ic\u00f3nicos como las Torres de Serranos, los Jardines del Turia, la Calle de la Paz, la Calle Col\u00f3n y acaba en Pintor Sorolla, a pocos minutos caminando de la Plaza del Ayuntamiento.<\/li><\/ul><h2>\u00a0<\/h2><h2><strong>Conoce las l\u00edneas de Tranv\u00eda y Metro<\/strong><\/h2><p><a href=\"https:\/\/www.lovevalencia.com\/wp-content\/uploads\/2012\/02\/metrovalencia.png\"><strong>Metrovalencia<\/strong><\/a> es el sistema de <strong>metros y tranv\u00eda<\/strong>, con conexiones a los principales puntos tur\u00edsticos de la ciudad y algunos de los municipios m\u00e1s cercanos, como son Mislata, Torrent, Alboraia, Paiporta y Rafelbu\u00f1ol.<\/p><p>Si quieres ahorrar en transporte en tu llegada al <strong>aeropuerto de Valencia<\/strong>, con las l\u00edneas 3 y 5 de metro llegar\u00e1s al centro de la ciudad en poco tiempo y cogerlo en tu regreso.<\/p><p>\u00a1Te contamos algunas de los mejores lugares a los que puedes llegar con Metrovalencia!<\/p><h3>\u00a0<\/h3><h3><strong>C\u00f3mo llegar al centro de Valencia con el metro<\/strong><\/h3><p>El metro es el transporte perfecto para llegar a las <strong>zonas c\u00e9ntricas<\/strong> de la ciudad, evitando el tr\u00e1fico. Las <strong>l\u00edneas 3, 5 y 9<\/strong> te dejan a pocos metros de la Estaci\u00f3n del Norte, la Calle Col\u00f3n y la Plaza del Ayuntamiento. Puedes parar en la parada de X\u00e1tiva o Col\u00f3n.<\/p><p>\u00a0<\/p><h3><strong>La Ciudad de las Artes y las Ciencias en un ratito en tranv\u00eda<\/strong><\/h3><p>La <a href=\"https:\/\/www.metrovalencia.es\/es\/consulta-estaciones\/\">L\u00ednea 10 de tranv\u00eda de Metrovalencia<\/a> se inaugur\u00f3 en el a\u00f1o 2022 para conectar algunos barrios de las afueras con los barrios m\u00e1s relevantes de Valencia, como Ruzafa, y con los puntos tur\u00edsticos interesantes como la Ciudad de las Artes y las Ciencias, el Museo Fallero y el Oceanogr\u00e0fic.<\/p><p>\u00a0<\/p><h3><strong>Visita el Estadio de Mestalla con el metro<\/strong><\/h3><p>\u00bfEres amante del f\u00fatbol? Si es as\u00ed y has considerado hacer una visita al Estadio Mestalla, te contamos c\u00f3mo llegar hasta \u00e9l con el metro.<\/p><p>Las l\u00edneas de metro 5 o 7 te dejar\u00e1n a un par de minutos caminando del estadio. Deber\u00e1s bajar en la parada Arag\u00f3n, \u00a1que no se te olvide!<\/p><p>\u00a0<\/p><h3><strong>C\u00f3mo llegar a la playa usando el transporte p\u00fablico en Valencia<\/strong><\/h3><p>\u00bfTe gustar\u00eda visitar la playa en estos \u00faltimos d\u00edas de calor? Con las l\u00edneas 4 y 6 de tranv\u00eda podr\u00e1s hacerlo. Con estas mismas l\u00edneas podr\u00e1s llegar a lugares como el barrio de Benimaclet (donde tambi\u00e9n hay parada de metro) o hacer una parada por la zona universitaria y estar en pocos minutos caminando en Blasco Ib\u00e1\u00f1ez. Adem\u00e1s, si te apetece dar un paseo por el puerto, la l\u00ednea 6 te dejar\u00e1 a unos pocos metros de all\u00ed.<\/p><p>\u00a0<\/p><h2><strong>Abonos de transporte gratuitos en Valencia<\/strong><\/h2><p>\u00a0<\/p><p>Si eres menor de 31 a\u00f1os, tenemos buenas noticias para ti. Podr\u00e1s acceder de forma gratuita al <strong>Abono Temporal Jove gratuito <\/strong>emitido por la Generalitat Valenciana. Con este abono podr\u00e1s utilizar la red de autobuses de la <strong>EMT y Metrovalencia<\/strong> para desplazarte por la ciudad, sin l\u00edmite de viajes. Recuerda que, para poder acceder al bono temporal, deber\u00e1s estar <a href=\"https:\/\/www.metrovalencia.es\/es\/registrarse\/\">registrado<\/a> en la web de Metrovalencia.<\/p><p>\u00bfTu estancia en Valencia va para largo y no quieres perderte nada? En el caso de que quieras visitar lugares fuera de la ciudad, puedes utilizar el <a href=\"https:\/\/www.renfe.com\/es\/es\/grupo-renfe\/sociedades\/renfe-viajeros\/abonos-renfe\"><strong>Abono gratuito para viajeros frecuentes<\/strong> de Renfe<\/a>. Para obtenerlo, deber\u00e1s pagar una fianza de 20 euros que podr\u00e1s recuperar, siempre y cuando, realices un m\u00ednimo de 16 viajes individuales por la ruta que t\u00fa marques durante el cuatrimestre.<\/p><p>Descubre con<strong> VLC Host<\/strong> c\u00f3mo llegar a los puntos tur\u00edsticos m\u00e1s interesantes de la ciudad con el transporte p\u00fablico. Reserva tu alojamiento llamando al +34 665 158 187 o escribiendo a reservas@vlcinvest.com.<\/p>\t\t\t\t\t\t<\/div>\n\t\t\t\t<\/div>\n\t\t\t\t\t<\/div>\n\t\t<\/div>\n\t\t\t\t\t<\/div>\n\t\t<\/section>\n\t\t<div class=\"elementor-element elementor-element-de48074 e-flex e-con-boxed e-con e-parent\" data-id=\"de48074\" data-element_type=\"container\" data-settings=\"{&quot;container_type&quot;:&quot;flex&quot;,&quot;content_width&quot;:&quot;boxed&quot;}\" data-core-v316-plus=\"true\">\n\t\t\t\t\t<div class=\"e-con-inner\">\n\t\t\t\t<div class=\"elementor-element elementor-element-0c673ae elementor-widget elementor-widget-spacer\" data-id=\"0c673ae\" data-element_type=\"widget\" data-widget_type=\"spacer.default\">\n\t\t\t\t<div class=\"elementor-widget-container\">\n\t\t\t<style>\/*! elementor - v3.19.0 - 28-02-2024 *\/\n.elementor-column .elementor-spacer-inner{height:var(--spacer-size)}.e-con{--container-widget-width:100%}.e-con-inner>.elementor-widget-spacer,.e-con>.elementor-widget-spacer{width:var(--container-widget-width,var(--spacer-size));--align-self:var(--container-widget-align-self,initial);--flex-shrink:0}.e-con-inner>.elementor-widget-spacer>.elementor-widget-container,.e-con>.elementor-widget-spacer>.elementor-widget-container{height:100%;width:100%}.e-con-inner>.elementor-widget-spacer>.elementor-widget-container>.elementor-spacer,.e-con>.elementor-widget-spacer>.elementor-widget-container>.elementor-spacer{height:100%}.e-con-inner>.elementor-widget-spacer>.elementor-widget-container>.elementor-spacer>.elementor-spacer-inner,.e-con>.elementor-widget-spacer>.elementor-widget-container>.elementor-spacer>.elementor-spacer-inner{height:var(--container-widget-height,var(--spacer-size))}.e-con-inner>.elementor-widget-spacer.elementor-widget-empty,.e-con>.elementor-widget-spacer.elementor-widget-empty{position:relative;min-height:22px;min-width:22px}.e-con-inner>.elementor-widget-spacer.elementor-widget-empty .elementor-widget-empty-icon,.e-con>.elementor-widget-spacer.elementor-widget-empty .elementor-widget-empty-icon{position:absolute;top:0;bottom:0;left:0;right:0;margin:auto;padding:0;width:22px;height:22px}<\/style>\t\t<div class=\"elementor-spacer\">\n\t\t\t<div class=\"elementor-spacer-inner\"><\/div>\n\t\t<\/div>\n\t\t\t\t<\/div>\n\t\t\t\t<\/div>\n\t\t\t\t\t<\/div>\n\t\t\t\t<\/div>\n\t\t\t\t<\/div>","protected":false},"excerpt":{"rendered":"<p>\u00bfAcabas de aterrizar en Valencia y no sabes c\u00f3mo moverte por ella? Disfrutar de todo lo que la ciudad tiene que ofrecerte es posible si sabes c\u00f3mo desplazarte. Ahorra tiempo y dinero con la red de transporte p\u00fablico en Valencia. Su amplia red de l\u00edneas de autob\u00fas, metro y tranv\u00eda permite que los puntos m\u00e1s [&hellip;]<\/p>","protected":false},"author":9,"featured_media":7374,"comment_status":"open","ping_status":"open","sticky":false,"template":"","format":"standard","meta":{"footnotes":""},"categories":[63,18],"tags":[147,27,28,25,29,261,59],"class_list":["post-7373","post","type-post","status-publish","format-standard","has-post-thumbnail","hentry","category-apartamentos","category-vlc-host-noticias","tag-alquilervacacional","tag-alquilervalencia","tag-apartamentosvalencia","tag-valencia","tag-visitvalencia","tag-vlcbotanicgarden","tag-vlchost"],"yoast_head":"<!-- This site is optimized with the Yoast SEO plugin v21.5 - https:\/\/yoast.com\/wordpress\/plugins\/seo\/ -->\n<title>C\u00f3mo utilizar el transporte p\u00fablico en Valencia<\/title>\n<meta name=\"description\" content=\"Descubre c\u00f3mo moverte por la ciudad utilizando el transporte p\u00fablico en Valencia y averigua c\u00f3mo llegar a los lugares m\u00e1s interesantes.\" \/>\n<meta name=\"robots\" content=\"index, follow, max-snippet:-1, max-image-preview:large, max-video-preview:-1\" \/>\n<link rel=\"canonical\" href=\"https:\/\/vlchost.com\/en\/noticias\/vlc-host-noticias\/como-utilizar-el-transporte-publico-en-valencia\/\" \/>\n<meta property=\"og:locale\" content=\"en_US\" \/>\n<meta property=\"og:type\" content=\"article\" \/>\n<meta property=\"og:title\" content=\"C\u00f3mo utilizar el transporte p\u00fablico en Valencia\" \/>\n<meta property=\"og:description\" content=\"Descubre c\u00f3mo moverte por la ciudad utilizando el transporte p\u00fablico en Valencia y averigua c\u00f3mo llegar a los lugares m\u00e1s interesantes.\" \/>\n<meta property=\"og:url\" content=\"https:\/\/vlchost.com\/en\/noticias\/vlc-host-noticias\/como-utilizar-el-transporte-publico-en-valencia\/\" \/>\n<meta property=\"og:site_name\" content=\"VLC Host\" \/>\n<meta property=\"article:publisher\" content=\"https:\/\/www.facebook.com\/VLCHost.HappyToHostYou\" \/>\n<meta property=\"article:published_time\" content=\"2024-09-27T07:49:43+00:00\" \/>\n<meta property=\"article:modified_time\" content=\"2024-09-27T07:49:44+00:00\" \/>\n<meta property=\"og:image\" content=\"https:\/\/vlchost.com\/wp-content\/uploads\/AdobeStock_552361641_Editorial_Use_Only-scaled.jpeg\" \/>\n\t<meta property=\"og:image:width\" content=\"2560\" \/>\n\t<meta property=\"og:image:height\" content=\"1703\" \/>\n\t<meta property=\"og:image:type\" content=\"image\/jpeg\" \/>\n<meta name=\"author\" content=\"Enrique Alfonso\" \/>\n<meta name=\"twitter:card\" content=\"summary_large_image\" \/>\n<meta name=\"twitter:label1\" content=\"Written by\" \/>\n\t<meta name=\"twitter:data1\" content=\"Enrique Alfonso\" \/>\n\t<meta name=\"twitter:label2\" content=\"Est. reading time\" \/>\n\t<meta name=\"twitter:data2\" content=\"5 minutes\" \/>\n<script type=\"application\/ld+json\" class=\"yoast-schema-graph\">{\"@context\":\"https:\/\/schema.org\",\"@graph\":[{\"@type\":\"Article\",\"@id\":\"https:\/\/vlchost.com\/noticias\/vlc-host-noticias\/como-utilizar-el-transporte-publico-en-valencia\/#article\",\"isPartOf\":{\"@id\":\"https:\/\/vlchost.com\/noticias\/vlc-host-noticias\/como-utilizar-el-transporte-publico-en-valencia\/\"},\"author\":{\"name\":\"Enrique Alfonso\",\"@id\":\"https:\/\/vlchost.com\/#\/schema\/person\/f349f0d5e759cf4d4d4bad7af06dbb3b\"},\"headline\":\"C\u00f3mo utilizar el transporte p\u00fablico en Valencia\",\"datePublished\":\"2024-09-27T07:49:43+00:00\",\"dateModified\":\"2024-09-27T07:49:44+00:00\",\"mainEntityOfPage\":{\"@id\":\"https:\/\/vlchost.com\/noticias\/vlc-host-noticias\/como-utilizar-el-transporte-publico-en-valencia\/\"},\"wordCount\":1016,\"commentCount\":0,\"publisher\":{\"@id\":\"https:\/\/vlchost.com\/#organization\"},\"keywords\":[\"#alquilervacacional\",\"#alquilervalencia\",\"#apartamentosvalencia\",\"#valencia\",\"#visitvalencia\",\"#vlcbotanicgarden\",\"#vlchost\"],\"articleSection\":[\"Apartamentos\",\"VLC Host\"],\"inLanguage\":\"en-US\"},{\"@type\":\"WebPage\",\"@id\":\"https:\/\/vlchost.com\/noticias\/vlc-host-noticias\/como-utilizar-el-transporte-publico-en-valencia\/\",\"url\":\"https:\/\/vlchost.com\/noticias\/vlc-host-noticias\/como-utilizar-el-transporte-publico-en-valencia\/\",\"name\":\"C\u00f3mo utilizar el transporte p\u00fablico en Valencia\",\"isPartOf\":{\"@id\":\"https:\/\/vlchost.com\/#website\"},\"datePublished\":\"2024-09-27T07:49:43+00:00\",\"dateModified\":\"2024-09-27T07:49:44+00:00\",\"description\":\"Descubre c\u00f3mo moverte por la ciudad utilizando el transporte p\u00fablico en Valencia y averigua c\u00f3mo llegar a los lugares m\u00e1s interesantes.\",\"breadcrumb\":{\"@id\":\"https:\/\/vlchost.com\/noticias\/vlc-host-noticias\/como-utilizar-el-transporte-publico-en-valencia\/#breadcrumb\"},\"inLanguage\":\"en-US\",\"potentialAction\":[{\"@type\":\"ReadAction\",\"target\":[\"https:\/\/vlchost.com\/noticias\/vlc-host-noticias\/como-utilizar-el-transporte-publico-en-valencia\/\"]}]},{\"@type\":\"BreadcrumbList\",\"@id\":\"https:\/\/vlchost.com\/noticias\/vlc-host-noticias\/como-utilizar-el-transporte-publico-en-valencia\/#breadcrumb\",\"itemListElement\":[{\"@type\":\"ListItem\",\"position\":1,\"name\":\"Portada\",\"item\":\"https:\/\/vlchost.com\/\"},{\"@type\":\"ListItem\",\"position\":2,\"name\":\"C\u00f3mo utilizar el transporte p\u00fablico en Valencia\"}]},{\"@type\":\"WebSite\",\"@id\":\"https:\/\/vlchost.com\/#website\",\"url\":\"https:\/\/vlchost.com\/\",\"name\":\"VLC Host\",\"description\":\"Alquiler de alojamientos tur\u00edsticos\",\"publisher\":{\"@id\":\"https:\/\/vlchost.com\/#organization\"},\"potentialAction\":[{\"@type\":\"SearchAction\",\"target\":{\"@type\":\"EntryPoint\",\"urlTemplate\":\"https:\/\/vlchost.com\/?s={search_term_string}\"},\"query-input\":\"required name=search_term_string\"}],\"inLanguage\":\"en-US\"},{\"@type\":\"Organization\",\"@id\":\"https:\/\/vlchost.com\/#organization\",\"name\":\"VLC Host - Nomad Life\",\"url\":\"https:\/\/vlchost.com\/\",\"logo\":{\"@type\":\"ImageObject\",\"inLanguage\":\"en-US\",\"@id\":\"https:\/\/vlchost.com\/#\/schema\/logo\/image\/\",\"url\":\"https:\/\/vlchost.com\/wp-content\/uploads\/cropped-alquiler-apartamentos-VLCHOST.png\",\"contentUrl\":\"https:\/\/vlchost.com\/wp-content\/uploads\/cropped-alquiler-apartamentos-VLCHOST.png\",\"width\":512,\"height\":512,\"caption\":\"VLC Host - Nomad Life\"},\"image\":{\"@id\":\"https:\/\/vlchost.com\/#\/schema\/logo\/image\/\"},\"sameAs\":[\"https:\/\/www.facebook.com\/VLCHost.HappyToHostYou\",\"https:\/\/www.instagram.com\/vlchost\/\"]},{\"@type\":\"Person\",\"@id\":\"https:\/\/vlchost.com\/#\/schema\/person\/f349f0d5e759cf4d4d4bad7af06dbb3b\",\"name\":\"Enrique Alfonso\",\"image\":{\"@type\":\"ImageObject\",\"inLanguage\":\"en-US\",\"@id\":\"https:\/\/vlchost.com\/#\/schema\/person\/image\/\",\"url\":\"https:\/\/secure.gravatar.com\/avatar\/650d8b6f04ac734b6c9f43969e515dac790cc8b20fd299d2ca715bbc654ac4dc?s=96&d=mm&r=g\",\"contentUrl\":\"https:\/\/secure.gravatar.com\/avatar\/650d8b6f04ac734b6c9f43969e515dac790cc8b20fd299d2ca715bbc654ac4dc?s=96&d=mm&r=g\",\"caption\":\"Enrique Alfonso\"},\"url\":\"https:\/\/vlchost.com\/en\/author\/enrique\/\"}]}<\/script>\n<!-- \/ Yoast SEO plugin. -->","yoast_head_json":{"title":"C\u00f3mo utilizar el transporte p\u00fablico en Valencia","description":"Descubre c\u00f3mo moverte por la ciudad utilizando el transporte p\u00fablico en Valencia y averigua c\u00f3mo llegar a los lugares m\u00e1s interesantes.","robots":{"index":"index","follow":"follow","max-snippet":"max-snippet:-1","max-image-preview":"max-image-preview:large","max-video-preview":"max-video-preview:-1"},"canonical":"https:\/\/vlchost.com\/en\/noticias\/vlc-host-noticias\/como-utilizar-el-transporte-publico-en-valencia\/","og_locale":"en_US","og_type":"article","og_title":"C\u00f3mo utilizar el transporte p\u00fablico en Valencia","og_description":"Descubre c\u00f3mo moverte por la ciudad utilizando el transporte p\u00fablico en Valencia y averigua c\u00f3mo llegar a los lugares m\u00e1s interesantes.","og_url":"https:\/\/vlchost.com\/en\/noticias\/vlc-host-noticias\/como-utilizar-el-transporte-publico-en-valencia\/","og_site_name":"VLC Host","article_publisher":"https:\/\/www.facebook.com\/VLCHost.HappyToHostYou","article_published_time":"2024-09-27T07:49:43+00:00","article_modified_time":"2024-09-27T07:49:44+00:00","og_image":[{"width":2560,"height":1703,"url":"https:\/\/vlchost.com\/wp-content\/uploads\/AdobeStock_552361641_Editorial_Use_Only-scaled.jpeg","type":"image\/jpeg"}],"author":"Enrique Alfonso","twitter_card":"summary_large_image","twitter_misc":{"Written by":"Enrique Alfonso","Est. reading time":"5 minutes"},"schema":{"@context":"https:\/\/schema.org","@graph":[{"@type":"Article","@id":"https:\/\/vlchost.com\/noticias\/vlc-host-noticias\/como-utilizar-el-transporte-publico-en-valencia\/#article","isPartOf":{"@id":"https:\/\/vlchost.com\/noticias\/vlc-host-noticias\/como-utilizar-el-transporte-publico-en-valencia\/"},"author":{"name":"Enrique Alfonso","@id":"https:\/\/vlchost.com\/#\/schema\/person\/f349f0d5e759cf4d4d4bad7af06dbb3b"},"headline":"C\u00f3mo utilizar el transporte p\u00fablico en Valencia","datePublished":"2024-09-27T07:49:43+00:00","dateModified":"2024-09-27T07:49:44+00:00","mainEntityOfPage":{"@id":"https:\/\/vlchost.com\/noticias\/vlc-host-noticias\/como-utilizar-el-transporte-publico-en-valencia\/"},"wordCount":1016,"commentCount":0,"publisher":{"@id":"https:\/\/vlchost.com\/#organization"},"keywords":["#alquilervacacional","#alquilervalencia","#apartamentosvalencia","#valencia","#visitvalencia","#vlcbotanicgarden","#vlchost"],"articleSection":["Apartamentos","VLC Host"],"inLanguage":"en-US"},{"@type":"WebPage","@id":"https:\/\/vlchost.com\/noticias\/vlc-host-noticias\/como-utilizar-el-transporte-publico-en-valencia\/","url":"https:\/\/vlchost.com\/noticias\/vlc-host-noticias\/como-utilizar-el-transporte-publico-en-valencia\/","name":"C\u00f3mo utilizar el transporte p\u00fablico en Valencia","isPartOf":{"@id":"https:\/\/vlchost.com\/#website"},"datePublished":"2024-09-27T07:49:43+00:00","dateModified":"2024-09-27T07:49:44+00:00","description":"Descubre c\u00f3mo moverte por la ciudad utilizando el transporte p\u00fablico en Valencia y averigua c\u00f3mo llegar a los lugares m\u00e1s interesantes.","breadcrumb":{"@id":"https:\/\/vlchost.com\/noticias\/vlc-host-noticias\/como-utilizar-el-transporte-publico-en-valencia\/#breadcrumb"},"inLanguage":"en-US","potentialAction":[{"@type":"ReadAction","target":["https:\/\/vlchost.com\/noticias\/vlc-host-noticias\/como-utilizar-el-transporte-publico-en-valencia\/"]}]},{"@type":"BreadcrumbList","@id":"https:\/\/vlchost.com\/noticias\/vlc-host-noticias\/como-utilizar-el-transporte-publico-en-valencia\/#breadcrumb","itemListElement":[{"@type":"ListItem","position":1,"name":"Portada","item":"https:\/\/vlchost.com\/"},{"@type":"ListItem","position":2,"name":"C\u00f3mo utilizar el transporte p\u00fablico en Valencia"}]},{"@type":"WebSite","@id":"https:\/\/vlchost.com\/#website","url":"https:\/\/vlchost.com\/","name":"VLC Host","description":"Alquiler de alojamientos tur\u00edsticos","publisher":{"@id":"https:\/\/vlchost.com\/#organization"},"potentialAction":[{"@type":"SearchAction","target":{"@type":"EntryPoint","urlTemplate":"https:\/\/vlchost.com\/?s={search_term_string}"},"query-input":"required name=search_term_string"}],"inLanguage":"en-US"},{"@type":"Organization","@id":"https:\/\/vlchost.com\/#organization","name":"VLC Host - Nomad Life","url":"https:\/\/vlchost.com\/","logo":{"@type":"ImageObject","inLanguage":"en-US","@id":"https:\/\/vlchost.com\/#\/schema\/logo\/image\/","url":"https:\/\/vlchost.com\/wp-content\/uploads\/cropped-alquiler-apartamentos-VLCHOST.png","contentUrl":"https:\/\/vlchost.com\/wp-content\/uploads\/cropped-alquiler-apartamentos-VLCHOST.png","width":512,"height":512,"caption":"VLC Host - Nomad Life"},"image":{"@id":"https:\/\/vlchost.com\/#\/schema\/logo\/image\/"},"sameAs":["https:\/\/www.facebook.com\/VLCHost.HappyToHostYou","https:\/\/www.instagram.com\/vlchost\/"]},{"@type":"Person","@id":"https:\/\/vlchost.com\/#\/schema\/person\/f349f0d5e759cf4d4d4bad7af06dbb3b","name":"Enrique Alfonso","image":{"@type":"ImageObject","inLanguage":"en-US","@id":"https:\/\/vlchost.com\/#\/schema\/person\/image\/","url":"https:\/\/secure.gravatar.com\/avatar\/650d8b6f04ac734b6c9f43969e515dac790cc8b20fd299d2ca715bbc654ac4dc?s=96&d=mm&r=g","contentUrl":"https:\/\/secure.gravatar.com\/avatar\/650d8b6f04ac734b6c9f43969e515dac790cc8b20fd299d2ca715bbc654ac4dc?s=96&d=mm&r=g","caption":"Enrique Alfonso"},"url":"https:\/\/vlchost.com\/en\/author\/enrique\/"}]}},"_links":{"self":[{"href":"https:\/\/vlchost.com\/en\/wp-json\/wp\/v2\/posts\/7373","targetHints":{"allow":["GET"]}}],"collection":[{"href":"https:\/\/vlchost.com\/en\/wp-json\/wp\/v2\/posts"}],"about":[{"href":"https:\/\/vlchost.com\/en\/wp-json\/wp\/v2\/types\/post"}],"author":[{"embeddable":true,"href":"https:\/\/vlchost.com\/en\/wp-json\/wp\/v2\/users\/9"}],"replies":[{"embeddable":true,"href":"https:\/\/vlchost.com\/en\/wp-json\/wp\/v2\/comments?post=7373"}],"version-history":[{"count":4,"href":"https:\/\/vlchost.com\/en\/wp-json\/wp\/v2\/posts\/7373\/revisions"}],"predecessor-version":[{"id":7379,"href":"https:\/\/vlchost.com\/en\/wp-json\/wp\/v2\/posts\/7373\/revisions\/7379"}],"wp:featuredmedia":[{"embeddable":true,"href":"https:\/\/vlchost.com\/en\/wp-json\/wp\/v2\/media\/7374"}],"wp:attachment":[{"href":"https:\/\/vlchost.com\/en\/wp-json\/wp\/v2\/media?parent=7373"}],"wp:term":[{"taxonomy":"category","embeddable":true,"href":"https:\/\/vlchost.com\/en\/wp-json\/wp\/v2\/categories?post=7373"},{"taxonomy":"post_tag","embeddable":true,"href":"https:\/\/vlchost.com\/en\/wp-json\/wp\/v2\/tags?post=7373"}],"curies":[{"name":"wp","href":"https:\/\/api.w.org\/{rel}","templated":true}]}}