{"id":7383,"date":"2024-10-04T13:38:44","date_gmt":"2024-10-04T11:38:44","guid":{"rendered":"https:\/\/vlchost.com\/?p=7383"},"modified":"2024-10-10T12:43:19","modified_gmt":"2024-10-10T10:43:19","slug":"actividades-para-celebrar-el-dia-de-la-comunidad-valenciana","status":"publish","type":"post","link":"https:\/\/vlchost.com\/en\/noticias\/vlc-host-noticias\/actividades-para-celebrar-el-dia-de-la-comunidad-valenciana\/","title":{"rendered":"Actividades programadas para celebrar el d\u00eda de la Comunidad Valenciana"},"content":{"rendered":"<div data-elementor-type=\"wp-post\" data-elementor-id=\"7383\" class=\"elementor elementor-7383\" data-elementor-post-type=\"post\">\n\t\t\t\t\t\t<section class=\"elementor-section elementor-top-section elementor-element elementor-element-84d6678 elementor-section-boxed elementor-section-height-default elementor-section-height-default\" data-id=\"84d6678\" data-element_type=\"section\">\n\t\t\t\t\t\t<div class=\"elementor-container elementor-column-gap-default\">\n\t\t\t\t\t<div class=\"elementor-column elementor-col-100 elementor-top-column elementor-element elementor-element-ca254d9\" data-id=\"ca254d9\" data-element_type=\"column\">\n\t\t\t<div class=\"elementor-widget-wrap elementor-element-populated\">\n\t\t\t\t\t\t<div class=\"elementor-element elementor-element-23caa5e elementor-widget__width-auto elementor-widget elementor-widget-text-editor\" data-id=\"23caa5e\" data-element_type=\"widget\" data-widget_type=\"text-editor.default\">\n\t\t\t\t<div class=\"elementor-widget-container\">\n\t\t\t<style>\/*! elementor - v3.19.0 - 28-02-2024 *\/\n.elementor-widget-text-editor.elementor-drop-cap-view-stacked .elementor-drop-cap{background-color:#69727d;color:#fff}.elementor-widget-text-editor.elementor-drop-cap-view-framed .elementor-drop-cap{color:#69727d;border:3px solid;background-color:transparent}.elementor-widget-text-editor:not(.elementor-drop-cap-view-default) .elementor-drop-cap{margin-top:8px}.elementor-widget-text-editor:not(.elementor-drop-cap-view-default) .elementor-drop-cap-letter{width:1em;height:1em}.elementor-widget-text-editor .elementor-drop-cap{float:left;text-align:center;line-height:1;font-size:50px}.elementor-widget-text-editor .elementor-drop-cap-letter{display:inline-block}<\/style>\t\t\t\t<p>La temporada de oto\u00f1o es una de las preferidas para los viajeros, especialmente entre aquellos que prefieren el fresco al calor abrasador. Es conocido por todos que <strong>octubre <\/strong>es uno de los meses elegidos por muchos para viajar a Valencia, principalmente por sus buenas temperaturas. Adem\u00e1s, <strong>el D\u00eda de la Comunidad Valenciana <\/strong>2024 a\u00f1ade un toque especial al ambiente de la ciudad, llen\u00e1ndola de vida con eventos culturales y actividades que permiten a los turistas disfrutar de una experiencia \u00fanica durante su estancia.<\/p><p>Aunque este a\u00f1o ya se ha confirmado que no habr\u00e1 puente nacional, Valencia no deja de ser el destino prometedor de todos los a\u00f1os para disfrutar de su ambiente festivo. Para celebrar la constituci\u00f3n del Reino de Valencia, se organizan todo tipo de <strong>actividades<\/strong> durante los d\u00edas previos y posteriores a este d\u00eda que no puedes perderte.<\/p><p>\u00a0<\/p><h2><strong>Festival \u201cSom de la Terreta\u201d en Valencia<\/strong><\/h2><p>El s\u00e1bado 5 de octubre la <a href=\"https:\/\/vlchost.com\/en\/noticias\/vlc-host-noticias\/los-mejores-lugares-para-salir-cerca-de-la-ciudad-de-las-artes-y-las-ciencias\/\">Ciudad de las Artes y las Ciencias<\/a> acoger\u00e1 la primera edici\u00f3n del festival \u201c<strong><a href=\"https:\/\/www.enterticket.es\/eventos\/som-de-la-terreta-valencia-405545\">Som de la Terreta<\/a><\/strong>\u201d.<\/p><p>Podr\u00e1s disfrutar de un sinf\u00edn de actividades durante todo el d\u00eda, como talleres infantiles de 11:00 a 15:00h, degustaciones gastron\u00f3micas o escuchar m\u00fasica en directo desde las 16:00h de artistas locales e invitados especiales como Funzo &amp; Baby Loud, I\u00f1igo Quintero o Maldita Nerea. Aunque en el horario de ma\u00f1anas la entrada es gratuita, acceder al recinto a partir de las 16:00h costar\u00e1 2 euros.<\/p><p>\u00a0<\/p><h2><strong>Los mercadillos medievales de Valencia<\/strong><\/h2><p>A partir de hoy, la ciudad se vestir\u00e1 con sus armaduras y mejores galas porque llegan los mercadillos medievales. Esta vez, diferentes puntos de la ciudad acoger\u00e1n a estos mercadillos.<\/p><p>\u00a1Te contamos d\u00f3nde encontrarlos!<\/p><ul><li><strong>Plaza Manises.<\/strong> Encontrar\u00e1s sus puestos abiertos los d\u00edas 4, 5 y 6 de octubre de 10:00 a 14:00 y de 17:00 a 21:00 de lunes a jueves en turno de ma\u00f1anas y tardes, mientras que los viernes solo abrir\u00e1 en horario de tardes.<\/li><\/ul><div>\u00a0<\/div><ul><li><strong>Calle Caballeros.<\/strong> En esta calle se instalar\u00e1 una feria medieval dedicada a los m\u00e1s peque\u00f1os. Podr\u00e9is disfrutar de una experiencia inigualable y apta para toda la familia.<\/li><\/ul><div>\u00a0<\/div><ul><li><strong>Jardines del Turia.<\/strong> El conocido como la gran Feria Medieval. Encontrar\u00e1s entre su amplia variedad de puestos productos de artesan\u00eda, bisuter\u00eda y gastronom\u00eda tradicional. Con esta experiencia te sentir\u00e1s dentro de un mercadillo propio de la Edad Media. Lo encontrar\u00e1s entre el Puente de la Exposici\u00f3n y el Puente de las Flores entre los d\u00edas 5 y 12 de octubre. En \u00e9l podr\u00e1s encontrar<\/li><\/ul><p>\u00a0<\/p><h2><strong>Los fuegos artificiales para celebrar D\u00eda 9 de octubre.<\/strong><\/h2><p>Como es habitual en cualquier festividad valenciana no puede faltar su raci\u00f3n habitual de p\u00f3lvora. Para celebrar este d\u00eda por todo lo alto, se organizan varias sesiones de pirotecnia repartidas por varios puntos de la ciudad.<\/p><ul><li>Fuegos artificiales desde el puente de Monteolivete, d\u00eda 8 de octubre a las 23:59.<\/li><\/ul><ul><li>Castillo de madrugada en el Campus de Tarongers de Valencia.<\/li><\/ul><ul><li>Masclet\u00e0 del d\u00eda 9 de octubre tras la Procesi\u00f3n C\u00edvica, la cual concluir\u00e1 entre las 13:30 y las 14:00.<\/li><\/ul><div>\u00a0<\/div><p>Descubre con nosotros las mejores celebraciones de Valencia y no te las pierdas en tu pr\u00f3ximo viaje a la ciudad. Reserva tu alojamiento con VLC Host llamando al +34 665 158 187 o escribiendo a reservas@vlcinvest.com.<\/p>\t\t\t\t\t\t<\/div>\n\t\t\t\t<\/div>\n\t\t\t\t\t<\/div>\n\t\t<\/div>\n\t\t\t\t\t<\/div>\n\t\t<\/section>\n\t\t<div class=\"elementor-element elementor-element-de48074 e-flex e-con-boxed e-con e-parent\" data-id=\"de48074\" data-element_type=\"container\" data-settings=\"{&quot;container_type&quot;:&quot;flex&quot;,&quot;content_width&quot;:&quot;boxed&quot;}\" data-core-v316-plus=\"true\">\n\t\t\t\t\t<div class=\"e-con-inner\">\n\t\t\t\t<div class=\"elementor-element elementor-element-0c673ae elementor-widget elementor-widget-spacer\" data-id=\"0c673ae\" data-element_type=\"widget\" data-widget_type=\"spacer.default\">\n\t\t\t\t<div class=\"elementor-widget-container\">\n\t\t\t<style>\/*! elementor - v3.19.0 - 28-02-2024 *\/\n.elementor-column .elementor-spacer-inner{height:var(--spacer-size)}.e-con{--container-widget-width:100%}.e-con-inner>.elementor-widget-spacer,.e-con>.elementor-widget-spacer{width:var(--container-widget-width,var(--spacer-size));--align-self:var(--container-widget-align-self,initial);--flex-shrink:0}.e-con-inner>.elementor-widget-spacer>.elementor-widget-container,.e-con>.elementor-widget-spacer>.elementor-widget-container{height:100%;width:100%}.e-con-inner>.elementor-widget-spacer>.elementor-widget-container>.elementor-spacer,.e-con>.elementor-widget-spacer>.elementor-widget-container>.elementor-spacer{height:100%}.e-con-inner>.elementor-widget-spacer>.elementor-widget-container>.elementor-spacer>.elementor-spacer-inner,.e-con>.elementor-widget-spacer>.elementor-widget-container>.elementor-spacer>.elementor-spacer-inner{height:var(--container-widget-height,var(--spacer-size))}.e-con-inner>.elementor-widget-spacer.elementor-widget-empty,.e-con>.elementor-widget-spacer.elementor-widget-empty{position:relative;min-height:22px;min-width:22px}.e-con-inner>.elementor-widget-spacer.elementor-widget-empty .elementor-widget-empty-icon,.e-con>.elementor-widget-spacer.elementor-widget-empty .elementor-widget-empty-icon{position:absolute;top:0;bottom:0;left:0;right:0;margin:auto;padding:0;width:22px;height:22px}<\/style>\t\t<div class=\"elementor-spacer\">\n\t\t\t<div class=\"elementor-spacer-inner\"><\/div>\n\t\t<\/div>\n\t\t\t\t<\/div>\n\t\t\t\t<\/div>\n\t\t\t\t\t<\/div>\n\t\t\t\t<\/div>\n\t\t\t\t<\/div>","protected":false},"excerpt":{"rendered":"<p>La temporada de oto\u00f1o es una de las preferidas para los viajeros, especialmente entre aquellos que prefieren el fresco al calor abrasador. Es conocido por todos que octubre es uno de los meses elegidos por muchos para viajar a Valencia, principalmente por sus buenas temperaturas. Adem\u00e1s, el D\u00eda de la Comunidad Valenciana 2024 a\u00f1ade un [&hellip;]<\/p>","protected":false},"author":9,"featured_media":7384,"comment_status":"open","ping_status":"open","sticky":false,"template":"","format":"standard","meta":{"footnotes":""},"categories":[63,18],"tags":[147,27,28,25,29,59,264,262,263],"class_list":["post-7383","post","type-post","status-publish","format-standard","has-post-thumbnail","hentry","category-apartamentos","category-vlc-host-noticias","tag-alquilervacacional","tag-alquilervalencia","tag-apartamentosvalencia","tag-valencia","tag-visitvalencia","tag-vlchost","tag-actividades-en-valencia","tag-dia-de-la-comunidad-valenciana","tag-fiestas-valencia"],"yoast_head":"<!-- This site is optimized with the Yoast SEO plugin v21.5 - https:\/\/yoast.com\/wordpress\/plugins\/seo\/ -->\n<title>Actividades para celebrar el d\u00eda de la comunidad valenciana<\/title>\n<meta name=\"description\" content=\"Descubre las actividades programadas para celebrar el d\u00eda de la Comunidad Valenciana y disfruta del ambiente festivo de Valencia.\" \/>\n<meta name=\"robots\" content=\"index, follow, max-snippet:-1, max-image-preview:large, max-video-preview:-1\" \/>\n<link rel=\"canonical\" href=\"https:\/\/vlchost.com\/en\/noticias\/vlc-host-noticias\/actividades-para-celebrar-el-dia-de-la-comunidad-valenciana\/\" \/>\n<meta property=\"og:locale\" content=\"en_US\" \/>\n<meta property=\"og:type\" content=\"article\" \/>\n<meta property=\"og:title\" content=\"Actividades para celebrar el d\u00eda de la comunidad valenciana\" \/>\n<meta property=\"og:description\" content=\"Descubre las actividades programadas para celebrar el d\u00eda de la Comunidad Valenciana y disfruta del ambiente festivo de Valencia.\" \/>\n<meta property=\"og:url\" content=\"https:\/\/vlchost.com\/en\/noticias\/vlc-host-noticias\/actividades-para-celebrar-el-dia-de-la-comunidad-valenciana\/\" \/>\n<meta property=\"og:site_name\" content=\"VLC Host\" \/>\n<meta property=\"article:publisher\" content=\"https:\/\/www.facebook.com\/VLCHost.HappyToHostYou\" \/>\n<meta property=\"article:published_time\" content=\"2024-10-04T11:38:44+00:00\" \/>\n<meta property=\"article:modified_time\" content=\"2024-10-10T10:43:19+00:00\" \/>\n<meta property=\"og:image\" content=\"https:\/\/vlchost.com\/wp-content\/uploads\/actividades-dia-de-la-comunidad-valenciana-vlchost-scaled.jpeg\" \/>\n\t<meta property=\"og:image:width\" content=\"2560\" \/>\n\t<meta property=\"og:image:height\" content=\"1709\" \/>\n\t<meta property=\"og:image:type\" content=\"image\/jpeg\" \/>\n<meta name=\"author\" content=\"Enrique Alfonso\" \/>\n<meta name=\"twitter:card\" content=\"summary_large_image\" \/>\n<meta name=\"twitter:label1\" content=\"Written by\" \/>\n\t<meta name=\"twitter:data1\" content=\"Enrique Alfonso\" \/>\n\t<meta name=\"twitter:label2\" content=\"Est. reading time\" \/>\n\t<meta name=\"twitter:data2\" content=\"3 minutes\" \/>\n<script type=\"application\/ld+json\" class=\"yoast-schema-graph\">{\"@context\":\"https:\/\/schema.org\",\"@graph\":[{\"@type\":\"Article\",\"@id\":\"https:\/\/vlchost.com\/noticias\/vlc-host-noticias\/actividades-para-celebrar-el-dia-de-la-comunidad-valenciana\/#article\",\"isPartOf\":{\"@id\":\"https:\/\/vlchost.com\/noticias\/vlc-host-noticias\/actividades-para-celebrar-el-dia-de-la-comunidad-valenciana\/\"},\"author\":{\"name\":\"Enrique Alfonso\",\"@id\":\"https:\/\/vlchost.com\/#\/schema\/person\/f349f0d5e759cf4d4d4bad7af06dbb3b\"},\"headline\":\"Actividades programadas para celebrar el d\u00eda de la Comunidad Valenciana\",\"datePublished\":\"2024-10-04T11:38:44+00:00\",\"dateModified\":\"2024-10-10T10:43:19+00:00\",\"mainEntityOfPage\":{\"@id\":\"https:\/\/vlchost.com\/noticias\/vlc-host-noticias\/actividades-para-celebrar-el-dia-de-la-comunidad-valenciana\/\"},\"wordCount\":567,\"commentCount\":0,\"publisher\":{\"@id\":\"https:\/\/vlchost.com\/#organization\"},\"keywords\":[\"#alquilervacacional\",\"#alquilervalencia\",\"#apartamentosvalencia\",\"#valencia\",\"#visitvalencia\",\"#vlchost\",\"actividades en valencia\",\"dia de la comunidad valenciana\",\"fiestas valencia\"],\"articleSection\":[\"Apartamentos\",\"VLC Host\"],\"inLanguage\":\"en-US\"},{\"@type\":\"WebPage\",\"@id\":\"https:\/\/vlchost.com\/noticias\/vlc-host-noticias\/actividades-para-celebrar-el-dia-de-la-comunidad-valenciana\/\",\"url\":\"https:\/\/vlchost.com\/noticias\/vlc-host-noticias\/actividades-para-celebrar-el-dia-de-la-comunidad-valenciana\/\",\"name\":\"Actividades para celebrar el d\u00eda de la comunidad valenciana\",\"isPartOf\":{\"@id\":\"https:\/\/vlchost.com\/#website\"},\"datePublished\":\"2024-10-04T11:38:44+00:00\",\"dateModified\":\"2024-10-10T10:43:19+00:00\",\"description\":\"Descubre las actividades programadas para celebrar el d\u00eda de la Comunidad Valenciana y disfruta del ambiente festivo de Valencia.\",\"breadcrumb\":{\"@id\":\"https:\/\/vlchost.com\/noticias\/vlc-host-noticias\/actividades-para-celebrar-el-dia-de-la-comunidad-valenciana\/#breadcrumb\"},\"inLanguage\":\"en-US\",\"potentialAction\":[{\"@type\":\"ReadAction\",\"target\":[\"https:\/\/vlchost.com\/noticias\/vlc-host-noticias\/actividades-para-celebrar-el-dia-de-la-comunidad-valenciana\/\"]}]},{\"@type\":\"BreadcrumbList\",\"@id\":\"https:\/\/vlchost.com\/noticias\/vlc-host-noticias\/actividades-para-celebrar-el-dia-de-la-comunidad-valenciana\/#breadcrumb\",\"itemListElement\":[{\"@type\":\"ListItem\",\"position\":1,\"name\":\"Portada\",\"item\":\"https:\/\/vlchost.com\/\"},{\"@type\":\"ListItem\",\"position\":2,\"name\":\"Actividades programadas para celebrar el d\u00eda de la Comunidad Valenciana\"}]},{\"@type\":\"WebSite\",\"@id\":\"https:\/\/vlchost.com\/#website\",\"url\":\"https:\/\/vlchost.com\/\",\"name\":\"VLC Host\",\"description\":\"Alquiler de alojamientos tur\u00edsticos\",\"publisher\":{\"@id\":\"https:\/\/vlchost.com\/#organization\"},\"potentialAction\":[{\"@type\":\"SearchAction\",\"target\":{\"@type\":\"EntryPoint\",\"urlTemplate\":\"https:\/\/vlchost.com\/?s={search_term_string}\"},\"query-input\":\"required name=search_term_string\"}],\"inLanguage\":\"en-US\"},{\"@type\":\"Organization\",\"@id\":\"https:\/\/vlchost.com\/#organization\",\"name\":\"VLC Host - Nomad Life\",\"url\":\"https:\/\/vlchost.com\/\",\"logo\":{\"@type\":\"ImageObject\",\"inLanguage\":\"en-US\",\"@id\":\"https:\/\/vlchost.com\/#\/schema\/logo\/image\/\",\"url\":\"https:\/\/vlchost.com\/wp-content\/uploads\/cropped-alquiler-apartamentos-VLCHOST.png\",\"contentUrl\":\"https:\/\/vlchost.com\/wp-content\/uploads\/cropped-alquiler-apartamentos-VLCHOST.png\",\"width\":512,\"height\":512,\"caption\":\"VLC Host - Nomad Life\"},\"image\":{\"@id\":\"https:\/\/vlchost.com\/#\/schema\/logo\/image\/\"},\"sameAs\":[\"https:\/\/www.facebook.com\/VLCHost.HappyToHostYou\",\"https:\/\/www.instagram.com\/vlchost\/\"]},{\"@type\":\"Person\",\"@id\":\"https:\/\/vlchost.com\/#\/schema\/person\/f349f0d5e759cf4d4d4bad7af06dbb3b\",\"name\":\"Enrique Alfonso\",\"image\":{\"@type\":\"ImageObject\",\"inLanguage\":\"en-US\",\"@id\":\"https:\/\/vlchost.com\/#\/schema\/person\/image\/\",\"url\":\"https:\/\/secure.gravatar.com\/avatar\/650d8b6f04ac734b6c9f43969e515dac790cc8b20fd299d2ca715bbc654ac4dc?s=96&d=mm&r=g\",\"contentUrl\":\"https:\/\/secure.gravatar.com\/avatar\/650d8b6f04ac734b6c9f43969e515dac790cc8b20fd299d2ca715bbc654ac4dc?s=96&d=mm&r=g\",\"caption\":\"Enrique Alfonso\"},\"url\":\"https:\/\/vlchost.com\/en\/author\/enrique\/\"}]}<\/script>\n<!-- \/ Yoast SEO plugin. -->","yoast_head_json":{"title":"Actividades para celebrar el d\u00eda de la comunidad valenciana","description":"Descubre las actividades programadas para celebrar el d\u00eda de la Comunidad Valenciana y disfruta del ambiente festivo de Valencia.","robots":{"index":"index","follow":"follow","max-snippet":"max-snippet:-1","max-image-preview":"max-image-preview:large","max-video-preview":"max-video-preview:-1"},"canonical":"https:\/\/vlchost.com\/en\/noticias\/vlc-host-noticias\/actividades-para-celebrar-el-dia-de-la-comunidad-valenciana\/","og_locale":"en_US","og_type":"article","og_title":"Actividades para celebrar el d\u00eda de la comunidad valenciana","og_description":"Descubre las actividades programadas para celebrar el d\u00eda de la Comunidad Valenciana y disfruta del ambiente festivo de Valencia.","og_url":"https:\/\/vlchost.com\/en\/noticias\/vlc-host-noticias\/actividades-para-celebrar-el-dia-de-la-comunidad-valenciana\/","og_site_name":"VLC Host","article_publisher":"https:\/\/www.facebook.com\/VLCHost.HappyToHostYou","article_published_time":"2024-10-04T11:38:44+00:00","article_modified_time":"2024-10-10T10:43:19+00:00","og_image":[{"width":2560,"height":1709,"url":"https:\/\/vlchost.com\/wp-content\/uploads\/actividades-dia-de-la-comunidad-valenciana-vlchost-scaled.jpeg","type":"image\/jpeg"}],"author":"Enrique Alfonso","twitter_card":"summary_large_image","twitter_misc":{"Written by":"Enrique Alfonso","Est. reading time":"3 minutes"},"schema":{"@context":"https:\/\/schema.org","@graph":[{"@type":"Article","@id":"https:\/\/vlchost.com\/noticias\/vlc-host-noticias\/actividades-para-celebrar-el-dia-de-la-comunidad-valenciana\/#article","isPartOf":{"@id":"https:\/\/vlchost.com\/noticias\/vlc-host-noticias\/actividades-para-celebrar-el-dia-de-la-comunidad-valenciana\/"},"author":{"name":"Enrique Alfonso","@id":"https:\/\/vlchost.com\/#\/schema\/person\/f349f0d5e759cf4d4d4bad7af06dbb3b"},"headline":"Actividades programadas para celebrar el d\u00eda de la Comunidad Valenciana","datePublished":"2024-10-04T11:38:44+00:00","dateModified":"2024-10-10T10:43:19+00:00","mainEntityOfPage":{"@id":"https:\/\/vlchost.com\/noticias\/vlc-host-noticias\/actividades-para-celebrar-el-dia-de-la-comunidad-valenciana\/"},"wordCount":567,"commentCount":0,"publisher":{"@id":"https:\/\/vlchost.com\/#organization"},"keywords":["#alquilervacacional","#alquilervalencia","#apartamentosvalencia","#valencia","#visitvalencia","#vlchost","actividades en valencia","dia de la comunidad valenciana","fiestas valencia"],"articleSection":["Apartamentos","VLC Host"],"inLanguage":"en-US"},{"@type":"WebPage","@id":"https:\/\/vlchost.com\/noticias\/vlc-host-noticias\/actividades-para-celebrar-el-dia-de-la-comunidad-valenciana\/","url":"https:\/\/vlchost.com\/noticias\/vlc-host-noticias\/actividades-para-celebrar-el-dia-de-la-comunidad-valenciana\/","name":"Actividades para celebrar el d\u00eda de la comunidad valenciana","isPartOf":{"@id":"https:\/\/vlchost.com\/#website"},"datePublished":"2024-10-04T11:38:44+00:00","dateModified":"2024-10-10T10:43:19+00:00","description":"Descubre las actividades programadas para celebrar el d\u00eda de la Comunidad Valenciana y disfruta del ambiente festivo de Valencia.","breadcrumb":{"@id":"https:\/\/vlchost.com\/noticias\/vlc-host-noticias\/actividades-para-celebrar-el-dia-de-la-comunidad-valenciana\/#breadcrumb"},"inLanguage":"en-US","potentialAction":[{"@type":"ReadAction","target":["https:\/\/vlchost.com\/noticias\/vlc-host-noticias\/actividades-para-celebrar-el-dia-de-la-comunidad-valenciana\/"]}]},{"@type":"BreadcrumbList","@id":"https:\/\/vlchost.com\/noticias\/vlc-host-noticias\/actividades-para-celebrar-el-dia-de-la-comunidad-valenciana\/#breadcrumb","itemListElement":[{"@type":"ListItem","position":1,"name":"Portada","item":"https:\/\/vlchost.com\/"},{"@type":"ListItem","position":2,"name":"Actividades programadas para celebrar el d\u00eda de la Comunidad Valenciana"}]},{"@type":"WebSite","@id":"https:\/\/vlchost.com\/#website","url":"https:\/\/vlchost.com\/","name":"VLC Host","description":"Alquiler de alojamientos tur\u00edsticos","publisher":{"@id":"https:\/\/vlchost.com\/#organization"},"potentialAction":[{"@type":"SearchAction","target":{"@type":"EntryPoint","urlTemplate":"https:\/\/vlchost.com\/?s={search_term_string}"},"query-input":"required name=search_term_string"}],"inLanguage":"en-US"},{"@type":"Organization","@id":"https:\/\/vlchost.com\/#organization","name":"VLC Host - Nomad Life","url":"https:\/\/vlchost.com\/","logo":{"@type":"ImageObject","inLanguage":"en-US","@id":"https:\/\/vlchost.com\/#\/schema\/logo\/image\/","url":"https:\/\/vlchost.com\/wp-content\/uploads\/cropped-alquiler-apartamentos-VLCHOST.png","contentUrl":"https:\/\/vlchost.com\/wp-content\/uploads\/cropped-alquiler-apartamentos-VLCHOST.png","width":512,"height":512,"caption":"VLC Host - Nomad Life"},"image":{"@id":"https:\/\/vlchost.com\/#\/schema\/logo\/image\/"},"sameAs":["https:\/\/www.facebook.com\/VLCHost.HappyToHostYou","https:\/\/www.instagram.com\/vlchost\/"]},{"@type":"Person","@id":"https:\/\/vlchost.com\/#\/schema\/person\/f349f0d5e759cf4d4d4bad7af06dbb3b","name":"Enrique Alfonso","image":{"@type":"ImageObject","inLanguage":"en-US","@id":"https:\/\/vlchost.com\/#\/schema\/person\/image\/","url":"https:\/\/secure.gravatar.com\/avatar\/650d8b6f04ac734b6c9f43969e515dac790cc8b20fd299d2ca715bbc654ac4dc?s=96&d=mm&r=g","contentUrl":"https:\/\/secure.gravatar.com\/avatar\/650d8b6f04ac734b6c9f43969e515dac790cc8b20fd299d2ca715bbc654ac4dc?s=96&d=mm&r=g","caption":"Enrique Alfonso"},"url":"https:\/\/vlchost.com\/en\/author\/enrique\/"}]}},"_links":{"self":[{"href":"https:\/\/vlchost.com\/en\/wp-json\/wp\/v2\/posts\/7383","targetHints":{"allow":["GET"]}}],"collection":[{"href":"https:\/\/vlchost.com\/en\/wp-json\/wp\/v2\/posts"}],"about":[{"href":"https:\/\/vlchost.com\/en\/wp-json\/wp\/v2\/types\/post"}],"author":[{"embeddable":true,"href":"https:\/\/vlchost.com\/en\/wp-json\/wp\/v2\/users\/9"}],"replies":[{"embeddable":true,"href":"https:\/\/vlchost.com\/en\/wp-json\/wp\/v2\/comments?post=7383"}],"version-history":[{"count":8,"href":"https:\/\/vlchost.com\/en\/wp-json\/wp\/v2\/posts\/7383\/revisions"}],"predecessor-version":[{"id":7394,"href":"https:\/\/vlchost.com\/en\/wp-json\/wp\/v2\/posts\/7383\/revisions\/7394"}],"wp:featuredmedia":[{"embeddable":true,"href":"https:\/\/vlchost.com\/en\/wp-json\/wp\/v2\/media\/7384"}],"wp:attachment":[{"href":"https:\/\/vlchost.com\/en\/wp-json\/wp\/v2\/media?parent=7383"}],"wp:term":[{"taxonomy":"category","embeddable":true,"href":"https:\/\/vlchost.com\/en\/wp-json\/wp\/v2\/categories?post=7383"},{"taxonomy":"post_tag","embeddable":true,"href":"https:\/\/vlchost.com\/en\/wp-json\/wp\/v2\/tags?post=7383"}],"curies":[{"name":"wp","href":"https:\/\/api.w.org\/{rel}","templated":true}]}}