{"id":7438,"date":"2024-11-15T12:14:30","date_gmt":"2024-11-15T11:14:30","guid":{"rendered":"https:\/\/vlchost.com\/?p=7438"},"modified":"2024-11-15T12:14:30","modified_gmt":"2024-11-15T11:14:30","slug":"unidos-por-valencia-ayudando-a-los-afectados-por-la-dana","status":"publish","type":"post","link":"https:\/\/vlchost.com\/en\/noticias\/vlc-host-noticias\/unidos-por-valencia-ayudando-a-los-afectados-por-la-dana\/","title":{"rendered":"Unidos por Valencia: Ayudando a los Afectados por la DANA"},"content":{"rendered":"<p>En <strong>VLC Host<\/strong>, estamos unidos por Valencia. Tras la reciente <strong>DANA en Valencia<\/strong>, sabemos que la recuperaci\u00f3n no solo requiere esfuerzo, sino tambi\u00e9n <strong>solidaridad y colaboraci\u00f3n<\/strong>. Por ello, hemos lanzado una <a href=\"https:\/\/www.gofundme.com\/f\/rebuilding-valencia-reconstruyendo-valencia?lang=es_ES&amp;utm_campaign=fp_sharesheet&amp;utm_medium=customer&amp;utm_source=instagram_story\"><strong>campa\u00f1a de Gofundme<\/strong><\/a> destinada a marcar una diferencia tangible en la vida de muchas familias afectadas.<\/p>\n<p>Nuestros objetivos son claros:<\/p>\n<ol>\n<li><strong>Esfuerzos de Limpieza<\/strong>: Equipos y productos especializados para eliminar el barro.<\/li>\n<li><strong>Amueblar los Hogares<\/strong>: Devolver el calor y estabilidad a las familias afectadas.<\/li>\n<\/ol>\n<h2>\u00a0<\/h2>\n<h2>Esfuerzos de Limpieza: Equipos y productos para eliminar el barro<\/h2>\n<p>La limpieza es el primer paso para la recuperaci\u00f3n de los hogares da\u00f1ados. Por ello estamos llevando <strong>m\u00e1quinas de limpieza de alta presi\u00f3n K\u00e4rcher<\/strong> y <strong>productos espec\u00edficos<\/strong> directamente a las zonas m\u00e1s afectadas. Cada donaci\u00f3n se traduce en una herramienta m\u00e1s para devolver la dignidad a estas familias.<\/p>\n<p>El equipo ya est\u00e1 listo para enviarse a Valencia, y unidos podremos acelerar el proceso y aliviar el impacto de esta cat\u00e1strofe.<\/p>\n<p><style>\/*! elementor - v3.19.0 - 28-02-2024 *\/<br \/>\n.elementor-widget-image{text-align:center}.elementor-widget-image a{display:inline-block}.elementor-widget-image a img[src$=\".svg\"]{width:48px}.elementor-widget-image img{vertical-align:middle;display:inline-block}<\/style><\/p>\n<p><img fetchpriority=\"high\" decoding=\"async\" class=\"alignnone size-full wp-image-7449\" src=\"https:\/\/vlchost.com\/wp-content\/uploads\/unidos-dana-valencia-vlchost-donaciones-campana.jpg\" alt=\"\" width=\"1200\" height=\"800\" srcset=\"https:\/\/vlchost.com\/wp-content\/uploads\/unidos-dana-valencia-vlchost-donaciones-campana.jpg 1200w, https:\/\/vlchost.com\/wp-content\/uploads\/unidos-dana-valencia-vlchost-donaciones-campana-768x512.jpg 768w, https:\/\/vlchost.com\/wp-content\/uploads\/unidos-dana-valencia-vlchost-donaciones-campana-18x12.jpg 18w\" sizes=\"(max-width: 1200px) 100vw, 1200px\" \/><\/p>\n<h2>Amueblar los Hogares: Recuperando el calor de un hogar<\/h2>\n<p>Para quienes lo han perdido todo, un hogar no es solo un espacio f\u00edsico, sino un refugio emocional. Nuestro compromiso es ayudar a <strong>amueblar nuevamente<\/strong> al menos 20 hogares. Gracias a nuestra experiencia con empresas de muebles para el hogar con cada aportaci\u00f3n, adquiriremos los <strong>art\u00edculos esenciales<\/strong> que estas familias necesitan.<\/p>\n<p>Este esfuerzo es m\u00e1s que muebles; es devolverles estabilidad, comodidad y un lugar seguro donde empezar de nuevo.<\/p>\n<p>\u00a0<\/p>\n<h2>Unidos tu aporte tiene un impacto real<\/h2>\n<p>Cada euro cuenta. Tu donaci\u00f3n es mucho m\u00e1s que una transacci\u00f3n; es un paso hacia la <strong>recuperaci\u00f3n de Valencia<\/strong>. Ayudas a las familias a volver a empezar, a reconstruir su hogar y a recuperar su tranquilidad.<\/p>\n<p><strong>\u00bfC\u00f3mo puedes colaborar?<\/strong><\/p>\n<ul>\n<li>Dona a nuestra campa\u00f1a de <strong><a href=\"https:\/\/www.gofundme.com\/f\/rebuilding-valencia-reconstruyendo-valencia?lang=es_ES&amp;utm_campaign=fp_sharesheet&amp;utm_medium=customer&amp;utm_source=instagram_story\">Gofundme<\/a>.<\/strong><\/li>\n<li>Comparte esta iniciativa con amigos, familiares o en redes sociales.<\/li>\n<\/ul>\n<h2>\u00a0<\/h2>\n<h2>\u00danete a la Causa<\/h2>\n<p>Desde <a href=\"https:\/\/vlchost.com\/en\/\">VLC Host<\/a>, agradecemos de coraz\u00f3n la <strong>solidaridad y generosidad<\/strong> que ya hemos recibido. Ahora m\u00e1s que nunca, juntos podemos <strong>devolver esperanza y estabilidad<\/strong> a Valencia.<\/p>\n<p><strong>Ahora que ya conoces esta fant\u00e1stica iniciativa que hemos creado en VLC Host, haz t\u00fa donaci\u00f3n y s\u00e9 parte del cambio.<\/strong><\/p>\n<p><style>\/*! elementor - v3.19.0 - 28-02-2024 *\/<br \/>\n.elementor-column .elementor-spacer-inner{height:var(--spacer-size)}.e-con{--container-widget-width:100%}.e-con-inner>.elementor-widget-spacer,.e-con>.elementor-widget-spacer{width:var(--container-widget-width,var(--spacer-size));--align-self:var(--container-widget-align-self,initial);--flex-shrink:0}.e-con-inner>.elementor-widget-spacer>.elementor-widget-container,.e-con>.elementor-widget-spacer>.elementor-widget-container{height:100%;width:100%}.e-con-inner>.elementor-widget-spacer>.elementor-widget-container>.elementor-spacer,.e-con>.elementor-widget-spacer>.elementor-widget-container>.elementor-spacer{height:100%}.e-con-inner>.elementor-widget-spacer>.elementor-widget-container>.elementor-spacer>.elementor-spacer-inner,.e-con>.elementor-widget-spacer>.elementor-widget-container>.elementor-spacer>.elementor-spacer-inner{height:var(--container-widget-height,var(--spacer-size))}.e-con-inner>.elementor-widget-spacer.elementor-widget-empty,.e-con>.elementor-widget-spacer.elementor-widget-empty{position:relative;min-height:22px;min-width:22px}.e-con-inner>.elementor-widget-spacer.elementor-widget-empty .elementor-widget-empty-icon,.e-con>.elementor-widget-spacer.elementor-widget-empty .elementor-widget-empty-icon{position:absolute;top:0;bottom:0;left:0;right:0;margin:auto;padding:0;width:22px;height:22px}<\/style><\/p>\n\n\n<p><\/p>","protected":false},"excerpt":{"rendered":"<p>En VLC Host, estamos unidos por Valencia. Tras la reciente DANA en Valencia, sabemos que la recuperaci\u00f3n no solo requiere esfuerzo, sino tambi\u00e9n solidaridad y colaboraci\u00f3n. Por ello, hemos lanzado una campa\u00f1a de Gofundme destinada a marcar una diferencia tangible en la vida de muchas familias afectadas. Nuestros objetivos son claros: Esfuerzos de Limpieza: Equipos [&hellip;]<\/p>","protected":false},"author":9,"featured_media":7451,"comment_status":"open","ping_status":"open","sticky":false,"template":"","format":"standard","meta":{"footnotes":""},"categories":[63,18],"tags":[273,269,267,268,270,271,272,25,59],"class_list":["post-7438","post","type-post","status-publish","format-standard","has-post-thumbnail","hentry","category-apartamentos","category-vlc-host-noticias","tag-amueblarhogar","tag-campanasolidaria","tag-dana","tag-familiasafectadas","tag-gofundme","tag-maquinaslimpieza","tag-recuperarhogar","tag-valencia","tag-vlchost"],"yoast_head":"<!-- This site is optimized with the Yoast SEO plugin v21.5 - https:\/\/yoast.com\/wordpress\/plugins\/seo\/ -->\n<title>Unidos por Valencia: Ayudando a los Afectados por la DANA<\/title>\n<meta name=\"description\" content=\"Unidos por Valencia para ayudar a las familias afectadas por la DANA en Valencia. S\u00famate a la iniciativa de VLC Host.\" \/>\n<meta name=\"robots\" content=\"index, follow, max-snippet:-1, max-image-preview:large, max-video-preview:-1\" \/>\n<link rel=\"canonical\" href=\"https:\/\/vlchost.com\/en\/noticias\/vlc-host-noticias\/unidos-por-valencia-ayudando-a-los-afectados-por-la-dana\/\" \/>\n<meta property=\"og:locale\" content=\"en_US\" \/>\n<meta property=\"og:type\" content=\"article\" \/>\n<meta property=\"og:title\" content=\"Unidos por Valencia: Ayudando a los Afectados por la DANA\" \/>\n<meta property=\"og:description\" content=\"Unidos por Valencia para ayudar a las familias afectadas por la DANA en Valencia. S\u00famate a la iniciativa de VLC Host.\" \/>\n<meta property=\"og:url\" content=\"https:\/\/vlchost.com\/en\/noticias\/vlc-host-noticias\/unidos-por-valencia-ayudando-a-los-afectados-por-la-dana\/\" \/>\n<meta property=\"og:site_name\" content=\"VLC Host\" \/>\n<meta property=\"article:publisher\" content=\"https:\/\/www.facebook.com\/VLCHost.HappyToHostYou\" \/>\n<meta property=\"article:published_time\" content=\"2024-11-15T11:14:30+00:00\" \/>\n<meta property=\"og:image\" content=\"https:\/\/vlchost.com\/wp-content\/uploads\/unidos-dana-valencia-vlchost-gofundme-campana.jpg\" \/>\n\t<meta property=\"og:image:width\" content=\"1200\" \/>\n\t<meta property=\"og:image:height\" content=\"800\" \/>\n\t<meta property=\"og:image:type\" content=\"image\/jpeg\" \/>\n<meta name=\"author\" content=\"Enrique Alfonso\" \/>\n<meta name=\"twitter:card\" content=\"summary_large_image\" \/>\n<meta name=\"twitter:label1\" content=\"Written by\" \/>\n\t<meta name=\"twitter:data1\" content=\"Enrique Alfonso\" \/>\n\t<meta name=\"twitter:label2\" content=\"Est. reading time\" \/>\n\t<meta name=\"twitter:data2\" content=\"2 minutes\" \/>\n<script type=\"application\/ld+json\" class=\"yoast-schema-graph\">{\"@context\":\"https:\/\/schema.org\",\"@graph\":[{\"@type\":\"Article\",\"@id\":\"https:\/\/vlchost.com\/noticias\/vlc-host-noticias\/unidos-por-valencia-ayudando-a-los-afectados-por-la-dana\/#article\",\"isPartOf\":{\"@id\":\"https:\/\/vlchost.com\/noticias\/vlc-host-noticias\/unidos-por-valencia-ayudando-a-los-afectados-por-la-dana\/\"},\"author\":{\"name\":\"Enrique Alfonso\",\"@id\":\"https:\/\/vlchost.com\/#\/schema\/person\/f349f0d5e759cf4d4d4bad7af06dbb3b\"},\"headline\":\"Unidos por Valencia: Ayudando a los Afectados por la DANA\",\"datePublished\":\"2024-11-15T11:14:30+00:00\",\"dateModified\":\"2024-11-15T11:14:30+00:00\",\"mainEntityOfPage\":{\"@id\":\"https:\/\/vlchost.com\/noticias\/vlc-host-noticias\/unidos-por-valencia-ayudando-a-los-afectados-por-la-dana\/\"},\"wordCount\":382,\"commentCount\":0,\"publisher\":{\"@id\":\"https:\/\/vlchost.com\/#organization\"},\"keywords\":[\"#amueblarhogar\",\"#campa\u00f1asolidaria\",\"#DANA\",\"#familiasafectadas\",\"#gofundme\",\"#maquinaslimpieza\",\"#recuperarhogar\",\"#valencia\",\"#vlchost\"],\"articleSection\":[\"Apartamentos\",\"VLC Host\"],\"inLanguage\":\"en-US\"},{\"@type\":\"WebPage\",\"@id\":\"https:\/\/vlchost.com\/noticias\/vlc-host-noticias\/unidos-por-valencia-ayudando-a-los-afectados-por-la-dana\/\",\"url\":\"https:\/\/vlchost.com\/noticias\/vlc-host-noticias\/unidos-por-valencia-ayudando-a-los-afectados-por-la-dana\/\",\"name\":\"Unidos por Valencia: Ayudando a los Afectados por la DANA\",\"isPartOf\":{\"@id\":\"https:\/\/vlchost.com\/#website\"},\"datePublished\":\"2024-11-15T11:14:30+00:00\",\"dateModified\":\"2024-11-15T11:14:30+00:00\",\"description\":\"Unidos por Valencia para ayudar a las familias afectadas por la DANA en Valencia. S\u00famate a la iniciativa de VLC Host.\",\"breadcrumb\":{\"@id\":\"https:\/\/vlchost.com\/noticias\/vlc-host-noticias\/unidos-por-valencia-ayudando-a-los-afectados-por-la-dana\/#breadcrumb\"},\"inLanguage\":\"en-US\",\"potentialAction\":[{\"@type\":\"ReadAction\",\"target\":[\"https:\/\/vlchost.com\/noticias\/vlc-host-noticias\/unidos-por-valencia-ayudando-a-los-afectados-por-la-dana\/\"]}]},{\"@type\":\"BreadcrumbList\",\"@id\":\"https:\/\/vlchost.com\/noticias\/vlc-host-noticias\/unidos-por-valencia-ayudando-a-los-afectados-por-la-dana\/#breadcrumb\",\"itemListElement\":[{\"@type\":\"ListItem\",\"position\":1,\"name\":\"Portada\",\"item\":\"https:\/\/vlchost.com\/\"},{\"@type\":\"ListItem\",\"position\":2,\"name\":\"Unidos por Valencia: Ayudando a los Afectados por la DANA\"}]},{\"@type\":\"WebSite\",\"@id\":\"https:\/\/vlchost.com\/#website\",\"url\":\"https:\/\/vlchost.com\/\",\"name\":\"VLC Host\",\"description\":\"Alquiler de alojamientos tur\u00edsticos\",\"publisher\":{\"@id\":\"https:\/\/vlchost.com\/#organization\"},\"potentialAction\":[{\"@type\":\"SearchAction\",\"target\":{\"@type\":\"EntryPoint\",\"urlTemplate\":\"https:\/\/vlchost.com\/?s={search_term_string}\"},\"query-input\":\"required name=search_term_string\"}],\"inLanguage\":\"en-US\"},{\"@type\":\"Organization\",\"@id\":\"https:\/\/vlchost.com\/#organization\",\"name\":\"VLC Host - Nomad Life\",\"url\":\"https:\/\/vlchost.com\/\",\"logo\":{\"@type\":\"ImageObject\",\"inLanguage\":\"en-US\",\"@id\":\"https:\/\/vlchost.com\/#\/schema\/logo\/image\/\",\"url\":\"https:\/\/vlchost.com\/wp-content\/uploads\/cropped-alquiler-apartamentos-VLCHOST.png\",\"contentUrl\":\"https:\/\/vlchost.com\/wp-content\/uploads\/cropped-alquiler-apartamentos-VLCHOST.png\",\"width\":512,\"height\":512,\"caption\":\"VLC Host - Nomad Life\"},\"image\":{\"@id\":\"https:\/\/vlchost.com\/#\/schema\/logo\/image\/\"},\"sameAs\":[\"https:\/\/www.facebook.com\/VLCHost.HappyToHostYou\",\"https:\/\/www.instagram.com\/vlchost\/\"]},{\"@type\":\"Person\",\"@id\":\"https:\/\/vlchost.com\/#\/schema\/person\/f349f0d5e759cf4d4d4bad7af06dbb3b\",\"name\":\"Enrique Alfonso\",\"image\":{\"@type\":\"ImageObject\",\"inLanguage\":\"en-US\",\"@id\":\"https:\/\/vlchost.com\/#\/schema\/person\/image\/\",\"url\":\"https:\/\/secure.gravatar.com\/avatar\/650d8b6f04ac734b6c9f43969e515dac790cc8b20fd299d2ca715bbc654ac4dc?s=96&d=mm&r=g\",\"contentUrl\":\"https:\/\/secure.gravatar.com\/avatar\/650d8b6f04ac734b6c9f43969e515dac790cc8b20fd299d2ca715bbc654ac4dc?s=96&d=mm&r=g\",\"caption\":\"Enrique Alfonso\"},\"url\":\"https:\/\/vlchost.com\/en\/author\/enrique\/\"}]}<\/script>\n<!-- \/ Yoast SEO plugin. -->","yoast_head_json":{"title":"Unidos por Valencia: Ayudando a los Afectados por la DANA","description":"Unidos por Valencia para ayudar a las familias afectadas por la DANA en Valencia. S\u00famate a la iniciativa de VLC Host.","robots":{"index":"index","follow":"follow","max-snippet":"max-snippet:-1","max-image-preview":"max-image-preview:large","max-video-preview":"max-video-preview:-1"},"canonical":"https:\/\/vlchost.com\/en\/noticias\/vlc-host-noticias\/unidos-por-valencia-ayudando-a-los-afectados-por-la-dana\/","og_locale":"en_US","og_type":"article","og_title":"Unidos por Valencia: Ayudando a los Afectados por la DANA","og_description":"Unidos por Valencia para ayudar a las familias afectadas por la DANA en Valencia. S\u00famate a la iniciativa de VLC Host.","og_url":"https:\/\/vlchost.com\/en\/noticias\/vlc-host-noticias\/unidos-por-valencia-ayudando-a-los-afectados-por-la-dana\/","og_site_name":"VLC Host","article_publisher":"https:\/\/www.facebook.com\/VLCHost.HappyToHostYou","article_published_time":"2024-11-15T11:14:30+00:00","og_image":[{"width":1200,"height":800,"url":"https:\/\/vlchost.com\/wp-content\/uploads\/unidos-dana-valencia-vlchost-gofundme-campana.jpg","type":"image\/jpeg"}],"author":"Enrique Alfonso","twitter_card":"summary_large_image","twitter_misc":{"Written by":"Enrique Alfonso","Est. reading time":"2 minutes"},"schema":{"@context":"https:\/\/schema.org","@graph":[{"@type":"Article","@id":"https:\/\/vlchost.com\/noticias\/vlc-host-noticias\/unidos-por-valencia-ayudando-a-los-afectados-por-la-dana\/#article","isPartOf":{"@id":"https:\/\/vlchost.com\/noticias\/vlc-host-noticias\/unidos-por-valencia-ayudando-a-los-afectados-por-la-dana\/"},"author":{"name":"Enrique Alfonso","@id":"https:\/\/vlchost.com\/#\/schema\/person\/f349f0d5e759cf4d4d4bad7af06dbb3b"},"headline":"Unidos por Valencia: Ayudando a los Afectados por la DANA","datePublished":"2024-11-15T11:14:30+00:00","dateModified":"2024-11-15T11:14:30+00:00","mainEntityOfPage":{"@id":"https:\/\/vlchost.com\/noticias\/vlc-host-noticias\/unidos-por-valencia-ayudando-a-los-afectados-por-la-dana\/"},"wordCount":382,"commentCount":0,"publisher":{"@id":"https:\/\/vlchost.com\/#organization"},"keywords":["#amueblarhogar","#campa\u00f1asolidaria","#DANA","#familiasafectadas","#gofundme","#maquinaslimpieza","#recuperarhogar","#valencia","#vlchost"],"articleSection":["Apartamentos","VLC Host"],"inLanguage":"en-US"},{"@type":"WebPage","@id":"https:\/\/vlchost.com\/noticias\/vlc-host-noticias\/unidos-por-valencia-ayudando-a-los-afectados-por-la-dana\/","url":"https:\/\/vlchost.com\/noticias\/vlc-host-noticias\/unidos-por-valencia-ayudando-a-los-afectados-por-la-dana\/","name":"Unidos por Valencia: Ayudando a los Afectados por la DANA","isPartOf":{"@id":"https:\/\/vlchost.com\/#website"},"datePublished":"2024-11-15T11:14:30+00:00","dateModified":"2024-11-15T11:14:30+00:00","description":"Unidos por Valencia para ayudar a las familias afectadas por la DANA en Valencia. S\u00famate a la iniciativa de VLC Host.","breadcrumb":{"@id":"https:\/\/vlchost.com\/noticias\/vlc-host-noticias\/unidos-por-valencia-ayudando-a-los-afectados-por-la-dana\/#breadcrumb"},"inLanguage":"en-US","potentialAction":[{"@type":"ReadAction","target":["https:\/\/vlchost.com\/noticias\/vlc-host-noticias\/unidos-por-valencia-ayudando-a-los-afectados-por-la-dana\/"]}]},{"@type":"BreadcrumbList","@id":"https:\/\/vlchost.com\/noticias\/vlc-host-noticias\/unidos-por-valencia-ayudando-a-los-afectados-por-la-dana\/#breadcrumb","itemListElement":[{"@type":"ListItem","position":1,"name":"Portada","item":"https:\/\/vlchost.com\/"},{"@type":"ListItem","position":2,"name":"Unidos por Valencia: Ayudando a los Afectados por la DANA"}]},{"@type":"WebSite","@id":"https:\/\/vlchost.com\/#website","url":"https:\/\/vlchost.com\/","name":"VLC Host","description":"Alquiler de alojamientos tur\u00edsticos","publisher":{"@id":"https:\/\/vlchost.com\/#organization"},"potentialAction":[{"@type":"SearchAction","target":{"@type":"EntryPoint","urlTemplate":"https:\/\/vlchost.com\/?s={search_term_string}"},"query-input":"required name=search_term_string"}],"inLanguage":"en-US"},{"@type":"Organization","@id":"https:\/\/vlchost.com\/#organization","name":"VLC Host - Nomad Life","url":"https:\/\/vlchost.com\/","logo":{"@type":"ImageObject","inLanguage":"en-US","@id":"https:\/\/vlchost.com\/#\/schema\/logo\/image\/","url":"https:\/\/vlchost.com\/wp-content\/uploads\/cropped-alquiler-apartamentos-VLCHOST.png","contentUrl":"https:\/\/vlchost.com\/wp-content\/uploads\/cropped-alquiler-apartamentos-VLCHOST.png","width":512,"height":512,"caption":"VLC Host - Nomad Life"},"image":{"@id":"https:\/\/vlchost.com\/#\/schema\/logo\/image\/"},"sameAs":["https:\/\/www.facebook.com\/VLCHost.HappyToHostYou","https:\/\/www.instagram.com\/vlchost\/"]},{"@type":"Person","@id":"https:\/\/vlchost.com\/#\/schema\/person\/f349f0d5e759cf4d4d4bad7af06dbb3b","name":"Enrique Alfonso","image":{"@type":"ImageObject","inLanguage":"en-US","@id":"https:\/\/vlchost.com\/#\/schema\/person\/image\/","url":"https:\/\/secure.gravatar.com\/avatar\/650d8b6f04ac734b6c9f43969e515dac790cc8b20fd299d2ca715bbc654ac4dc?s=96&d=mm&r=g","contentUrl":"https:\/\/secure.gravatar.com\/avatar\/650d8b6f04ac734b6c9f43969e515dac790cc8b20fd299d2ca715bbc654ac4dc?s=96&d=mm&r=g","caption":"Enrique Alfonso"},"url":"https:\/\/vlchost.com\/en\/author\/enrique\/"}]}},"_links":{"self":[{"href":"https:\/\/vlchost.com\/en\/wp-json\/wp\/v2\/posts\/7438","targetHints":{"allow":["GET"]}}],"collection":[{"href":"https:\/\/vlchost.com\/en\/wp-json\/wp\/v2\/posts"}],"about":[{"href":"https:\/\/vlchost.com\/en\/wp-json\/wp\/v2\/types\/post"}],"author":[{"embeddable":true,"href":"https:\/\/vlchost.com\/en\/wp-json\/wp\/v2\/users\/9"}],"replies":[{"embeddable":true,"href":"https:\/\/vlchost.com\/en\/wp-json\/wp\/v2\/comments?post=7438"}],"version-history":[{"count":11,"href":"https:\/\/vlchost.com\/en\/wp-json\/wp\/v2\/posts\/7438\/revisions"}],"predecessor-version":[{"id":7455,"href":"https:\/\/vlchost.com\/en\/wp-json\/wp\/v2\/posts\/7438\/revisions\/7455"}],"wp:featuredmedia":[{"embeddable":true,"href":"https:\/\/vlchost.com\/en\/wp-json\/wp\/v2\/media\/7451"}],"wp:attachment":[{"href":"https:\/\/vlchost.com\/en\/wp-json\/wp\/v2\/media?parent=7438"}],"wp:term":[{"taxonomy":"category","embeddable":true,"href":"https:\/\/vlchost.com\/en\/wp-json\/wp\/v2\/categories?post=7438"},{"taxonomy":"post_tag","embeddable":true,"href":"https:\/\/vlchost.com\/en\/wp-json\/wp\/v2\/tags?post=7438"}],"curies":[{"name":"wp","href":"https:\/\/api.w.org\/{rel}","templated":true}]}}