{"id":8043,"date":"2025-07-22T14:53:53","date_gmt":"2025-07-22T12:53:53","guid":{"rendered":"https:\/\/vlchost.com\/?p=8043"},"modified":"2025-07-22T14:53:54","modified_gmt":"2025-07-22T12:53:54","slug":"donde-cenar-valencia-verano-alargar-noche","status":"publish","type":"post","link":"https:\/\/vlchost.com\/en\/noticias\/donde-cenar-valencia-verano-alargar-noche\/","title":{"rendered":"D\u00f3nde cenar en Valencia este verano para alargar la noche"},"content":{"rendered":"<p>En verano, Valencia ofrece un ambiente especial que invita a alargar el d\u00eda y a salir a cenar sin prisa. Gracias a su clima templado por la noche, es frecuente ver terrazas llenas, calles animadas y plazas donde locales y visitantes aprovechan para cenar algo al aire libre.<br>Si est\u00e1s planeando tu viaje y te preguntas donde cenar en Valencia, aqu\u00ed encontrar\u00e1s algunas ideas que combinan buena cocina con ubicaciones agradables, para que disfrutes la ciudad con ese ritmo tranquilo que solo se vive en vacaciones.<\/p>\n\n\n\n<h2 class=\"wp-block-heading\">Elige el centro hist\u00f3rico para cenar con ambiente \u00fanico<\/h2>\n\n\n\n<p>Alojarte en el centro de Valencia significa tener a pocos pasos algunos de sus espacios m\u00e1s emblem\u00e1ticos para disfrutar de una cena distinta. En la propia&nbsp;<strong>calle Don Juan de Austria<\/strong>, donde se encuentra el apartamento <a href=\"https:\/\/vlchost.com\/en\/vlc-host--don-juan-de-austria\/?start_date=&amp;end_date=&amp;guests=1&amp;adults=1&amp;children=0&amp;infants=0&amp;pets=0&amp;discount_code=&amp;id=187142&amp;listing_id=187142\">VLC Host \u2013 Don Juan de Austria<\/a>, empiezan los paseos peatonales que conducen a la Plaza del Ayuntamiento y al Mercado Central.<\/p>\n\n\n\n<p>Si buscas una cena con un plus de vistas, el\u00a0<a href=\"https:\/\/ateneasky.com\/\" target=\"_blank\" rel=\"noreferrer noopener\"><strong>\u00c1tico Ateneo Sky Bar<\/strong>\u00a0<\/a>ofrece una panor\u00e1mica completa del centro desde su terraza. Para algo m\u00e1s \u00edntimo,\u00a0<a href=\"https:\/\/gruposantommaso.es\/san-tommaso\/\" target=\"_blank\" rel=\"noreferrer noopener\"><strong>San Tomasso<\/strong>\u00a0<\/a>combina cocina italiana con un ambiente cuidado, ideal para una cena sin prisas.<\/p>\n\n\n\n<figure class=\"wp-block-image size-full\"><img fetchpriority=\"high\" decoding=\"async\" width=\"1200\" height=\"800\" src=\"https:\/\/vlchost.com\/wp-content\/uploads\/valencia-donde-cenar-vlc-host-2.jpg\" alt=\"\" class=\"wp-image-8045\" srcset=\"https:\/\/vlchost.com\/wp-content\/uploads\/valencia-donde-cenar-vlc-host-2.jpg 1200w, https:\/\/vlchost.com\/wp-content\/uploads\/valencia-donde-cenar-vlc-host-2-768x512.jpg 768w, https:\/\/vlchost.com\/wp-content\/uploads\/valencia-donde-cenar-vlc-host-2-18x12.jpg 18w\" sizes=\"(max-width: 1200px) 100vw, 1200px\" \/><\/figure>\n\n\n\n<p>Desde alojamientos como&nbsp;<strong>VLC Host \u2013 Don Juan de Austria<\/strong>&nbsp;o&nbsp;<strong>VLC Host \u2013 Reina<\/strong>, puedes recorrer estas calles caminando, cenar tranquilamente y volver dando un paseo.<\/p>\n\n\n\n<h2 class=\"wp-block-heading\">T<strong>errazas y restaurantes en Ruzafa para un ambiente diferente<\/strong><\/h2>\n\n\n\n<p>El barrio de&nbsp;<strong>Ruzafa<\/strong>&nbsp;es uno de los m\u00e1s din\u00e1micos de Valencia. Sus calles, llenas de vida a cualquier hora, se animan todav\u00eda m\u00e1s en verano con terrazas que invitan a sentarse al aire libre.<\/p>\n\n\n\n<p>Entre sus locales destacados est\u00e1\u00a0<a href=\"https:\/\/elalmacenncr.com\/\" target=\"_blank\" rel=\"noreferrer noopener\"><strong>El Almac\u00e9n<\/strong><\/a>, con tapas originales y un peque\u00f1o patio que suma encanto, o\u00a0<strong><a href=\"https:\/\/nozomisushibar.es\/\" target=\"_blank\" rel=\"noreferrer noopener\">Nozomi<\/a><\/strong>, referencia en cocina japonesa, con un dise\u00f1o interior que sorprende tanto como su carta.<\/p>\n\n\n\n<p>Nuestros apartamentos en<a href=\"https:\/\/vlchost.com\/en\/vlc-host--ausias-march-a\/?start_date&amp;end_date&amp;guests=1&amp;adults=1&amp;children=0&amp;infants=0&amp;pets=0&amp;discount_code&amp;id=186189&amp;listing_id=186189&amp;trp-form-language=en\">\u00a0<strong>VLC Host \u2013 Ausias March<\/strong><\/a>\u00a0o\u00a0<strong><a href=\"https:\/\/vlchost.com\/en\/apartamentos\/visita-valencia-en-el-alojamiento-vlc-host-molinell\/\">VLC Host \u2013 Molinell<\/a><\/strong>\u00a0quedan muy cerca, facilitando vivir el ambiente nocturno de este barrio sin preocuparte por el transporte de vuelta.<\/p>\n\n\n\n<h2 class=\"wp-block-heading\"><strong>Disfrutar la cena junto al mar en el Cabanyal o la Malvarrosa<\/strong><\/h2>\n\n\n\n<p>Cenar junto al mar es una de esas experiencias que Valencia ofrece con facilidad. En el barrio del\u00a0<strong>Cabanyal<\/strong>, cerca de la playa de la Malvarrosa, se concentran espacios como\u00a0<strong><a href=\"https:\/\/www.mercabanyal.com\/\" target=\"_blank\" rel=\"noreferrer noopener\">Mercaba\u00f1al<\/a><\/strong>, un mercado gastron\u00f3mico con distintos puestos donde probar desde tapas hasta platos m\u00e1s elaborados, en un ambiente desenfadado. Tambi\u00e9n\u00a0<strong><a href=\"https:\/\/mercadercabanyal.com\/\" target=\"_blank\" rel=\"noreferrer noopener\">Mercader Cabanyal<\/a><\/strong>\u00a0destaca por su terraza con aire de patio interior, perfecta para noches de verano.<\/p>\n\n\n\n<p>Si te alojas en<a href=\"https:\/\/vlchost.com\/en\/apartamentos\/vlc-host-botanico-duplex-turistico-valencia\/\">\u00a0<strong>VLC Host \u2013 Bot\u00e1nico<\/strong><\/a>\u00a0o\u00a0<strong><a href=\"https:\/\/vlchost.com\/en\/apartamentos\/vlc-host-islas-canarias-cerca-puerto-valencia\/\">VLC Host \u2013 Islas Canarias<\/a><\/strong>, tendr\u00e1s la costa a un breve trayecto en tranv\u00eda o taxi, combinando as\u00ed el mar con la comodidad de un alojamiento c\u00e9ntrico.<\/p>\n\n\n\n<h3 class=\"wp-block-heading\"><strong>Otras opciones con encanto para una noche tranquila<\/strong><\/h3>\n\n\n\n<p>M\u00e1s all\u00e1 de las zonas m\u00e1s concurridas, Valencia ofrece rincones donde cenar con un ambiente relajado. En\u00a0<strong>Patacona<\/strong>, a pocos minutos al norte de la ciudad,\u00a0<a href=\"https:\/\/casapatacona.com\/\" target=\"_blank\" rel=\"noreferrer noopener\"><strong>Casa Patacona<\/strong><\/a>\u00a0mezcla cocina mediterr\u00e1nea con una ubicaci\u00f3n frente a la playa que resulta perfecta para cerrar el d\u00eda.<\/p>\n\n\n\n<p>En pleno casco hist\u00f3rico,\u00a0<strong><a href=\"https:\/\/grupopetitbistro.es\/petit-bistro-virgen\/\">Petit Bistr\u00f3 Terrace<\/a><\/strong>\u00a0ofrece una terraza escondida junto a la Catedral, ideal si prefieres algo m\u00e1s \u00edntimo sin salir del centro.<\/p>\n\n\n\n<h4 class=\"wp-block-heading\"><strong>Alojamientos que te permiten cenar y volver andando por las calles de Valencia<\/strong><\/h4>\n\n\n\n<p>Una de las ventajas de elegir VLC Host es que tenemos apartamentos distribuidos por distintos puntos estrat\u00e9gicos de Valencia. Esto te permite cenar donde prefieras y regresar a tu alojamiento sin depender siempre del coche o largos trayectos en transporte. Ya sea en el centro, en barrios como Ruzafa o cerca del cauce del r\u00edo, tendr\u00e1s opciones para aprovechar al m\u00e1ximo las noches estivales.<\/p>","protected":false},"excerpt":{"rendered":"<p>En verano, Valencia ofrece un ambiente especial que invita a alargar el d\u00eda y a salir a cenar sin prisa. Gracias a su clima templado por la noche, es frecuente ver terrazas llenas, calles animadas y plazas donde locales y visitantes aprovechan para cenar algo al aire libre.Si est\u00e1s planeando tu viaje y te preguntas [&hellip;]<\/p>","protected":false},"author":9,"featured_media":8044,"comment_status":"open","ping_status":"open","sticky":false,"template":"","format":"standard","meta":{"footnotes":""},"categories":[11,12],"tags":[25,29,59,298],"class_list":["post-8043","post","type-post","status-publish","format-standard","has-post-thumbnail","hentry","category-noticias","category-restauracion","tag-valencia","tag-visitvalencia","tag-vlchost","tag-yoga"],"yoast_head":"<!-- This site is optimized with the Yoast SEO plugin v21.5 - https:\/\/yoast.com\/wordpress\/plugins\/seo\/ -->\n<title>Valencia donde cenar y alargar la noche sin prisas<\/title>\n<meta name=\"description\" content=\"Te contamos d\u00f3nde cenar en Valencia en verano para aprovechar su buen clima. Terrazas, restaurantes con encanto y rincones del centro.\ud83c\udf78\u200b\" \/>\n<meta name=\"robots\" content=\"index, follow, max-snippet:-1, max-image-preview:large, max-video-preview:-1\" \/>\n<link rel=\"canonical\" href=\"https:\/\/vlchost.com\/en\/noticias\/donde-cenar-valencia-verano-alargar-noche\/\" \/>\n<meta property=\"og:locale\" content=\"en_US\" \/>\n<meta property=\"og:type\" content=\"article\" \/>\n<meta property=\"og:title\" content=\"Valencia donde cenar y alargar la noche sin prisas\" \/>\n<meta property=\"og:description\" content=\"Te contamos d\u00f3nde cenar en Valencia en verano para aprovechar su buen clima. Terrazas, restaurantes con encanto y rincones del centro.\ud83c\udf78\u200b\" \/>\n<meta property=\"og:url\" content=\"https:\/\/vlchost.com\/en\/noticias\/donde-cenar-valencia-verano-alargar-noche\/\" \/>\n<meta property=\"og:site_name\" content=\"VLC Host\" \/>\n<meta property=\"article:publisher\" content=\"https:\/\/www.facebook.com\/VLCHost.HappyToHostYou\" \/>\n<meta property=\"article:published_time\" content=\"2025-07-22T12:53:53+00:00\" \/>\n<meta property=\"article:modified_time\" content=\"2025-07-22T12:53:54+00:00\" \/>\n<meta property=\"og:image\" content=\"https:\/\/vlchost.com\/wp-content\/uploads\/valencia-donde-cenar-vlc-host-1.jpg\" \/>\n\t<meta property=\"og:image:width\" content=\"1200\" \/>\n\t<meta property=\"og:image:height\" content=\"800\" \/>\n\t<meta property=\"og:image:type\" content=\"image\/jpeg\" \/>\n<meta name=\"author\" content=\"Enrique Alfonso\" \/>\n<meta name=\"twitter:card\" content=\"summary_large_image\" \/>\n<meta name=\"twitter:label1\" content=\"Written by\" \/>\n\t<meta name=\"twitter:data1\" content=\"Enrique Alfonso\" \/>\n\t<meta name=\"twitter:label2\" content=\"Est. reading time\" \/>\n\t<meta name=\"twitter:data2\" content=\"3 minutes\" \/>\n<script type=\"application\/ld+json\" class=\"yoast-schema-graph\">{\"@context\":\"https:\/\/schema.org\",\"@graph\":[{\"@type\":\"Article\",\"@id\":\"https:\/\/vlchost.com\/noticias\/donde-cenar-valencia-verano-alargar-noche\/#article\",\"isPartOf\":{\"@id\":\"https:\/\/vlchost.com\/noticias\/donde-cenar-valencia-verano-alargar-noche\/\"},\"author\":{\"name\":\"Enrique Alfonso\",\"@id\":\"https:\/\/vlchost.com\/#\/schema\/person\/f349f0d5e759cf4d4d4bad7af06dbb3b\"},\"headline\":\"D\u00f3nde cenar en Valencia este verano para alargar la noche\",\"datePublished\":\"2025-07-22T12:53:53+00:00\",\"dateModified\":\"2025-07-22T12:53:54+00:00\",\"mainEntityOfPage\":{\"@id\":\"https:\/\/vlchost.com\/noticias\/donde-cenar-valencia-verano-alargar-noche\/\"},\"wordCount\":643,\"commentCount\":0,\"publisher\":{\"@id\":\"https:\/\/vlchost.com\/#organization\"},\"keywords\":[\"#valencia\",\"#visitvalencia\",\"#vlchost\",\"yoga\"],\"articleSection\":[\"Noticias\",\"Restauraci\u00f3n\"],\"inLanguage\":\"en-US\"},{\"@type\":\"WebPage\",\"@id\":\"https:\/\/vlchost.com\/noticias\/donde-cenar-valencia-verano-alargar-noche\/\",\"url\":\"https:\/\/vlchost.com\/noticias\/donde-cenar-valencia-verano-alargar-noche\/\",\"name\":\"Valencia donde cenar y alargar la noche sin prisas\",\"isPartOf\":{\"@id\":\"https:\/\/vlchost.com\/#website\"},\"datePublished\":\"2025-07-22T12:53:53+00:00\",\"dateModified\":\"2025-07-22T12:53:54+00:00\",\"description\":\"Te contamos d\u00f3nde cenar en Valencia en verano para aprovechar su buen clima. Terrazas, restaurantes con encanto y rincones del centro.\ud83c\udf78\u200b\",\"breadcrumb\":{\"@id\":\"https:\/\/vlchost.com\/noticias\/donde-cenar-valencia-verano-alargar-noche\/#breadcrumb\"},\"inLanguage\":\"en-US\",\"potentialAction\":[{\"@type\":\"ReadAction\",\"target\":[\"https:\/\/vlchost.com\/noticias\/donde-cenar-valencia-verano-alargar-noche\/\"]}]},{\"@type\":\"BreadcrumbList\",\"@id\":\"https:\/\/vlchost.com\/noticias\/donde-cenar-valencia-verano-alargar-noche\/#breadcrumb\",\"itemListElement\":[{\"@type\":\"ListItem\",\"position\":1,\"name\":\"Portada\",\"item\":\"https:\/\/vlchost.com\/\"},{\"@type\":\"ListItem\",\"position\":2,\"name\":\"D\u00f3nde cenar en Valencia este verano para alargar la noche\"}]},{\"@type\":\"WebSite\",\"@id\":\"https:\/\/vlchost.com\/#website\",\"url\":\"https:\/\/vlchost.com\/\",\"name\":\"VLC Host\",\"description\":\"Alquiler de alojamientos tur\u00edsticos\",\"publisher\":{\"@id\":\"https:\/\/vlchost.com\/#organization\"},\"potentialAction\":[{\"@type\":\"SearchAction\",\"target\":{\"@type\":\"EntryPoint\",\"urlTemplate\":\"https:\/\/vlchost.com\/?s={search_term_string}\"},\"query-input\":\"required name=search_term_string\"}],\"inLanguage\":\"en-US\"},{\"@type\":\"Organization\",\"@id\":\"https:\/\/vlchost.com\/#organization\",\"name\":\"VLC Host - Nomad Life\",\"url\":\"https:\/\/vlchost.com\/\",\"logo\":{\"@type\":\"ImageObject\",\"inLanguage\":\"en-US\",\"@id\":\"https:\/\/vlchost.com\/#\/schema\/logo\/image\/\",\"url\":\"https:\/\/vlchost.com\/wp-content\/uploads\/cropped-alquiler-apartamentos-VLCHOST.png\",\"contentUrl\":\"https:\/\/vlchost.com\/wp-content\/uploads\/cropped-alquiler-apartamentos-VLCHOST.png\",\"width\":512,\"height\":512,\"caption\":\"VLC Host - Nomad Life\"},\"image\":{\"@id\":\"https:\/\/vlchost.com\/#\/schema\/logo\/image\/\"},\"sameAs\":[\"https:\/\/www.facebook.com\/VLCHost.HappyToHostYou\",\"https:\/\/www.instagram.com\/vlchost\/\"]},{\"@type\":\"Person\",\"@id\":\"https:\/\/vlchost.com\/#\/schema\/person\/f349f0d5e759cf4d4d4bad7af06dbb3b\",\"name\":\"Enrique Alfonso\",\"image\":{\"@type\":\"ImageObject\",\"inLanguage\":\"en-US\",\"@id\":\"https:\/\/vlchost.com\/#\/schema\/person\/image\/\",\"url\":\"https:\/\/secure.gravatar.com\/avatar\/650d8b6f04ac734b6c9f43969e515dac790cc8b20fd299d2ca715bbc654ac4dc?s=96&d=mm&r=g\",\"contentUrl\":\"https:\/\/secure.gravatar.com\/avatar\/650d8b6f04ac734b6c9f43969e515dac790cc8b20fd299d2ca715bbc654ac4dc?s=96&d=mm&r=g\",\"caption\":\"Enrique Alfonso\"},\"url\":\"https:\/\/vlchost.com\/en\/author\/enrique\/\"}]}<\/script>\n<!-- \/ Yoast SEO plugin. -->","yoast_head_json":{"title":"Valencia donde cenar y alargar la noche sin prisas","description":"Te contamos d\u00f3nde cenar en Valencia en verano para aprovechar su buen clima. Terrazas, restaurantes con encanto y rincones del centro.\ud83c\udf78\u200b","robots":{"index":"index","follow":"follow","max-snippet":"max-snippet:-1","max-image-preview":"max-image-preview:large","max-video-preview":"max-video-preview:-1"},"canonical":"https:\/\/vlchost.com\/en\/noticias\/donde-cenar-valencia-verano-alargar-noche\/","og_locale":"en_US","og_type":"article","og_title":"Valencia donde cenar y alargar la noche sin prisas","og_description":"Te contamos d\u00f3nde cenar en Valencia en verano para aprovechar su buen clima. Terrazas, restaurantes con encanto y rincones del centro.\ud83c\udf78\u200b","og_url":"https:\/\/vlchost.com\/en\/noticias\/donde-cenar-valencia-verano-alargar-noche\/","og_site_name":"VLC Host","article_publisher":"https:\/\/www.facebook.com\/VLCHost.HappyToHostYou","article_published_time":"2025-07-22T12:53:53+00:00","article_modified_time":"2025-07-22T12:53:54+00:00","og_image":[{"width":1200,"height":800,"url":"https:\/\/vlchost.com\/wp-content\/uploads\/valencia-donde-cenar-vlc-host-1.jpg","type":"image\/jpeg"}],"author":"Enrique Alfonso","twitter_card":"summary_large_image","twitter_misc":{"Written by":"Enrique Alfonso","Est. reading time":"3 minutes"},"schema":{"@context":"https:\/\/schema.org","@graph":[{"@type":"Article","@id":"https:\/\/vlchost.com\/noticias\/donde-cenar-valencia-verano-alargar-noche\/#article","isPartOf":{"@id":"https:\/\/vlchost.com\/noticias\/donde-cenar-valencia-verano-alargar-noche\/"},"author":{"name":"Enrique Alfonso","@id":"https:\/\/vlchost.com\/#\/schema\/person\/f349f0d5e759cf4d4d4bad7af06dbb3b"},"headline":"D\u00f3nde cenar en Valencia este verano para alargar la noche","datePublished":"2025-07-22T12:53:53+00:00","dateModified":"2025-07-22T12:53:54+00:00","mainEntityOfPage":{"@id":"https:\/\/vlchost.com\/noticias\/donde-cenar-valencia-verano-alargar-noche\/"},"wordCount":643,"commentCount":0,"publisher":{"@id":"https:\/\/vlchost.com\/#organization"},"keywords":["#valencia","#visitvalencia","#vlchost","yoga"],"articleSection":["Noticias","Restauraci\u00f3n"],"inLanguage":"en-US"},{"@type":"WebPage","@id":"https:\/\/vlchost.com\/noticias\/donde-cenar-valencia-verano-alargar-noche\/","url":"https:\/\/vlchost.com\/noticias\/donde-cenar-valencia-verano-alargar-noche\/","name":"Valencia donde cenar y alargar la noche sin prisas","isPartOf":{"@id":"https:\/\/vlchost.com\/#website"},"datePublished":"2025-07-22T12:53:53+00:00","dateModified":"2025-07-22T12:53:54+00:00","description":"Te contamos d\u00f3nde cenar en Valencia en verano para aprovechar su buen clima. Terrazas, restaurantes con encanto y rincones del centro.\ud83c\udf78\u200b","breadcrumb":{"@id":"https:\/\/vlchost.com\/noticias\/donde-cenar-valencia-verano-alargar-noche\/#breadcrumb"},"inLanguage":"en-US","potentialAction":[{"@type":"ReadAction","target":["https:\/\/vlchost.com\/noticias\/donde-cenar-valencia-verano-alargar-noche\/"]}]},{"@type":"BreadcrumbList","@id":"https:\/\/vlchost.com\/noticias\/donde-cenar-valencia-verano-alargar-noche\/#breadcrumb","itemListElement":[{"@type":"ListItem","position":1,"name":"Portada","item":"https:\/\/vlchost.com\/"},{"@type":"ListItem","position":2,"name":"D\u00f3nde cenar en Valencia este verano para alargar la noche"}]},{"@type":"WebSite","@id":"https:\/\/vlchost.com\/#website","url":"https:\/\/vlchost.com\/","name":"VLC Host","description":"Alquiler de alojamientos tur\u00edsticos","publisher":{"@id":"https:\/\/vlchost.com\/#organization"},"potentialAction":[{"@type":"SearchAction","target":{"@type":"EntryPoint","urlTemplate":"https:\/\/vlchost.com\/?s={search_term_string}"},"query-input":"required name=search_term_string"}],"inLanguage":"en-US"},{"@type":"Organization","@id":"https:\/\/vlchost.com\/#organization","name":"VLC Host - Nomad Life","url":"https:\/\/vlchost.com\/","logo":{"@type":"ImageObject","inLanguage":"en-US","@id":"https:\/\/vlchost.com\/#\/schema\/logo\/image\/","url":"https:\/\/vlchost.com\/wp-content\/uploads\/cropped-alquiler-apartamentos-VLCHOST.png","contentUrl":"https:\/\/vlchost.com\/wp-content\/uploads\/cropped-alquiler-apartamentos-VLCHOST.png","width":512,"height":512,"caption":"VLC Host - Nomad Life"},"image":{"@id":"https:\/\/vlchost.com\/#\/schema\/logo\/image\/"},"sameAs":["https:\/\/www.facebook.com\/VLCHost.HappyToHostYou","https:\/\/www.instagram.com\/vlchost\/"]},{"@type":"Person","@id":"https:\/\/vlchost.com\/#\/schema\/person\/f349f0d5e759cf4d4d4bad7af06dbb3b","name":"Enrique Alfonso","image":{"@type":"ImageObject","inLanguage":"en-US","@id":"https:\/\/vlchost.com\/#\/schema\/person\/image\/","url":"https:\/\/secure.gravatar.com\/avatar\/650d8b6f04ac734b6c9f43969e515dac790cc8b20fd299d2ca715bbc654ac4dc?s=96&d=mm&r=g","contentUrl":"https:\/\/secure.gravatar.com\/avatar\/650d8b6f04ac734b6c9f43969e515dac790cc8b20fd299d2ca715bbc654ac4dc?s=96&d=mm&r=g","caption":"Enrique Alfonso"},"url":"https:\/\/vlchost.com\/en\/author\/enrique\/"}]}},"_links":{"self":[{"href":"https:\/\/vlchost.com\/en\/wp-json\/wp\/v2\/posts\/8043","targetHints":{"allow":["GET"]}}],"collection":[{"href":"https:\/\/vlchost.com\/en\/wp-json\/wp\/v2\/posts"}],"about":[{"href":"https:\/\/vlchost.com\/en\/wp-json\/wp\/v2\/types\/post"}],"author":[{"embeddable":true,"href":"https:\/\/vlchost.com\/en\/wp-json\/wp\/v2\/users\/9"}],"replies":[{"embeddable":true,"href":"https:\/\/vlchost.com\/en\/wp-json\/wp\/v2\/comments?post=8043"}],"version-history":[{"count":1,"href":"https:\/\/vlchost.com\/en\/wp-json\/wp\/v2\/posts\/8043\/revisions"}],"predecessor-version":[{"id":8046,"href":"https:\/\/vlchost.com\/en\/wp-json\/wp\/v2\/posts\/8043\/revisions\/8046"}],"wp:featuredmedia":[{"embeddable":true,"href":"https:\/\/vlchost.com\/en\/wp-json\/wp\/v2\/media\/8044"}],"wp:attachment":[{"href":"https:\/\/vlchost.com\/en\/wp-json\/wp\/v2\/media?parent=8043"}],"wp:term":[{"taxonomy":"category","embeddable":true,"href":"https:\/\/vlchost.com\/en\/wp-json\/wp\/v2\/categories?post=8043"},{"taxonomy":"post_tag","embeddable":true,"href":"https:\/\/vlchost.com\/en\/wp-json\/wp\/v2\/tags?post=8043"}],"curies":[{"name":"wp","href":"https:\/\/api.w.org\/{rel}","templated":true}]}}