{"id":8106,"date":"2025-09-11T12:53:07","date_gmt":"2025-09-11T10:53:07","guid":{"rendered":"https:\/\/vlchost.com\/?p=8106"},"modified":"2025-09-11T12:56:45","modified_gmt":"2025-09-11T10:56:45","slug":"ruta-a-pie-por-el-centro-de-valencia","status":"publish","type":"post","link":"https:\/\/vlchost.com\/en\/noticias\/ruta-a-pie-por-el-centro-de-valencia\/","title":{"rendered":"Ruta a pie por el centro hist\u00f3rico de Valencia"},"content":{"rendered":"<p>El centro hist\u00f3rico de Valencia es un laberinto encantador de calles con siglos de historia, plazas llenas de vida y monumentos que hablan del pasado de la ciudad. Septiembre y octubre son meses ideales para recorrerlo: las temperaturas son suaves, los d\u00edas siguen siendo largos y el ambiente est\u00e1 lleno de luz. Esta <strong>ruta a pie por el centro hist\u00f3rico de Valencia<\/strong> est\u00e1 pensada para hacer en una ma\u00f1ana o una tarde, con paradas para disfrutar del entorno y de la gastronom\u00eda local. La duraci\u00f3n aproximada es de 2 a 3 horas, dependiendo del ritmo y de si decides entrar a algunos monumentos o hacer una pausa. Lleva calzado c\u00f3modo, agua y prep\u00e1rate para sorprenderte.<\/p>\n\n\n\n<p>Si te alojas en uno de los apartamentos de VLC Host en el centro de Valencia, como <a href=\"https:\/\/vlchost.com\/en\/vlc-host--poeta-llombart-1\/?start_date=&amp;end_date=&amp;guests=1&amp;adults=1&amp;children=0&amp;infants=0&amp;pets=0&amp;discount_code=&amp;id=63152&amp;listing_id=63152\"><u>VLC Host &#8211; Poeta Llombart<\/u><\/a>&nbsp;o <a href=\"https:\/\/vlchost.com\/en\/vlc-host--linterna\/?start_date=&amp;end_date=&amp;guests=1&amp;adults=1&amp;children=0&amp;infants=0&amp;pets=0&amp;discount_code=&amp;id=188189&amp;listing_id=188189\"><u>VLC Host &#8211; Linterna<\/u><\/a>, tendr\u00e1s el punto de partida perfecto para empezar la ruta a pie sin necesidad de transporte.<\/p>\n\n\n\n<p><\/p>\n\n\n\n<h2 class=\"wp-block-heading\"><strong><strong>Mercado Central, Lonja de la Seda y alrededores<\/strong><\/strong><\/h2>\n\n\n\n<p><strong>Mercado Central <\/strong>\u2013 Inicio de la ruta. Este edificio modernista con vidrieras de colores, cer\u00e1mica decorativa y hierro forjado es uno de los m\u00e1s impresionantes de Europa. Dentro, m\u00e1s de 300 puestos ofrecen productos frescos, perfectos para conocer los sabores de la tierra. Puedes tomar un caf\u00e9 en <a href=\"https:\/\/m.centralbar.es\/\"><u>Central Bar by Ricard Camarena<\/u><\/a>&nbsp;o comprar algo para picar durante el paseo.<\/p>\n\n\n\n<p>Justo enfrente, a escasos 2 minutos andando, est\u00e1 la <strong>Lonja de la Seda<\/strong>, antigua lonja del siglo XV que fue el centro del comercio de seda y un s\u00edmbolo del poder econ\u00f3mico de Valencia. Su Sala de Contrataci\u00f3n con columnas en espiral es uno de los mejores ejemplos del g\u00f3tico civil europeo.<\/p>\n\n\n\n<p>Contin\u00faa dando un paseo por la <strong>Calle Derechos<\/strong>, hasta llegar a la <strong>Plaza Redonda<\/strong>. Esta singular plaza circular alberga tiendas de artesan\u00eda, encajes, abanicos y recuerdos. La fuente central y sus soportales la convierten en un lugar fotog\u00e9nico y tranquilo.<\/p>\n\n\n\n<p><\/p>\n\n\n\n<h2 class=\"wp-block-heading\"><strong><strong><strong>Catedral, Plaza de la Virgen y El Carmen<\/strong><\/strong><\/strong><\/h2>\n\n\n\n<p>Sigue por la <strong>Plaza de Santa Catalina <\/strong>y cruza la <strong>Plaza de la Reina <\/strong>hasta llegar, en menos de 5 minutos, a <a href=\"https:\/\/catedraldevalencia.es\/el-miguelete\/\"><strong><u><strong>la torre del Miguelete<\/strong><\/u><\/strong><\/a>, su ic\u00f3nico campanario de estilo g\u00f3tico. Si te animas, puedes subir sus 207 escalones para disfrutar de una de las mejores vistas panor\u00e1micas del casco antiguo de Valencia. Continua por la <strong>calle del Micalet<\/strong>&nbsp;para llegar a <strong>Plaza de la Virgen<\/strong>, donde se encuentra la <strong>Catedral de Valencia<\/strong>. Esta <a href=\"https:\/\/catedraldevalencia.es\/\"><u>Catedral<\/u><\/a>, de estilo g\u00f3tico con elementos rom\u00e1nicos, barrocos y neocl\u00e1sicos, alberga lo que muchos consideran el aut\u00e9ntico Santo Grial.<\/p>\n\n\n\n<p>Desde la plaza de la Virgen, contin\u00faa caminando hacia el norte por la <strong>calle Caballeros<\/strong>&nbsp;y la <strong>Calle de la Mare Vella <\/strong>hasta adentrarte en el <strong>Barrio del Carmen<\/strong>. Esta zona, una de las m\u00e1s antiguas de la ciudad, destaca por su ambiente bohemio y su mezcla de estilos: desde arquitectura medieval hasta arte urbano moderno. En el camino encontrar\u00e1s bares, peque\u00f1as tiendas, plazas escondidas y fachadas con historia. Es el lugar perfecto para sentir el pulso aut\u00e9ntico de Valencia.<\/p>\n\n\n\n<p><\/p>\n\n\n\n<h2 class=\"wp-block-heading\"><strong><strong><strong><strong>Recomendaci\u00f3n local: termina en el Jard\u00edn del Turia<\/strong><\/strong><\/strong><\/strong><\/h2>\n\n\n\n<p>Si despu\u00e9s de la ruta, sigues con fuerzas, contin\u00faa por la <strong>calle de Roteros<\/strong>&nbsp;y finaliza en las <strong>Torres de Serranos<\/strong>, una de las puertas de la antigua muralla que proteg\u00eda Valencia. Puedes subir a lo alto para una vista panor\u00e1mica gratuita. Desde aqu\u00ed, accede al <strong>Jard\u00edn del Turia<\/strong>, un extenso parque urbano construido en el antiguo cauce del r\u00edo Turia. Es ideal para descansar bajo la sombra de los naranjos, ver a los locales en su d\u00eda a d\u00eda o continuar caminando hacia la <a href=\"https:\/\/cac.es\/\"><strong><u><strong>Ciudad de las Artes<\/strong><\/u><\/strong><\/a><strong>.<\/strong><\/p>\n\n\n\n<figure class=\"wp-block-image size-full\"><img fetchpriority=\"high\" decoding=\"async\" width=\"1200\" height=\"800\" src=\"https:\/\/vlchost.com\/wp-content\/uploads\/Blog-imagenes-SEPTIEMBRE.png\" alt=\"\" class=\"wp-image-8112\" srcset=\"https:\/\/vlchost.com\/wp-content\/uploads\/Blog-imagenes-SEPTIEMBRE.png 1200w, https:\/\/vlchost.com\/wp-content\/uploads\/Blog-imagenes-SEPTIEMBRE-768x512.png 768w, https:\/\/vlchost.com\/wp-content\/uploads\/Blog-imagenes-SEPTIEMBRE-18x12.png 18w\" sizes=\"(max-width: 1200px) 100vw, 1200px\" \/><\/figure>\n\n\n\n<p><\/p>\n\n\n\n<h3 class=\"wp-block-heading\"><strong><strong><strong><strong><strong>Alojamientos bien ubicados para explorar Valencia a pie<\/strong><\/strong><\/strong><\/strong><\/strong>.<\/h3>\n\n\n\n<p>Una de las ventajas de elegir los <a href=\"https:\/\/vlchost.com\/en\/alojamientos-valencia-reserva\/\"><u>apartamentos de <\/u><strong><u><strong>VLC Host<\/strong><\/u><\/strong><\/a>&nbsp;es que tenemos apartamentos distribuidos en puntos estrat\u00e9gicos de la ciudad. Alojarte cerca del centro hist\u00f3rico te permite seguir esta ruta c\u00f3modamente a pie, sin depender del coche ni del transporte p\u00fablico.<\/p>\n\n\n\n<p>Tanto si te alojas junto al Mercado Central, cerca del Jard\u00edn del Turia o en barrios con encanto como Ruzafa o El Carmen, con VLC Host estar\u00e1s a pocos minutos de los principales puntos de inter\u00e9s. As\u00ed podr\u00e1s volver paseando a tu alojamiento despu\u00e9s de un d\u00eda explorando la ciudad.<\/p>","protected":false},"excerpt":{"rendered":"<p>El centro hist\u00f3rico de Valencia es un laberinto encantador de calles con siglos de historia, plazas llenas de vida y monumentos que hablan del pasado de la ciudad. Septiembre y octubre son meses ideales para recorrerlo: las temperaturas son suaves, los d\u00edas siguen siendo largos y el ambiente est\u00e1 lleno de luz. Esta ruta a [&hellip;]<\/p>","protected":false},"author":9,"featured_media":8115,"comment_status":"open","ping_status":"open","sticky":false,"template":"","format":"standard","meta":{"footnotes":""},"categories":[13,11],"tags":[25,29,59,298],"class_list":["post-8106","post","type-post","status-publish","format-standard","has-post-thumbnail","hentry","category-actividades","category-noticias","tag-valencia","tag-visitvalencia","tag-vlchost","tag-yoga"],"yoast_head":"<!-- This site is optimized with the Yoast SEO plugin v21.5 - https:\/\/yoast.com\/wordpress\/plugins\/seo\/ -->\n<title>Ruta a pie por el centro de Valencia \u2013 VLC Host<\/title>\n<meta name=\"description\" content=\"Recorre el centro hist\u00f3rico de Valencia a pie. Descubre los principales monumentos desde tu alojamiento con VLC Host.\" \/>\n<meta name=\"robots\" content=\"index, follow, max-snippet:-1, max-image-preview:large, max-video-preview:-1\" \/>\n<link rel=\"canonical\" href=\"https:\/\/vlchost.com\/en\/noticias\/ruta-a-pie-por-el-centro-de-valencia\/\" \/>\n<meta property=\"og:locale\" content=\"en_US\" \/>\n<meta property=\"og:type\" content=\"article\" \/>\n<meta property=\"og:title\" content=\"Ruta a pie por el centro de Valencia \u2013 VLC Host\" \/>\n<meta property=\"og:description\" content=\"Recorre el centro hist\u00f3rico de Valencia a pie. Descubre los principales monumentos desde tu alojamiento con VLC Host.\" \/>\n<meta property=\"og:url\" content=\"https:\/\/vlchost.com\/en\/noticias\/ruta-a-pie-por-el-centro-de-valencia\/\" \/>\n<meta property=\"og:site_name\" content=\"VLC Host\" \/>\n<meta property=\"article:publisher\" content=\"https:\/\/www.facebook.com\/VLCHost.HappyToHostYou\" \/>\n<meta property=\"article:published_time\" content=\"2025-09-11T10:53:07+00:00\" \/>\n<meta property=\"article:modified_time\" content=\"2025-09-11T10:56:45+00:00\" \/>\n<meta property=\"og:image\" content=\"https:\/\/vlchost.com\/wp-content\/uploads\/Blog-imagenes-SEPTIEMBRE-1.png\" \/>\n\t<meta property=\"og:image:width\" content=\"1200\" \/>\n\t<meta property=\"og:image:height\" content=\"800\" \/>\n\t<meta property=\"og:image:type\" content=\"image\/png\" \/>\n<meta name=\"author\" content=\"Enrique Alfonso\" \/>\n<meta name=\"twitter:card\" content=\"summary_large_image\" \/>\n<meta name=\"twitter:label1\" content=\"Written by\" \/>\n\t<meta name=\"twitter:data1\" content=\"Enrique Alfonso\" \/>\n\t<meta name=\"twitter:label2\" content=\"Est. reading time\" \/>\n\t<meta name=\"twitter:data2\" content=\"4 minutes\" \/>\n<script type=\"application\/ld+json\" class=\"yoast-schema-graph\">{\"@context\":\"https:\/\/schema.org\",\"@graph\":[{\"@type\":\"Article\",\"@id\":\"https:\/\/vlchost.com\/noticias\/ruta-a-pie-por-el-centro-de-valencia\/#article\",\"isPartOf\":{\"@id\":\"https:\/\/vlchost.com\/noticias\/ruta-a-pie-por-el-centro-de-valencia\/\"},\"author\":{\"name\":\"Enrique Alfonso\",\"@id\":\"https:\/\/vlchost.com\/#\/schema\/person\/f349f0d5e759cf4d4d4bad7af06dbb3b\"},\"headline\":\"Ruta a pie por el centro hist\u00f3rico de Valencia\",\"datePublished\":\"2025-09-11T10:53:07+00:00\",\"dateModified\":\"2025-09-11T10:56:45+00:00\",\"mainEntityOfPage\":{\"@id\":\"https:\/\/vlchost.com\/noticias\/ruta-a-pie-por-el-centro-de-valencia\/\"},\"wordCount\":759,\"commentCount\":0,\"publisher\":{\"@id\":\"https:\/\/vlchost.com\/#organization\"},\"keywords\":[\"#valencia\",\"#visitvalencia\",\"#vlchost\",\"yoga\"],\"articleSection\":[\"Actividades\",\"Noticias\"],\"inLanguage\":\"en-US\"},{\"@type\":\"WebPage\",\"@id\":\"https:\/\/vlchost.com\/noticias\/ruta-a-pie-por-el-centro-de-valencia\/\",\"url\":\"https:\/\/vlchost.com\/noticias\/ruta-a-pie-por-el-centro-de-valencia\/\",\"name\":\"Ruta a pie por el centro de Valencia \u2013 VLC Host\",\"isPartOf\":{\"@id\":\"https:\/\/vlchost.com\/#website\"},\"datePublished\":\"2025-09-11T10:53:07+00:00\",\"dateModified\":\"2025-09-11T10:56:45+00:00\",\"description\":\"Recorre el centro hist\u00f3rico de Valencia a pie. Descubre los principales monumentos desde tu alojamiento con VLC Host.\",\"breadcrumb\":{\"@id\":\"https:\/\/vlchost.com\/noticias\/ruta-a-pie-por-el-centro-de-valencia\/#breadcrumb\"},\"inLanguage\":\"en-US\",\"potentialAction\":[{\"@type\":\"ReadAction\",\"target\":[\"https:\/\/vlchost.com\/noticias\/ruta-a-pie-por-el-centro-de-valencia\/\"]}]},{\"@type\":\"BreadcrumbList\",\"@id\":\"https:\/\/vlchost.com\/noticias\/ruta-a-pie-por-el-centro-de-valencia\/#breadcrumb\",\"itemListElement\":[{\"@type\":\"ListItem\",\"position\":1,\"name\":\"Portada\",\"item\":\"https:\/\/vlchost.com\/\"},{\"@type\":\"ListItem\",\"position\":2,\"name\":\"Ruta a pie por el centro hist\u00f3rico de Valencia\"}]},{\"@type\":\"WebSite\",\"@id\":\"https:\/\/vlchost.com\/#website\",\"url\":\"https:\/\/vlchost.com\/\",\"name\":\"VLC Host\",\"description\":\"Alquiler de alojamientos tur\u00edsticos\",\"publisher\":{\"@id\":\"https:\/\/vlchost.com\/#organization\"},\"potentialAction\":[{\"@type\":\"SearchAction\",\"target\":{\"@type\":\"EntryPoint\",\"urlTemplate\":\"https:\/\/vlchost.com\/?s={search_term_string}\"},\"query-input\":\"required name=search_term_string\"}],\"inLanguage\":\"en-US\"},{\"@type\":\"Organization\",\"@id\":\"https:\/\/vlchost.com\/#organization\",\"name\":\"VLC Host - Nomad Life\",\"url\":\"https:\/\/vlchost.com\/\",\"logo\":{\"@type\":\"ImageObject\",\"inLanguage\":\"en-US\",\"@id\":\"https:\/\/vlchost.com\/#\/schema\/logo\/image\/\",\"url\":\"https:\/\/vlchost.com\/wp-content\/uploads\/cropped-alquiler-apartamentos-VLCHOST.png\",\"contentUrl\":\"https:\/\/vlchost.com\/wp-content\/uploads\/cropped-alquiler-apartamentos-VLCHOST.png\",\"width\":512,\"height\":512,\"caption\":\"VLC Host - Nomad Life\"},\"image\":{\"@id\":\"https:\/\/vlchost.com\/#\/schema\/logo\/image\/\"},\"sameAs\":[\"https:\/\/www.facebook.com\/VLCHost.HappyToHostYou\",\"https:\/\/www.instagram.com\/vlchost\/\"]},{\"@type\":\"Person\",\"@id\":\"https:\/\/vlchost.com\/#\/schema\/person\/f349f0d5e759cf4d4d4bad7af06dbb3b\",\"name\":\"Enrique Alfonso\",\"image\":{\"@type\":\"ImageObject\",\"inLanguage\":\"en-US\",\"@id\":\"https:\/\/vlchost.com\/#\/schema\/person\/image\/\",\"url\":\"https:\/\/secure.gravatar.com\/avatar\/650d8b6f04ac734b6c9f43969e515dac790cc8b20fd299d2ca715bbc654ac4dc?s=96&d=mm&r=g\",\"contentUrl\":\"https:\/\/secure.gravatar.com\/avatar\/650d8b6f04ac734b6c9f43969e515dac790cc8b20fd299d2ca715bbc654ac4dc?s=96&d=mm&r=g\",\"caption\":\"Enrique Alfonso\"},\"url\":\"https:\/\/vlchost.com\/en\/author\/enrique\/\"}]}<\/script>\n<!-- \/ Yoast SEO plugin. -->","yoast_head_json":{"title":"Ruta a pie por el centro de Valencia \u2013 VLC Host","description":"Recorre el centro hist\u00f3rico de Valencia a pie. Descubre los principales monumentos desde tu alojamiento con VLC Host.","robots":{"index":"index","follow":"follow","max-snippet":"max-snippet:-1","max-image-preview":"max-image-preview:large","max-video-preview":"max-video-preview:-1"},"canonical":"https:\/\/vlchost.com\/en\/noticias\/ruta-a-pie-por-el-centro-de-valencia\/","og_locale":"en_US","og_type":"article","og_title":"Ruta a pie por el centro de Valencia \u2013 VLC Host","og_description":"Recorre el centro hist\u00f3rico de Valencia a pie. Descubre los principales monumentos desde tu alojamiento con VLC Host.","og_url":"https:\/\/vlchost.com\/en\/noticias\/ruta-a-pie-por-el-centro-de-valencia\/","og_site_name":"VLC Host","article_publisher":"https:\/\/www.facebook.com\/VLCHost.HappyToHostYou","article_published_time":"2025-09-11T10:53:07+00:00","article_modified_time":"2025-09-11T10:56:45+00:00","og_image":[{"width":1200,"height":800,"url":"https:\/\/vlchost.com\/wp-content\/uploads\/Blog-imagenes-SEPTIEMBRE-1.png","type":"image\/png"}],"author":"Enrique Alfonso","twitter_card":"summary_large_image","twitter_misc":{"Written by":"Enrique Alfonso","Est. reading time":"4 minutes"},"schema":{"@context":"https:\/\/schema.org","@graph":[{"@type":"Article","@id":"https:\/\/vlchost.com\/noticias\/ruta-a-pie-por-el-centro-de-valencia\/#article","isPartOf":{"@id":"https:\/\/vlchost.com\/noticias\/ruta-a-pie-por-el-centro-de-valencia\/"},"author":{"name":"Enrique Alfonso","@id":"https:\/\/vlchost.com\/#\/schema\/person\/f349f0d5e759cf4d4d4bad7af06dbb3b"},"headline":"Ruta a pie por el centro hist\u00f3rico de Valencia","datePublished":"2025-09-11T10:53:07+00:00","dateModified":"2025-09-11T10:56:45+00:00","mainEntityOfPage":{"@id":"https:\/\/vlchost.com\/noticias\/ruta-a-pie-por-el-centro-de-valencia\/"},"wordCount":759,"commentCount":0,"publisher":{"@id":"https:\/\/vlchost.com\/#organization"},"keywords":["#valencia","#visitvalencia","#vlchost","yoga"],"articleSection":["Actividades","Noticias"],"inLanguage":"en-US"},{"@type":"WebPage","@id":"https:\/\/vlchost.com\/noticias\/ruta-a-pie-por-el-centro-de-valencia\/","url":"https:\/\/vlchost.com\/noticias\/ruta-a-pie-por-el-centro-de-valencia\/","name":"Ruta a pie por el centro de Valencia \u2013 VLC Host","isPartOf":{"@id":"https:\/\/vlchost.com\/#website"},"datePublished":"2025-09-11T10:53:07+00:00","dateModified":"2025-09-11T10:56:45+00:00","description":"Recorre el centro hist\u00f3rico de Valencia a pie. Descubre los principales monumentos desde tu alojamiento con VLC Host.","breadcrumb":{"@id":"https:\/\/vlchost.com\/noticias\/ruta-a-pie-por-el-centro-de-valencia\/#breadcrumb"},"inLanguage":"en-US","potentialAction":[{"@type":"ReadAction","target":["https:\/\/vlchost.com\/noticias\/ruta-a-pie-por-el-centro-de-valencia\/"]}]},{"@type":"BreadcrumbList","@id":"https:\/\/vlchost.com\/noticias\/ruta-a-pie-por-el-centro-de-valencia\/#breadcrumb","itemListElement":[{"@type":"ListItem","position":1,"name":"Portada","item":"https:\/\/vlchost.com\/"},{"@type":"ListItem","position":2,"name":"Ruta a pie por el centro hist\u00f3rico de Valencia"}]},{"@type":"WebSite","@id":"https:\/\/vlchost.com\/#website","url":"https:\/\/vlchost.com\/","name":"VLC Host","description":"Alquiler de alojamientos tur\u00edsticos","publisher":{"@id":"https:\/\/vlchost.com\/#organization"},"potentialAction":[{"@type":"SearchAction","target":{"@type":"EntryPoint","urlTemplate":"https:\/\/vlchost.com\/?s={search_term_string}"},"query-input":"required name=search_term_string"}],"inLanguage":"en-US"},{"@type":"Organization","@id":"https:\/\/vlchost.com\/#organization","name":"VLC Host - Nomad Life","url":"https:\/\/vlchost.com\/","logo":{"@type":"ImageObject","inLanguage":"en-US","@id":"https:\/\/vlchost.com\/#\/schema\/logo\/image\/","url":"https:\/\/vlchost.com\/wp-content\/uploads\/cropped-alquiler-apartamentos-VLCHOST.png","contentUrl":"https:\/\/vlchost.com\/wp-content\/uploads\/cropped-alquiler-apartamentos-VLCHOST.png","width":512,"height":512,"caption":"VLC Host - Nomad Life"},"image":{"@id":"https:\/\/vlchost.com\/#\/schema\/logo\/image\/"},"sameAs":["https:\/\/www.facebook.com\/VLCHost.HappyToHostYou","https:\/\/www.instagram.com\/vlchost\/"]},{"@type":"Person","@id":"https:\/\/vlchost.com\/#\/schema\/person\/f349f0d5e759cf4d4d4bad7af06dbb3b","name":"Enrique Alfonso","image":{"@type":"ImageObject","inLanguage":"en-US","@id":"https:\/\/vlchost.com\/#\/schema\/person\/image\/","url":"https:\/\/secure.gravatar.com\/avatar\/650d8b6f04ac734b6c9f43969e515dac790cc8b20fd299d2ca715bbc654ac4dc?s=96&d=mm&r=g","contentUrl":"https:\/\/secure.gravatar.com\/avatar\/650d8b6f04ac734b6c9f43969e515dac790cc8b20fd299d2ca715bbc654ac4dc?s=96&d=mm&r=g","caption":"Enrique Alfonso"},"url":"https:\/\/vlchost.com\/en\/author\/enrique\/"}]}},"_links":{"self":[{"href":"https:\/\/vlchost.com\/en\/wp-json\/wp\/v2\/posts\/8106","targetHints":{"allow":["GET"]}}],"collection":[{"href":"https:\/\/vlchost.com\/en\/wp-json\/wp\/v2\/posts"}],"about":[{"href":"https:\/\/vlchost.com\/en\/wp-json\/wp\/v2\/types\/post"}],"author":[{"embeddable":true,"href":"https:\/\/vlchost.com\/en\/wp-json\/wp\/v2\/users\/9"}],"replies":[{"embeddable":true,"href":"https:\/\/vlchost.com\/en\/wp-json\/wp\/v2\/comments?post=8106"}],"version-history":[{"count":5,"href":"https:\/\/vlchost.com\/en\/wp-json\/wp\/v2\/posts\/8106\/revisions"}],"predecessor-version":[{"id":8114,"href":"https:\/\/vlchost.com\/en\/wp-json\/wp\/v2\/posts\/8106\/revisions\/8114"}],"wp:featuredmedia":[{"embeddable":true,"href":"https:\/\/vlchost.com\/en\/wp-json\/wp\/v2\/media\/8115"}],"wp:attachment":[{"href":"https:\/\/vlchost.com\/en\/wp-json\/wp\/v2\/media?parent=8106"}],"wp:term":[{"taxonomy":"category","embeddable":true,"href":"https:\/\/vlchost.com\/en\/wp-json\/wp\/v2\/categories?post=8106"},{"taxonomy":"post_tag","embeddable":true,"href":"https:\/\/vlchost.com\/en\/wp-json\/wp\/v2\/tags?post=8106"}],"curies":[{"name":"wp","href":"https:\/\/api.w.org\/{rel}","templated":true}]}}