{"id":8643,"date":"2026-01-27T14:42:15","date_gmt":"2026-01-27T13:42:15","guid":{"rendered":"https:\/\/vlchost.com\/?p=8643"},"modified":"2026-01-27T14:42:16","modified_gmt":"2026-01-27T13:42:16","slug":"conde-altea-diseno-experiencia","status":"publish","type":"post","link":"https:\/\/vlchost.com\/en\/noticias\/love-valencia\/conde-altea-diseno-experiencia\/","title":{"rendered":"VLC Host &#8211; Conde Altea"},"content":{"rendered":"<div data-elementor-type=\"wp-post\" data-elementor-id=\"8643\" class=\"elementor elementor-8643\" data-elementor-post-type=\"post\">\n\t\t\t\t<div class=\"elementor-element elementor-element-609eee7e e-flex e-con-boxed e-con e-parent\" data-id=\"609eee7e\" data-element_type=\"container\" data-settings=\"{&quot;container_type&quot;:&quot;flex&quot;,&quot;content_width&quot;:&quot;boxed&quot;}\" data-core-v316-plus=\"true\">\n\t\t\t\t\t<div class=\"e-con-inner\">\n\t\t\t\t<div class=\"elementor-element elementor-element-7a3c45b elementor-widget elementor-widget-text-editor\" data-id=\"7a3c45b\" data-element_type=\"widget\" data-widget_type=\"text-editor.default\">\n\t\t\t\t<div class=\"elementor-widget-container\">\n\t\t\t<style>\/*! elementor - v3.19.0 - 28-02-2024 *\/\n.elementor-widget-text-editor.elementor-drop-cap-view-stacked .elementor-drop-cap{background-color:#69727d;color:#fff}.elementor-widget-text-editor.elementor-drop-cap-view-framed .elementor-drop-cap{color:#69727d;border:3px solid;background-color:transparent}.elementor-widget-text-editor:not(.elementor-drop-cap-view-default) .elementor-drop-cap{margin-top:8px}.elementor-widget-text-editor:not(.elementor-drop-cap-view-default) .elementor-drop-cap-letter{width:1em;height:1em}.elementor-widget-text-editor .elementor-drop-cap{float:left;text-align:center;line-height:1;font-size:50px}.elementor-widget-text-editor .elementor-drop-cap-letter{display:inline-block}<\/style>\t\t\t\t<!-- wp:paragraph --><!-- \/wp:paragraph --><!-- wp:heading -->\n<h2 class=\"wp-block-heading\"><span class=\"TextRun MacChromeBold SCXW71074450 BCX0\" lang=\"ES-ES\" xml:lang=\"ES-ES\" data-contrast=\"auto\"><span class=\"NormalTextRun SCXW71074450 BCX0\">Dormir en Valencia como si vivieras aqu\u00ed<\/span><\/span><\/h2>\n<!-- \/wp:list --><!-- wp:paragraph -->\n<p><span data-contrast=\"auto\">Hospedarse en este apartamento de Conde Altea no es solo elegir un lugar c\u00f3modo donde dormir. Es <\/span><b><span data-contrast=\"auto\">instalarse, aunque sea por unos d\u00edas, en uno de los barrios con m\u00e1s car\u00e1cter de Valencia<\/span><\/b><span data-contrast=\"auto\">, donde la ciudad se vive a pie y todo queda cerca.<\/span><span data-ccp-props=\"{&quot;201341983&quot;:0,&quot;335559738&quot;:0,&quot;335559739&quot;:0,&quot;335559740&quot;:360}\">\u00a0<\/span><\/p>\n<p><span data-contrast=\"auto\">La vivienda est\u00e1 pensada para hu\u00e9spedes que valoran el dise\u00f1o, la calma interior y, al mismo tiempo, quieren salir a la calle y sentir que forman parte del barrio. Nada de espacios impersonales: aqu\u00ed hay identidad, historia y una manera muy concreta de entender el confort.<\/span><span data-ccp-props=\"{&quot;201341983&quot;:0,&quot;335559738&quot;:0,&quot;335559739&quot;:0,&quot;335559740&quot;:360}\">\u00a0<\/span><\/p>\n<h2 class=\"wp-block-heading\"><span class=\"EOP SCXW145120834 BCX0\" data-ccp-props=\"{&quot;134233117&quot;:false,&quot;134233118&quot;:false,&quot;335551550&quot;:1,&quot;335551620&quot;:1,&quot;335559738&quot;:240,&quot;335559739&quot;:240}\"><span class=\"TextRun MacChromeBold SCXW131892954 BCX0\" lang=\"ES-ES\" xml:lang=\"ES-ES\" data-contrast=\"auto\"><span class=\"NormalTextRun SCXW131892954 BCX0\">Un interior que dialoga con el barrio<\/span><\/span><span class=\"EOP SCXW131892954 BCX0\" data-ccp-props=\"{&quot;201341983&quot;:0,&quot;335559738&quot;:0,&quot;335559739&quot;:0,&quot;335559740&quot;:360}\">\u00a0<\/span> <\/span><\/h2>\n<!-- \/wp:heading --><!-- wp:paragraph -->\n<p><span data-contrast=\"auto\">Desde que entras, el suelo hidr\u00e1ulico marca el tono. No es un recurso decorativo al azar, es parte del ADN del apartamento y del propio barrio de Conde Altea, donde muchos edificios conservan elementos originales de principios del siglo XX.<\/span><span data-ccp-props=\"{&quot;201341983&quot;:0,&quot;335559738&quot;:0,&quot;335559739&quot;:0,&quot;335559740&quot;:360}\">\u00a0<\/span><\/p>\n<p><span data-contrast=\"auto\">Los tonos c\u00e1lidos, los acabados continuos y la distribuci\u00f3n abierta hacen que el espacio resulte acogedor sin perder amplitud. Las estancias respiran luz natural gracias a los grandes ventanales y balcones, algo muy valorado por quienes buscan alojarse en el centro sin renunciar a la sensaci\u00f3n de hogar.<\/span><span data-ccp-props=\"{&quot;201341983&quot;:0,&quot;335559738&quot;:0,&quot;335559739&quot;:0,&quot;335559740&quot;:360}\">\u00a0<\/span><\/p>\n<p><span data-contrast=\"auto\">El dormitorio invita al descanso real: cama c\u00f3moda, textiles agradables y un ambiente tranquilo que contrasta con la vida urbana que espera justo al otro lado de la ventana. Es ese equilibrio el que muchos hu\u00e9spedes buscan cuando vienen a Valencia por trabajo, por estancias medias o simplemente para disfrutar la ciudad con calma.<\/span><span data-ccp-props=\"{&quot;201341983&quot;:0,&quot;335559738&quot;:0,&quot;335559739&quot;:0,&quot;335559740&quot;:360}\">\u00a0<\/span><\/p>\n<h2 class=\"wp-block-heading\"><span class=\"TextRun MacChromeBold SCXW62520386 BCX0\" lang=\"ES-ES\" xml:lang=\"ES-ES\" data-contrast=\"auto\"><span class=\"NormalTextRun SCXW62520386 BCX0\">Cocina abierta y zonas comunes para vivir el d\u00eda a d\u00eda<\/span><\/span><\/h2>\n<p><span data-contrast=\"auto\">La cocina, integrada en el espacio principal, est\u00e1 pensada para usarse de verdad. No es solo un elemento est\u00e9tico. Permite desayunar sin prisas, preparar una cena sencilla tras un d\u00eda de paseo o compartir una copa antes de salir.<\/span><span data-ccp-props=\"{&quot;201341983&quot;:0,&quot;335559738&quot;:0,&quot;335559739&quot;:0,&quot;335559740&quot;:360}\">\u00a0<\/span><\/p>\n<p><span data-contrast=\"auto\">El mobiliario, funcional y bien resuelto, facilita estancias de varios d\u00edas o semanas, algo muy habitual en esta zona por su cercan\u00eda a \u00e1reas de trabajo, comercios y servicios.<\/span><span data-ccp-props=\"{&quot;201341983&quot;:0,&quot;335559738&quot;:0,&quot;335559739&quot;:0,&quot;335559740&quot;:360}\">\u00a0<\/span><\/p>\n<p><span data-contrast=\"auto\">Los ba\u00f1os siguen la misma l\u00f3gica: l\u00edneas limpias, materiales agradables y todo lo necesario para una estancia c\u00f3moda, sin excesos ni carencias.<\/span><span data-ccp-props=\"{&quot;201341983&quot;:0,&quot;335559738&quot;:0,&quot;335559739&quot;:0,&quot;335559740&quot;:360}\">\u00a0<\/span><\/p>\n<h2 class=\"wp-block-heading\"><span class=\"TextRun MacChromeBold SCXW130306817 BCX0\" lang=\"ES-ES\" xml:lang=\"ES-ES\" data-contrast=\"auto\"><span class=\"NormalTextRun SCXW130306817 BCX0\">El entorno de Conde Altea, uno de los grandes valores del apartamento<\/span><\/span><span class=\"EOP SCXW130306817 BCX0\" data-ccp-props=\"{&quot;201341983&quot;:0,&quot;335559738&quot;:0,&quot;335559739&quot;:0,&quot;335559740&quot;:360}\">\u00a0<\/span><\/h2>\n<p><span data-contrast=\"auto\">Alojarse aqu\u00ed es estar en el <\/span><b><span data-contrast=\"auto\">coraz\u00f3n del Ensanche valenciano<\/span><\/b><span data-contrast=\"auto\">, una zona que combina elegancia, vida local y buena conexi\u00f3n con el resto de la ciudad.<\/span><span data-ccp-props=\"{&quot;201341983&quot;:0,&quot;335559738&quot;:0,&quot;335559739&quot;:0,&quot;335559740&quot;:360}\">\u00a0<\/span><\/p>\n<p><span data-contrast=\"auto\">A pocos minutos caminando encontrar\u00e1s:<\/span><span data-ccp-props=\"{&quot;201341983&quot;:0,&quot;335559738&quot;:0,&quot;335559739&quot;:0,&quot;335559740&quot;:360}\">\u00a0<\/span><\/p>\n<ul>\n<li aria-setsize=\"-1\" data-leveltext=\"\uf0b7\" data-font=\"Symbol\" data-listid=\"1\" data-list-defn-props=\"{&quot;335552541&quot;:1,&quot;335559685&quot;:720,&quot;335559991&quot;:360,&quot;469769226&quot;:&quot;Symbol&quot;,&quot;469769242&quot;:[8226],&quot;469777803&quot;:&quot;left&quot;,&quot;469777804&quot;:&quot;\uf0b7&quot;,&quot;469777815&quot;:&quot;hybridMultilevel&quot;}\" data-aria-posinset=\"1\" data-aria-level=\"1\"><b><span data-contrast=\"auto\">Mercado de Col\u00f3n<\/span><\/b><span data-contrast=\"auto\">, perfecto para desayunos, comidas informales o una copa por la tarde.<\/span><span data-ccp-props=\"{&quot;201341983&quot;:0,&quot;335559738&quot;:0,&quot;335559739&quot;:0,&quot;335559740&quot;:360}\">\u00a0<\/span><\/li>\n<\/ul>\n<ul>\n<li aria-setsize=\"-1\" data-leveltext=\"\uf0b7\" data-font=\"Symbol\" data-listid=\"1\" data-list-defn-props=\"{&quot;335552541&quot;:1,&quot;335559685&quot;:720,&quot;335559991&quot;:360,&quot;469769226&quot;:&quot;Symbol&quot;,&quot;469769242&quot;:[8226],&quot;469777803&quot;:&quot;left&quot;,&quot;469777804&quot;:&quot;\uf0b7&quot;,&quot;469777815&quot;:&quot;hybridMultilevel&quot;}\" data-aria-posinset=\"2\" data-aria-level=\"1\"><b><span data-contrast=\"auto\">Jardines del Turia<\/span><\/b><span data-contrast=\"auto\">, ideales para salir a correr, pasear o simplemente desconectar bajo los \u00e1rboles.<\/span><span data-ccp-props=\"{&quot;201341983&quot;:0,&quot;335559738&quot;:0,&quot;335559739&quot;:0,&quot;335559740&quot;:360}\">\u00a0<\/span><\/li>\n<\/ul>\n<ul>\n<li aria-setsize=\"-1\" data-leveltext=\"\uf0b7\" data-font=\"Symbol\" data-listid=\"1\" data-list-defn-props=\"{&quot;335552541&quot;:1,&quot;335559685&quot;:720,&quot;335559991&quot;:360,&quot;469769226&quot;:&quot;Symbol&quot;,&quot;469769242&quot;:[8226],&quot;469777803&quot;:&quot;left&quot;,&quot;469777804&quot;:&quot;\uf0b7&quot;,&quot;469777815&quot;:&quot;hybridMultilevel&quot;}\" data-aria-posinset=\"3\" data-aria-level=\"1\"><b><span data-contrast=\"auto\">Ruzafa<\/span><\/b><span data-contrast=\"auto\">, con su oferta cultural, restaurantes y galer\u00edas, accesible a pie en pocos minutos.<\/span><span data-ccp-props=\"{&quot;201341983&quot;:0,&quot;335559738&quot;:0,&quot;335559739&quot;:0,&quot;335559740&quot;:360}\">\u00a0<\/span><\/li>\n<\/ul>\n<ul>\n<li aria-setsize=\"-1\" data-leveltext=\"\uf0b7\" data-font=\"Symbol\" data-listid=\"1\" data-list-defn-props=\"{&quot;335552541&quot;:1,&quot;335559685&quot;:720,&quot;335559991&quot;:360,&quot;469769226&quot;:&quot;Symbol&quot;,&quot;469769242&quot;:[8226],&quot;469777803&quot;:&quot;left&quot;,&quot;469777804&quot;:&quot;\uf0b7&quot;,&quot;469777815&quot;:&quot;hybridMultilevel&quot;}\" data-aria-posinset=\"4\" data-aria-level=\"1\"><span data-contrast=\"auto\">Boutiques, panader\u00edas de barrio, cafeter\u00edas tranquilas y restaurantes consolidados que no viven solo del turismo.<\/span><span data-ccp-props=\"{&quot;201341983&quot;:0,&quot;335559738&quot;:0,&quot;335559739&quot;:0,&quot;335559740&quot;:360}\">\u00a0<\/span><\/li>\n<\/ul>\n<p><span data-contrast=\"auto\">Adem\u00e1s, la zona est\u00e1 muy bien comunicada con transporte p\u00fablico, lo que facilita moverse hacia la playa, el centro hist\u00f3rico o zonas de trabajo sin complicaciones.<\/span><span data-ccp-props=\"{&quot;201341983&quot;:0,&quot;335559738&quot;:0,&quot;335559739&quot;:0,&quot;335559740&quot;:360}\">\u00a0<\/span><\/p>\n<p><b><span data-contrast=\"auto\">(H3): Una forma diferente de alojarse en Valencia<\/span><\/b><span data-ccp-props=\"{&quot;201341983&quot;:0,&quot;335559738&quot;:0,&quot;335559739&quot;:0,&quot;335559740&quot;:360}\">\u00a0<\/span><\/p>\n<p><span data-contrast=\"auto\">Conde Altea demuestra que alojarse bien no va solo de metros cuadrados o de una lista interminable de servicios. Va de sentir que el espacio tiene sentido, que est\u00e1 bien ubicado y que te permite vivir Valencia de una forma aut\u00e9ntica.<\/span><span data-ccp-props=\"{&quot;201341983&quot;:0,&quot;335559738&quot;:0,&quot;335559739&quot;:0,&quot;335559740&quot;:360}\">\u00a0<\/span><\/p>\n<p><span data-contrast=\"auto\">Para el hu\u00e9sped, eso se traduce en comodidad, tranquilidad y una experiencia coherente con la ciudad que viene a descubrir. Y para Valencia, en alojamientos que respetan el entorno y suman valor al barrio.<\/span><span data-ccp-props=\"{&quot;201341983&quot;:0,&quot;335559738&quot;:0,&quot;335559739&quot;:0,&quot;335559740&quot;:360}\">\u00a0<\/span><\/p>\n<p><span data-contrast=\"auto\">Si est\u00e1s planeando venir a Valencia, puedes consultar la disponibilidad y reservar tu estancia directamente en <\/span><a href=\"https:\/\/vlchost.com\/en\/alojamientos-valencia-reserva\/\"><span data-contrast=\"none\">nuestra web<\/span><\/a><span data-contrast=\"auto\"> o escribirnos para m\u00e1s informaci\u00f3n.<\/span><span data-ccp-props=\"{&quot;201341983&quot;:0,&quot;335559738&quot;:0,&quot;335559739&quot;:0,&quot;335559740&quot;:360}\">\u00a0<\/span><\/p>\n<!-- \/wp:paragraph -->\t\t\t\t\t\t<\/div>\n\t\t\t\t<\/div>\n\t\t\t\t\t<\/div>\n\t\t\t\t<\/div>\n\t\t\t\t<\/div>","protected":false},"excerpt":{"rendered":"<p>Dormir en Valencia como si vivieras aqu\u00ed Hospedarse en este apartamento de Conde Altea no es solo elegir un lugar c\u00f3modo donde dormir. Es instalarse, aunque sea por unos d\u00edas, en uno de los barrios con m\u00e1s car\u00e1cter de Valencia, donde la ciudad se vive a pie y todo queda cerca.\u00a0 La vivienda est\u00e1 pensada [&hellip;]<\/p>","protected":false},"author":9,"featured_media":8644,"comment_status":"closed","ping_status":"closed","sticky":false,"template":"","format":"standard","meta":{"footnotes":""},"categories":[63,19,11,18],"tags":[28,25,59,283,303],"class_list":["post-8643","post","type-post","status-publish","format-standard","has-post-thumbnail","hentry","category-apartamentos","category-love-valencia","category-noticias","category-vlc-host-noticias","tag-apartamentosvalencia","tag-valencia","tag-vlchost","tag-alojamientovalecia","tag-mobiliario"],"yoast_head":"<!-- This site is optimized with the Yoast SEO plugin v21.5 - https:\/\/yoast.com\/wordpress\/plugins\/seo\/ -->\n<title>VLC Host - Conde Altea - VLC Host<\/title>\n<meta name=\"description\" content=\"Un apartamento en Conde Altea pensado para disfrutar Valencia desde dentro y una ubicaci\u00f3n que conecta barrio, cultura y ritmo local.\" \/>\n<meta name=\"robots\" content=\"index, follow, max-snippet:-1, max-image-preview:large, max-video-preview:-1\" \/>\n<link rel=\"canonical\" href=\"https:\/\/vlchost.com\/en\/noticias\/love-valencia\/conde-altea-diseno-experiencia\/\" \/>\n<meta property=\"og:locale\" content=\"en_US\" \/>\n<meta property=\"og:type\" content=\"article\" \/>\n<meta property=\"og:title\" content=\"VLC Host - Conde Altea - VLC Host\" \/>\n<meta property=\"og:description\" content=\"Un apartamento en Conde Altea pensado para disfrutar Valencia desde dentro y una ubicaci\u00f3n que conecta barrio, cultura y ritmo local.\" \/>\n<meta property=\"og:url\" content=\"https:\/\/vlchost.com\/en\/noticias\/love-valencia\/conde-altea-diseno-experiencia\/\" \/>\n<meta property=\"og:site_name\" content=\"VLC Host\" \/>\n<meta property=\"article:publisher\" content=\"https:\/\/www.facebook.com\/VLCHost.HappyToHostYou\" \/>\n<meta property=\"article:published_time\" content=\"2026-01-27T13:42:15+00:00\" \/>\n<meta property=\"article:modified_time\" content=\"2026-01-27T13:42:16+00:00\" \/>\n<meta property=\"og:image\" content=\"https:\/\/vlchost.com\/wp-content\/uploads\/alquiler-piso-moderno-valencia-centro-conde-altea.jpg_12_77.jpg\" \/>\n\t<meta property=\"og:image:width\" content=\"1024\" \/>\n\t<meta property=\"og:image:height\" content=\"683\" \/>\n\t<meta property=\"og:image:type\" content=\"image\/jpeg\" \/>\n<meta name=\"author\" content=\"Enrique Alfonso\" \/>\n<meta name=\"twitter:card\" content=\"summary_large_image\" \/>\n<meta name=\"twitter:label1\" content=\"Written by\" \/>\n\t<meta name=\"twitter:data1\" content=\"Enrique Alfonso\" \/>\n\t<meta name=\"twitter:label2\" content=\"Est. reading time\" \/>\n\t<meta name=\"twitter:data2\" content=\"3 minutes\" \/>\n<script type=\"application\/ld+json\" class=\"yoast-schema-graph\">{\"@context\":\"https:\/\/schema.org\",\"@graph\":[{\"@type\":\"Article\",\"@id\":\"https:\/\/vlchost.com\/noticias\/love-valencia\/conde-altea-diseno-experiencia\/#article\",\"isPartOf\":{\"@id\":\"https:\/\/vlchost.com\/noticias\/love-valencia\/conde-altea-diseno-experiencia\/\"},\"author\":{\"name\":\"Enrique Alfonso\",\"@id\":\"https:\/\/vlchost.com\/#\/schema\/person\/f349f0d5e759cf4d4d4bad7af06dbb3b\"},\"headline\":\"VLC Host &#8211; Conde Altea\",\"datePublished\":\"2026-01-27T13:42:15+00:00\",\"dateModified\":\"2026-01-27T13:42:16+00:00\",\"mainEntityOfPage\":{\"@id\":\"https:\/\/vlchost.com\/noticias\/love-valencia\/conde-altea-diseno-experiencia\/\"},\"wordCount\":622,\"publisher\":{\"@id\":\"https:\/\/vlchost.com\/#organization\"},\"keywords\":[\"#apartamentosvalencia\",\"#valencia\",\"#vlchost\",\"alojamientovalecia\",\"mobiliario\"],\"articleSection\":[\"Apartamentos\",\"Love Valencia\",\"Noticias\",\"VLC Host\"],\"inLanguage\":\"en-US\"},{\"@type\":\"WebPage\",\"@id\":\"https:\/\/vlchost.com\/noticias\/love-valencia\/conde-altea-diseno-experiencia\/\",\"url\":\"https:\/\/vlchost.com\/noticias\/love-valencia\/conde-altea-diseno-experiencia\/\",\"name\":\"VLC Host - Conde Altea - VLC Host\",\"isPartOf\":{\"@id\":\"https:\/\/vlchost.com\/#website\"},\"datePublished\":\"2026-01-27T13:42:15+00:00\",\"dateModified\":\"2026-01-27T13:42:16+00:00\",\"description\":\"Un apartamento en Conde Altea pensado para disfrutar Valencia desde dentro y una ubicaci\u00f3n que conecta barrio, cultura y ritmo local.\",\"breadcrumb\":{\"@id\":\"https:\/\/vlchost.com\/noticias\/love-valencia\/conde-altea-diseno-experiencia\/#breadcrumb\"},\"inLanguage\":\"en-US\",\"potentialAction\":[{\"@type\":\"ReadAction\",\"target\":[\"https:\/\/vlchost.com\/noticias\/love-valencia\/conde-altea-diseno-experiencia\/\"]}]},{\"@type\":\"BreadcrumbList\",\"@id\":\"https:\/\/vlchost.com\/noticias\/love-valencia\/conde-altea-diseno-experiencia\/#breadcrumb\",\"itemListElement\":[{\"@type\":\"ListItem\",\"position\":1,\"name\":\"Portada\",\"item\":\"https:\/\/vlchost.com\/\"},{\"@type\":\"ListItem\",\"position\":2,\"name\":\"VLC Host &#8211; Conde Altea\"}]},{\"@type\":\"WebSite\",\"@id\":\"https:\/\/vlchost.com\/#website\",\"url\":\"https:\/\/vlchost.com\/\",\"name\":\"VLC Host\",\"description\":\"Alquiler de alojamientos tur\u00edsticos\",\"publisher\":{\"@id\":\"https:\/\/vlchost.com\/#organization\"},\"potentialAction\":[{\"@type\":\"SearchAction\",\"target\":{\"@type\":\"EntryPoint\",\"urlTemplate\":\"https:\/\/vlchost.com\/?s={search_term_string}\"},\"query-input\":\"required name=search_term_string\"}],\"inLanguage\":\"en-US\"},{\"@type\":\"Organization\",\"@id\":\"https:\/\/vlchost.com\/#organization\",\"name\":\"VLC Host - Nomad Life\",\"url\":\"https:\/\/vlchost.com\/\",\"logo\":{\"@type\":\"ImageObject\",\"inLanguage\":\"en-US\",\"@id\":\"https:\/\/vlchost.com\/#\/schema\/logo\/image\/\",\"url\":\"https:\/\/vlchost.com\/wp-content\/uploads\/cropped-alquiler-apartamentos-VLCHOST.png\",\"contentUrl\":\"https:\/\/vlchost.com\/wp-content\/uploads\/cropped-alquiler-apartamentos-VLCHOST.png\",\"width\":512,\"height\":512,\"caption\":\"VLC Host - Nomad Life\"},\"image\":{\"@id\":\"https:\/\/vlchost.com\/#\/schema\/logo\/image\/\"},\"sameAs\":[\"https:\/\/www.facebook.com\/VLCHost.HappyToHostYou\",\"https:\/\/www.instagram.com\/vlchost\/\"]},{\"@type\":\"Person\",\"@id\":\"https:\/\/vlchost.com\/#\/schema\/person\/f349f0d5e759cf4d4d4bad7af06dbb3b\",\"name\":\"Enrique Alfonso\",\"image\":{\"@type\":\"ImageObject\",\"inLanguage\":\"en-US\",\"@id\":\"https:\/\/vlchost.com\/#\/schema\/person\/image\/\",\"url\":\"https:\/\/secure.gravatar.com\/avatar\/650d8b6f04ac734b6c9f43969e515dac790cc8b20fd299d2ca715bbc654ac4dc?s=96&d=mm&r=g\",\"contentUrl\":\"https:\/\/secure.gravatar.com\/avatar\/650d8b6f04ac734b6c9f43969e515dac790cc8b20fd299d2ca715bbc654ac4dc?s=96&d=mm&r=g\",\"caption\":\"Enrique Alfonso\"},\"url\":\"https:\/\/vlchost.com\/en\/author\/enrique\/\"}]}<\/script>\n<!-- \/ Yoast SEO plugin. -->","yoast_head_json":{"title":"VLC Host - Conde Altea - VLC Host","description":"Un apartamento en Conde Altea pensado para disfrutar Valencia desde dentro y una ubicaci\u00f3n que conecta barrio, cultura y ritmo local.","robots":{"index":"index","follow":"follow","max-snippet":"max-snippet:-1","max-image-preview":"max-image-preview:large","max-video-preview":"max-video-preview:-1"},"canonical":"https:\/\/vlchost.com\/en\/noticias\/love-valencia\/conde-altea-diseno-experiencia\/","og_locale":"en_US","og_type":"article","og_title":"VLC Host - Conde Altea - VLC Host","og_description":"Un apartamento en Conde Altea pensado para disfrutar Valencia desde dentro y una ubicaci\u00f3n que conecta barrio, cultura y ritmo local.","og_url":"https:\/\/vlchost.com\/en\/noticias\/love-valencia\/conde-altea-diseno-experiencia\/","og_site_name":"VLC Host","article_publisher":"https:\/\/www.facebook.com\/VLCHost.HappyToHostYou","article_published_time":"2026-01-27T13:42:15+00:00","article_modified_time":"2026-01-27T13:42:16+00:00","og_image":[{"width":1024,"height":683,"url":"https:\/\/vlchost.com\/wp-content\/uploads\/alquiler-piso-moderno-valencia-centro-conde-altea.jpg_12_77.jpg","type":"image\/jpeg"}],"author":"Enrique Alfonso","twitter_card":"summary_large_image","twitter_misc":{"Written by":"Enrique Alfonso","Est. reading time":"3 minutes"},"schema":{"@context":"https:\/\/schema.org","@graph":[{"@type":"Article","@id":"https:\/\/vlchost.com\/noticias\/love-valencia\/conde-altea-diseno-experiencia\/#article","isPartOf":{"@id":"https:\/\/vlchost.com\/noticias\/love-valencia\/conde-altea-diseno-experiencia\/"},"author":{"name":"Enrique Alfonso","@id":"https:\/\/vlchost.com\/#\/schema\/person\/f349f0d5e759cf4d4d4bad7af06dbb3b"},"headline":"VLC Host &#8211; Conde Altea","datePublished":"2026-01-27T13:42:15+00:00","dateModified":"2026-01-27T13:42:16+00:00","mainEntityOfPage":{"@id":"https:\/\/vlchost.com\/noticias\/love-valencia\/conde-altea-diseno-experiencia\/"},"wordCount":622,"publisher":{"@id":"https:\/\/vlchost.com\/#organization"},"keywords":["#apartamentosvalencia","#valencia","#vlchost","alojamientovalecia","mobiliario"],"articleSection":["Apartamentos","Love Valencia","Noticias","VLC Host"],"inLanguage":"en-US"},{"@type":"WebPage","@id":"https:\/\/vlchost.com\/noticias\/love-valencia\/conde-altea-diseno-experiencia\/","url":"https:\/\/vlchost.com\/noticias\/love-valencia\/conde-altea-diseno-experiencia\/","name":"VLC Host - Conde Altea - VLC Host","isPartOf":{"@id":"https:\/\/vlchost.com\/#website"},"datePublished":"2026-01-27T13:42:15+00:00","dateModified":"2026-01-27T13:42:16+00:00","description":"Un apartamento en Conde Altea pensado para disfrutar Valencia desde dentro y una ubicaci\u00f3n que conecta barrio, cultura y ritmo local.","breadcrumb":{"@id":"https:\/\/vlchost.com\/noticias\/love-valencia\/conde-altea-diseno-experiencia\/#breadcrumb"},"inLanguage":"en-US","potentialAction":[{"@type":"ReadAction","target":["https:\/\/vlchost.com\/noticias\/love-valencia\/conde-altea-diseno-experiencia\/"]}]},{"@type":"BreadcrumbList","@id":"https:\/\/vlchost.com\/noticias\/love-valencia\/conde-altea-diseno-experiencia\/#breadcrumb","itemListElement":[{"@type":"ListItem","position":1,"name":"Portada","item":"https:\/\/vlchost.com\/"},{"@type":"ListItem","position":2,"name":"VLC Host &#8211; Conde Altea"}]},{"@type":"WebSite","@id":"https:\/\/vlchost.com\/#website","url":"https:\/\/vlchost.com\/","name":"VLC Host","description":"Alquiler de alojamientos tur\u00edsticos","publisher":{"@id":"https:\/\/vlchost.com\/#organization"},"potentialAction":[{"@type":"SearchAction","target":{"@type":"EntryPoint","urlTemplate":"https:\/\/vlchost.com\/?s={search_term_string}"},"query-input":"required name=search_term_string"}],"inLanguage":"en-US"},{"@type":"Organization","@id":"https:\/\/vlchost.com\/#organization","name":"VLC Host - Nomad Life","url":"https:\/\/vlchost.com\/","logo":{"@type":"ImageObject","inLanguage":"en-US","@id":"https:\/\/vlchost.com\/#\/schema\/logo\/image\/","url":"https:\/\/vlchost.com\/wp-content\/uploads\/cropped-alquiler-apartamentos-VLCHOST.png","contentUrl":"https:\/\/vlchost.com\/wp-content\/uploads\/cropped-alquiler-apartamentos-VLCHOST.png","width":512,"height":512,"caption":"VLC Host - Nomad Life"},"image":{"@id":"https:\/\/vlchost.com\/#\/schema\/logo\/image\/"},"sameAs":["https:\/\/www.facebook.com\/VLCHost.HappyToHostYou","https:\/\/www.instagram.com\/vlchost\/"]},{"@type":"Person","@id":"https:\/\/vlchost.com\/#\/schema\/person\/f349f0d5e759cf4d4d4bad7af06dbb3b","name":"Enrique Alfonso","image":{"@type":"ImageObject","inLanguage":"en-US","@id":"https:\/\/vlchost.com\/#\/schema\/person\/image\/","url":"https:\/\/secure.gravatar.com\/avatar\/650d8b6f04ac734b6c9f43969e515dac790cc8b20fd299d2ca715bbc654ac4dc?s=96&d=mm&r=g","contentUrl":"https:\/\/secure.gravatar.com\/avatar\/650d8b6f04ac734b6c9f43969e515dac790cc8b20fd299d2ca715bbc654ac4dc?s=96&d=mm&r=g","caption":"Enrique Alfonso"},"url":"https:\/\/vlchost.com\/en\/author\/enrique\/"}]}},"_links":{"self":[{"href":"https:\/\/vlchost.com\/en\/wp-json\/wp\/v2\/posts\/8643","targetHints":{"allow":["GET"]}}],"collection":[{"href":"https:\/\/vlchost.com\/en\/wp-json\/wp\/v2\/posts"}],"about":[{"href":"https:\/\/vlchost.com\/en\/wp-json\/wp\/v2\/types\/post"}],"author":[{"embeddable":true,"href":"https:\/\/vlchost.com\/en\/wp-json\/wp\/v2\/users\/9"}],"replies":[{"embeddable":true,"href":"https:\/\/vlchost.com\/en\/wp-json\/wp\/v2\/comments?post=8643"}],"version-history":[{"count":5,"href":"https:\/\/vlchost.com\/en\/wp-json\/wp\/v2\/posts\/8643\/revisions"}],"predecessor-version":[{"id":8649,"href":"https:\/\/vlchost.com\/en\/wp-json\/wp\/v2\/posts\/8643\/revisions\/8649"}],"wp:featuredmedia":[{"embeddable":true,"href":"https:\/\/vlchost.com\/en\/wp-json\/wp\/v2\/media\/8644"}],"wp:attachment":[{"href":"https:\/\/vlchost.com\/en\/wp-json\/wp\/v2\/media?parent=8643"}],"wp:term":[{"taxonomy":"category","embeddable":true,"href":"https:\/\/vlchost.com\/en\/wp-json\/wp\/v2\/categories?post=8643"},{"taxonomy":"post_tag","embeddable":true,"href":"https:\/\/vlchost.com\/en\/wp-json\/wp\/v2\/tags?post=8643"}],"curies":[{"name":"wp","href":"https:\/\/api.w.org\/{rel}","templated":true}]}}